{"id":53336,"date":"2019-02-28T15:37:59","date_gmt":"2019-02-28T19:37:59","guid":{"rendered":"http:\/\/www2.memri.org\/espanol\/?p=53336"},"modified":"2019-02-28T15:37:59","modified_gmt":"2019-02-28T19:37:59","slug":"escritor-saudita-enumera-razones-de-integracion-exitosa-de-los-judios-en-occidente-ante-el-atraso-de-los-arabes","status":"publish","type":"post","link":"https:\/\/www2.memri.org\/espanol\/escritor-saudita-enumera-razones-de-integracion-exitosa-de-los-judios-en-occidente-ante-el-atraso-de-los-arabes\/53336","title":{"rendered":"Escritor saudita enumera razones de integraci\u00f3n exitosa de los jud\u00edos en Occidente, ante el atraso de los \u00e1rabes"},"content":{"rendered":"<p>En su columna del 14 de noviembre, 2018 en el diario <em>Al-Riyadh<\/em>, el escritor saudita &#8216;Abdallah Bin Bakhit escribi\u00f3 sarc\u00e1sticamente de que quien desee entender \u00abla conspiraci\u00f3n jud\u00eda contra el mundo\u00bb debe reconocer las razones del \u00e9xito de los jud\u00edos en Occidente y las razones del atraso de los \u00e1rabes all\u00ed. Los jud\u00edos, escribi\u00f3, lograron integrarse en la sociedad y cultura en Occidente y lograron roles principales en esta junto a logros significativos, mientras que los \u00e1rabes no lo hicieron. Una de las razones de la brecha entre los jud\u00edos y los \u00e1rabes agreg\u00f3, es que los jud\u00edos tienen pocos hijos y les dan la mejor educaci\u00f3n posible; pero la raz\u00f3n principal es que los jud\u00edos, a diferencia de los \u00e1rabes, adaptan su estilo de vida a las normas occidentales y no tratan de imponer sus valores religiosos a su entorno. Es por eso que \u00abahora los vemos en las esferas m\u00e1s altas de la ciencia, cultura, arte, literatura y pol\u00edtica\u00bb, este concluy\u00f3.<\/p>\n<p>Lo siguiente son extractos de su art\u00edculo:<\/p>\n<p><em><img loading=\"lazy\" decoding=\"async\" class=\"alignnone size-full wp-image-53337\" src=\"https:\/\/www2.memri.org\/espanol\/wp-content\/uploads\/2019\/02\/Bakhit.jpg\" width=\"960\" height=\"540\" srcset=\"https:\/\/www2.memri.org\/espanol\/wp-content\/uploads\/2019\/02\/Bakhit.jpg 960w, https:\/\/www2.memri.org\/espanol\/wp-content\/uploads\/2019\/02\/Bakhit-300x169.jpg 300w, https:\/\/www2.memri.org\/espanol\/wp-content\/uploads\/2019\/02\/Bakhit-768x432.jpg 768w, https:\/\/www2.memri.org\/espanol\/wp-content\/uploads\/2019\/02\/Bakhit-600x338.jpg 600w, https:\/\/www2.memri.org\/espanol\/wp-content\/uploads\/2019\/02\/Bakhit-696x392.jpg 696w, https:\/\/www2.memri.org\/espanol\/wp-content\/uploads\/2019\/02\/Bakhit-747x420.jpg 747w\" sizes=\"auto, (max-width: 960px) 100vw, 960px\" \/>&#8216;Abdallah Bin Bakhit (imagen: Alarabiya.net)<\/em><\/p>\n<p>\u00abLa diferencia entre los jud\u00edos y los \u00e1rabes es grande. Una de las muchas [diferencias] se refiere a su afiliaci\u00f3n con la cultura occidental. Los jud\u00edos son parte de la cultura occidental. Sus arm\u00f3nicas [relaciones] con ello son org\u00e1nicas y su contribuci\u00f3n es infinita. Al mirar el cine, la literatura o el drama, uno se encuentra con demasiados nombres jud\u00edos para ignorarlos. Al mirar a aquellos en los medios de comunicaci\u00f3n y la prensa, uno encuentra que los nombres m\u00e1s famosos y prominentes [pertenecen a] jud\u00edos. Todos est\u00e1n conscientes de su presencia en las finanzas y los negocios, su \u00e1rea tradicional de actividad y todos saben que son dominantes entre los profesores de las universidades y centros de investigaci\u00f3n y aprendizaje. Tomen una profesi\u00f3n respetable y encontrar\u00e1n que la proporci\u00f3n de jud\u00edos en ella es notoriamente mayor.<\/p>\n<p>\u00abLa conspiraci\u00f3n jud\u00eda contra el mundo comienza en casa. Esta comienza con un peque\u00f1o punto que descuidamos por completo: una familia jud\u00eda nunca tiene m\u00e1s de uno o dos hijos. Luego dedica todo su dinero y recursos a garantizar que estos dos hijos reciban la mejor educaci\u00f3n moderna disponible. En t\u00e9rminos de su n\u00famero, los jud\u00edos son una minor\u00eda, pero en t\u00e9rminos de logros y participaci\u00f3n son la mayor\u00eda. Esa es la esencia de la conspiraci\u00f3n jud\u00eda en contra del mundo y quien quiera enfrentarse a esta conspiraci\u00f3n, debe [primero que nada] confrontarse a s\u00ed mismo.<\/p>\n<p>\u00abOtro [aspecto de] las conspiraciones jud\u00edas contra el mundo es que un jud\u00edo es un jud\u00edo en su hogar, pero un individuo occidental integrado en la sociedad. Si la religi\u00f3n [jud\u00eda] proh\u00edbe ciertas pr\u00e1cticas o se opone a estas, los jud\u00edos observantes evitar\u00e1n estas pr\u00e1cticas, pero ciertamente no las combatir\u00e1n ni tratar\u00e1n de imponer su verdad a los dem\u00e1s, ni considerar\u00e1n a los que participan en estas pr\u00e1cticas como enemigos, siempre y cuando no lastimen [a los jud\u00edos].<\/p>\n<p>\u00abCuando te encuentres con un jud\u00edo, nunca sabr\u00e1s que es jud\u00edo a menos que su nombre lo indique o te lo diga \u00e9l. Ellos se han establecido como parte de la cultura occidental. En sus hogares, los jud\u00edos viven como jud\u00edos, pero fuera de este viven como ciudadanos occidentales. La diferencia entre un jud\u00edo y un \u00e1rabe cuando nos referimos a la sociedad occidental es la diferencia entre un nativo y un extranjero.<\/p>\n<p>\u00abUna de las caracter\u00edsticas de las sociedades occidentales es que otorgan libertad de religi\u00f3n, de pensamiento y de expresi\u00f3n. A las sociedades occidentales y sus gobiernos no les importa si un individuo es cristiano, musulm\u00e1n o ateo. Existen leyes que trascienden a estos individuos. Las diferencias protegen las libertades. Los jud\u00edos respetan [estas leyes], las apoyan y disfrutan el alcance [de tales actividades] que estos permiten, mientras que otros no lo han podido hacer&#8230; Ahora les vemos de pie en la cumbre de la ciencia y la cultura, el arte, la literatura y la pol\u00edtica, dej\u00e1ndole las zanjas de la ignorancia a aquellos que las deseen\u00bb.<a href=\"#_edn1\" name=\"_ednref1\">[1]<\/a><\/p>\n<hr \/>\n<p><a href=\"#_ednref1\" name=\"_edn1\">[1]<\/a> <em>Al-Riyadh<\/em> (Arabia Saudita), 14 de noviembre, 2018.<\/p>\n","protected":false},"excerpt":{"rendered":"<p>En su columna del 14 de noviembre, 2018 en el diario Al-Riyadh, el escritor saudita &#8216;Abdallah Bin Bakhit escribi\u00f3 sarc\u00e1sticamente de que quien desee entender \u00abla conspiraci\u00f3n jud\u00eda contra el mundo\u00bb debe reconocer las razones del \u00e9xito de los jud\u00edos en Occidente y las razones del atraso de los \u00e1rabes all\u00ed. Los jud\u00edos, escribi\u00f3, lograron [&hellip;]<\/p>\n","protected":false},"author":1,"featured_media":53337,"comment_status":"open","ping_status":"open","sticky":false,"template":"","format":"standard","meta":{"footnotes":""},"categories":[4,6,9,18,13,2,25],"tags":[],"class_list":["post-53336","post","type-post","status-publish","format-standard","has-post-thumbnail","hentry","category-archivos","category-comunicados-especiales","category-temas","category-paises","category-conflicto-arabe-israeli","category-featured","category-arabia-saudita"],"_links":{"self":[{"href":"https:\/\/www2.memri.org\/espanol\/wp-json\/wp\/v2\/posts\/53336","targetHints":{"allow":["GET"]}}],"collection":[{"href":"https:\/\/www2.memri.org\/espanol\/wp-json\/wp\/v2\/posts"}],"about":[{"href":"https:\/\/www2.memri.org\/espanol\/wp-json\/wp\/v2\/types\/post"}],"author":[{"embeddable":true,"href":"https:\/\/www2.memri.org\/espanol\/wp-json\/wp\/v2\/users\/1"}],"replies":[{"embeddable":true,"href":"https:\/\/www2.memri.org\/espanol\/wp-json\/wp\/v2\/comments?post=53336"}],"version-history":[{"count":0,"href":"https:\/\/www2.memri.org\/espanol\/wp-json\/wp\/v2\/posts\/53336\/revisions"}],"wp:featuredmedia":[{"embeddable":true,"href":"https:\/\/www2.memri.org\/espanol\/wp-json\/wp\/v2\/media\/53337"}],"wp:attachment":[{"href":"https:\/\/www2.memri.org\/espanol\/wp-json\/wp\/v2\/media?parent=53336"}],"wp:term":[{"taxonomy":"category","embeddable":true,"href":"https:\/\/www2.memri.org\/espanol\/wp-json\/wp\/v2\/categories?post=53336"},{"taxonomy":"post_tag","embeddable":true,"href":"https:\/\/www2.memri.org\/espanol\/wp-json\/wp\/v2\/tags?post=53336"}],"curies":[{"name":"wp","href":"https:\/\/api.w.org\/{rel}","templated":true}]}}