{"id":52688,"date":"2019-01-31T16:05:41","date_gmt":"2019-01-31T20:05:41","guid":{"rendered":"http:\/\/www2.memri.org\/espanol\/?p=52688"},"modified":"2019-01-31T16:05:41","modified_gmt":"2019-01-31T20:05:41","slug":"articulo-en-portal-egipcio-no-existe-ninguna-evidencia-de-que-el-holocausto-ocurrio","status":"publish","type":"post","link":"https:\/\/www2.memri.org\/espanol\/articulo-en-portal-egipcio-no-existe-ninguna-evidencia-de-que-el-holocausto-ocurrio\/52688","title":{"rendered":"Art\u00edculo en portal egipcio: No existe ninguna evidencia de que el Holocausto ocurri\u00f3"},"content":{"rendered":"<p><em>Con motivo del D\u00eda Internacional del Recuerdo del Holocausto Wasim &#8216;Afifi, columnista del portal de noticias egipcio Elmwatin.com, public\u00f3 un art\u00edculo en el que enumer\u00f3 \u00abcinco razones que hicieron que el mundo \u00e1rabe rechazara la veracidad del Holocausto\u00bb. Este afirm\u00f3 que los medios de comunicaci\u00f3n inflaron las dimensiones del Holocausto como parte de una conspiraci\u00f3n rusa, que deseaba ennegrecer la imagen de Alemania y de Occidente, queriendo establecer un estado para los jud\u00edos en Palestina. Auschwitz, agreg\u00f3, no era ning\u00fan campo de concentraci\u00f3n, sino una f\u00e1brica de pesticidas y los crematorios estaban destinados a incinerar los cuerpos de las v\u00edctimas afectadas por el tifus. Las ideas equivocadas del mundo sobre Auschwitz son el resultado de la propaganda creada por Rusia, que controlaba el campo y adem\u00e1s fabricaba pruebas falsas all\u00ed luego de finalizada la guerra. Tambi\u00e9n seg\u00fan Afifi, los c\u00e1lculos demuestran que los alemanes no pueden haber exterminado a 6 millones de jud\u00edos, ni es posible que su riqueza haya sido confiscada, considerando que ahora poseen \u00abla mayor riqueza del mundo\u00bb. Este afirm\u00f3 adem\u00e1s que ning\u00fan documento oficial prueba que los nazis ten\u00edan una pol\u00edtica de exterminar a los jud\u00edos. El plan alem\u00e1n dijo, era crear una patria jud\u00eda en Madagascar, pero las \u00abdificultades t\u00e9cnicas\u00bb y la necesidad de manos laboriosas les impulsaron a utilizar en su lugar a los jud\u00edos como trabajadores.<\/em><\/p>\n<p><em><img loading=\"lazy\" decoding=\"async\" class=\"alignnone size-full wp-image-52689\" src=\"https:\/\/www2.memri.org\/espanol\/wp-content\/uploads\/2019\/01\/sd7869b.jpg\" width=\"753\" height=\"511\" srcset=\"https:\/\/www2.memri.org\/espanol\/wp-content\/uploads\/2019\/01\/sd7869b.jpg 753w, https:\/\/www2.memri.org\/espanol\/wp-content\/uploads\/2019\/01\/sd7869b-300x204.jpg 300w, https:\/\/www2.memri.org\/espanol\/wp-content\/uploads\/2019\/01\/sd7869b-600x407.jpg 600w, https:\/\/www2.memri.org\/espanol\/wp-content\/uploads\/2019\/01\/sd7869b-696x472.jpg 696w, https:\/\/www2.memri.org\/espanol\/wp-content\/uploads\/2019\/01\/sd7869b-619x420.jpg 619w\" sizes=\"auto, (max-width: 753px) 100vw, 753px\" \/>Art\u00edculo de Afifi en el portal: \u00abCinco razones que causaron que el mundo \u00e1rabe rechazara la veracidad del Holocausto\u00bb<\/em><\/p>\n<p><em>Lo siguiente son extractos del art\u00edculo:<\/em><a href=\"#_edn1\" name=\"_ednref1\">[1]<\/a><\/p>\n<p>\u00abExisten 5 razones principales por las que el mundo \u00e1rabe ondea su estandarte de la no aceptaci\u00f3n del Holocausto como un hecho hist\u00f3rico. Lo m\u00e1s obvio es la afirmaci\u00f3n de que 6 millones de jud\u00edos fueron exterminados. Este n\u00famero es muy exagerado; seg\u00fan las estad\u00edsticas europeas antes de la Segunda Guerra Mundial, el n\u00famero total de jud\u00edos en Europa era de 6,5 millones, lo que significa que en el Holocausto fueron asesinados casi todos los jud\u00edos de Europa, lo que contradice otros n\u00fameros de los departamentos de inmigraci\u00f3n en Europa, seg\u00fan los cuales, entre los a\u00f1os 1933 y 1945, 1,5 millones de jud\u00edos emigraron a Gran Breta\u00f1a, Suecia, Espa\u00f1a, Australia, China, India, Palestina y los Estados Unidos. Seg\u00fan las estad\u00edsticas del gobierno alem\u00e1n, en 1939, 400.000 de los 600.000 jud\u00edos de Alemania emigraron. Asimismo, 480.000 jud\u00edos emigraron de Austria y Checoslovaquia, como parte del plan para asentar a los jud\u00edos en Madagascar, pero terminaron asent\u00e1ndose en otros pa\u00edses. Sus propiedades no fueron confiscadas; de lo contrario, los jud\u00edos no tendr\u00edan hoy la mayor riqueza en el mundo. Otras cifras muestran que m\u00e1s de 2 millones de jud\u00edos emigraron a la URSS.<\/p>\n<p>\u00abLos historiadores se\u00f1alan que en 1938, exist\u00edan 16.5 millones de jud\u00edos en el mundo y que una d\u00e9cada m\u00e1s tarde, es decir en 1948, hab\u00eda 18.5 millones de jud\u00edos en el mundo. Suponiendo seguir c\u00f3nsonos con el argumento de que 6 millones de jud\u00edos fueron aniquilados durante la Segunda Guerra Mundial, es inconcebible que los 10 millones restantes se reprodujeran a una tasa que se convirti\u00f3 en 18 millones una d\u00e9cada despu\u00e9s, lo que es contrario a las leyes estad\u00edsticas y a la tasa de crecimiento en la poblaci\u00f3n humana.<\/p>\n<p>\u00abLa segunda raz\u00f3n es la falta de documentaci\u00f3n oficial. No existe [un solo] documento oficial que indique los detalles de las operaciones del Holocausto y la mayor\u00eda de las declaraciones de Heinrich Himmler en la Conferencia de Wannsee, el 20 de enero, 1942 se refer\u00edan a la impracticabilidad, en esa etapa, de [implementar] las pol\u00edticas del gobierno [nazi] alentando la emigraci\u00f3n jud\u00eda hacia Madagascar con el objetivo de convertirla en la patria [jud\u00eda], debido a las circunstancias de la Segunda Guerra Mundial y porque Alemania necesitaba de manos h\u00e1biles para dirigir su m\u00e1quina de guerra. Seg\u00fan el historiador franc\u00e9s Paul Rassinier<a href=\"#_edn2\" name=\"_ednref2\">[2]<\/a>, quien escribi\u00f3 en su libro <em>&#8216;El Drama de los Jud\u00edos Europeos&#8217; <\/em>que el as\u00ed llamado documento de &#8216;Soluci\u00f3n Final&#8217; fue de hecho un plan para posponer la operaci\u00f3n de asentamiento jud\u00edo en Madagascar, que ya hab\u00eda sido decidido ser\u00eda completado despu\u00e9s de terminada la guerra, debido a la necesidad de manos laboriosas en Alemania y a la espera de abrir canales diplom\u00e1ticos con otros pa\u00edses para encontrarle una patria adecuada a los jud\u00edos de Europa.<\/p>\n<p>\u00abLa tercera raz\u00f3n es la propaganda de los medios de comunicaci\u00f3n; la intensa cobertura medi\u00e1tica de los campos de detenci\u00f3n y los campos de la muerte no tiene ning\u00fan fundamento, porque estos campos eran [en realidad] grandes unidades de fabricaci\u00f3n para apoyar a la maquinaria de guerra, es decir Auschwitz &#8211; fue ocupado por primera vez por las fuerzas sovi\u00e9ticas, que no permitieron que ninguna parte neutral entrara en ello durante 10 a\u00f1os. Se supone que durante estos 10 a\u00f1os la URSS cambi\u00f3 las caracter\u00edsticas del campo y que [desde el principio] no ten\u00edan las llamadas c\u00e1maras de gas a las que miles de jud\u00edos enviaban para envenenarlos, sino que eran peque\u00f1as habitaciones para fabricar pesticidas agr\u00edcolas&#8230; Hubo algunos crematorios en estos campos, pero estos eran utilizados para quemar los cuerpos de aquellos que murieron de tifus en los \u00faltimos a\u00f1os de la guerra, debido a la falta de servicios m\u00e9dicos tras el colapso de las industrias en Alemania&#8230; No tiene sentido que Alemania gastara tanto combustible y energ\u00eda, que hubiese necesitado tanto para la guerra, a fin de incinerar millones de cuerpos.<\/p>\n<p>\u00abLa cuarta raz\u00f3n es la falsificaci\u00f3n de documentos: Muchas de las fotograf\u00edas presentadas al mundo y en los juicios de N\u00faremberg, eran en realidad fotograf\u00edas de los propios archivos alemanes [tomadas] cuando los alemanes intentaron mostrar el alcance de la hambruna y el tifus. En Alemania, en los \u00faltimos a\u00f1os de la guerra, las fotos presentadas en los juicios de N\u00faremberg que [supuestamente] muestran la masiva destrucci\u00f3n de los jud\u00edos eran, de hecho, los controvertidos bombardeos de los aviones de guerra de los aliados contra Dresde, del 13 al 15 de febrero, 1945.<\/p>\n<p>\u00abLa quinta y \u00faltima raz\u00f3n es la propagaci\u00f3n de las teor\u00edas de conspiraci\u00f3n. Existe una especie de teor\u00eda de conspiraci\u00f3n: los medios de comunicaci\u00f3n exageraron los eventos del Holocausto. La URSS fue parte de esto y difundi\u00f3 estos rumores a fin de expandir su hegemon\u00eda en Europa como mejor alternativa en lugar de Alemania y desviar la atenci\u00f3n a su maltrato hacia los prisioneros en los campos de trabajo forzado sovi\u00e9ticos del famoso Gulag. Occidente tambi\u00e9n &#8211; que sali\u00f3 victorioso de la Segunda Guerra Mundial y no acept\u00f3 la idea alemana de establecer una patria para los jud\u00edos en Madagascar, pero favoreci\u00f3 la idea de establecer el Estado de Israel en Palestina como la patria de los jud\u00edos del mundo, tambi\u00e9n fue socio en esta conspiraci\u00f3n\u00bb.<\/p>\n<hr \/>\n<p><a href=\"#_ednref1\" name=\"_edn1\">[1]<\/a> Elmwatin.com, 27 de enero, 2018.<\/p>\n<p><a href=\"#_ednref2\" name=\"_edn2\">[2]<\/a> El pol\u00edtico franc\u00e9s Paul Rassinier (1906-1967) es considerado como el padre de la negaci\u00f3n del Holocausto. En su libro escrito en 1948 <em>&#8216;Le Passage de la Ligne&#8217;<\/em>, (<em>Cruzando la L\u00ednea)<\/em> y su libro de 1950, &#8216;La historia del Holocausto y la Mentira de Ulises&#8217;, este argument\u00f3 que si bien algunas atrocidades fueron cometidas por los alemanes, \u00e9stas fueron exageradas enormemente y que los alemanes no fueron los que perpetraron estas atrocidades &#8211; los reclusos que dirig\u00edan los campos los instigaron. El enfoque principal de su libro de 1964 &#8216;El Drama de los Jud\u00edos Europeos&#8217; fue la negaci\u00f3n de las c\u00e1maras de gas en los campos de concentraci\u00f3n, la negaci\u00f3n de la ampliamente aceptada cifra de 6 millones de jud\u00edos exterminados y el descartar el testimonio de los perpetradores luego de transcurrir la guerra. Jewishvirtuallibrary.org\/a-brief-history-of-holocaust-denial, consultado el 30 de enero, 2019.<\/p>\n","protected":false},"excerpt":{"rendered":"<p>Con motivo del D\u00eda Internacional del Recuerdo del Holocausto Wasim &#8216;Afifi, columnista del portal de noticias egipcio Elmwatin.com, public\u00f3 un art\u00edculo en el que enumer\u00f3 \u00abcinco razones que hicieron que el mundo \u00e1rabe rechazara la veracidad del Holocausto\u00bb. Este afirm\u00f3 que los medios de comunicaci\u00f3n inflaron las dimensiones del Holocausto como parte de una conspiraci\u00f3n [&hellip;]<\/p>\n","protected":false},"author":1,"featured_media":52689,"comment_status":"open","ping_status":"open","sticky":false,"template":"","format":"standard","meta":{"footnotes":""},"categories":[4,6,9,2,16],"tags":[],"class_list":["post-52688","post","type-post","status-publish","format-standard","has-post-thumbnail","hentry","category-archivos","category-comunicados-especiales","category-temas","category-featured","category-proyecto-documental-sobre-antisemitismo"],"_links":{"self":[{"href":"https:\/\/www2.memri.org\/espanol\/wp-json\/wp\/v2\/posts\/52688","targetHints":{"allow":["GET"]}}],"collection":[{"href":"https:\/\/www2.memri.org\/espanol\/wp-json\/wp\/v2\/posts"}],"about":[{"href":"https:\/\/www2.memri.org\/espanol\/wp-json\/wp\/v2\/types\/post"}],"author":[{"embeddable":true,"href":"https:\/\/www2.memri.org\/espanol\/wp-json\/wp\/v2\/users\/1"}],"replies":[{"embeddable":true,"href":"https:\/\/www2.memri.org\/espanol\/wp-json\/wp\/v2\/comments?post=52688"}],"version-history":[{"count":0,"href":"https:\/\/www2.memri.org\/espanol\/wp-json\/wp\/v2\/posts\/52688\/revisions"}],"wp:featuredmedia":[{"embeddable":true,"href":"https:\/\/www2.memri.org\/espanol\/wp-json\/wp\/v2\/media\/52689"}],"wp:attachment":[{"href":"https:\/\/www2.memri.org\/espanol\/wp-json\/wp\/v2\/media?parent=52688"}],"wp:term":[{"taxonomy":"category","embeddable":true,"href":"https:\/\/www2.memri.org\/espanol\/wp-json\/wp\/v2\/categories?post=52688"},{"taxonomy":"post_tag","embeddable":true,"href":"https:\/\/www2.memri.org\/espanol\/wp-json\/wp\/v2\/tags?post=52688"}],"curies":[{"name":"wp","href":"https:\/\/api.w.org\/{rel}","templated":true}]}}