{"id":526,"date":"2003-08-22T00:00:00","date_gmt":"2003-08-22T00:00:00","guid":{"rendered":"http:\/\/www2.memri.org\/espanol\/2003\/08\/22\/incitacion-en-la-autoridad-palestina-despues-de-la-cumbre-de-aqaba\/"},"modified":"2016-01-14T16:25:36","modified_gmt":"2016-01-14T16:25:36","slug":"incitacion-en-la-autoridad-palestina-despues-de-la-cumbre-de-aqaba","status":"publish","type":"post","link":"https:\/\/www2.memri.org\/espanol\/incitacion-en-la-autoridad-palestina-despues-de-la-cumbre-de-aqaba\/526","title":{"rendered":"Incitaci\u00f3n en la Autoridad Palestina Despu\u00e9s de la Cumbre de Aqaba"},"content":{"rendered":"<div class=\"bodytext c3\">\n<p><em>En su discurso del 4 de junio, 2003 en la cumbre de Aqaba, el <strong>Primer Ministro de la Autoridad Palestina (AP) Mahmoud Abbas (Abu Mazen)<\/strong> dijo, \u00abNosotros tambi\u00e9n actuaremos vigorosamente contra la incitaci\u00f3n, violencia y el odio, cual sea su forma o foro. Tomaremos medidas para asegurar que no haya incitaci\u00f3n que emane de las instituciones palestinas.\u00bb <a href=\"#_edn1\">[1]<\/a> fue en una reuni\u00f3n seguido a ese discurso que el <strong>Ministro de Informaci\u00f3n de la Autoridad Palestina Nabil Amr<\/strong> y el <strong>Ministro del Exterior Israel\u00ed Silvan Shalom<\/strong> decidieron establecer dos comit\u00e9s conjuntos para examinar la incitaci\u00f3n palestina e israel\u00ed en los medios de comunicaci\u00f3n y en los planes de estudios escolares. <a href=\"#_edn2\">[2]<\/a><\/em><\/p>\n<p><em>Desde esa reuni\u00f3n, la Autoridad Palestina ha tomado varios pasos para detener la incitaci\u00f3n en los medios de comunicaci\u00f3n y en las mezquitas. Sin embargo, la incitaci\u00f3n por cuerpos e instituciones que pertenecen a la Autoridad Palestina o bajo su vigilancia contin\u00faa. As\u00ed, por ejemplo, Jihad y Shahada [martirio] son todav\u00eda glorificados en los medios de comunicaci\u00f3n de la Autoridad Palestina, mezquitas y textos escolares. Tambi\u00e9n son celebrados en campamentos de verano los cuales son nombrados en honor de los que atentan suicidio y a los que los env\u00edan. No se han cambiado los libros de texto palestinos que contienen mensajes que exaltan al Jihad y Shahada. <a href=\"#_edn3\">[3]<\/a><\/em><\/p>\n<p><em>Debe hacerse notar que los medios de comunicaci\u00f3n &#8211; peri\u00f3dicos, radio, y televisi\u00f3n-todav\u00eda est\u00e1n controlados por el <strong>Presidente de la Autoridad Palestina Yasser Arafat<\/strong>, quien \u00e9l mismo conf\u00eda en la incitaci\u00f3n para mantener su estatus p\u00fablico en contra del de Abu Mazen. Por ejemplo, la televisi\u00f3n palestina no transmiti\u00f3 nada de la cumbre de Aqaba, mostrando en cambio pel\u00edculas de archivo de Arafat.<\/em><\/p>\n<p><em>Este documento revisa ambos intentos por detener la incitaci\u00f3n y la evidencia de su continuaci\u00f3n de la cumbre de Aqaba del 4 de junio, 2003 hasta el atentado suicida del 19 de agosto a un autob\u00fas en Jerusal\u00e9n. \u00c9stas son medidas en contra del criterio limitado: s\u00f3lo la glorificaci\u00f3n del martirio o incitaci\u00f3n a la violencia, s\u00f3lo contra blancos dentro de la L\u00ednea Verde, y s\u00f3lo desde la cumbre de Aqaba. Incitaci\u00f3n que ocurre despu\u00e9s de hacer publica la Hoja de Ruta y hasta la cumbre de Aqaba <strong>no<\/strong> fue incluido en el documento, pero pueden verse dos ejemplos en el Ap\u00e9ndice I.<\/em><\/p>\n<p><strong>Tabla de Contenidos<\/strong><\/p>\n<p><strong>I. Llamadas a Poner Fin a la Incitaci\u00f3n de la Violencia<\/strong><\/p>\n<blockquote>\n<p><strong>A. Llamadas para Terminar la Incitaci\u00f3n<\/strong><\/p>\n<blockquote>\n<p><em>1. Una Solicitud para Poner Fin a la Incitaci\u00f3n en los Medios de Comunicaci\u00f3n<br \/><\/em> <em>2. &#8216;Canci\u00f3n de la Paz&#8217; Transmitida en la Televisi\u00f3n Palestina<br \/><\/em> <em>3. Una Solicitud para Poner Fin a la Incitaci\u00f3n en las Mezquitas<br \/><\/em> <em>4. Acciones para Remover el Graffiti de Incitaci\u00f3n en la Ciudad de Gaza<\/em><\/p>\n<\/blockquote>\n<p><strong>B. Llamadas en Contra de la Violencia<\/strong><\/p>\n<p><strong>C. Campamentos de verano para Animar a la Paz<\/strong><\/p>\n<\/blockquote>\n<p><strong>II. Incitaci\u00f3n a Estimular la Violencia<\/strong><\/p>\n<address class=\"c1\"><strong>A. Transmisiones de televisi\u00f3n de la Autoridad Palestina (Videos Alentando Shahada)<\/strong><\/address>\n<address class=\"c1\"><strong>B. Serm\u00f3n del Viernes en la televisi\u00f3n de la Autoridad Palestina (Alabando Shahids)<\/strong><\/address>\n<address class=\"c1\"><strong>C. Glorificaci\u00f3n de Shahids en la Prensa<\/strong><\/address>\n<blockquote>\n<address>1. Obituarios por el Atentado del Autob\u00fas en Jerusal\u00e9n y el Atentado de Kfar Yabetz (Cerca de Tel Aviv)<\/address>\n<address>2. Poemas que Glorifican a Shahids en la Prensa Palestina<\/address>\n<address>3. Informes y Art\u00edculos que Glorifican a Shahids<\/address>\n<address>4. Dibujos Animados: Anti-israel\u00edes (y Antiamericanos), y Alentar Operaciones Suicidas<\/address>\n<\/blockquote>\n<address class=\"c1\"><strong>D. Otras Maneras de Glorificar a Shahids<\/strong><\/address>\n<blockquote>\n<address>1. Campamentos de Verano Educando a Shahada<\/address>\n<address>2. Nombrar Calles y Facilidades en Honor de Shahids<\/address>\n<\/blockquote>\n<address class=\"c1\"><strong>E. Oficiales Palestinos Animan a la Violencia y Shahada<\/strong><\/address>\n<address class=\"c1\"><strong>F. Incitaci\u00f3n Antiamericana<\/strong><\/address>\n<address class=\"c1\"><\/address>\n<p><strong>Apendices<\/strong><\/p>\n<p><strong>Ap\u00e9ndice I: Incitaci\u00f3n Palestina de la Puesta en Publico de la Hoja de Ruta a la Cumbre de Aqaba<\/strong><\/p>\n<blockquote>\n<p><em>A. Discurso de Arafat que Marca el D\u00eda Internacional del Ni\u00f1o 2003, a los Ni\u00f1os de Prisioneros Palestinos y Detenidos por Israel, El Muqata&#8217;a, Ramallah<\/em><\/p>\n<p><em>B. Serm\u00f3n del Viernes por el Jeque Ibrahim Mudeiris, Mezquita de Gaza &#8211; 5 de mayo, 2003<\/em><\/p>\n<\/blockquote>\n<h5>Ap\u00e9ndice II: Una Canci\u00f3n de Paz Palestina<\/h5>\n<p><strong>Ap\u00e9ndice III: Dibujos Animados<\/strong><\/p>\n<p><strong>Ap\u00e9ndice IV: Fotograf\u00edas de Ni\u00f1os que Llevan Armas y de &#8216;Gente Resistiendo a la Ocupaci\u00f3n&#8217; Anunciado en el Servicio de Informaci\u00f3n Estatal de la Autoridad Nacional Palestina <a href=\"http:\/\/www.ipc.gov.ps\/\">http:\/\/www.ipc.gov.ps<\/a><\/strong><\/p>\n<p><strong>I. Llamadas para Poner Fin a la Violencia<\/strong><\/p>\n<p><strong>A. Llamadas para Poner Fin a la Incitaci\u00f3n<\/strong><\/p>\n<p><em>1.<\/em> <em>Una Exigencia para Poner Fin a la Incitaci\u00f3n en los Medios de Comunicaci\u00f3n<\/em><\/p>\n<p><em>El <strong>diario de la Autoridad Palestina Al-Hayat Al-Jadida<\/strong> cit\u00f3 un informe de <strong>Reuters<\/strong> en el que la Autoridad Palestina hab\u00eda pedido los medios de comunicaci\u00f3n locales de reducir \u00abel tono combativo contra Israel\u00bb, y llam\u00f3 a los medios de comunicaci\u00f3n israel\u00edes a \u00abusar restricci\u00f3n\u00bb en sus reportes. El peri\u00f3dico dijo que el <strong>jefe de redacci\u00f3n de Al-Hayat Al-Jadida Hafez Al-Barghouti<\/strong> dijo a Reuters que \u00abel peri\u00f3dico fue preguntado por la Autoridad Palestina a cesar la incitaci\u00f3n contra Israel y demandas similares fueron dirigidas hacia la televisi\u00f3n palestina y varias estaciones de radio de la Ribera Oriental. El <strong>Ministro de Informaci\u00f3n de la Autoridad Palestina Nabil Amr<\/strong> dijo, \u00abTodos los d\u00edas, el Ministerio de Informaci\u00f3n env\u00eda a los medios de comunicaci\u00f3n cartas que contienen gu\u00eda sobre [asuntos] pol\u00edticos e informaci\u00f3n. \u00bb Un comunicado oficial del Ministerio de Informaci\u00f3n declar\u00f3 que Arafat tuvo en el pasado, siguiente al <strong>Memor\u00e1ndum de Wye<\/strong>, emiti\u00f3 una orden llamando a la prevenci\u00f3n del incitamiento;<\/em> <a href=\"#_edn4\">[4]<\/a> <em>] \u00e9sta fue una referencia a una orden publicada el 19 de enero, 1998.<\/em> <a href=\"#_edn4\">[5]<\/a><\/p>\n<p><em>2. &#8216;Canci\u00f3n de la Paz&#8217; Transmitida en la Televisi\u00f3n Palestina<\/em><\/p>\n<p>Durante la visita a Washington D.C del Primer Ministro de la Autoridad Palestina Abu Mazen en julio, 2003., la televisi\u00f3n palestina transmiti\u00f3 un video, subtitulado en \u00e1rabe e ingl\u00e9s, de ni\u00f1os cantando en \u00e1rabe, ingl\u00e9s, franc\u00e9s, y hebreo sobre su anhelo por la paz y hermandad entre los ni\u00f1os musulmanes, cristianos, y jud\u00edos. El ni\u00f1o que representa al jud\u00edo en el video est\u00e1 vestido de ultra-ortodoxo, con rizos a los lados y un sombrero de la clase normalmente usado por los jud\u00edos ultra-ortodoxos, y es notable de que no hay ninguna menci\u00f3n de Israel o israel\u00edes. Lo siguiente es un extracto de la canci\u00f3n (v\u00e9ase el Ap\u00e9ndice II para la versi\u00f3n completa):<\/p>\n<p>\u00abVuelen con los p\u00e1jaros<br \/>No importa cual es su nombre,<br \/>o qui\u00e9n eres tu<br \/>No llores, miles te aman<br \/>Canta conmigo por la paz&hellip; \u00ab<\/p>\n<p>\u00abMi patria, mi madre<br \/>El sufrimiento del pueblo es m\u00edo<br \/>Mi coraz\u00f3n es un \u00e1ngel peque\u00f1o<br \/>So\u00f1ando con la paz<br \/>La canci\u00f3n de la paloma&hellip;\u00bb <a href=\"#_edn6\">[6]<\/a><\/p>\n<p><em>3. Una Orden para Poner Fin a la Incitaci\u00f3n en las Mezquitas<\/em><\/p>\n<p><strong>El Dr. Suleiman &#8216;Ouda, conferencista en la Universidad Al-Azhar y predicador en la Mezquita de Anan de Gaza<\/strong> , fue entrevistado para el suplemento de <strong>la Administraci\u00f3n de Gu\u00eda Nacional y Pol\u00edtica Al-Ra&#8217;i<\/strong>, el cual aparece en el diario de la Autoridad Palestina <em>Al-Hayat Al-Jadida<\/em>. \u00c9l dijo: \u00abEl predicador debe refrenarse de [mencionar] todos los pol\u00e9micos <em>Hadiths<\/em> [tradiciones isl\u00e1micas] y opiniones, y buscar otros temas que unan a los ciudadanos, particularmente en este momento dif\u00edcil cuando nosotros necesitamos de la unidad nacional&hellip; [Los predicadores] deben restringirse [de dirigirse] a todas las esferas pol\u00edticas en las mezquitas&hellip; [Ya que] las mezquitas pertenecen a Al\u00e1, no se le predica a nadie sino a Al\u00e1&hellip; \u00bb &#8216;Ouda tambi\u00e9n critic\u00f3 el abuso de algunas facciones palestinas de mezquitas como plataformas para diseminar propaganda, as\u00ed como tambi\u00e9n pegar afiches y carteles en las paredes internas y externas de las mezquitas. \u00c9l dijo que estas actividades llevan a la tensi\u00f3n, no la calma, y disminuyen el esp\u00edritu de las mezquitas, el cual deber\u00eda ser un lugar de reuni\u00f3n para todos los musulmanes sin tener en cuenta sus puntos de vista o afiliaci\u00f3n. <a href=\"#_edn7\">[7]<\/a><\/p>\n<p><em>4. Acciones para Remover el Graffiti de Incitaci\u00f3n en la Ciudad de Gaza<\/em><\/p>\n<p>A principios de julio, 2003, la Autoridad Palestina declar\u00f3 una campa\u00f1a de <strong>\u00abGaza Limpia y Bonita\u00bb.<\/strong> Obreros municipales borraron el graffiti que se hab\u00eda acumulado a lo largo de la Intifada<strong>. El diario palestino <em>Al-Quds<\/em><\/strong> inform\u00f3 que el <strong>comentarista pol\u00edtico palestino Ali Al-Jibrawi<\/strong> le dijo a <em>Reuters<\/em> de que \u00abel graffiti y los murales se han vuelto un s\u00edmbolo de identidad nacional palestina desde la ocupaci\u00f3n de Gaza y la Ribera Oriental en 1967, y es uno de los pocos medios que los palestinos tienen para llevar sus mensajes pol\u00edticos.\u00bb Al-Jibrawi cuestion\u00f3 la efectividad de limpiar el graffiti, ya que, como \u00e9l dijo, \u00abel cambio debe estar en las mentes del pueblo, no en sus paredes.\u00bb <a href=\"#_edn8\">[8]<\/a><\/p>\n<p><strong>B. Llamadas en Contra de la Violencia<\/strong><\/p>\n<p>Oficiales Palestinos llamaron a un alto en las operaciones violentas, particularmente debido al Hudna (acuerdo del cese de hostilidades temporal). El Primer Ministro de la Autoridad Palestina Abu Mazen le dijo a Reuters en una entrevista: \u00abDesde hoy en adelante, cualquier facci\u00f3n, cualquier partido, cualquiera que lo viole &#8211; lo pondremos en prisi\u00f3n&hellip; Nosotros invertiremos el m\u00e1ximo esfuerzo previniendo la confrontaci\u00f3n con nuestro pueblo, porque si hacemos esto, esto puede llevarnos a la guerra civil y puede provocar el fin a todas las esperanzas de nuestro pueblo\u00bb. <a href=\"#_edn9\">[9]<\/a> El <strong>Ministro en el Cargo de Asuntos de Seguridad de la Autoridad Palestina Muhammad Dahlan<\/strong> agreg\u00f3, \u00abEl lugar natural de cualquiera que viole el cese al fuego anunciado por la Autoridad Palestina ser\u00e1 enjuiciado.\u00bb <a href=\"#_edn10\">[10]<\/a><\/p>\n<p>Siguiendo al fuego de cohetes y morteros desde la Franja de Gaza a las comunidades israel\u00edes despu\u00e9s de la cumbre de Aqaba, el <strong>Movimiento Fatah<\/strong> emiti\u00f3 un comunicado oficial que declara que estaba en contra de todos los esfuerzos por violar el <em>Hudna<\/em> y vio estos esfuerzos como para desviarse del acuerdo general nacional. El movimiento llam\u00f3 en sus hombres \u00aba combatir estas operaciones, condenarlos, y exponer los elementos que est\u00e1n en pie detr\u00e1s de ellos.\u00bb Fatah tambi\u00e9n llam\u00f3 en el gobierno palestino a responsabilizarse y capturar a cualquiera que act\u00fae bajo su propia autoridad en contra de los intereses del pueblo palestino.\u00bb <a href=\"#_edn11\">[11]<\/a><\/p>\n<p><strong>El encabezado del aparato de Seguridad Preventiva en Bel\u00e9n Coronel Majdi Al -&#8216;Atari<\/strong> dijo al <strong>diario palestino <em>Al-Quds<\/em>:<\/strong> \u00abNosotros perseguiremos a cualquiera que intente violar la ley o act\u00fae en contra de ella&hellip; Nosotros no permitiremos a nadie llevar armas excepto el personal oficial uniformado y funcionarios de seguridad de la Autoridad Palestina&hellip;\u00bb <a href=\"#_edn12\">[12]<\/a><\/p>\n<p><strong>El encabezado del aparato de Seguridad Preventiva en la Franja de Gaza Coronel Rashid Abu Shbak<\/strong> le dijo al <strong>diario de la Autoridad Palestina <em>Al-Ayyam<\/em><\/strong>de que el aparato continuara persiguiendo a cualquiera que intente violar el Hudna. \u00c9l tambi\u00e9n dijo que la Seguridad Preventiva era, para el tercer d\u00eda consecutivo, cazando a los miembros de los <strong>\u00abcomit\u00e9s de resistencia populares\u00bb<\/strong> en la Franja de Gaza con el objetivo de arrestarlos, y de que ya se hab\u00edan arrestado a dos de ellos. <a href=\"#_edn13\">[13]<\/a><\/p>\n<p><strong>C. Campamentos de Verano para Animar a la Paz<\/strong><\/p>\n<p>La Autoridad Palestina organiza campamentos de verano para la juventud todos los a\u00f1os, y este a\u00f1o el tema de algunos campamentos era la paz-por ejemplo, la &#8216;Hermandad y el campamento de la paz en Isawiyya y el campamento de la paz en Hebron. <a href=\"#_edn9\">[14]<\/a> <strong>Sanaa Al-Masri, comandante del campamento de verano en la escuela Mus&#8217;ib bin Umair en el barrio de Sheikh Radwan en la ciudad de Gaza<\/strong>, dijo que el mensaje de este a\u00f1o en los campamentos de verano era, por orden del Presidente de la Autoridad Palestina Yasser Arafat, \u00abla paz del valiente.\u00bb Al-Masri not\u00f3 que \u00abla paz por la que nosotros llamamos [en el campamento de verano] es una paz justa que garantiza la restauraci\u00f3n de nuestros derechos palestinos, de acuerdo con las resoluciones de las Naciones Unidas, incluyendo la 194 qu\u00e9 ordena el retorno de los refugiados palestinos, y una paz que garantiza soltar a todos los prisioneros y detenidos\u00bb.\u00bb <a href=\"#_edn15\">[15]<\/a><\/p>\n<p><strong>Zuheir Al-Kahlout, comandante de un campamento de verano en la escuela Al-Zahawi en la ciudad de Gaza,<\/strong> dijo el personal del campamento estaba actuando para ense\u00f1ar a los ni\u00f1os el amor por una paz basado en la justicia e igualdad, no en la sumisi\u00f3n.\u00bb <a href=\"#_edn16\">[16]<\/a><\/p>\n<p><strong>El Teniente General Muhammad &#8216;Awadhalla, director del departamento financiero del campo de verano de la Administraci\u00f3n de Gu\u00eda Nacional,<\/strong> explic\u00f3 la decisi\u00f3n de adoptar el lema \u00abla paz del valiente\u00bb para los campamentos de verano como: \u00ab&#8216;La paz del valiente&#8217; [es un lema] que el Presidente Abu Ammar [Arafat] clama, y poniendo el lema &#8216;la paz del valiente&#8217; como el lema de los campamentos de verano es un paso positivo. Esto es porque nuestro pueblo y su liderazgo quieren comprender la paz del valiente a la que el Presidente Arafat clama&hellip; el pueblo palestino ha estado anhelando la paz durante a\u00f1os, vivir en serenidad que garantize la seguridad para los ni\u00f1os palestinos e israel\u00edes por igual&hellip; &#8216;La paz del valiente&#8217; es lo que garantizar\u00e1 el amor y lo mejor para la regi\u00f3n y realizar\u00e1 un mejor futuro para nuestros ni\u00f1os.\u00bb Al mismo tiempo, &#8216;Awadhalla dijo, \u00abLos campamentos de verano son una necesidad esencial para nuestros muchachos y muchachas, para asentar su conocimiento, adem\u00e1s del esp\u00edritu de sacrificio [fidaa] y amor por la patria.\u00bb <a href=\"#_edn17\">[17]<\/a><\/p>\n<p><strong>II. Incitaci\u00f3n a \/ y el Est\u00edmulo de la Violencia<\/strong><\/p>\n<p>La glorificaci\u00f3n de <em>Shahids y Shahada<\/em> est\u00e1 continuando, sin distinci\u00f3n entre <em>Shahids<\/em> que se murieron en conflictos con el IDF y los colonos en los territorios palestinos y aquellos que llevaron a cabo los atentados suicidas matando civiles israel\u00edes dentro de la L\u00ednea Verde. Continua alabanza y glorificaci\u00f3n puede encontrarse en ambos los informes de los medios de comunicaci\u00f3n palestinos y en la l\u00ednea de trabajo de las actividades varias organizados por los cuerpos de la Autoridad Palestina.<\/p>\n<h5>A. Televisi\u00f3n de la Autoridad Palestina Transmite (Video alentando <em>Shahada<\/em>)<\/h5>\n<p>Muchas veces despu\u00e9s de la cumbre de Aqaba, la televisi\u00f3n palestino retransmiti\u00f3 un video sobre las V\u00edrgenes del Para\u00edso &#8211; el premio del <em>Shahid<\/em> &#8211; que hab\u00eda sido puesto al aire frecuentemente antes de la cumbre. El video muestra a un hombre joven convirti\u00e9ndose en un <em>Shahid<\/em> y ascendiendo al cielo. All\u00ed \u00e9l se encuentra a sus seres queridos y a las otras V\u00edrgenes del Para\u00edso, todas danzando en vestidos nupciales entre los jardines y los arroyos que fluyen, las cuales son las im\u00e1genes tradicionales del Cor\u00e1n sobre el para\u00edso.<\/p>\n<p>El 24 de julio, 2003, la Televisi\u00f3n de la Autoridad Palestina tambi\u00e9n puso al aire un video que glorifica a la <strong>primera mujer de la Intifada que cometi\u00f3 suicidio explot\u00e1ndose, Wafaa Idris<\/strong>. Las letras de la canci\u00f3n en el video son:<\/p>\n<p>\u00abMi hermana Wafaa<br \/>Oh reavivamiento de orgullo<br \/>Oh flor que estaba en la tierra<br \/>y ascendi\u00f3 a los cielos&hellip;<\/p>\n<p>\u00abTu escogistes Shahada<br \/>Y en tu muerte distes la vida al poder de la voluntad&hellip;<\/p>\n<p>\u00abOh esp\u00edritu de un pueblo magn\u00edfico<br \/>Que desea el auto -sacrificio&hellip;\u00bb <a href=\"#_edn18\">[18]<\/a><\/p>\n<h5>B. Serm\u00f3n del Viernes en la Televisi\u00f3n de la Autoridad Palestina (Alabando Shahids)<\/h5>\n<p>El 15 de agosto, 2003, el <strong>Jeque Ibrahim Mudeiris<\/strong> entreg\u00f3 un serm\u00f3n que exalta a los <em>Shahids<\/em> en la Mesquita Sheikh Ijlin en la ciudad de Gaza. \u00ab&hellip; Bendiciones a usted, [hijos del] pueblo palestino, pueblo de Jerusal\u00e9n que sacrific\u00f3 Shahids para conservar la identidad de la bendita Mezquita de Al-Aqsa y su identidad isl\u00e1mica y \u00e1rabe&hellip; Los residentes de Palestina y Jerusal\u00e9n son los \u00fanicos que preservan la existencia de la Mezquita Al-Aqsa.&hellip; Nosotros los bendecimos, bendecimos a todos cuya sangre fluye en esta tierra buena y pura.<\/p>\n<p>\u00abSi una oraci\u00f3n en la Mezquita al Al-Aqsa vale 1,000 oraciones en otra mezquita, entonces sepan que un <em>Shahid<\/em> [qui\u00e9n cae] en esta tierra es considerado m\u00e1s de un <em>Shahid<\/em> que en otra parte. S\u00ed, hay tradiciones seg\u00fan el cual un <em>Shahid<\/em> aqu\u00ed es vale 70 <em>Shahids<\/em> en alguna otra parte&hellip; Cada persona herida en esta tierra es comparable a centenares de heridos [en alguna otra parte]&#8230;..<\/p>\n<p>\u00abEl pueblo palestino hoy necesita de <strong>Omar bin Al-Khattab<\/strong>, <a href=\"#_edn9\">[19]<\/a> cuya alma fue inflada cada vez que ley\u00f3 Surat Al-Israa [Cor\u00e1n Cap\u00edtulo 17]. Cada vez que ley\u00f3 el verso: &#8216;Santo es \u00c9l qui\u00e9n tom\u00f3 a su sirviente de noche de la Sagrada Mezquita a la Mezquita Distante [17:1] &#8216;, \u00e9l sinti\u00f3 que la Mezquita Al-Aqsa estaba pidiendo su ayuda. Y entonces \u00e9l organiz\u00f3 a su ej\u00e9rcito y se regreso de all\u00ed [Al-Medina] hasta aqu\u00ed, a Al-Sham [Siria] y a Jerusal\u00e9n, con los compa\u00f1eros m\u00e1s \u00edntimos del Profeta, para liberar a la Mezquita Al-Aqsa. \u00c9l la liber\u00f3 de los cristianos que la hab\u00edan manchado. \u00c9l la liber\u00f3, pero les dio [a los cristianos] seguridad, con lo que se llam\u00f3 m\u00e1s tarde &#8216;El Pacto de Omar.&#8217;<\/p>\n<p>\u00abNoten, oh adoradores de Al\u00e1, los jud\u00edos son las criaturas m\u00e1s aborrecibles de la faz de la tierra. Para los cristianos, a pesar de sus abominaciones, preguntado a Omar bin Al-Khattab una condici\u00f3n de entre cuatro &#8211; para no permitirles a los jud\u00edos vivir en Palestina. Nosotros queremos gente como <strong>Salah Al-Din Al-Ayyoubi [Saladin]<\/strong>, <a href=\"#_edn9\">[20]<\/a> queremos un Salah Al-Din para liberar a la Mezquita Al-Aqsa, la Mezquita Al-Aqsa, que Salah Al-Din liber\u00f3 cuando oy\u00f3 los lamentos de las pueblos de Palestina y los pueblos de Siria cuando estaban sujeto a matanzas y abusos&hellip;<\/p>\n<p>\u00abDesde que Salah Al-Din liber\u00f3 a la Mezquita Al-Aqsa y la tierra de Palestina, esta tierra ha estado sujeta a la codicia de los invasores, hasta que el ataque imperialista llegara, y Palestina fue conquistada. Fue conquistada por los brit\u00e1nicos [y debido a esto] nosotros tenemos relaciones de venganza de sangre. Entre G. Breta\u00f1a y nosotros, hay una cuenta larga de venganza de sangre que no se ha olvidado, aunque la pol\u00edtica lo requiera. No fue G. Breta\u00f1a que dio lo que no pose\u00eda, a aquellos que no ten\u00edan ning\u00fan derecho a ella? No fue G. Breta\u00f1a que les dio a los jud\u00edos un derecho para establecer un estado en la tierra de Palestina, y a expensas del pueblo palestino? Palestina y sus lugares santos est\u00e1n sujetos a la agresi\u00f3n constante&hellip;<\/p>\n<p>\u00abNo ha o\u00eddo el mundo hablar de los detenidos palestinos que sufren en sus c\u00e1rceles [israel\u00edes], cu\u00e1ndo ayer fueron servidos con comidas envenenadas, debido a qu\u00e9 quiz\u00e1s docenas de nuestros hijos encarcelados se morir\u00e1n? Sus hermanos en las prisiones est\u00e1n sujetos al m\u00e1s horrendo de los ataques sionistas. Ellos est\u00e1n sujetos a la m\u00e1s horrenda de las torturas y abusos. Ustedes han o\u00eddo, y todo el mundo ha o\u00eddo, de que hace dos d\u00edas nuestros hermanos en las casas de detenci\u00f3n fueron servidos con comidas envenenadas y que m\u00e1s de 50 prisioneros est\u00e1n en serias condiciones porque se les di\u00f3 comida envenenada&hellip;\u00bb <a href=\"#_edn21\">[21]<\/a><\/p>\n<h5>C. Glorificaci\u00f3n de <em>Shahids<\/em> en la Prensa<\/h5>\n<p><em>1. Obituarios por el Atentado del Autob\u00fas en Jerusal\u00e9n y el Atentado de Kfar Yabetz (Cerca de Tel Aviv)<\/em><\/p>\n<p>Tres peri\u00f3dicos de la Autoridad Palestina, <em>Al-Hayat Al-Jadida, Al-Ayyam<\/em>, y <em>Al-Quds<\/em>, publicaron obituarios para <strong>Abd Al-Mu&#8217;ti Muhammad Salleh Shabana Al-Tamimi, qui\u00e9n se vol\u00f3 a si mismo en el autob\u00fas No. 14 en junio del 2003 en el Camino de Jaffa de Jerusal\u00e9n<\/strong>. Estos obituarios estaban en el formato aceptado para tales noticias, glorificando al que atent\u00f3 y su hecho en t\u00e9rminos isl\u00e1micos. <a href=\"#_edn9\">[22]<\/a> El obituario en los diarios de la Autoridad Palestina <em>Al-Hayat Al-Jadida<\/em> y <em>Al-Ayyam<\/em> fue como sigue:<\/p>\n<p>\u00ab&#8216;Entre los Creyentes hay hombres que han sido leales a su convenio con Al\u00e1: de ellos algunos han completado su voto [de sacrificarse para Al\u00e1 en la batalla], y algunos (todav\u00eda) esperan [para cumplir su voto]: pero nunca lo cambiaron [Cor\u00e1n 33:23].\u00bb<\/p>\n<p><strong>&#8216;Anuncio de la Muerte de un Shahid&#8217;<\/strong><\/p>\n<p>\u00abPalestina-Hebron: los hermanos <em>Shahid<\/em> y la familia entera Shabana Al-Tamimi, en la patria y fuera de ella, anuncian a las dos naciones &#8211; la naci\u00f3n \u00e1rabe y musulmana en general y a nuestro pueblo palestino, al frente, en particular&ndash; [la muerte] del H\u00e9roe <em>Shahid<\/em> Abd Al-Mu&#8217;ti Muhammad Salleh Shabana Al-Tamimi (18 a\u00f1os) qui\u00e9n llev\u00f3 a cabo el acto heroico en el Camino de Jaffa &#8211; el 11 de junio, 2003. Oramos a Al\u00e1 aceptarlo entre los profetas, los santos, y los <em>Shahids<\/em> en cuya compa\u00f1\u00eda es bueno estar.<\/p>\n<p>\u00ab&#8216;A Al\u00e1 pertenecemos y a \u00c9l volvemos&#8217; [Cor\u00e1n 2:156]<br \/>Felicitaciones en [la muerte del] H\u00e9roe <em>Shahid<\/em> ser\u00e1 recibido en el centro cultural nombrado para el Compa\u00f1ero del Profeta Tamim Al-Dari, en la Monta\u00f1a Abu Ruman, Hebron, durante tres d\u00edas que empiezan desde ayer, jueves, de 16:00 a 19:00. \u00ab<\/p>\n<p>El diario de la Autoridad Palestina <em>Al-Ayyam<\/em> public\u00f3 un obituario puesto por la organizaci\u00f3n <em>Jihad<\/em> isl\u00e1mica para <strong>Ahmad Khairi Fat&#8217;hi Yahyah<\/strong>, <strong>quien llev\u00f3 a cabo el 7 de julio, 2003 un atentado suicida en Kfar Yabetz<\/strong> despu\u00e9s de la declaraci\u00f3n del <em>Hudna<\/em>. Lo siguiente es el anuncio:<\/p>\n<p>\u00abEntre los Creyentes hay hombres que han sido leales a su convenio con Al\u00e1: de ellos algunos han completado su voto [para sacrificarse as\u00ed mismos por Al\u00e1 en la batalla], y algunos (todav\u00eda) esperan [para cumplir su voto]: pero nunca lo cambiaron [Cor\u00e1n 33:23].<\/p>\n<p><strong>\u00abEl anuncio de la Muerte de un H\u00e9roe <em>Shahid<\/em><\/strong> Palestina &#8211; Jenin: El Movimiento <em>Jihad<\/em> Isl\u00e1mico en Palestina ve con orgullo y glor\u00eda al H\u00e9roe <em>Shahid<\/em> que est\u00e1 con Al\u00e1 <strong>Ahmad Khairi Fat&#8217;hi Yahyah<\/strong> hijo del pueblo de Ra&#8217;i del <em>Jihad<\/em> el <em>Shahid<\/em> que llev\u00f3 a cabo la operaci\u00f3n al noreste de Tel Aviv el martes pasado, 7 de julio, 2003. Nosotros le pedimos a Al\u00e1 cubrirlo con Su gran misericordia y alojarlo en Su Para\u00edso. Nosotros anunciamos a nuestro pueblo combatiente de<em>Jihad<\/em> y a nuestra naci\u00f3n \u00e1rabe y musulmana sobre el H\u00e9roe <em>Shahid<\/em>, y nosotros le prometemos y a todo los <em>Shahids<\/em> puros que nosotros seguiremos en su camino<em>. Jihad<\/em> [es] victoria o <em>Shahada<\/em>\u00ab.\u00bb <a href=\"#_edn23\">[23]<\/a><\/p>\n<p><em>2. Poemas que Glorifican Shahids en la Prensa Palestina<\/em><\/p>\n<p>El diario palestino Al-Quds public\u00f3 un art\u00edculo por <strong>Sa&#8217;id Muhammad Sa&#8217;ada<\/strong> que reviso una colecci\u00f3n de poemas, <strong>Aqu\u00ed Est\u00e1bamos y Aqu\u00ed Estaremos<\/strong>, por el poeta palestino <strong>Lutfi Zaghloul<\/strong>. En su art\u00edculo, Sa&#8217;ada cita el qasida de Zaghloul (poema \u00e1rabe), \u00abAnte Ti, Oh Patria\u00bb que dice: \u00ab&hellip; A ti, oh patria, bebemos la copa de la muerte Cuan dulce la copa, cuan dulce la bebida Con cada <em>Shahid<\/em> adicional, Nos acercamos m\u00e1s cerca a ti.\u00bb<\/p>\n<p>En su an\u00e1lisis del poema, Sa&#8217;ada escribi\u00f3, \u00abEl poeta Lutfi Zaghloul am\u00f3 a su patria con un amor feroz. Lo ardiente de su amor aument\u00f3 debido a la desecraci\u00f3n de la patria por el pillaje, la ocupaci\u00f3n, destrucci\u00f3n, y matanza. Por consiguiente, el poeta &#8211; como cualquier otro habitante de la patria &#8211; no se abstiene de ofrecer su alma para rescatar a la patria, sin temer el enemigo y sus acciones asesinas. Es a esto a lo cual nos referimos cuando decimos que el feroz amor en el alma del poeta Zaghloul se desvi\u00f3 de pura moral de la l\u00ednea de trabajo percibido a trav\u00e9s de los sentidos y sigui\u00f3 para decir palabras te\u00f3ricas a la aplicaci\u00f3n real de este amor feroz. La aplicaci\u00f3n de la emoci\u00f3n fue manifestada luchando y defendiendo la patria, para que fuera de nuevo una patria sobre la que vuelan los estandartes de liberaci\u00f3n, libertad, y victoria, cualquiera sea el precio en Shahids.\u00bb <a href=\"#_edn24\">[24]<\/a><\/p>\n<p><em>Al-Quds<\/em> tambi\u00e9n public\u00f3 las letras de una canci\u00f3n por Zaghloul llamada \u00abUna Canci\u00f3n de Palestina\u00bb que hab\u00eda ganado el primer premio en el Festival Internacional de la Canci\u00f3n Arabe en Dubai:<\/p>\n<p>\u00ab&hellip; Pueda mi estandarte volar alto,<br \/>Yo te rescatare con el gotear de mi sangre<br \/>Yo tengo una patria, yo tengo una casa, yo tengo un pueblo con ambiciones sublimes<\/p>\n<p>Con la sangre de Shahids, yo esbozo mi ma\u00f1ana..<br \/>Benditos sean los m\u00e1rtires virtuosos<br \/>Cuan noble es el fedai libre. \u00c9l todav\u00eda est\u00e1 encarcelado<br \/>\u00c9l sacrific\u00f3 lo que es m\u00e1s precioso paea \u00e9l, oh mi patria, y los d\u00edas m\u00e1s dulces de la vida<br \/>La noche no es ni bonita ni dulce cuando la luna no puede verse.\u00bb <a href=\"#_edn25\">[25]<\/a><\/p>\n<p>El diario de la Autoridad Palestina <em>Al-Hayat Al-Jadida<\/em> public\u00f3 \u00abEntre el Mareo de la Mar y el Roc\u00edo en la Ventana\u00bb por el <strong>poeta druso Sleiman Daghash<\/strong> quien vive en Israel. Lo siguiente son extractos:<\/p>\n<p>\u00ab&hellip; Estiren sus dos dedos en la se\u00f1al en V<br \/>Por encima de su tumba. La muerte es m\u00e1s peque\u00f1a que su Shahada, la cual sube tan alto<br \/>Como el alminar de la resurrecci\u00f3n en las oraciones del alba&hellip;<br \/>\u00c9sta es la sabidur\u00eda antigua de la muerte:<br \/>Los Shahids despertar\u00e1n como mariposas<br \/>al alba<br \/>Ba\u00f1\u00e1ndose a si mismas en sangre, en el tormento del nacimiento de la Tierra<br \/>Estiren sus dos dedos como dos golpes de rel\u00e1mpago y como dos tiros<br \/>Y finalmente, el infante emerger\u00e1.\u00bb <a href=\"#_edn26\">[26]<\/a><\/p>\n<p><em>3. lnformes y Art\u00edculos que Glorifican Shahids<\/em><\/p>\n<p>En una entrevista con <em>Al-Hayat Al-Jadida<\/em>, <strong>Nuzhah Ziyadeh, tambi\u00e9n conocido como Umm Souheil<\/strong>, una mujer 55-a\u00f1os del campamento de refugiados Jebaliya quien hab\u00eda \u00absacrificado dos de sus hijos como <em>Shahids<\/em> por la causa de Al\u00e1\u00bb, \u00abexpres\u00f3\u00bb orgullo y un sentido de honor que Al\u00e1 la hab\u00eda honrado con el martirio de sus dos hijos Souheil y Muhammad, e hizo sus deseos realidad.\u00bb El peri\u00f3dico llam\u00f3 a Umm Souheil <strong>\u00abAl-Khansaa\u00bb<\/strong>-refiri\u00e9ndose a la madre de <em>Shahids<\/em> en la historia isl\u00e1mica. <a href=\"#_edn27\">[27]<\/a><\/p>\n<p>El peri\u00f3dico cit\u00f3 a Umm Souheil, (la madre de Souheil), diciendo en la entrevista, \u00abSouheil era un parang\u00f3n de sacrificio y amor de la patria a ser imitado. \u00c9l sali\u00f3 a mediod\u00eda en un jueves de mayo, 2002 despu\u00e9s de negarse a comer el almuerzo que yo prepar\u00e9 para \u00e9l. Llevaba su arma y su bolsa, y fue a Gaza oriental. \u00c9l combati\u00f3 a los enemigos de Al\u00e1 hasta que \u00e9l se martiriz\u00f3 despu\u00e9s de las oraciones de la tarde&hellip; yo despert\u00e9 de repente por la noche a las 11, y vi a mis hijos Maher y Muhammad perturbados. Yo intent\u00e9 extraer informaci\u00f3n de ellos, pero no tuve \u00e9xito. Yo or\u00e9 a Al\u00e1 hasta que Muhammad vino a m\u00ed y me dijo las noticias. Yo irrump\u00ed en lamentos de alegr\u00eda y me volte\u00e9 a mis hijas para que ellas pudieran felicitar su hermano Souheil en su <em>Shahada<\/em>&hellip;<\/p>\n<p>\u00ab[Souheil] era conocido por su valor y recursos. \u00c9l nunca perdi\u00f3 una oportunidad para confrontar a los infieles. \u00c9l particip\u00f3 destruyendo a un portador de personal blindado en el \u00e1rea de Beit Lahiya. \u00c9l tambi\u00e9n particip\u00f3 en la operaci\u00f3n en la cual el investigador nuclear fue muerto en asentamiento Elei del Sinai. [Souheil] ten\u00eda gran experiencia preparando bombas, bombas guiadas, y m\u00edsiles&hellip; Nosotros no tenemos ning\u00fan honor excepto en el <em>Jihad<\/em> y en el martirio. No tenemos ning\u00fan honor excepto en el auto-sacrificio, persistencia, y constancia&hellip; \u00ab<\/p>\n<p>El informe del peri\u00f3dico continu\u00f3, \u00abUmm Souheil sigui\u00f3 con las historias de hero\u00edsmo y sacrificio, y dijo que su segundo hijo Muhammad le suplicar\u00eda a su hermano Souheil para estar de acuerdo en enviarle a que lleve a cabo una operaci\u00f3n de martirio, y \u00e9l incluso se quej\u00f3 a esos responsables por \u00e9l de que su hermano le estaba impidiendo cumplir su deseo. La respuesta de Souheil fue de que \u00e9l no podr\u00eda enviarlo y no le podr\u00eda prevenir, y que \u00e9l necesitaba el permiso de su madre. Umm Souheil agreg\u00f3, &#8216;yo intent\u00e9 persuadirlo de cambiar su mente al principio, pero \u00e9l insisti\u00f3, y entonces yo le dije: Haz lo que quieras, yo no te puedo prevenir.&#8217; Ella agreg\u00f3 que Muhammad sigui\u00f3 la muerte de un m\u00e1rtir el 14 de julio, 2002, es decir, dos meses despu\u00e9s de que su hermano fue martirizado: &#8216;\u00c9l muri\u00f3 en el techo de la casa de un grupo de amigos que estaban llevando a cabo su preparaci\u00f3n diaria de explosivos. De repente yo o\u00ed el sonido de una explosi\u00f3n poderosa, y luego dos de los amigos de Muhammad salieron llev\u00e1ndoselo, con sangre cubriendo su cara. Despu\u00e9s de unos metros \u00e9l cay\u00f3 de sus manos hacia el piso. Cuando yo comprend\u00ed que \u00e9l se hab\u00eda martirizado, yo me volv\u00ed hacia \u00e9l, lo bes\u00e9, y alab\u00e9 a Al\u00e1 de que \u00e9l se hab\u00eda ganado el <em>Shahada<\/em> que \u00e9l hab\u00eda buscado. \u00c9l hab\u00eda participado en todas las confrontaciones con las fuerzas de la ocupaci\u00f3n.'\u00bb <a href=\"#_edn28\">[28]<\/a><\/p>\n<p>En un art\u00edculo para el diario de la Autoridad Palestina <em>Al-Quds<\/em>, el <strong>miembro del Concejo Legislativo Palestino Imad Al-Hamid Al-Falouji<\/strong> mencion\u00f3 a Al-Khansaa en el mismo aliento como los iconos palestinos nacionales tales como Arafat y Fares &#8216;Ouda: <a href=\"#_edn9\">[29]<\/a> \u00ab&hellip; A la vanguardia de nuestro pueblo [palestino] est\u00e1n [aquellos] como el <em>Shahid<\/em> Fares &#8216;Ouda y [otros] <em>Shahids<\/em>, y [como] el l\u00edder [Arafat] de pie al frente de la batalla en tiempos de paz y tiempos de sitio&hellip; [y como] los prisioneros de pie, con est\u00f3magos vac\u00edos, contra los encarceladores como modelos de determinaci\u00f3n, enfrentando el desaf\u00edo, y de pie con orgullo, y a las mujeres palestinas como Al-Khansaa, dando a luz a estos h\u00e9roes tanto como en sus ojos aparece la determinaci\u00f3n de permanecer y soportar las penalidades de vida&hellip;\u00bb <a href=\"#_edn30\">[30]<\/a><\/p>\n<p>El diario de la Autoridad Palestina <em>Al-Hayat Al-Jadida<\/em> public\u00f3 un art\u00edculo por <strong>Tarek Daraghma, encabezado de la Asociaci\u00f3n de Familias de Shahids en el distrito Tubas<\/strong> en el que escribi\u00f3: \u00ab&hellip; Si es verdad de decir que los <em>Shahids<\/em> son las personas m\u00e1s honorables, y de que no hay ning\u00fan argumento o duda sobre esto, entonces por qu\u00e9 nosotros no deseamos el bien a sus hijos, hijas, esposas, padres, y madres? \u00bfPor qu\u00e9 no entendemos la sensibilidad de la situaci\u00f3n?&hellip; La familia del que Al\u00e1 ama y quien \u00c9l ha escogido [para llevar a cabo] las <em>necesidades de Shahada<\/em> una gran cantidad de [ayuda]&hellip; No hagan, intencional o involuntariamente, a aquellos que sacrifican a sus hijos e hijas por la patria ir de puerta en puerta en busca de comida&hellip;\u00bb <a href=\"#_edn31\">[31]<\/a><\/p>\n<p><em>4. Dibujos Animados: Anti-Israel (y Antiamericanos), y Alentar las Operaciones Suicidas<\/em><\/p>\n<p>Siguiendo a la cumbre de Aqaba, la prensa palestina continu\u00f3 publicando dibujos animados anti-israel\u00edes (y antiamericanos), as\u00ed como tambi\u00e9n dibujos animados alentando ataques suicidas. Ejemplos de tales dibujos animados son aquellos por <strong>Omayya Juha<\/strong>, caricaturista para el diario de la Autoridad Palestina <em>Al-Hayat Al-Jadida<\/em>, mientras su marido fue, hasta su muerte, un <strong>activista para el ala militar de Hamas, las Brigadas Iz Al-Din Al-Qassam<\/strong>. <a href=\"#_edn32\">[32]<\/a><\/p>\n<p>Juha es el caricaturista palestino m\u00e1s popular, y su sitio web, <a href=\"http:\/\/www.omayya.com\/\">http:\/\/www.omayya.com<\/a> , fue recientemente escogido como el \u00abMejor Sitio Web Arabe de Dibujos Animados\u00bb. <a href=\"#_edn33\">[33]<\/a> ] Durante a\u00f1os, Juha ha producido dibujos animados anti-israel\u00edes (y antiamericanos) mostrando, por ejemplo, a Israel (y a los Estados Unidos) como serpientes y Sharon (y Bush) asesinando a ni\u00f1os a sangre fr\u00eda, as\u00ed como tambi\u00e9n dibujos animados que glorifican los atentados suicidas. Desde la cumbre de Aqaba, Juha ha continuado produciendo estos dibujos animados, y <em>Al-Hayat Al-Jadida<\/em> contin\u00faa public\u00e1ndolos. Los ejemplos incluyen uno que apareci\u00f3 el d\u00eda despu\u00e9s del ataque suicida del autob\u00fas No. 14 en Jerusal\u00e9n, mostrando las partes despedazadas del cuerpo de un hombre que fue explotado; Israel en la forma de una ara\u00f1a; los Estados Unidos como un pulpo estrangulando a Saddam Hussein y matando sus dos hijos Uday y Qusay; Sharon como un asesino de ni\u00f1os bajo el amparo de los Estados Unidos.; Israel como un asesino de ni\u00f1os; y un dibujo animados antisemita: Israel, representado por un hombre ensangrentado que lleva una gorra tipo calavera, que participa en una conferencia econ\u00f3mica (v\u00e9ase el Ap\u00e9ndice III).<\/p>\n<p>Otros medios de comunicaci\u00f3n tambi\u00e9n publican dibujos animados que incitan a la violencia. El diario Palestino <em>Al-Quds<\/em> imprimi\u00f3 un dibujo animados antisemita que muestra a un Palestino e Iraqu\u00ed crucificado, para enfatizar de que los jud\u00edos estaban crucific\u00e1ndolos seg\u00fan se alega como si hubieran crucificado a Jes\u00fas (v\u00e9ase el Ap\u00e9ndice III). El sitio web de informaci\u00f3n oficial de la Autoridad Palestina, <a href=\"http:\/\/www.ipc.gov.lps\/\">http:\/\/www.ipc.gov.ps<\/a> , las public\u00f3 fotograf\u00edas de ni\u00f1os que portan armas, <a href=\"#_edn33\">[34]<\/a> ] y fotos de \u00abgente armada que resisten a la ocupaci\u00f3n (v\u00e9ase el Ap\u00e9ndice IV). \u00bb El sitio tambi\u00e9n proporciona uniones a los \u00absitios palestinos importantes\u00bb tal como la publicaci\u00f3n principal del movimiento Fatah <a href=\"http:\/\/www.yafa-news.com\/\">http:\/\/www.yafa-news.com<\/a> la cual es encabezada por el lema \u00abPalestina Arabe, desde el Mar hasta el R\u00edo\u00bb, y el sitio <a href=\"http:\/\/www.palestine-info.info\/\">http:\/\/www.palestine-info.info<\/a> , identificado con el movimiento Hamas.<\/p>\n<p><strong>D. Otras Maneras de Glorificar <em>Shahids<\/em><\/strong><\/p>\n<p><em>1. Campamentos de Verano, Educando para Shahada<\/em><\/p>\n<p>Un n\u00famero grande de campamentos de verano fue nombrado en honor de <em>Shahids<\/em>, sin distinci\u00f3n entre si ellos estaban involucrados en ataques en los territorios palestinos o llevaron a cabo atentados suicidas dentro de la L\u00ednea Verde. Lo siguiente es un sondeo parcial de algunos campamentos que fueron mencionados en los medios de comunicaci\u00f3n palestinos:<\/p>\n<ul type=\"disc\">\n<li>Dos campamentos de verano fueron nombrados en honor de la <strong>primera mujer suicida Wafaa Idris<\/strong>, en Qalqiliya y en los campos de refugiados Al-Am&#8217;ar; <a href=\"#_edn35\">[35]<\/a><\/li>\n<li>Un campamento de verano en Gaza oriental, organizado por el <strong>Fatah Shabiba<\/strong>, <a href=\"#_edn36\">[36]<\/a> fue nombrado en honor de <strong>la mujer suicida Ayat Al-Akhras<\/strong>;<\/li>\n<li>Un campamento de verano fue nombrado en honor del <strong>comandante de las brigadas de m\u00e1rtires del ala del ej\u00e9rcito de Fatah Al-Aqsa<\/strong>, <a href=\"#_edn36\">[37]<\/a> <strong>en Tulkarem, Ra&#8217;id Karmi<\/strong>;<\/li>\n<li>Un campamento de verano en Gaza fue nombrado en honor del <strong>Comandante de las Brigadas de M\u00e1rtires en Gaza Al-Aqsa, Jihad Al-&#8216;Amarin<\/strong>; <a href=\"#_edn38\">[38]<\/a><\/li>\n<li>Un campamento de verano fue nombrado en honor del <em>Shahid<\/em> <strong>Mahmoud Al-Jamasi, qui\u00e9n se volo un bote del IDF en Gaza;<\/strong> <a href=\"#_edn39\">[39]<\/a><\/li>\n<li>Un campamento de verano en el pueblo de &#8216;Azoun en el distrito de Qalqiliya, organizado por la Administraci\u00f3n de Gu\u00eda Nacional y nombrado en honor del <em>Shahid<\/em> <strong>Muhammad Salim, un activista en las Brigadas del ala militar de Hamas Iz Al-Din Al-Qassam<\/strong> que fue muerto mientras intentaba explotar un tanque; <a href=\"#_edn40\">[40]<\/a><\/li>\n<li>Un campamento de verano de muchachos en Dir Ballah nombrado en honor de <em>Shahids<\/em>; <a href=\"#_edn41\">[41]<\/a><\/li>\n<li>Un campamento de verano de muchachos nombrado en honor de \u00ablos <em>Shahids<\/em> de Surif\u00bb; <a href=\"#_edn42\">[42]<\/a><\/li>\n<li>Campamento de verano \u00abLealtad a la Sangre de los M\u00e1rtires\u00bb; <a href=\"#_edn43\">[43]<\/a><\/li>\n<li>El campamento de verano \u00abLealtad y Amor para el Presidente Yasser Arafat\u00bb que este a\u00f1o fue nombrado en honor de <em>Shahids<\/em> del distrito Rafah; <a href=\"#_edn44\">[44]<\/a><\/li>\n<li>Campamento de verano \u00abIndependencia y retorno de [refugiado]\u00bb en Nablus.. <a href=\"#_edn45\">[45]<\/a><\/li>\n<li>En un campamento de verano de las <strong>Brigadas de M\u00e1rtires Al-Aqsa<\/strong> en el distrito de Hebron, los ni\u00f1os celebraron una ceremonia de cierre que incluy\u00f3 una obra llamada \u00abLa Boda del Shahid\u00bb <a href=\"#_edn36\">[46]<\/a> -es decir, su boda en el Para\u00edso a las 72 v\u00edrgenes de ojos negros.<\/li>\n<li><strong>La Organizaci\u00f3n de Caridad para la Ayuda a los Hu\u00e9rfanos y Necesitados<\/strong> en Jeric\u00f3, la cual es cercana al movimiento Hamas, concluy\u00f3 sus campamentos de verano con una exhibici\u00f3n de artes manuales. Los 230 ni\u00f1os que participan en estos campamentos fueron divididos en grupos con nombres que tienen connotaciones isl\u00e1micas. Algunos de los nombres eran: Al-Khansaa, Al-Tayyar, <a href=\"#_edn36\">[47]<\/a> y Para\u00edso. <a href=\"#_edn48\">[48]<\/a><\/li>\n<\/ul>\n<p><em>2. nombrando Calles y Medios en Honor de Shahids<\/em><\/p>\n<p><strong>La municipalidad de Khan Yunis<\/strong> nombr\u00f3 una calle en honor del <em>Shahid<\/em> <strong>Osama Al-Najjar, qui\u00e9n era conocido como el portavoz del ala de las Brigadas de M\u00e1rtires<\/strong>, y qui\u00e9n muri\u00f3 durante un conflicto con el IDF cerca de Netzarim en la Franja de Gaza. <strong>El Alcalde de Khan Yunis el Dr. Osama Al-Fara<\/strong> dio \u00e9nfasis a la importancia del evento el cual, en sus palabras, \u00abhonr\u00f3 al esp\u00edritu del <em>Shahid<\/em> Osama Al-Najjar.\u00bb <a href=\"#_edn49\">[49]<\/a><\/p>\n<p>En el campamento de refugiados Jebaliya, <strong>la Asociaci\u00f3n de Familias de <em>Shahids<\/em><\/strong> inaugur\u00f3 un edificio en memoria de los <em>Shahids<\/em> del campamento, as\u00ed como tambi\u00e9n un \u00abArchivo de Nobleza y Orgullo\u00bb el cual incluy\u00f3 los nombres de 750 <em>Shahids<\/em> del distrito norte de Gaza quienes hab\u00edan muerto desde 1967 hasta el presente. Asistiendo a la ceremonia hab\u00edan miembros del Concejo Legislativo Palestino y Ministros. <strong>El Ministro para los Asuntos Sociales Intisar Al-Wazir<\/strong> entreg\u00f3 un discurso en nombre del <strong>Presidente de la Autoridad Palestina Yasser Arafat<\/strong>, diciendo: \u00abLos nombres de los <em>Shahids<\/em> que hicieron una realidad el lema de la independencia continuar\u00e1n siendo una se\u00f1al y un parang\u00f3n que el campamento de refugiados Jebaliya pondr\u00e1 en la tierra de la patria, y ellos [los <em>Shahids<\/em>] ser\u00e1n recordados debido a su sacrificio para la tierra y para la patria&hellip; El pueblo palestino, que contin\u00faa sacrificando y de pie cree en la necesidad de victoria y en la realizaci\u00f3n de su sola misi\u00f3n.\u00bb <a href=\"#_edn50\">[50]<\/a><\/p>\n<h5>E. Oficiales Palestinos Animan la Violencia y <em>Shahada<\/em><\/h5>\n<p>El Presidente de la Autoridad Palestina Yasser Arafat se reuni\u00f3 en su oficina principal, el Muqata&#8217;a, en Ramallah, con ni\u00f1os de los campamentos de verano en Jerusal\u00e9n y sus entornos, y les dijo: \u00abUn muchacho de entre nuestros muchachos y una muchacha de entre nuestras muchachas ondear\u00e1 la bandera de Palestina sobre las paredes de Jerusal\u00e9n, sus mezquitas, y sus iglesias.\u00bb \u00c9l tambi\u00e9n llevara los cantos, \u00abEn esp\u00edritu y en sangre nosotros te reconquistaremos, oh Palestina\u00bb, \u00abmillones de Shahidim marchando a Jerusal\u00e9n\u00bb, y agreg\u00f3, \u00abOh camaradas del camino y de la jornada, Oh camaradas del camino de Fares Ouda, yo les pido a ustedes que llamen este d\u00eda el d\u00eda de Fares Ouda&hellip; juntos y hombro a hombro hacia Jerusal\u00e9n.\u00bb <a href=\"#_edn51\">[51]<\/a><\/p>\n<p>Las Brigadas de M\u00e1rtires Al-Aqsa, el ala militar de Fatah, emiti\u00f3 un comunicado oficial anunciando que la organizaci\u00f3n continuar\u00eda llevando a cabo \u00aboperaciones de martirio\u00bb&hellip; para desenredar los hilos del complot llamados Sharm Al-Sheikh y la \u00abcumbre de Aqaba.\u00bb <a href=\"#_edn52\">[52]<\/a><\/p>\n<p>Despu\u00e9s del anuncio de la intenci\u00f3n para transferir a los hombres requeridos que hab\u00edan tomado refugio en el Muqat&#8217;a de Jeric\u00f3, otro comunicado oficial de las Brigadas de M\u00e1rtires Al-Aqsa urgi\u00f3 a \u00abestar de pie contra los traidores y los agentes. Cualquier mano extendida [para da\u00f1ar] a los Mujaheddeen quienes defienden nuestra tierra y nuestro pueblo deben ser castigados, y deben verse como una mano sionista. Similarmente, nosotros llamamos a todos los h\u00e9roes, guerreros del <em>Jihad<\/em>, y aquellos voluntarios a martirizarse, a llevar a cabo sus operaciones dentro de la entidad del pillaje [sionista], para agitar la tierra bajo sus pies y frustrar sus planes.\u00bb <a href=\"#_edn53\">[53]<\/a><\/p>\n<p>En Bethleham, durante una fiesta ofrecida en su honor por las facciones palestinas, <strong>Ahmad Jbarra (Abu Sukar)<\/strong>, uno de los prisioneros soltados por Israel un d\u00eda antes de la cumbre de Aqaba, indirectamente llam\u00f3 al secuestro de soldados israel\u00edes para que pudieran ser intercambiados por prisioneros palestinos: No hay ninguna seguridad o paz para esta canallada [Israel] sin soltar a los prisioneros. Yo les recuerdo a todas las facciones nacionales e isl\u00e1micas que a cambio de tres soldados jud\u00edos, 1,150 prisioneros [palestinos] fueron soltaron en el intercambio famoso [es decir en 1983, entre Israel y el <strong>Frente Popular Ahmad Jibril para la Liberaci\u00f3n de Palestina &#8211; Comando General<\/strong>]. \u00bb \u00c9l continu\u00f3: \u00ab[Israel] es un pa\u00eds poderoso con armas de destrucci\u00f3n masiva, pero los jud\u00edos aman la vida mientras nosotros amamos la libertad y estamos deseosos de morir por ella&hellip; Nuestros <em>Shahids<\/em> est\u00e1n en el Para\u00edso y sus muertos est\u00e1n en el Infierno.\u00bb <a href=\"#_edn54\">[54]<\/a><\/p>\n<h5>F. Incitaci\u00f3n Antiamericana<\/h5>\n<p>En su columna semanal en el diario de la Autoridad Palestina <em>Al-Hayat Al-Jadida<\/em>, el <strong>miembro de Concejo Legislativo Palestino Nahed Munir Al-Rayyis<\/strong> conect\u00f3 a \u00ab[los Fundamentalistas Cristianos] la visi\u00f3n de Armagedon\u00bb, y la visi\u00f3n de \u00ablos sionistas y de aquellos que act\u00faan como sionistas\u00bb con las acciones de los presidentes americanos quienes apoyaron a Israel. \u00c9l dijo que \u00e9sos que act\u00faan como sionistas y creyeron en la \u00abvisi\u00f3n de Armagedon\u00bb que estaban ahora en el poder en los estados Unidos se \u00abhan convertido en los \u00fanicos gobernantes del mundo, y han empezado a actuar como aquellos que encienden los fuegos de azufre.\u00bb<\/p>\n<p>Al-Rayyis enumer\u00f3 a los presidentes americanos \u00abSionistas\u00bb-<strong>Woodrow Wilson, Harry Truman, Ronald Reagan, Jimmy Carter, Richard Nixon, George Bush Sr.,<\/strong> y <strong>Bill Clinton<\/strong>-y entonces discuti\u00f3 a George W. Bush, diciendo que la fuente de la pol\u00edtica americana es realmente la pol\u00edtica israel\u00ed. Prueba de esto, \u00e9l dice, es que \u00abincluso las fuerzas de ocupaci\u00f3n americana en Irak busca la gu\u00eda de imitan la ocupaci\u00f3n israel\u00ed en su guerra [israel\u00ed] sobre los palestinos&hellip; Incluso el jefe americano de personal no pudo encontrar ning\u00fan otro nombre para sus unidades especiales enviadas a suprimir la resistencia iraqu\u00ed adem\u00e1s de la &#8216;Unidad 101&#8217;, despu\u00e9s de que la unidad encabezada por Ariel Sharon que fue puesta por el ejercito de ocupaci\u00f3n israel\u00ed al principio de la ocupaci\u00f3n de Palestina hace 50 a\u00f1os&hellip; \u00ab<\/p>\n<p>Al-Rayyis sigui\u00f3 para decir que lo que estaba faltando ahora era traer a Hollywood al frente de batalla, tanto que Hollywood era un contribuyente a la incitaci\u00f3n contra los \u00e1rabes y musulmanes, basado en las palabras de evangelistas que estaban actuando como sionistas. Para subrayar la conexi\u00f3n entre Hollywood y los jud\u00edos, Al-Rayyis list\u00f3 la individuos jud\u00edos claves en Hollywood, y entonces concluy\u00f3 su art\u00edculo con una cita por la escritora americana \u00abno-sionista Grace Halsell, de que esta conducta llevar\u00e1, con el conocimiento de los sionistas evang\u00e9licos, &#8216;directamente a un holocausto indescriptiblemente m\u00e1s salvaje y esparcido que podr\u00eda haber [sido] generado en la mente delictiva de Adolfo Hitler.'\u00bb <a href=\"#_edn55\">[55]<\/a><\/p>\n<p><strong>Ap\u00e9ndices<\/strong><\/p>\n<p><strong>Ap\u00e9ndice I: Incitaci\u00f3n Palestina de la Puesta al Publico de la Hoja de Ruta en la Cumbre de Aqaba<\/strong><\/p>\n<p><em>A. Discurso de Arafat que Marca el D\u00eda Internacional del Ni\u00f1o 2003, a los Ni\u00f1os de Prisioneros Palestinos y Detenidos por Israel, El Muqata&#8217;a, Ramallah<\/em> <a href=\"#_edn56\">[56]<\/a><\/p>\n<p>\u00abOh mi queridos, oh cachorritos de le\u00f3n [muchachos] de Palestina, oh, flores [muchachas] de Palestina, oh, futuro de Palestina, oh poder y esplendor de Palestina.<\/p>\n<p>\u00abDe ustedes [vino] el h\u00e9roe mundial, Fares &#8216;Ouda. \u00c9l es el s\u00edmbolo del pueblo palestino, que est\u00e1 de pie en hero\u00edsmo, orgullo, y fuerza de voluntad con la piedra palestina enfrentando al tanque israel\u00ed..<\/p>\n<p>\u00ab\u00c9ste es el pueblo de h\u00e9roes que no le temen al tanque, y no le teme al avi\u00f3n, y no le teme al misil, y se aferran a su lugar hasta el D\u00eda del Juicio. El Profeta [Muhammad] dijo: &#8216;Un grupo de entre ustedes permanecer\u00e1&hellip; de pie en guardia contra sus enemigos. Sus enemigos no triunfar\u00e1n sobre ellos, y ellos triunfar\u00e1n, con la ayuda de Al\u00e1.&#8217;<\/p>\n<p>\u00abAs\u00ed se le dijo al Mensajero [Muhammad]: &#8216;D\u00f3nde est\u00e1n ellos [los miembros de ese grupo]? &#8216;Qui\u00e9nes son ellos [los miembros de ese grupo]? &#8216; [El Profeta Muhammad dijo]: &#8216;[Ellos son] de Jerusal\u00e9n y su entorno, de Jerusal\u00e9n y su entorno. Y ellos est\u00e1n de pie [en contra de sus enemigos] hasta el D\u00eda del Juicio, y cada <em>Shahid<\/em> de entre ellos [vale] 40 <em>Shahids<\/em> de entre ustedes.&#8217;<\/p>\n<p>\u00ab\u00bfA quien dijo esto [el Profeta]? \u00a1A sus compa\u00f1eros! \u00c9l les dijo: Un <em>Shahid<\/em> de aquellos [que luchan por Jerusal\u00e9n] es igual en valor a 40 <em>Shahids<\/em> de [sus compa\u00f1eros]. Esto es el privilegio que Al\u00e1 les ha dado a ustedes, oh muchachos y muchachas de Palestina&hellip; \u00ab<\/p>\n<p><em>B. Serm\u00f3n del Viernes por el Jeque Ibrahim Mudeiris, Mezquita de Gaza &#8211; 5 de mayo, 2003 <a href=\"#_edn57\">[57]<\/a><\/em><\/p>\n<p>\u00abLos jud\u00edos no pueden influir en las acciones de nuestra juventud y ni\u00f1os. Pero para ustedes, Al\u00e1 ha escogido <em>Shahada<\/em> [martirio], para escoger de entre ustedes los <em>Shahids<\/em> del pueblo de Palestina. Al\u00e1 escogi\u00f3 de entre nosotros <em>Shahids<\/em>, como el poeta dice: \u00c9l qui\u00e9n no muere por la espada muere de otra manera. Causas son muchas, mientras la muerte es una. Y la prueba de esto es, como Al\u00e1 dice: La muerte los encontrara incluso en sus camas. Aquellos que fueron destinados a morir ser\u00e1n expuestos, incluso en sus camas. Es decir, ellos no morir\u00edan por <em>Shahada<\/em>. Al\u00e1 ha honrado a nuestra juventud, nuestro pueblo, y a nuestra naci\u00f3n, escogi\u00e9ndolos a ustedes y escogiendo de entre ustedes los <em>Shahids<\/em>, oh pueblo de palestina. Por consiguiente, ustedes son dignos de recibir una bendici\u00f3n mientras ustedes se aferran a esta tierra&hellip;<\/p>\n<p>\u00abEst\u00e1n muertos los <em>Shahid<\/em> como est\u00e1n los otros muertos, que nos exigen ofrecer condolencias y lamentar con su familia, amigos, y parientes? \u00bfO est\u00e1 el <em>Shahid<\/em> disfrutando las virtudes y la habilidad de realizar milagros, la cual nos da el derecho para felicitar al <em>Shahid<\/em> y su familia? El Shahid, oh sirvientes de Al\u00e1, no est\u00e1 muerto como todos los otros muertos. No, nosotros no tenemos ning\u00fan derecho de decir sobre \u00e9l de que est\u00e1 muerto, y esto es seg\u00fan una decisi\u00f3n del s\u00e9ptimo cielo superior, por el propio Al\u00e1 mismo, como un privilegio para los <em>Shahids<\/em>. Esto se menciona en dos cap\u00edtulos del Cor\u00e1n&hellip; Al\u00e1 le proh\u00edbe que diga que el <em>Shahid<\/em> est\u00e1 muerto, diciendo [en el Cor\u00e1n]: &#8216;no diga que ellos qui\u00e9nes mueren por Al\u00e1 est\u00e1 muerto, m\u00e1s bien est\u00e1n vivos, pero tu no lo notas.&#8217; [169:3]<\/p>\n<p>\u00abNosotros no podemos imaginar las vidas de los [<em>Shahids<\/em>]. Ellos dejan una vida infeliz, en este mundo para ascender y vivir, al lado de Al\u00e1, una vida que s\u00f3lo Al\u00e1 conoce. Los <em>Shahids<\/em> viven al lado de Al\u00e1 y ellos tienen las cualidades de personas que viven, y est\u00e1n sostenidos as\u00ed como los vivos est\u00e1n en este mundo. Pero, oh creyentes, cuan grande es la diferencia entre este sustento y esa, cuan grande es la diferencia entre el sustento en este mundo infeliz y humilde y el sustento que Al\u00e1 solo conoce-all\u00ed, cerca del trono del Se\u00f1or. Bendiciones a los <em>Shahids<\/em>, ya que est\u00e1n vivos, sostenidos al lado de su Se\u00f1or. Ellos est\u00e1n jubilosos as\u00ed como nosotros estamos jubilosos en este mundo. Pero que diferencia hay ah\u00ed entre nuestra alegr\u00eda y la suya! Pero que diferencia hay ah\u00ed entre nuestra alegr\u00eda y la suya! Hay una diferencia entre nuestra mundana alegr\u00eda y su alegr\u00eda, ah\u00ed en el para\u00edso; &#8216;Ellos est\u00e1n jubilosos en la gracia que Al\u00e1 le ha dado a ellos.&#8217; Entonces ellos traen buenas noticias y buscan noticias buenas para sus hermanos que no se les han unido&hellip;<\/p>\n<p>\u00abEllos no saben el miedo de este mundo, y ellos no se entristecen, as\u00ed como ellos estaban tristes en este mundo. No hay ninguna raz\u00f3n para preocuparse por ellos, y ellos no est\u00e1n tristes. Ellos son los <em>Shahids<\/em>, los <em>Shahids<\/em> que est\u00e1n en los cielos, al lado de Al\u00e1&hellip; as\u00ed como los <em>Shahids<\/em> est\u00e1n de hecho en el para\u00edso m\u00e1s alto. Las cualidades superiores y milagros de los <em>Shahids<\/em> son demasiado numerosas de contar, ya que s\u00f3lo Al\u00e1 los conoce. Pero, qu\u00e9 sabemos nosotros de estos milagros?! Escuchen las palabras de su Profeta cu\u00e1ndo \u00e9l cuenta las virtudes de los <em>Shahid<\/em>. Por consiguiente, tenemos el derecho de felicitar a las familias de los <em>Shahids<\/em>, y no extender condolencias y pena por los <em>Shahids<\/em>, si ellos [se sacrificio a si mismos] por Al\u00e1&hellip;<\/p>\n<p>\u00abQuienquiera que luche para que la palabra de Al\u00e1 sea suprema, luchas por la causa de Al\u00e1. Por consiguiente, estos <em>Shahids<\/em>, por Al\u00e1, no es suficiente para ustedes que [tal <em>Shahid<\/em>] sea perdonado con su primera gota de sangre? No es suficiente para ustedes que el <em>Shahid<\/em> sea salvado de la agon\u00eda de muerte del que el Profeta dijo: La muerte involucra la agon\u00eda de cual nadie es salvado, excepto los <em>Shahids<\/em>. Incluso los profetas, los mensajeros, y los \u00e1ngeles, en el d\u00eda de su muerte, no se les ahorra esto. Pero al <em>Shahid<\/em> se le ahorra la agon\u00eda de la muerte. \u00c9ste es uno de los milagros del <em>Shahid<\/em>. No es suficiente que el <em>Shahid<\/em>&hellip; se case con 72 [v\u00edrgenes] de ojos negros? No es suficiente para la familia del <em>Shahid<\/em> que \u00e9l salve a 70 de sus parientes? No es suficiente para el <em>Shahid<\/em> que lo vistan en ropa de gloria en el d\u00eda de la resurrecci\u00f3n?<\/p>\n<p>\u00abNo es conveniente para el <em>Shahid<\/em> de que su alma que vive dentro de los \u00f3rganos vitales de los verdes p\u00e1jaros del para\u00edso que rodean alrededor del trono de honor? No es suficiente para el <em>Shahid<\/em> que cuando Al\u00e1 le pregunta cu\u00e1l es su deseo, \u00e9l ser\u00e1 el \u00fanico en contestar: Yo quiero regresar al mundo para ser muerto por Ti diez veces, oh Se\u00f1or. Y Al\u00e1 dir\u00e1 entonces: Yo ya he decidido respecto a ellos de que no volver\u00e1n a este mundo.<\/p>\n<p>\u00abCuando el <em>Shahid<\/em> ve la gracia del martirio y muerte por la causa de Al\u00e1, \u00e9l desear\u00e1 regresar a este mundo para ser muerto en las diez veces. El <em>Shahid<\/em>, oh sirvientes de Al\u00e1, moran en el para\u00edso m\u00e1s alto, junto con el virtuoso y los profetas. El <em>Shahid<\/em>-no es suficiente para \u00e9l que \u00e9l que no siente el golpe de la espada o el dolor de la muerte o de la matanza, m\u00e1s bien, como uno de ustedes que siente una picada de [avispa], como en las palabras del Profeta. Esto es la gracia del <em>Shahid<\/em>. El <em>Shahid<\/em> est\u00e1 en los cielos, con Al\u00e1. Y bendiciones a nuestros <em>Shahids<\/em> y pueda Al\u00e1 tener misericordia en nuestros <em>Shahids<\/em> y tomarlos bajo Su ala y vengar su sangre&hellip; \u00ab<\/p>\n<h5>Ap\u00e9ndice II: Una Canci\u00f3n de Paz Palestina<\/h5>\n<table cellspacing=\"0\" cellpadding=\"0\" border=\"0\">\n<tbody>\n<tr>\n<td valign=\"top\" width=\"277\" class=\"bodytext\">\n<p>\u00abVuela con los p\u00e1jaros<br \/>No importa cual es tu nombre,<br \/>o qui\u00e9n t\u00fa es<br \/>No llores, miles te aman<br \/>Canta conmigo por la paz<\/p>\n<p>Nosotros somos el cuento<br \/>Nuestros sue\u00f1os, nuestras almas,<br \/>Ma\u00f1ana la primavera comenzar\u00e1<br \/>Las palomas volar\u00e1n<\/p>\n<p>Mi patria, mi madre,<br \/>El sufrimiento del pueblo es m\u00edo<br \/>Mi coraz\u00f3n es un peque\u00f1o \u00e1ngel<br \/>So\u00f1ando con paz<br \/>La canci\u00f3n de la paloma<\/p>\n<p>Oh libertad<br \/>Es mi sue\u00f1o<br \/>Oh libertad<br \/>Es mi melod\u00eda<br \/>Oh libertad<br \/>Mi invocaci\u00f3n en oraci\u00f3n [sic]<br \/>Oh libertad<br \/>Oh mi propio<\/p>\n<p>Mis alas se rompen<br \/>Mi coraz\u00f3n est\u00e1 llorando<br \/>Mi alma est\u00e1 so\u00f1ando<br \/>Por una tierra m\u00e1s alta<\/p>\n<p>Mis alas est\u00e1n rotas<br \/>Mi coraz\u00f3n est\u00e1 llorando<br \/>Mi alma est\u00e1 so\u00f1ando<br \/>De tierra m\u00e1s alta<a href=\"#_edn59\"><\/a><\/p>\n<\/td>\n<td valign=\"top\" width=\"279\" class=\"bodytext\">\n<p>\u00a1Oh! P\u00e1jaro bonito<br \/>\u00a1Oh! mariposa [sic]<br \/>Toma mi mano<br \/>Y ay\u00fadame a volar<br \/>En mi propio cielo<\/p>\n<p>Oh libertad&hellip;<br \/>La ma\u00f1ana empez\u00f3 en canciones de p\u00e1jaros<br \/>Nuevos sue\u00f1os vuelan sobre el mar<br \/>La ma\u00f1ana empez\u00f3 en canciones de p\u00e1jaros<br \/>Nuevos sue\u00f1os vuelan sobre el mar<\/p>\n<p>Oh mi p\u00e1jaro bonito<br \/>Oh, mariposa<br \/>Volemos juntos<br \/>Siempre volemos alto<\/p>\n<p>Oh libertad&hellip;<\/p>\n<p>La libertad est\u00e1 de pie sobre el amor<br \/>Esto es lo que el peque\u00f1o muchacho le dijo a la muchacha<br \/>El sol sale como la luna llena [sic]<br \/>\u00c9sta es mi alma (2x)<br \/>Expresa mi amor<\/p>\n<p>Oh, mi voz del alma<br \/>Por favor contesta mis llamadas<br \/>Y canta conmigo por la paz.<\/p>\n<p>Oh libertad&hellip;<\/p>\n<p>Oh libertad&hellip;<br \/>Oye, O Se\u00f1or<br \/>Mi invocaci\u00f3n en oraci\u00f3n [sic].\u00bb <a href=\"#_edn58\">[58]<\/a><\/p>\n<\/td>\n<\/tr>\n<\/tbody>\n<\/table>\n<p><strong>Ap\u00e9ndice III: Dibujos Animados<\/strong><\/p>\n<p>MEMRI ha recolectado varios ejemplos, Lo siguiente son ejemplos de dibujos animados publicados en la prensa palestina: uno que apareci\u00f3 el d\u00eda despu\u00e9s del atentado suicida del del autob\u00fas No. 14 en Jerusal\u00e9n, mostrando partes del cuerpo destrozados de un hombre que fue volado; Israel en el formulario de una ara\u00f1a; los Estados Unidos como un pulpo estrangulando a Saddam Hussein y matando a sus dos hijos Uday y Qusay; Sharon como un asesino de ni\u00f1os bajo el amparo de los Estados Unidos e Israel como un asesino de ni\u00f1os. Tambi\u00e9n incluidos est\u00e1n los dibujos animados con un motivo antisemita: Israel, representado por un hombre ensangrentado que lleva un gorra de calavera, participa en una conferencia econ\u00f3mica; y otro del pueblo palestino y el pueblo iraqu\u00ed crucificados seg\u00fan se alega como los jud\u00edos crucificaron a Jes\u00fas.<\/p>\n<p class=\"c2\"><img loading=\"lazy\" decoding=\"async\" class=\"alignnone size-full wp-image-16940\" src=\"http:\/\/www2.memri.org\/espanol\/wp-content\/uploads\/2016\/01\/image004.jpg\" width=\"471\" height=\"616\" srcset=\"https:\/\/www2.memri.org\/espanol\/wp-content\/uploads\/2016\/01\/image004.jpg 471w, https:\/\/www2.memri.org\/espanol\/wp-content\/uploads\/2016\/01\/image004-229x300.jpg 229w, https:\/\/www2.memri.org\/espanol\/wp-content\/uploads\/2016\/01\/image004-321x420.jpg 321w\" sizes=\"auto, (max-width: 471px) 100vw, 471px\" \/><br \/><em>Al-Hayat Al-Jadida<\/em> (PA), Junio 12, 2003.<\/p>\n<p class=\"c2\"><img loading=\"lazy\" decoding=\"async\" class=\"alignnone size-full wp-image-16943\" src=\"http:\/\/www2.memri.org\/espanol\/wp-content\/uploads\/2016\/01\/image005.jpg\" width=\"454\" height=\"604\" srcset=\"https:\/\/www2.memri.org\/espanol\/wp-content\/uploads\/2016\/01\/image005.jpg 454w, https:\/\/www2.memri.org\/espanol\/wp-content\/uploads\/2016\/01\/image005-225x300.jpg 225w, https:\/\/www2.memri.org\/espanol\/wp-content\/uploads\/2016\/01\/image005-316x420.jpg 316w\" sizes=\"auto, (max-width: 454px) 100vw, 454px\" \/><br \/><em>Al-Hayat Al-Jadida<\/em> (PA), Julio 30, 2003.<\/p>\n<p class=\"c2\"><img loading=\"lazy\" decoding=\"async\" class=\"alignnone size-full wp-image-16946\" src=\"http:\/\/www2.memri.org\/espanol\/wp-content\/uploads\/2016\/01\/image007.jpg\" width=\"472\" height=\"623\" srcset=\"https:\/\/www2.memri.org\/espanol\/wp-content\/uploads\/2016\/01\/image007.jpg 472w, https:\/\/www2.memri.org\/espanol\/wp-content\/uploads\/2016\/01\/image007-227x300.jpg 227w, https:\/\/www2.memri.org\/espanol\/wp-content\/uploads\/2016\/01\/image007-318x420.jpg 318w\" sizes=\"auto, (max-width: 472px) 100vw, 472px\" \/><br \/><em>Al-Hayat Al-Jadida<\/em> (PA), Julio 24, 2003.<\/p>\n<p class=\"c2\"><strong><img loading=\"lazy\" decoding=\"async\" class=\"alignnone size-full wp-image-16948\" src=\"http:\/\/www2.memri.org\/espanol\/wp-content\/uploads\/2016\/01\/image009.jpg\" width=\"400\" height=\"532\" srcset=\"https:\/\/www2.memri.org\/espanol\/wp-content\/uploads\/2016\/01\/image009.jpg 400w, https:\/\/www2.memri.org\/espanol\/wp-content\/uploads\/2016\/01\/image009-226x300.jpg 226w, https:\/\/www2.memri.org\/espanol\/wp-content\/uploads\/2016\/01\/image009-316x420.jpg 316w\" sizes=\"auto, (max-width: 400px) 100vw, 400px\" \/><\/strong><br \/><em>Al-Hayat Al-Jadida<\/em> (PA), Junio 24, 2003.<\/p>\n<p class=\"c2\"><img loading=\"lazy\" decoding=\"async\" class=\"alignnone size-full wp-image-16951\" src=\"http:\/\/www2.memri.org\/espanol\/wp-content\/uploads\/2016\/01\/image011.jpg\" width=\"400\" height=\"537\" srcset=\"https:\/\/www2.memri.org\/espanol\/wp-content\/uploads\/2016\/01\/image011.jpg 400w, https:\/\/www2.memri.org\/espanol\/wp-content\/uploads\/2016\/01\/image011-223x300.jpg 223w, https:\/\/www2.memri.org\/espanol\/wp-content\/uploads\/2016\/01\/image011-313x420.jpg 313w\" sizes=\"auto, (max-width: 400px) 100vw, 400px\" \/><br \/><em>Al-Hayat Al-Jadida<\/em> (PA), Junio 17, 2003.<\/p>\n<p class=\"c2\"><strong><img loading=\"lazy\" decoding=\"async\" class=\"alignnone size-full wp-image-16954\" src=\"http:\/\/www2.memri.org\/espanol\/wp-content\/uploads\/2016\/01\/image013.jpg\" width=\"400\" height=\"530\" srcset=\"https:\/\/www2.memri.org\/espanol\/wp-content\/uploads\/2016\/01\/image013.jpg 400w, https:\/\/www2.memri.org\/espanol\/wp-content\/uploads\/2016\/01\/image013-226x300.jpg 226w, https:\/\/www2.memri.org\/espanol\/wp-content\/uploads\/2016\/01\/image013-317x420.jpg 317w\" sizes=\"auto, (max-width: 400px) 100vw, 400px\" \/><\/strong><br \/><em>Al-Hayat Al-Jadida<\/em> (PA), Junio 23, 2003.<\/p>\n<p class=\"c2\"><img loading=\"lazy\" decoding=\"async\" class=\"alignnone size-full wp-image-16957\" src=\"http:\/\/www2.memri.org\/espanol\/wp-content\/uploads\/2016\/01\/image015.jpg\" width=\"489\" height=\"343\" srcset=\"https:\/\/www2.memri.org\/espanol\/wp-content\/uploads\/2016\/01\/image015.jpg 489w, https:\/\/www2.memri.org\/espanol\/wp-content\/uploads\/2016\/01\/image015-300x210.jpg 300w, https:\/\/www2.memri.org\/espanol\/wp-content\/uploads\/2016\/01\/image015-100x70.jpg 100w\" sizes=\"auto, (max-width: 489px) 100vw, 489px\" \/><br \/><em>Al-Quds<\/em> (PA), Julio 22, 2003.<\/p>\n<p><strong>Ap\u00e9ndice IV:<\/strong><\/p>\n<p>Aqu\u00ed est\u00e1n las direcciones de los sitios web de fotograf\u00edas de ni\u00f1os que llevan armas y de \u00abgente armada que se resisten a la ocupaci\u00f3n\u00bb anunciada en el sitio web del Servicio de Informaci\u00f3n Estatal de la Autoridad Nacional Palestina <a href=\"http:\/\/www.ipc.gov.ps\/\">http:\/\/www.ipc.gov.ps<\/a> :<\/p>\n<p class=\"c2\"><img loading=\"lazy\" decoding=\"async\" class=\"alignnone size-full wp-image-16960\" src=\"http:\/\/www2.memri.org\/espanol\/wp-content\/uploads\/2016\/01\/image018.jpg\" width=\"320\" height=\"449\" srcset=\"https:\/\/www2.memri.org\/espanol\/wp-content\/uploads\/2016\/01\/image018.jpg 320w, https:\/\/www2.memri.org\/espanol\/wp-content\/uploads\/2016\/01\/image018-214x300.jpg 214w, https:\/\/www2.memri.org\/espanol\/wp-content\/uploads\/2016\/01\/image018-299x420.jpg 299w\" sizes=\"auto, (max-width: 320px) 100vw, 320px\" \/><br \/><a href=\"http:\/\/www.ipc.gov.ps\/photo%20gallery\/photo\/pal\/a\/0002.jpg\">http:\/\/www.ipc.gov.ps\/photo%20gallery\/photo\/pal\/a\/0002.jpg<\/a><\/p>\n<p class=\"c2\">\n<p class=\"c2\"><img loading=\"lazy\" decoding=\"async\" class=\"alignnone size-full wp-image-16962\" src=\"http:\/\/www2.memri.org\/espanol\/wp-content\/uploads\/2016\/01\/image020.jpg\" width=\"332\" height=\"450\" srcset=\"https:\/\/www2.memri.org\/espanol\/wp-content\/uploads\/2016\/01\/image020.jpg 332w, https:\/\/www2.memri.org\/espanol\/wp-content\/uploads\/2016\/01\/image020-221x300.jpg 221w, https:\/\/www2.memri.org\/espanol\/wp-content\/uploads\/2016\/01\/image020-310x420.jpg 310w\" sizes=\"auto, (max-width: 332px) 100vw, 332px\" \/><br \/><a href=\"http:\/\/www.ipc.gov.ps\/photo%20gallery\/photo\/pal\/a\/0011.jpg\">http:\/\/www.ipc.gov.ps\/photo%20gallery\/photo\/pal\/a\/0011.jpg<\/a><\/p>\n<p class=\"c2\">\n<p class=\"c2\"><img loading=\"lazy\" decoding=\"async\" class=\"alignnone size-full wp-image-16964\" src=\"http:\/\/www2.memri.org\/espanol\/wp-content\/uploads\/2016\/01\/image022.jpg\" width=\"298\" height=\"443\" srcset=\"https:\/\/www2.memri.org\/espanol\/wp-content\/uploads\/2016\/01\/image022.jpg 298w, https:\/\/www2.memri.org\/espanol\/wp-content\/uploads\/2016\/01\/image022-202x300.jpg 202w, https:\/\/www2.memri.org\/espanol\/wp-content\/uploads\/2016\/01\/image022-283x420.jpg 283w\" sizes=\"auto, (max-width: 298px) 100vw, 298px\" \/><br \/><a href=\"http:\/\/www.ipc.gov.ps\/photo%20gallery\/photo\/pal\/a\/0017.jpg\">http:\/\/www.ipc.gov.ps\/photo%20gallery\/photo\/pal\/a\/0017.jpg<\/a><\/p>\n<p class=\"c2\">\n<p class=\"c2\"><img loading=\"lazy\" decoding=\"async\" class=\"alignnone size-full wp-image-16966\" src=\"http:\/\/www2.memri.org\/espanol\/wp-content\/uploads\/2016\/01\/image027.jpg\" width=\"450\" height=\"328\" srcset=\"https:\/\/www2.memri.org\/espanol\/wp-content\/uploads\/2016\/01\/image027.jpg 450w, https:\/\/www2.memri.org\/espanol\/wp-content\/uploads\/2016\/01\/image027-300x219.jpg 300w, https:\/\/www2.memri.org\/espanol\/wp-content\/uploads\/2016\/01\/image027-324x235.jpg 324w\" sizes=\"auto, (max-width: 450px) 100vw, 450px\" \/><br \/><a href=\"http:\/\/www.ipc.gov.ps\/photo%20gallery\/photo\/res\/0017.jpg\">http:\/\/www.ipc.gov.ps\/photo%20gallery\/photo\/res\/0017.jpg<\/a><\/p>\n<p class=\"c2\">\n<p class=\"c2\"><img loading=\"lazy\" decoding=\"async\" class=\"alignnone size-full wp-image-16967\" src=\"http:\/\/www2.memri.org\/espanol\/wp-content\/uploads\/2016\/01\/image029.jpg\" width=\"450\" height=\"312\" srcset=\"https:\/\/www2.memri.org\/espanol\/wp-content\/uploads\/2016\/01\/image029.jpg 450w, https:\/\/www2.memri.org\/espanol\/wp-content\/uploads\/2016\/01\/image029-300x208.jpg 300w, https:\/\/www2.memri.org\/espanol\/wp-content\/uploads\/2016\/01\/image029-100x70.jpg 100w, https:\/\/www2.memri.org\/espanol\/wp-content\/uploads\/2016\/01\/image029-218x150.jpg 218w\" sizes=\"auto, (max-width: 450px) 100vw, 450px\" \/><br \/><a href=\"http:\/\/www.ipc.gov.ps\/photo%20gallery\/photo\/res\/0018.jpg\">http:\/\/www.ipc.gov.ps\/photo%20gallery\/photo\/res\/0018.jpg<\/a><\/p>\n<p class=\"c2\">\n<p class=\"c2\"><img loading=\"lazy\" decoding=\"async\" class=\"alignnone size-full wp-image-16968\" src=\"http:\/\/www2.memri.org\/espanol\/wp-content\/uploads\/2016\/01\/image031.jpg\" width=\"450\" height=\"324\" srcset=\"https:\/\/www2.memri.org\/espanol\/wp-content\/uploads\/2016\/01\/image031.jpg 450w, https:\/\/www2.memri.org\/espanol\/wp-content\/uploads\/2016\/01\/image031-300x216.jpg 300w\" sizes=\"auto, (max-width: 450px) 100vw, 450px\" \/><br \/><a href=\"http:\/\/www.ipc.gov.ps\/photo%20gallery\/photo\/res\/0019.jpg\">http:\/\/www.ipc.gov.ps\/photo%20gallery\/photo\/res\/0019.jpg<\/a><\/p>\n<p class=\"c2\">\n<p class=\"c2\"><img loading=\"lazy\" decoding=\"async\" class=\"alignnone size-full wp-image-16969\" src=\"http:\/\/www2.memri.org\/espanol\/wp-content\/uploads\/2016\/01\/image033.jpg\" width=\"450\" height=\"295\" srcset=\"https:\/\/www2.memri.org\/espanol\/wp-content\/uploads\/2016\/01\/image033.jpg 450w, https:\/\/www2.memri.org\/espanol\/wp-content\/uploads\/2016\/01\/image033-300x197.jpg 300w\" sizes=\"auto, (max-width: 450px) 100vw, 450px\" \/><br \/><a href=\"http:\/\/www.ipc.gov.ps\/photo%20gallery\/photo\/res\/0022.jpg\">http:\/\/www.ipc.gov.ps\/photo%20gallery\/photo\/res\/0022.jpg<\/a><\/p>\n<\/div>\n<hr noshade=\"noshade\" \/><!-- footnotes --><\/p>\n<div class=\"bodynews c4\">\n<p><a name=\"#_edn1\">[1]<\/a> <a href=\"http:\/\/www.palestine-pmc.com\/details.asp?cat=11&amp;id=54\">http:\/\/www.palestine-pmc.com\/details.asp?cat=11&amp;id=54<\/a> .<\/p>\n<p><a name=\"#_edn2\">[2]<\/a> <em>Al-Hayat Al-Jadida<\/em> (AP), julio 8, 2003.<\/p>\n<p><a name=\"#_edn3\">[3]<\/a> para m\u00e1s en los libros de texto palestinos, v\u00e9ase Informe Especial No. 6 de MEMRI,, <a href=\"http:\/\/www2.memri.org\/bin\/articles.cgi?Page=archives&amp;Area=sr&amp;ID=SR00601\">http:\/\/www2.memri.org\/bin\/articles.cgi?Page=archives&amp;Area=sr&amp;ID=SR00601<\/a> , el cual presenta un cap\u00edtulo que educa sobre <em>Shahada<\/em> de un libro de texto de sexto grado. En la p\u00e1g. 47 del texto hay frases de un poema nacional muy conocido por el poeta Abd Al-Rahim Mahmoud: \u00abEl alma noble tiene dos metas &#8211; la muerte y el deseo por ella.\u00bb<\/p>\n<p><a name=\"#_edn4\">[4]<\/a> <em>Al-Hayat Al-Jadida<\/em> (AP), julio 10, 2003.<\/p>\n<p><a name=\"#_edn5\">[5]<\/a> <a href=\"http:\/\/www.mopic.gov.ps\/arabic\/details\/asp?subject_id=1001\">http:\/\/www.mopic.gov.ps\/arabic\/details.asp?subject_id=1001<\/a> .<\/p>\n<p><a name=\"#_edn6\">[6]<\/a> Televisi\u00f3n Palestina (AP), julio 28, 2003.<\/p>\n<p><a name=\"#_edn7\">[7]<\/a> <em>Al-Hayat Al-Jadida<\/em> (AP), 7 de julio, 2003. Para un ejemplo de incitaci\u00f3n en las mezquitas, v\u00e9ase el serm\u00f3n por el Jeque Mudeiris, desde un mes antes de la Cumbre de Aqaba, Ap\u00e9ndice I.<\/p>\n<p><a name=\"#_edn8\">[8]<\/a> <em>Al-Quds<\/em> (AP), julio 8, 2003.<\/p>\n<p><a name=\"#_edn9\">[9]<\/a> <em>Al-Ayyam<\/em> (AP), 3 de julio, 2003. Sin embargo, durante una reuni\u00f3n en El Cairo con el Secretario General de la Liga Arabe Amr Moussa, Abu Mazen dijo, \u00abDa\u00f1ar a Hamas, Jihad isl\u00e1mico, y [otras] organizaciones palestinas est\u00e1 fuera de la cuesti\u00f3n.\u00bb (<em>Al-Ayyam<\/em> (AP), 27 de julio, 2003)<\/p>\n<p><a name=\"#_edn10\">[10]<\/a> <em>Al-Quds<\/em> (AP), 4 de julio, 2003, desde una entrevista con el Canal 1 de la televisi\u00f3n israel\u00ed.<\/p>\n<p><a name=\"#_edn11\">[11]<\/a> <a href=\"http:\/\/www.mic-pal.info\/fateh\/160.htm\">http:\/\/www.mic-pal.info\/fateh\/160.htm<\/a> .<\/p>\n<p><a name=\"#_edn12\">[12]<\/a> <em>Al-Quds<\/em> (AP), julio 6, 2003.<\/p>\n<p><a name=\"#_edn13\">[13]<\/a> <em>Al-Ayyam<\/em> (AP), julio 6, 2003.<\/p>\n<p><a name=\"#_edn14\">[14]<\/a> <em>Al-Quds<\/em> (AP), 15 de julio, 2003; <em>Al-Hayat Al-Jadida<\/em> (AP), 10 de agosto, 2003..<\/p>\n<p><a name=\"#_edn15\">[15]<\/a> <em>Al-Hayat Al-Jadida<\/em> (AP), agosto 4, 2003.<\/p>\n<p><a name=\"#_edn16\">[16]<\/a> <em>Al-Hayat Al-Jadida<\/em> (AP), agosto 4, 2003.<\/p>\n<p><a name=\"#_edn17\">[17]<\/a> <em>Al-Hayat Al-Jadida<\/em> (AP), agosto 4, 2003.<\/p>\n<p><a name=\"#_edn18\">[18]<\/a> Televisi\u00f3n Palestina, julio 24, 2003.<\/p>\n<p><a name=\"#_edn19\">[19]<\/a> Omar bin Al-Khattab (d. 644) fue el segundo califa.<\/p>\n<p><a name=\"#_edn20\">[20]<\/a> Salah Al-Din Al-Ayyoubi tom\u00f3 Jerusal\u00e9n de los Cruzados en 1187-1188..<\/p>\n<p><a name=\"#_edn21\">[21]<\/a> Televisi\u00f3n Palestina (AP), agosto 15, 2003.<\/p>\n<p><a name=\"#_edn22\">[22]<\/a> <em>Al-Hayat Al-Jadida, Al-Ayyam<\/em> (AP)<em>, Al Quds<\/em> (AP), junio 13, 2003.<\/p>\n<p><a name=\"#_edn23\">[23]<\/a> <em>Al-Ayyam<\/em> (AP), julio 10, 2003.<\/p>\n<p><a name=\"#_edn24\">[24]<\/a> <em>Al-Quds<\/em> (AP), julio 4, 2003.<\/p>\n<p><a name=\"#_edn25\">[25]<\/a> <em>Al-Quds<\/em> (AP), julio 18, 2003.<\/p>\n<p><a name=\"#_edn26\">[26]<\/a> <em>Al-Hayat Al-Jadida<\/em> (AP), julio 17, 2003.<\/p>\n<p><a name=\"#_edn27\">[27]<\/a> Al-Khansaa bint Omar fue un poeta del per\u00edodo pre-isl\u00e1mico quien se convirti\u00f3 al Islam durante el tiempo del Profeta Muhammad. Ella es considerada la madre del <em>Shahids<\/em>, tanto que despu\u00e9s que sus cuatro ni\u00f1os murieron en la batalla de Al-Qadissiyya ella no llevo luto por ellos pero agradeci\u00f3 a Al\u00e1 que la hab\u00eda honrado con sus muertes.<\/p>\n<p><a name=\"#_edn28\">[28]<\/a> <em>Al-Hayat Al-Jadida<\/em> (AP), junio 7, 2003.<\/p>\n<p><a name=\"#_edn29\">[29]<\/a> Fares Ouda era un muchacho Palestino de 13 a\u00f1os de la ciudad de Gaza que fue fotografiado tirando piedras a un tanque del IDF y como consecuencia se le disparo y fue muerto, en noviembre del 2000. \u00c9l se convirti\u00f3 en un icono palestino..<\/p>\n<p><a name=\"#_edn30\">[30]<\/a> <em>Al-Quds<\/em> (AP), julio 7, 2003.<\/p>\n<p><a name=\"#_edn31\">[31]<\/a> <em>Al-Hayat Al-Jadida<\/em> (AP), julio 26, 2003.<\/p>\n<p><a name=\"#_edn32\">[32]<\/a> <strong>Rami Sa&#8217;ad muri\u00f3 el 1 de mayo del 2003 durante un encuentro con el IDF en el barrio Al-Shuja&#8217;iyya en la ciudad de Gaza. Seg\u00fan Juha, \u00abRami fue uno de los miembros de la Unidad 103 que llev\u00f3 a cabo muchas operaciones militares y tuvo el honor de llevar a cabo el primer atentado del primer tanque sionista en la Intifada Al-Aqsa, y este evento fue filmado.\u00bb El evento filmado, en el que se ven a Rami y sus camaradas explotando un tanque israel\u00ed, fue anunciado en el sitio web de Juha, la direcci\u00f3n la cual est\u00e1 impresa en <em>Al-Hayat Al-Jadida<\/em>. V\u00e9ase: <em>Filastin Al-Muslima<\/em> (Londres), julio 2003.<\/strong>.<\/p>\n<p><a name=\"#_edn33\">[33]<\/a> <em>Al-Hayat Al-Jadida<\/em> (AP), julio 7, 2003.<\/p>\n<p><a name=\"#_edn34\">[34]<\/a> V\u00e9ase: <a href=\"http:\/\/www.ipc.gov.ps\/photo%20gallery\/photo\/pal\/a\/0002.jpg\">http:\/\/www.ipc.gov.ps\/photo%20gallery\/photo\/pal\/a\/0002.jpg<\/a> .<\/p>\n<p><a href=\"http:\/\/www.ipc.gov.ps\/photo%20gallery\/photo\/pal\/a\/0011.jpg\">http:\/\/www.ipc.gov.ps\/photo%20gallery\/photo\/pal\/a\/0011.jpg<\/a> .<\/p>\n<p><a href=\"http:\/\/www.ipc.gov.ps\/photo%20gallery\/photo\/pal\/a\/0017.jpg\">http:\/\/www.ipc.gov.ps\/photo%20gallery\/photo\/pal\/a\/0017.jpg<\/a> .<\/p>\n<p><a name=\"#_edn35\">[35]<\/a> <em>Al-Hayat Al-Jadida<\/em> (AP), julio 18, 2003. <em>Al-Hayat Al-Jadida<\/em> (AP), agosto10, 2003.<\/p>\n<p><a name=\"#_edn36\">[36]<\/a> <em>Al-Quds<\/em> (AP), agosto14, 2003.<\/p>\n<p><a name=\"#_edn37\">[37]<\/a> Aunque las Brigadas de M\u00e1rtires Al-Aqsa pertenecen a Fatah, han llevado a cabo operaciones suicidas de martirio durante la Intifada, muchas de ellas dentro de la L\u00ednea Verde.<\/p>\n<p><a name=\"#_edn38\">[38]<\/a> <em>Al-Hayat Al-Jadida<\/em> (AP), julio 18, 2003.<\/p>\n<p><a name=\"#_edn39\">[39]<\/a> <em>Al-Hayat Al-Jadida<\/em> (AP), julio 18, 2003.<\/p>\n<p><a name=\"#_edn40\">[40]<\/a> <em>Al-Ayyam<\/em> (AP), julio 28, 2003.<\/p>\n<p><a name=\"#_edn41\">[41]<\/a> <em>Al-Hayat Al-Jadida<\/em> (AP), julio 22, 2003.<\/p>\n<p><a name=\"#_edn42\">[42]<\/a> <em>Al-Hayat Al-Jadida<\/em> (AP), julio 22, 2003.<\/p>\n<p><a name=\"#_edn43\">[43]<\/a> <em>Al-Hayat Al-Jadida<\/em> (AP) julio 22, 2003.<\/p>\n<p><a name=\"#_edn44\">[44]<\/a> <em>Al-Ayyam<\/em> (AP), julio 29, 2003.<\/p>\n<p><a name=\"#_edn45\">[45]<\/a> <em>Al-Hayat Al-Jadida<\/em> (AP), julio 19, 2003.<\/p>\n<p><a name=\"#_edn46\">[46]<\/a> <em>Al-Ayyam<\/em> (AP), julio 21, 2003.<\/p>\n<p><a name=\"#_edn47\">[47]<\/a> Al parecer una referencia a Ja&#8217;far Ibn Abu Talb, el primo del Profeta Muhammad conocido como Al-Tayyar y considerado un parang\u00f3n de auto-sacrificio. \u00c9l era afamado para su determinaci\u00f3n en la batalla, y fue muerto en la Batalla de Al-Mu&#8217;ta en el 630 despu\u00e9s de luchar con su mano izquierda despu\u00e9s de que su mano derecha fue cortada, hasta que su mano izquierda tambi\u00e9n fue cortada.<\/p>\n<p><a name=\"#_edn48\">[48]<\/a> <em>Al-Quds<\/em> (AP), julio 10, 2003.<\/p>\n<p><a name=\"#_edn49\">[49]<\/a> <em>Al-Hayat Al-Jadida<\/em> (AP), julio 21, 2003.<\/p>\n<p><a name=\"#_edn50\">[50]<\/a> <em>Al-Quds<\/em> (AP), julio 31, 2003.<\/p>\n<p><a name=\"#_edn51\">[51]<\/a> Televisi\u00f3n de la Autoridad Palestina (AP), julio 10, 2003.<\/p>\n<p><a name=\"#_edn52\">[52]<\/a> <em>Al-Quds<\/em> (AP), julio 31, 2003.<\/p>\n<p><a name=\"#_edn53\">[53]<\/a> <a href=\"http:\/\/www.kataebaqsa.org\/\">http:\/\/www.kataebaqsa.org<\/a> .<\/p>\n<p><a name=\"#_edn54\">[54]<\/a> <a href=\"http:\/\/www.palestine-info.info\/arabic\/palestoday\/dailynews\/2003\/july03\/28_7\/details3.htm#4\">http:\/\/www.palestine-info.info\/arabic\/palestoday\/dailynews\/2003\/july03\/28_7\/details3.htm#4<\/a> .<\/p>\n<p><a name=\"#_edn55\">[55]<\/a> Esta cita fue tomada de la <em>Profec\u00eda y la Pol\u00edtica<\/em> de Grace Halsell (1996).<\/p>\n<p><a name=\"#_edn56\">[56]<\/a> Televisi\u00f3n Palestina, junio 1, 2003.<\/p>\n<p><a name=\"#_edn57\">[57]<\/a> Televisi\u00f3n Palestina, mayo 5, 2003.<\/p>\n<p><a name=\"#_edn58\">[58]<\/a> Televisi\u00f3n Palestina (AP), julio 28, 2003.<\/p>\n<\/div>\n","protected":false},"excerpt":{"rendered":"<p>En su discurso del 4 de junio, 2003 en la cumbre de Aqaba, el Primer Ministro de la Autoridad Palestina (AP) Mahmoud Abbas (Abu Mazen) dijo, \u00abNosotros tambi\u00e9n actuaremos vigorosamente contra la incitaci\u00f3n, violencia y el odio, cual sea su forma o foro. Tomaremos medidas para asegurar que no haya incitaci\u00f3n que emane de las [&hellip;]<\/p>\n","protected":false},"author":1,"featured_media":16940,"comment_status":"open","ping_status":"open","sticky":false,"template":"","format":"standard","meta":{"footnotes":""},"categories":[7],"tags":[],"class_list":["post-526","post","type-post","status-publish","format-standard","has-post-thumbnail","hentry","category-reportes-especiales"],"_links":{"self":[{"href":"https:\/\/www2.memri.org\/espanol\/wp-json\/wp\/v2\/posts\/526","targetHints":{"allow":["GET"]}}],"collection":[{"href":"https:\/\/www2.memri.org\/espanol\/wp-json\/wp\/v2\/posts"}],"about":[{"href":"https:\/\/www2.memri.org\/espanol\/wp-json\/wp\/v2\/types\/post"}],"author":[{"embeddable":true,"href":"https:\/\/www2.memri.org\/espanol\/wp-json\/wp\/v2\/users\/1"}],"replies":[{"embeddable":true,"href":"https:\/\/www2.memri.org\/espanol\/wp-json\/wp\/v2\/comments?post=526"}],"version-history":[{"count":0,"href":"https:\/\/www2.memri.org\/espanol\/wp-json\/wp\/v2\/posts\/526\/revisions"}],"wp:featuredmedia":[{"embeddable":true,"href":"https:\/\/www2.memri.org\/espanol\/wp-json\/wp\/v2\/media\/16940"}],"wp:attachment":[{"href":"https:\/\/www2.memri.org\/espanol\/wp-json\/wp\/v2\/media?parent=526"}],"wp:term":[{"taxonomy":"category","embeddable":true,"href":"https:\/\/www2.memri.org\/espanol\/wp-json\/wp\/v2\/categories?post=526"},{"taxonomy":"post_tag","embeddable":true,"href":"https:\/\/www2.memri.org\/espanol\/wp-json\/wp\/v2\/tags?post=526"}],"curies":[{"name":"wp","href":"https:\/\/api.w.org\/{rel}","templated":true}]}}