{"id":52508,"date":"2019-01-21T15:54:03","date_gmt":"2019-01-21T19:54:03","guid":{"rendered":"http:\/\/www2.memri.org\/espanol\/?p=52508"},"modified":"2019-01-21T15:54:03","modified_gmt":"2019-01-21T19:54:03","slug":"debate-en-el-libano-por-invitacion-hecha-a-siria-a-la-cumbre-economica-arabe-en-beirut-y-el-normalizar-relaciones-con-este","status":"publish","type":"post","link":"https:\/\/www2.memri.org\/espanol\/debate-en-el-libano-por-invitacion-hecha-a-siria-a-la-cumbre-economica-arabe-en-beirut-y-el-normalizar-relaciones-con-este\/52508","title":{"rendered":"Debate en el L\u00edbano por invitaci\u00f3n hecha a Siria a la cumbre econ\u00f3mica \u00e1rabe en Beirut y el normalizar relaciones con este"},"content":{"rendered":"<p>La Cumbre Econ\u00f3mica de la Liga \u00c1rabe, que se celebrar\u00e1 en Beirut el 20 de enero, 2019 tratar\u00e1 con la crisis econ\u00f3mica en el L\u00edbano y la reconstrucci\u00f3n de Siria, entre otros temas de su agenda. El 16 de enero, el Foro \u00c1rabe del Sector Privado se reuni\u00f3 en Beirut, con la participaci\u00f3n del Primer Ministro liban\u00e9s Sa&#8217;d Al-Hariri, con el prop\u00f3sito de redactar algunas recomendaciones para la cumbre<a href=\"#_edn1\" name=\"_ednref1\">[1]<\/a> y el 19 de enero, un d\u00eda antes de la cumbre, una convenci\u00f3n de cancilleres \u00e1rabes tendr\u00e1 lugar. Rafiq Shalala, asesor de medios y portavoz de la presidencia libanesa, dijo que se han completado los preparativos para la cumbre.<a href=\"#_edn2\" name=\"_ednref2\">[2]<\/a> T\u00fanez, Egipto, Mauritania, Kuwait, Qatar, &#8216;Om\u00e1n y la Autoridad Palestina han confirmado su participaci\u00f3n, pero la mayor\u00eda de ellos ha anunciado que no estar\u00e1n representados por sus jefes de estado sino por funcionarios de nivel secundario.<\/p>\n<p>Siria, suspendida de la Liga \u00c1rabe en noviembre, 2011 varios meses despu\u00e9s del estallido de la crisis all\u00ed, debido a la violenta represi\u00f3n de las protestas contra el r\u00e9gimen de Assad, no fue invitada a la cumbre. Sin embargo, en las \u00faltimas semanas, ante la victoria del r\u00e9gimen en la guerra de Siria y el cambio en algunas de las actitudes de los estados \u00e1rabes hacia ello, expresadas entre otras cosas por los Emiratos \u00c1rabes Unidos y Bahr\u00e9in que reabrieron sus embajadas en Damasco, surgi\u00f3 un debate p\u00fablico en el L\u00edbano sobre el tema de Siria y si ya era hora de normalizar las relaciones con este y quiz\u00e1s incluso invitarlo a la cumbre. Las exigencias para invitar a Siria fueron expresadas por sus partidarios en el L\u00edbano, principalmente Amal y Hezbol\u00e1, mientras que la facci\u00f3n rival, las Fuerzas 14 de Marzo, se opusieron a esto porque no exist\u00eda ninguna raz\u00f3n para normalizar las relaciones con el r\u00e9gimen de Assad cuando no ha cambiado su actitud hacia el L\u00edbano o hacia su propio pueblo. Durante su reciente gira por Marruecos, Irak, Jordania y Egipto, el canciller liban\u00e9s Gebran Bassil trabaj\u00f3 a la sombra para promover la inclusi\u00f3n de Siria en la cumbre.<a href=\"#_edn3\" name=\"_ednref3\">[3]<\/a> Luego de ver fracasados sus esfuerzos, el Presidente liban\u00e9s Michel &#8216;Aoun anunci\u00f3 que \u00abla cumbre tendr\u00e1 lugar seg\u00fan lo programado\u00bb y que \u00abel L\u00edbano est\u00e1 listo para recibir a los l\u00edderes \u00e1rabes\u00bb.<a href=\"#_edn4\" name=\"_ednref4\">[4]<\/a> Por el contrario, el portavoz del Parlamento y l\u00edder de Amal Nabih Berri, convoc\u00f3 posponer la cumbre por considerar que no debe celebrarse sin la presencia de Siria y tambi\u00e9n porque el L\u00edbano a\u00fan no ha elegido un nuevo gobierno y el gobierno interino no tiene autorizaci\u00f3n para decidir el tema de la inclusi\u00f3n de Siria. Este declar\u00f3 luego de que no asistir\u00eda a la cumbre si Siria no est\u00e1 presente. M\u00e1s tarde tambi\u00e9n mencion\u00f3, como otra raz\u00f3n para posponer la cumbre, su oposici\u00f3n a la participaci\u00f3n de Libia en ello.<a href=\"#_edn5\" name=\"_ednref5\">[5]<\/a><\/p>\n<p>Cabe se\u00f1alar que, seg\u00fan un informe del 16 de enero en el diario <em>Al-Akhbar<\/em>, los Estados Unidos le ha transmitido al canciller Bassil, v\u00eda un telegrama secreto, as\u00ed como tambi\u00e9n a trav\u00e9s de la embajada de los Estados Unidos en Beirut, su oposici\u00f3n de que el L\u00edbano invite a Siria a la cumbre, e incluso lo amenaz\u00f3 con sanciones si participaba en la rehabilitaci\u00f3n de Siria.<a href=\"#_edn6\" name=\"_ednref6\">[6]<\/a> Si es cierto, esto puede que explique el por qu\u00e9 el Presidente &#8216;Aoun y el canciller Bassil, mientras apoyan la participaci\u00f3n de Siria en la cumbre, no han tomado el paso de invitarlo.<\/p>\n<p><em><img loading=\"lazy\" decoding=\"async\" class=\"alignnone size-full wp-image-52509\" src=\"https:\/\/www2.memri.org\/espanol\/wp-content\/uploads\/2019\/01\/Logo.png\" width=\"632\" height=\"640\" srcset=\"https:\/\/www2.memri.org\/espanol\/wp-content\/uploads\/2019\/01\/Logo.png 632w, https:\/\/www2.memri.org\/espanol\/wp-content\/uploads\/2019\/01\/Logo-296x300.png 296w, https:\/\/www2.memri.org\/espanol\/wp-content\/uploads\/2019\/01\/Logo-600x608.png 600w, https:\/\/www2.memri.org\/espanol\/wp-content\/uploads\/2019\/01\/Logo-415x420.png 415w\" sizes=\"auto, (max-width: 632px) 100vw, 632px\" \/>Logotipo de la Cumbre Econ\u00f3mica \u00c1rabe 2019 en Beirut<\/em><\/p>\n<p>Este informe da un repaso a las posturas de las distintas partes en el L\u00edbano a la invitaci\u00f3n hecha a Siria para que participe en la cumbre y en referencia a la normalizaci\u00f3n de relaciones con esta.<\/p>\n<p><strong>Las fuerzas 14 de Marzo se oponen a la normalizaci\u00f3n de relaciones con Siria, incluy\u00e9ndolas en la cumbre<\/strong><\/p>\n<p>El principal partido opuesto a la presencia de Siria en la cumbre son las Fuerzas 14 de Marzo, encabezadas por el l\u00edder de la facci\u00f3n Al-Mustaqbal, el Primer Ministro liban\u00e9s Sa&#8217;d Al-Hariri, quien acus\u00f3 a Siria de estar detr\u00e1s del asesinato de su padre Rafiq Al-Hariri. Sus aliados, el l\u00edder druso Walid Jumblatt, jefe del Partido Socialista Progresista y Samir Geagea, jefe del Partido de las Fuerzas Libanesas, comparten su postura. Fundada en el a\u00f1o 2005 en reacci\u00f3n contra la presencia e influencia siria en el L\u00edbano, las Fuerzas 14 de Marzo se oponen a la participaci\u00f3n de Siria en la cumbre por considerar que el L\u00edbano no debe cambiar su postura hacia esta mientras siga negando los derechos del pueblo sirio. Este movimiento tambi\u00e9n expres\u00f3 la preocupaci\u00f3n de que el r\u00e9gimen de Assad interrumpir\u00e1 la cumbre y argument\u00f3 que, en cualquier caso, la autoridad con potestad de invitar a participantes a la cumbre les corresponde a la Liga \u00c1rabe y no al pa\u00eds anfitri\u00f3n, L\u00edbano.<\/p>\n<p>Las Fuerzas 14 de Marzo tambi\u00e9n expresaron su oposici\u00f3n de normalizar relaciones con el r\u00e9gimen sirio, debido a su conducta asesina hacia el pueblo sirio. La hostilidad de este movimiento hacia el r\u00e9gimen sirio se vio agravada por el hecho de que en diciembre del 2018, una instituci\u00f3n afiliada a este r\u00e9gimen emiti\u00f3 una lista de individuos y organizaciones acusadas de financiar el terrorismo, que incluyo a Sa&#8217;d Al-Hariri, Walid Jumblatt, Samir Geagea y otros miembros de las Fuerzas 14 de Marzo.<a href=\"#_edn7\" name=\"_ednref7\">[7]<\/a> El movimiento describi\u00f3 esta lista como \u00abparte de la guerra del r\u00e9gimen [sirio] contra sus oponentes en el L\u00edbano\u00bb y sus medidas de represalia contra estos.<a href=\"#_edn8\" name=\"_ednref8\">[8]<\/a><\/p>\n<p><strong>Miembros de la facci\u00f3n Al-Mustaqbal: No puede haber una normalizaci\u00f3n con el r\u00e9gimen sirio antes de que este reconozca los derechos del pueblo sirio<\/strong><\/p>\n<p>Fuentes en la facci\u00f3n Al-Mustaqbal le dijeron al diario liban\u00e9s <em>Al-Jumhouriyya<\/em>: \u00abNo habr\u00e1 apertura hacia Siria bajo el r\u00e9gimen de Bashar Al-Assad, a menos que est\u00e9 precedido por un acuerdo pol\u00edtico justo y viable que le otorgue al pueblo sirio sus derechos y libertades y reconozca el da\u00f1o que el r\u00e9gimen le ha infligido al pueblo [sirio] a lo largo de los a\u00f1os. Este acuerdo debe ser [alcanzado] bajo el patrocinio \u00e1rabe e internacional y conducir al establecimiento de un r\u00e9gimen democr\u00e1tico en Siria. Cualquier comentario al tema de la normalizaci\u00f3n de relaciones o la apertura entre nosotros y el r\u00e9gimen de Assad en la [actual] situaci\u00f3n an\u00f3mala no es m\u00e1s que un enga\u00f1o o [una] de estas ilusiones que inventan algunos de los aliados [de Assad] para varios prop\u00f3sitos. En cualquier caso, la apertura solo ser\u00e1 para el pueblo y el estado sirio y no hacia el r\u00e9gimen&#8230; No se puede negar que lo mejor para el L\u00edbano es eliminar las barreras entre este y Siria, en todos los niveles, porque no habr\u00e1 estabilidad pol\u00edtica sin establecer relaciones con Siria bajo los auspicios de las leyes internacionales y no habr\u00e1 una econom\u00eda [libanesa] saludable sin el mercado sirio, siendo este la puerta de entrada al resto de los mercados del Medio Oriente. Adem\u00e1s, no puede existir una soluci\u00f3n a la crisis de los refugiados, excepto el retorno de los refugiados a Siria&#8230; Es cierto que Sa&#8217;d Al-Hariri, al igual que otros empresarios, incluyendo los libaneses, desean invertir personalmente en el mayor proyecto de reconstrucci\u00f3n en la historia \u00e1rabe [es decir, la reconstrucci\u00f3n de Siria], pero esto ocurrir\u00e1 solo de acuerdo a pautas apropiadas y valores por los que Al-Mustaqbal y sus aliados en las Fuerzas 14 de Marzo han estado luchando durante a\u00f1os\u00bb.<a href=\"#_edn9\" name=\"_ednref9\">[9]<\/a><\/p>\n<p>La oposici\u00f3n a la participaci\u00f3n de Siria en la cumbre fue expresada por el secretario de las Fuerzas 14 de Marzo Fares Sa&#8217;id, quien le dijo al gobierno liban\u00e9s: \u00abUstedes pueden invitar a quien deseen, ustedes son los que est\u00e1n a cargo. [Pero] si deciden, por si mismos o en coordinaci\u00f3n con la Liga \u00c1rabe, invitar a [Siria], nosotros manifestaremos contra ustedes en Beirut, contra la Liga \u00c1rabe y en contra de Assad\u00bb.<a href=\"#_edn10\" name=\"_ednref10\">[10]<\/a><\/p>\n<p><strong>Ex ministro Ashraf Rifi: si Siria asiste a la cumbre, ser\u00e1 toda una desgracia<\/strong><\/p>\n<p>El ex-ministro Ashraf Rifi tambi\u00e9n se pronunci\u00f3 en contra de Siria y el eje de la resistencia, diciendo: \u00abUn tribunal liban\u00e9s identific\u00f3 a los servicios de inteligencia siria como el responsable de los atentados en las mezquitas [sunitas] Al-Taqwa y Al-Salam [en Tr\u00edpoli el 23 de agosto, 2013] y no permitiremos eludir la decisi\u00f3n del tribunal. La sangre de las v\u00edctimas ser\u00e1 a conciencia nuestra, ya que incluir a Siria en la cumbre de Beirut ser\u00e1 como asesinarlos de nuevo y no nos guiaremos por ello&#8230; Ser\u00e1 una desgracia invitar al r\u00e9gimen sirio a que [asista] a la cumbre de Beirut cuando no se ha hecho justicia&#8230; El sabotaje a la formaci\u00f3n del gobierno [liban\u00e9s] y las amenazas de torpedear la cumbre econ\u00f3mica reflejan el patrocinio [de Siria] al L\u00edbano y a sus instituciones. El eje Ir\u00e1n-Siria est\u00e1 tratando de mantener al L\u00edbano en una gran prisi\u00f3n, aislada de su entorno \u00e1rabe y de la comunidad internacional y convertirlo en un pa\u00eds fallido\u00bb.<a href=\"#_edn11\" name=\"_ednref11\">[11]<\/a><\/p>\n<p><strong>Walid Jumblatt: No a la normalizaci\u00f3n con Siria, que sabotea la formaci\u00f3n del gobierno liban\u00e9s<\/strong><\/p>\n<p>El l\u00edder druso Walid Jumblatt se opuso a normalizar las relaciones con Siria tambi\u00e9n debido a su intervenci\u00f3n en la formaci\u00f3n del gobierno liban\u00e9s, tal como este lo describi\u00f3. \u00abExiste una campa\u00f1a organizada por los portavoces de Siria para torpedear la formaci\u00f3n del gobierno exigiendo [nombrar a un ministro sunita] de Al-Tashawwur [una facci\u00f3n sunita de las Fuerzas 8 de Marzo]<a href=\"#_edn12\" name=\"_ednref12\">[12]<\/a> o el exigir m\u00e1s ministros, o por medio de otras d\u00e9biles excusas, todo con el fin de interrumpir la cumbre econ\u00f3mica\u00bb.<a href=\"#_edn13\" name=\"_ednref13\">[13]<\/a> El funcionario de medios de comunicaci\u00f3n del partido de Jumblatt Rami Rayyes, clarific\u00f3: \u00abHemos dicho muchas veces que normalizar las relaciones con el r\u00e9gimen [sirio] es una acci\u00f3n indeseable, incluso si algunos canales formales [de comunicaci\u00f3n] con este permanecen abiertos, de alguna manera u otra. Esperaremos y veremos cu\u00e1l es la postura de los estados \u00e1rabes\u00bb.<a href=\"#_edn14\" name=\"_ednref14\">[14]<\/a><\/p>\n<p><strong>Samir Geagea: La exigencia para normalizar las relaciones pretende renovar la influencia de Siria en el L\u00edbano<\/strong><\/p>\n<p>Fuentes en el partido de las Fuerzas Libanesas de Samir Geagea evaluaron que es altamente improbable que Siria sea reincorporada a la Liga \u00c1rabe en un futuro cercano y agreg\u00f3 que los \u00e1rabes no se beneficiar\u00e1n de su reincorporaci\u00f3n ni de su participaci\u00f3n en la cumbre econ\u00f3mica. Estos agregaron: \u00abSiria ya no es el mismo pa\u00eds que controlaba el L\u00edbano en 1990-2005, porque hoy d\u00eda las circunstancias son diferentes. Existe una embajada siria y el L\u00edbano y una embajada libanesa en Siria y la cooperaci\u00f3n [entre los dos pa\u00edses] es m\u00ednima y seguir\u00e1 siendo as\u00ed. El r\u00e9gimen liban\u00e9s no volver\u00e1 a ser lo que era y no podr\u00e1 interferir en el L\u00edbano e imponerle su apoyo\u00bb.<a href=\"#_edn15\" name=\"_ednref15\">[15]<\/a><\/p>\n<p>El propio Samir Geagea expres\u00f3 su oposici\u00f3n de normalizar las relaciones con Siria en septiembre, 2018 y dijo: \u00abRecientemente hemos escuchado voces que llaman a restablecer relaciones normales con Siria. \u00bfPuede alguien mostrarme que existe un estado leg\u00edtimo en Siria, que la mayor\u00eda de los sirios consideran su estado y con el cual podemos establecer relaciones plenas?&#8230; La esencia de la propuesta no es normalizar las relaciones a fin de retornar a los refugiados sirios a su tierra natal, sino [normalizarlos] para as\u00ed hacer regresar el r\u00e9gimen sirio al L\u00edbano. Quiz\u00e1 podamos terminar perdiendo por doble partida: una vez por tener que mantener a los sirios desplazados en el L\u00edbano y una segunda vez renovando la influencia siria sobre el L\u00edbano, Al\u00e1 no lo permita&#8230;\u00bb<a href=\"#_edn16\" name=\"_ednref16\">[16]<\/a><\/p>\n<p>En un art\u00edculo sarc\u00e1stico en el portal del Partido de las Fuerzas Libanesas, la periodista Vera Bu Munsif escribi\u00f3 que invitar a Siria a la cumbre ser\u00eda un acto de auto-degradaci\u00f3n: \u00abSer\u00e1 una desgracia si tenemos que invitarlo a \u00e9l [Bashar Al-Assad] al L\u00edbano, sentarlo en la cabecera de la mesa y organizarle una gran bienvenida popular, tal como lo hacen los invitados m\u00e1s distinguidos. Qu\u00e9 desgracia. [Preparemos] plazas, plataformas y pantallas de televisi\u00f3n para [recibirlo]&#8230; Qu\u00e9 desgracia. [Abr\u00e1mosle] los portones y lo abroch\u00e9mosle a nuestras pecheras, mientras este nos tuvo durante 40 a\u00f1os en su pechera, que todav\u00eda sirve como nuestra tumba&#8230; Qu\u00e9 desgracia. [Abramos] las botellas de champ\u00e1n en su honor y mantengamos la copa en alto, ya que este ha llenado sus vasijas con nuestra sangre buena y pura&#8230; Ese hombre, Bashar Al-Assad y ning\u00fan otro, coloc\u00f3 a varios l\u00edderes libaneses en una lista terrorista hace varios d\u00edas. Ese hombre, infame a lo largo y ancho del mundo y etiquetado [\u00e9l mismo] como terrorista por alimentar a los ni\u00f1os de Siria con agentes qu\u00edmicos, ha denominado a los l\u00edderes libaneses de terroristas&#8230; Peor a\u00fan, se habla de invitarlo a asistir a la cumbre econ\u00f3mica en el L\u00edbano&#8230; Oh mundo, \u00bfc\u00f3mo puede el L\u00edbano aceptar degradarse d\u00e1ndole la bienvenida a un hombre que dice ser un funcionario de estado cuando es simplemente el jefe de un r\u00e9gimen que nos est\u00e1 asesinando junto al pueblo sirio?&#8230; El estado liban\u00e9s debe declarar, con la voz del pueblo liban\u00e9s, que se opone ser anfitri\u00f3n de Bashar Al-Assad en la Cumbre por respeto a la entidad libanesa y por todos los libaneses\u00bb.<a href=\"#_edn17\" name=\"_ednref17\">[17]<\/a><\/p>\n<p><em>Para ver el despacho en su totalidad en ingl\u00e9s junto a las im\u00e1genes copie por favor el siguiente enlace en su ordenador:<\/em> <a href=\"https:\/\/www.memri.org\/reports\/debate-lebanon-inviting-syria-arab-economic-summit-beirut-normalizing-relations-it\">https:\/\/www.memri.org\/reports\/debate-lebanon-inviting-syria-arab-economic-summit-beirut-normalizing-relations-it<\/a><\/p>\n<p><em>*C. Jacob es compa\u00f1ero investigador en MEMRI.<\/em><\/p>\n<hr \/>\n<p><a href=\"#_ednref1\" name=\"_edn1\">[1]<\/a> <em>Al-Nahar<\/em> (L\u00edbano), 17 de enero, 2019.<\/p>\n<p><a href=\"#_ednref2\" name=\"_edn2\">[2]<\/a> <em>Al-Hayat<\/em> (Dub\u00e1i), 7 de enero, 2019.<\/p>\n<p><a href=\"#_ednref3\" name=\"_edn3\">[3]<\/a> <em>Al-Jumhouriyya<\/em> (L\u00edbano), 9 de enero, 2019.<\/p>\n<p><a href=\"#_ednref4\" name=\"_edn4\">[4]<\/a> Elnashra.com, 7 de enero, 2019.<\/p>\n<p><a href=\"#_ednref5\" name=\"_edn5\">[5]<\/a> Lebanon24.com, 11 de enero, 2019. La tensi\u00f3n entre Amal y Libia se debe al rechazo de las autoridades libias en investigar la desaparici\u00f3n de Moussa Al-Sadr, el l\u00edder supremo de los chiitas del L\u00edbano y fundador del movimiento Amal en 1978 durante una visita a Libia por invitaci\u00f3n de su presidente para ese momento, Mu&#8217;ammar Qadhafi. Despu\u00e9s que el movimiento Amal expresara su oposici\u00f3n a la participaci\u00f3n de Libia en la cumbre econ\u00f3mica, los aparatos de seguridad en el aeropuerto de Beirut le negaron la entrada a varios empresarios libios que asistir\u00edan a la cumbre, y los partidarios chiitas de Amal destrozaron la bandera de Libia fuera del lugar donde se celebrara la cumbre (lebanon24.com, 14 de enero, 2019). En respuesta, el Consejo Supremo de Estado de Libia solicit\u00f3 a la canciller\u00eda que suspenda relaciones diplom\u00e1ticas con el L\u00edbano y exigi\u00f3 que la Liga \u00c1rabe excluyera al L\u00edbano de todos los eventos de la liga hasta que su gobierno se responsabilice por la ofensa contra la bandera y se comprometi\u00f3 a que tales incidentes no se repitieran. (elnashra.com, 14 de enero, 2019). Libia tambi\u00e9n ha anunciado que no asistir\u00e1 a la cumbre econ\u00f3mica (lebanon24.com, 14 de enero, 2019).<\/p>\n<p><a href=\"#_ednref6\" name=\"_edn6\">[6]<\/a> <em>Al-Akhbar<\/em> (L\u00edbano), 16 de enero, 2019.<\/p>\n<p><a href=\"#_ednref7\" name=\"_edn7\">[7]<\/a> <em>Al-Akhbar<\/em> (L\u00edbano), 29 de diciembre, 2018.<\/p>\n<p><a href=\"#_ednref8\" name=\"_edn8\">[8]<\/a> Lebanondebate.com, 2 de enero, 2019; Al-Nahar (L\u00edbano), 4 de enero, 2019.<\/p>\n<p><a href=\"#_ednref9\" name=\"_edn9\">[9]<\/a> <em>Al-Jumhouriyya<\/em> (L\u00edbano), 9 de enero, 2019.<\/p>\n<p><a href=\"#_ednref10\" name=\"_edn10\">[10]<\/a> Arabi21.com, 4 de enero, 2019.<\/p>\n<p><a href=\"#_ednref11\" name=\"_edn11\">[11]<\/a> <em>Al-Nahar<\/em> (L\u00edbano), 14 de enero, 2019.<\/p>\n<p><a href=\"#_ednref12\" name=\"_edn12\">[12]<\/a> V\u00e9ase la serie de MEMRI Investigaci\u00f3n y An\u00e1lisis No. 1429 &#8211; Opositores de Hezbol\u00e1 en el L\u00edbano: La organizaci\u00f3n somete al L\u00edbano al patrocinio iran\u00ed, evitando la formaci\u00f3n de gobiernos en represalia por las sanciones estadounidenses, 24 de diciembre, 2018.<\/p>\n<p><a href=\"#_ednref13\" name=\"_edn13\">[13]<\/a> Twitter.com\/walidjumblatt, 5 de enero, 2019.<\/p>\n<p><a href=\"#_ednref14\" name=\"_edn14\">[14]<\/a> <em>Al-Nahar<\/em> (L\u00edbano), 3 de enero, 2019.<\/p>\n<p><a href=\"#_ednref15\" name=\"_edn15\">[15]<\/a> <em>Al-Jumhouriyya<\/em> (L\u00edbano), 6 de enero, 2019.<\/p>\n<p><a href=\"#_ednref16\" name=\"_edn16\">[16]<\/a> Arabic.rt.com, 10 de septiembre, 2018.<\/p>\n<p><a href=\"#_ednref17\" name=\"_edn17\">[17]<\/a> Lebanese-forces.com, 2 de enero, 2019.<\/p>\n","protected":false},"excerpt":{"rendered":"<p>La Cumbre Econ\u00f3mica de la Liga \u00c1rabe, que se celebrar\u00e1 en Beirut el 20 de enero, 2019 tratar\u00e1 con la crisis econ\u00f3mica en el L\u00edbano y la reconstrucci\u00f3n de Siria, entre otros temas de su agenda. El 16 de enero, el Foro \u00c1rabe del Sector Privado se reuni\u00f3 en Beirut, con la participaci\u00f3n del Primer [&hellip;]<\/p>\n","protected":false},"author":1,"featured_media":52509,"comment_status":"open","ping_status":"open","sticky":false,"template":"","format":"standard","meta":{"footnotes":""},"categories":[4,5,9,18,2,14,26,27],"tags":[],"class_list":["post-52508","post","type-post","status-publish","format-standard","has-post-thumbnail","hentry","category-archivos","category-analisis-e-investigacion","category-temas","category-paises","category-featured","category-relaciones-inter-arabes","category-siria","category-libano"],"_links":{"self":[{"href":"https:\/\/www2.memri.org\/espanol\/wp-json\/wp\/v2\/posts\/52508","targetHints":{"allow":["GET"]}}],"collection":[{"href":"https:\/\/www2.memri.org\/espanol\/wp-json\/wp\/v2\/posts"}],"about":[{"href":"https:\/\/www2.memri.org\/espanol\/wp-json\/wp\/v2\/types\/post"}],"author":[{"embeddable":true,"href":"https:\/\/www2.memri.org\/espanol\/wp-json\/wp\/v2\/users\/1"}],"replies":[{"embeddable":true,"href":"https:\/\/www2.memri.org\/espanol\/wp-json\/wp\/v2\/comments?post=52508"}],"version-history":[{"count":0,"href":"https:\/\/www2.memri.org\/espanol\/wp-json\/wp\/v2\/posts\/52508\/revisions"}],"wp:featuredmedia":[{"embeddable":true,"href":"https:\/\/www2.memri.org\/espanol\/wp-json\/wp\/v2\/media\/52509"}],"wp:attachment":[{"href":"https:\/\/www2.memri.org\/espanol\/wp-json\/wp\/v2\/media?parent=52508"}],"wp:term":[{"taxonomy":"category","embeddable":true,"href":"https:\/\/www2.memri.org\/espanol\/wp-json\/wp\/v2\/categories?post=52508"},{"taxonomy":"post_tag","embeddable":true,"href":"https:\/\/www2.memri.org\/espanol\/wp-json\/wp\/v2\/tags?post=52508"}],"curies":[{"name":"wp","href":"https:\/\/api.w.org\/{rel}","templated":true}]}}