{"id":51427,"date":"2018-12-21T15:59:10","date_gmt":"2018-12-21T19:59:10","guid":{"rendered":"http:\/\/www2.memri.org\/espanol\/?p=51427"},"modified":"2018-12-26T16:02:31","modified_gmt":"2018-12-26T20:02:31","slug":"periodista-egipcio-emad-albeheery-en-canal-de-television-de-la-hermandad-musulmana-en-turquia-la-madre-del-presidente-al-sisi-es-judia","status":"publish","type":"post","link":"https:\/\/www2.memri.org\/espanol\/periodista-egipcio-emad-albeheery-en-canal-de-television-de-la-hermandad-musulmana-en-turquia-la-madre-del-presidente-al-sisi-es-judia\/51427","title":{"rendered":"Periodista egipcio Emad Albeheery en canal de televisi\u00f3n de la Hermandad Musulmana en Turqu\u00eda: La madre del Presidente Al-Sisi es jud\u00eda"},"content":{"rendered":"<p><em>Durante un programa en el canal de televisi\u00f3n de la Hermandad Musulmana Egipcia (en Turqu\u00eda) Elsharq TV, el periodista egipcio Emad Albeheery critic\u00f3 al periodista Khaled Salah por el env\u00edo de un tuit que pide celebrar la fiesta jud\u00eda de Hanukkah. Tambi\u00e9n critic\u00f3 a la poetisa egipcia F\u00e1tima Naoot por elogiar la dureza e inteligencia de los jud\u00edos en un art\u00edculo en el diario Al-Masry Al-Youm. Albeheery dijo que los jud\u00edos causaron cat\u00e1strofes y conspiraron a lo largo de la historia y que por esa raz\u00f3n Hitler los inciner\u00f3 durante el Holocausto. Adem\u00e1s, critic\u00f3 al Presidente egipcio Abdel Fattah Al-Sisi por asignar 1.3 billones de libras egipcias para restaurar las antig\u00fcedades jud\u00edas, diciendo: \u00ab\u00bfQu\u00e9 m\u00e1s necesitan para darse cuenta de que la madre de [Al-Sisi] es jud\u00eda? \u00bfNecesitan un \u00e1ngel que baje y diga que es jud\u00eda? Este afirm\u00f3 que la madre jud\u00eda de Al-Sisi lo cri\u00f3 como musulm\u00e1n y lo inscribi\u00f3 en la academia militar y sugiri\u00f3 que esta es la raz\u00f3n principal por la que hoy se encuentra en el poder. El programa fue transmitido el 10 de diciembre, 2018.<\/em><\/p>\n<p><strong><em>Para ver el video de Emad Albeheery en el portal MEMRI TV, pulse <a href=\"https:\/\/www.memri.org\/tv\/mb-egyptian-journalist-albeheery-president-sisi-jew-we-are-infiltrated\">aqu\u00ed<\/a> o debajo<\/em><\/strong><em>.<\/em><\/p>\n<p><iframe src=\"https:\/\/www.memri.org\/player\/clip\/41449\/780,440\/1\" width=\"780\" height=\"440\" frameborder=\"0\" data-mce-fragment=\"1\"><\/iframe><\/p>\n<p><strong>\u00abLos jud\u00edos, conocidos en todo el mundo por [sus caracter\u00edsticas malvadas]&#8230; esta fue la raz\u00f3n por la cual Hitler los inciner\u00f3\u00bb<\/strong><\/p>\n<p><strong>Emad Albeheery<\/strong>: \u00ab[el periodista] Khaled Salah pidi\u00f3 en Twitter celebrar la festividad jud\u00eda de Hanukkah. Este dijo que Hanukkah es la base del monote\u00edsmo&#8230; Dijo que Hanukkah &#8211; disc\u00falpenme por utilizar tal lenguaje &#8211; es lo que salv\u00f3 la idea del monote\u00edsmo en la regi\u00f3n. Como si &#8216;Amr Ibn Al-As, quien conquist\u00f3 Egipto, no tuviera nada que ver con el monote\u00edsmo. Como si el mensaje de nuestro Profeta Mahoma no tuviese nada que ver con el monote\u00edsmo. Es Hanukkah la que nos hizo monote\u00edstas, gracias a Al\u00e1. \u00a1Imaginen eso!<\/p>\n<p><img loading=\"lazy\" decoding=\"async\" class=\"alignnone size-full wp-image-51428\" src=\"https:\/\/www2.memri.org\/espanol\/wp-content\/uploads\/2018\/12\/MTV6901.jpg\" width=\"833\" height=\"220\" srcset=\"https:\/\/www2.memri.org\/espanol\/wp-content\/uploads\/2018\/12\/MTV6901.jpg 833w, https:\/\/www2.memri.org\/espanol\/wp-content\/uploads\/2018\/12\/MTV6901-300x79.jpg 300w, https:\/\/www2.memri.org\/espanol\/wp-content\/uploads\/2018\/12\/MTV6901-768x203.jpg 768w, https:\/\/www2.memri.org\/espanol\/wp-content\/uploads\/2018\/12\/MTV6901-600x158.jpg 600w, https:\/\/www2.memri.org\/espanol\/wp-content\/uploads\/2018\/12\/MTV6901-696x184.jpg 696w\" sizes=\"auto, (max-width: 833px) 100vw, 833px\" \/><\/p>\n<p><strong>Ahmed Atwan<\/strong>: \u00abHace dos mil a\u00f1os&#8230;\u00bb<\/p>\n<p><strong>Emad Albeheery<\/strong>: \u00abS\u00ed, Hanukkah, seg\u00fan Khaled Salah. Estoy seguro de que Khaled Salah nunca ha abierto un libro para leer la historia sobre este tema del Hanukkah. Este lo escuch\u00f3 en alguna parte. La idea es persuadirlo para que celebre las festividades de los jud\u00edos. [La poetisa egipcia] Fatima Naoot escribi\u00f3 un art\u00edculo en el diario <em>Al-Masry Al-Youm<\/em> sobre la dureza y la inteligencia de los jud\u00edos.<\/p>\n<p><img loading=\"lazy\" decoding=\"async\" class=\"alignnone size-full wp-image-51429\" src=\"https:\/\/www2.memri.org\/espanol\/wp-content\/uploads\/2018\/12\/MTV69011_0.jpg\" width=\"831\" height=\"220\" srcset=\"https:\/\/www2.memri.org\/espanol\/wp-content\/uploads\/2018\/12\/MTV69011_0.jpg 831w, https:\/\/www2.memri.org\/espanol\/wp-content\/uploads\/2018\/12\/MTV69011_0-300x79.jpg 300w, https:\/\/www2.memri.org\/espanol\/wp-content\/uploads\/2018\/12\/MTV69011_0-768x203.jpg 768w, https:\/\/www2.memri.org\/espanol\/wp-content\/uploads\/2018\/12\/MTV69011_0-600x159.jpg 600w, https:\/\/www2.memri.org\/espanol\/wp-content\/uploads\/2018\/12\/MTV69011_0-696x184.jpg 696w\" sizes=\"auto, (max-width: 831px) 100vw, 831px\" \/><\/p>\n<p>\u00ab\u00a1Imag\u00ednense eso! Los jud\u00edos, conocidos en todo el mundo por [sus malvadas caracter\u00edsticas]&#8230; Esta fue la raz\u00f3n por la que Hitler los inciner\u00f3. Dondequiera que estos se encuentren existen cat\u00e1strofes. \u00bfLos inciner\u00f3 Hitler porque pertenec\u00eda al EIIS? No, este se dio cuenta de que dondequiera que se encuentre esta gentuza, ocurren cat\u00e1strofes. Esta gente han jugado sucio y han conspirado a lo largo de la historia\u00bb.<\/p>\n<p><img loading=\"lazy\" decoding=\"async\" class=\"alignnone size-full wp-image-51430\" src=\"https:\/\/www2.memri.org\/espanol\/wp-content\/uploads\/2018\/12\/MTV69012.jpg\" width=\"864\" height=\"229\" srcset=\"https:\/\/www2.memri.org\/espanol\/wp-content\/uploads\/2018\/12\/MTV69012.jpg 864w, https:\/\/www2.memri.org\/espanol\/wp-content\/uploads\/2018\/12\/MTV69012-300x80.jpg 300w, https:\/\/www2.memri.org\/espanol\/wp-content\/uploads\/2018\/12\/MTV69012-768x204.jpg 768w, https:\/\/www2.memri.org\/espanol\/wp-content\/uploads\/2018\/12\/MTV69012-600x159.jpg 600w, https:\/\/www2.memri.org\/espanol\/wp-content\/uploads\/2018\/12\/MTV69012-696x184.jpg 696w\" sizes=\"auto, (max-width: 864px) 100vw, 864px\" \/><\/p>\n<p>[&#8230;]<\/p>\n<p><strong>\u00abEs Al-Sisi quien asign\u00f3 los fondos &#8211; Ahora, d\u00edganme esto: \u00bfQu\u00e9 m\u00e1s necesitan para darse cuenta de que su madre es jud\u00eda?\u00bb<\/strong><\/p>\n<p>\u00ab[El Ministro de Antig\u00fcedades] Khaled Al-Enany dijo hoy que Abdel Fattah Al-Sisi asign\u00f3 1.3 billones de [libras egipcias] para la restauraci\u00f3n de antig\u00fcedades jud\u00edas en Egipto. Ahora d\u00edganme honestamente&#8230; Ah\u00ed est\u00e1. Esto apareci\u00f3 en sus propios diarios. [Dice que] es Al-Sisi quien asign\u00f3 los fondos. No es &#8216;supuestamente&#8217; a trav\u00e9s de nuestro canal de televisi\u00f3n &#8216;terrorista&#8217; Elsharq TV. Es Al-Sisi quien asign\u00f3 los fondos. Ahora d\u00edganme esto: \u00bfQu\u00e9 m\u00e1s necesitan para darse cuenta que su madre es jud\u00eda? \u00bfNecesitan de un \u00e1ngel que venga y les diga que es una jud\u00edo con v\u00ednculos a los jud\u00edos?\u00bb<\/p>\n<p><img loading=\"lazy\" decoding=\"async\" class=\"alignnone size-full wp-image-51431\" src=\"https:\/\/www2.memri.org\/espanol\/wp-content\/uploads\/2018\/12\/MTV69013.jpg\" width=\"863\" height=\"228\" srcset=\"https:\/\/www2.memri.org\/espanol\/wp-content\/uploads\/2018\/12\/MTV69013.jpg 863w, https:\/\/www2.memri.org\/espanol\/wp-content\/uploads\/2018\/12\/MTV69013-300x79.jpg 300w, https:\/\/www2.memri.org\/espanol\/wp-content\/uploads\/2018\/12\/MTV69013-768x203.jpg 768w, https:\/\/www2.memri.org\/espanol\/wp-content\/uploads\/2018\/12\/MTV69013-600x159.jpg 600w, https:\/\/www2.memri.org\/espanol\/wp-content\/uploads\/2018\/12\/MTV69013-696x184.jpg 696w\" sizes=\"auto, (max-width: 863px) 100vw, 863px\" \/><\/p>\n<p><img loading=\"lazy\" decoding=\"async\" class=\"alignnone size-full wp-image-51432\" src=\"https:\/\/www2.memri.org\/espanol\/wp-content\/uploads\/2018\/12\/MTV69014.jpg\" width=\"686\" height=\"364\" srcset=\"https:\/\/www2.memri.org\/espanol\/wp-content\/uploads\/2018\/12\/MTV69014.jpg 686w, https:\/\/www2.memri.org\/espanol\/wp-content\/uploads\/2018\/12\/MTV69014-300x159.jpg 300w, https:\/\/www2.memri.org\/espanol\/wp-content\/uploads\/2018\/12\/MTV69014-600x318.jpg 600w\" sizes=\"auto, (max-width: 686px) 100vw, 686px\" \/><\/p>\n<p>[&#8230;]<\/p>\n<p><strong>Ahmed Atwan<\/strong>: \u00ab\u00a1Chicos, todas sus acciones son jud\u00edas! \u00a1Todo lo que hace es para los sionistas!\u00bb<\/p>\n<p><img loading=\"lazy\" decoding=\"async\" class=\"alignnone size-full wp-image-51433\" src=\"https:\/\/www2.memri.org\/espanol\/wp-content\/uploads\/2018\/12\/MTV69015.jpg\" width=\"688\" height=\"368\" srcset=\"https:\/\/www2.memri.org\/espanol\/wp-content\/uploads\/2018\/12\/MTV69015.jpg 688w, https:\/\/www2.memri.org\/espanol\/wp-content\/uploads\/2018\/12\/MTV69015-300x160.jpg 300w, https:\/\/www2.memri.org\/espanol\/wp-content\/uploads\/2018\/12\/MTV69015-600x321.jpg 600w\" sizes=\"auto, (max-width: 688px) 100vw, 688px\" \/><\/p>\n<p><strong>Emad Albeheery<\/strong>: \u00ab\u00bfEst\u00e1 usted de desacuerdo con lo que dije?\u00bb<\/p>\n<p><strong>Ahmed Atwan<\/strong>: \u00abNo, no estoy de acuerdo\u00bb.<\/p>\n<p><strong>\u00abSu madre jud\u00eda cri\u00f3 a su hijo como musulm\u00e1n y luego lo inscribi\u00f3 en la Academia Militar y en el ej\u00e9rcito egipcio&#8230; luego dio un golpe de estado y se apoder\u00f3 de Egipto\u00bb<\/strong><\/p>\n<p><strong>Emad Albeheery<\/strong>: \u00ab\u00bfEs su madre jud\u00eda o no?\u00bb<\/p>\n<p><strong>Ahmed Atwan<\/strong>: \u00abSupongamos que ella es una \u00e1rabe-musulmana que reza las 24 horas del d\u00eda&#8230; \u00bfQuiere eso decir que todas sus acciones&#8230;\u00bb<\/p>\n<p><strong>Emad Albeheery<\/strong>: \u00abLa idea es que nos infiltraron desde hace ya mucho tiempo. No es nada nuevo. Su madre jud\u00eda cri\u00f3 a su hijo como musulm\u00e1n y luego lo ingres\u00f3 en la academia militar y en el ej\u00e9rcito egipcio. Este se march\u00f3 a Estados Unidos siendo el \u00fanico en no subir a bordo del avi\u00f3n que se estrell\u00f3 en el oc\u00e9ano [en 1999]. Regres\u00f3 como jefe del servicio de inteligencia. Luego dio un golpe de estado y se hizo cargo de Egipto\u00bb.<\/p>\n<p><img loading=\"lazy\" decoding=\"async\" class=\"alignnone size-full wp-image-51434\" src=\"https:\/\/www2.memri.org\/espanol\/wp-content\/uploads\/2018\/12\/MTV69016.jpg\" width=\"837\" height=\"222\" srcset=\"https:\/\/www2.memri.org\/espanol\/wp-content\/uploads\/2018\/12\/MTV69016.jpg 837w, https:\/\/www2.memri.org\/espanol\/wp-content\/uploads\/2018\/12\/MTV69016-300x80.jpg 300w, https:\/\/www2.memri.org\/espanol\/wp-content\/uploads\/2018\/12\/MTV69016-768x204.jpg 768w, https:\/\/www2.memri.org\/espanol\/wp-content\/uploads\/2018\/12\/MTV69016-600x159.jpg 600w, https:\/\/www2.memri.org\/espanol\/wp-content\/uploads\/2018\/12\/MTV69016-696x185.jpg 696w\" sizes=\"auto, (max-width: 837px) 100vw, 837px\" \/><\/p>\n","protected":false},"excerpt":{"rendered":"<p>Durante un programa en el canal de televisi\u00f3n de la Hermandad Musulmana Egipcia (en Turqu\u00eda) Elsharq TV, el periodista egipcio Emad Albeheery critic\u00f3 al periodista Khaled Salah por el env\u00edo de un tuit que pide celebrar la fiesta jud\u00eda de Hanukkah. Tambi\u00e9n critic\u00f3 a la poetisa egipcia F\u00e1tima Naoot por elogiar la dureza e inteligencia [&hellip;]<\/p>\n","protected":false},"author":1,"featured_media":51428,"comment_status":"open","ping_status":"open","sticky":false,"template":"","format":"standard","meta":{"footnotes":""},"categories":[4,19,6,9,18,2,16],"tags":[],"class_list":["post-51427","post","type-post","status-publish","format-standard","has-post-thumbnail","hentry","category-archivos","category-egipto","category-comunicados-especiales","category-temas","category-paises","category-featured","category-proyecto-documental-sobre-antisemitismo"],"_links":{"self":[{"href":"https:\/\/www2.memri.org\/espanol\/wp-json\/wp\/v2\/posts\/51427","targetHints":{"allow":["GET"]}}],"collection":[{"href":"https:\/\/www2.memri.org\/espanol\/wp-json\/wp\/v2\/posts"}],"about":[{"href":"https:\/\/www2.memri.org\/espanol\/wp-json\/wp\/v2\/types\/post"}],"author":[{"embeddable":true,"href":"https:\/\/www2.memri.org\/espanol\/wp-json\/wp\/v2\/users\/1"}],"replies":[{"embeddable":true,"href":"https:\/\/www2.memri.org\/espanol\/wp-json\/wp\/v2\/comments?post=51427"}],"version-history":[{"count":0,"href":"https:\/\/www2.memri.org\/espanol\/wp-json\/wp\/v2\/posts\/51427\/revisions"}],"wp:featuredmedia":[{"embeddable":true,"href":"https:\/\/www2.memri.org\/espanol\/wp-json\/wp\/v2\/media\/51428"}],"wp:attachment":[{"href":"https:\/\/www2.memri.org\/espanol\/wp-json\/wp\/v2\/media?parent=51427"}],"wp:term":[{"taxonomy":"category","embeddable":true,"href":"https:\/\/www2.memri.org\/espanol\/wp-json\/wp\/v2\/categories?post=51427"},{"taxonomy":"post_tag","embeddable":true,"href":"https:\/\/www2.memri.org\/espanol\/wp-json\/wp\/v2\/tags?post=51427"}],"curies":[{"name":"wp","href":"https:\/\/api.w.org\/{rel}","templated":true}]}}