{"id":51377,"date":"2018-12-19T18:24:05","date_gmt":"2018-12-19T22:24:05","guid":{"rendered":"http:\/\/www2.memri.org\/espanol\/?p=51377"},"modified":"2018-12-19T18:24:53","modified_gmt":"2018-12-19T22:24:53","slug":"sermon-de-los-viernes-en-jartum-dado-por-el-jeque-muhammad-tannoun-cita-los-protocolos-de-los-sabios-de-sion-y-dice-los-judios-estan-detras-de-todas-las-guerras-la-guerra-contra-ellos-no-es-de-fr","status":"publish","type":"post","link":"https:\/\/www2.memri.org\/espanol\/sermon-de-los-viernes-en-jartum-dado-por-el-jeque-muhammad-tannoun-cita-los-protocolos-de-los-sabios-de-sion-y-dice-los-judios-estan-detras-de-todas-las-guerras-la-guerra-contra-ellos-no-es-de-fr\/51377","title":{"rendered":"Serm\u00f3n de los viernes en Jartum dado por el Jeque Muhammad Tannoun, cita los Protocolos de los Sabios de Si\u00f3n y dice: \u00abLos jud\u00edos est\u00e1n detr\u00e1s de todas las guerras; La guerra contra ellos no es de fronteras sino de fe; &#8216;Oh, Al\u00e1, cu\u00e9ntalos uno a uno, m\u00e1talos hasta que no quede ni uno de ellos vivo&#8217;"},"content":{"rendered":"<p><em>Durante un serm\u00f3n de los viernes dado el 7 de diciembre en Jartum, el cual fue transmitido en la televisi\u00f3n de Sud\u00e1n, el Jeque Muhammad Tannoun habl\u00f3 acerca de los Protocolos de los Sabios de Si\u00f3n y dijo que los jud\u00edos desean controlar el mundo a trav\u00e9s de su religi\u00f3n. Este acus\u00f3 a los jud\u00edos de estar detr\u00e1s de cada una de las guerras en la historia, incluyendo las dos guerras mundiales y todas las guerras que tienen lugar en el mundo de hoy d\u00eda, porque estos solo pueden vivir en una atm\u00f3sfera de corrupci\u00f3n, guerras y conflicto. Luego dijo que no tiene sentido normalizar relaciones con los jud\u00edos porque el conflicto con ellos es una guerra religiosa que solo puede resolverse a trav\u00e9s del yihad. El Jeque Tannoun concluy\u00f3 el serm\u00f3n con un rezo por la aniquilaci\u00f3n de los jud\u00edos. Para m\u00e1s informaci\u00f3n sobre el Jeque Muhammad Tannoun, v\u00e9ase el segmento de video del portal MEMRI TV No. 1471 &#8211; Serm\u00f3n de los viernes en Sud\u00e1n: Palestina se encuentra ocupada por los descendientes de los monos y cerdos, 25 de mayo, 2007.<\/em><\/p>\n<p><strong><em>Para ver el video de Muhammad Tannoun en el portal MEMRI TV, pulse <a href=\"https:\/\/www.memri.org\/tv\/sudan-anti-semitic-sermon-muhammad-tannoun-jews-behind-wars-corruption-strife\">aqu\u00ed<\/a> o debajo<\/em><\/strong><em>.<\/em><\/p>\n<p><iframe src=\"https:\/\/www.memri.org\/player\/clip\/41393\/780,440\/1\" width=\"780\" height=\"440\" frameborder=\"0\" data-mce-fragment=\"1\"><\/iframe><\/p>\n<p><strong>\u00abLa Primera Guerra Mundial y la Segunda Guerra Mundial, las guerras antes de estas y las guerras que se est\u00e1n produciendo ahora en nuestros pa\u00edses y en otros pa\u00edses&#8230; son los jud\u00edos que est\u00e1n detr\u00e1s de todas estas guerras\u00bb<\/strong><\/p>\n<p><strong>Jeque Muhammad Tannoun<\/strong>: \u00abLos jud\u00edos afirman que Palestina y cualquier otra tierra que estos habitaron les pertenece \u00fanicamente a ellos. En <em>Los Protocolos de los Sabios de Si\u00f3n<\/em>, dicen que quieren gobernar el mundo de acuerdo a una sola religi\u00f3n: su religi\u00f3n. Es por eso que quieren convertir a Jerusal\u00e9n en la capital de este estado global.<\/p>\n<p><img loading=\"lazy\" decoding=\"async\" class=\"alignnone size-full wp-image-51390\" src=\"https:\/\/www2.memri.org\/espanol\/wp-content\/uploads\/2018\/12\/SD7812-1-1.jpg\" width=\"847\" height=\"258\" srcset=\"https:\/\/www2.memri.org\/espanol\/wp-content\/uploads\/2018\/12\/SD7812-1-1.jpg 847w, https:\/\/www2.memri.org\/espanol\/wp-content\/uploads\/2018\/12\/SD7812-1-1-300x91.jpg 300w, https:\/\/www2.memri.org\/espanol\/wp-content\/uploads\/2018\/12\/SD7812-1-1-768x234.jpg 768w, https:\/\/www2.memri.org\/espanol\/wp-content\/uploads\/2018\/12\/SD7812-1-1-600x183.jpg 600w, https:\/\/www2.memri.org\/espanol\/wp-content\/uploads\/2018\/12\/SD7812-1-1-696x212.jpg 696w\" sizes=\"auto, (max-width: 847px) 100vw, 847px\" \/><\/p>\n<p>[&#8230;]<\/p>\n<p>\u00abDebemos leer el Cor\u00e1n para comprender a los jud\u00edos y sus caracter\u00edsticas. \u00bfExiste un solo vers\u00edculo en el Cor\u00e1n que elogie a los jud\u00edos luego de haber violado sus pactos con Al\u00e1 y Sus mensajeros y despu\u00e9s de haber asesinado a sus profetas? No. [El Cor\u00e1n dice:] &#8216;Cada vez que encienden el fuego de la guerra, Al\u00e1 lo apaga&#8217;. Todas las guerras que han tenido lugar, la Primera Guerra Mundial y la Segunda Guerra Mundial, las guerras antes de estas y las guerras que se est\u00e1n produciendo hoy d\u00eda en nuestros pa\u00edses y en otros pa\u00edses&#8230; son los jud\u00edos que est\u00e1n detr\u00e1s de todas esas guerras. Estos solo pueden vivir en un ambiente de corrupci\u00f3n, guerras y conflictos. [El Cor\u00e1n dice:] &#8216;Ellos se esfuerzan por propagar la corrupci\u00f3n en la tierra&#8217;. El verbo est\u00e1 en tiempo presente. Es obvio. El vers\u00edculo no dice \u00absol\u00edan propagar\u00bb o \u00abser\u00e1n propagadas\u00bb&#8230; Dice que se esfuerzan por propagar [la corrupci\u00f3n] en el presente y en el futuro. &#8216;Se esfuerzan por difundir la corrupci\u00f3n en la tierra&#8217;. Entonces, \u00bfpor qu\u00e9 normalizamos relaciones con los corruptores y hacemos amistad con ellos?\u00bb<\/p>\n<p><img loading=\"lazy\" decoding=\"async\" class=\"alignnone size-full wp-image-51391\" src=\"https:\/\/www2.memri.org\/espanol\/wp-content\/uploads\/2018\/12\/SD78121-1-1.jpg\" width=\"599\" height=\"365\" srcset=\"https:\/\/www2.memri.org\/espanol\/wp-content\/uploads\/2018\/12\/SD78121-1-1.jpg 599w, https:\/\/www2.memri.org\/espanol\/wp-content\/uploads\/2018\/12\/SD78121-1-1-300x183.jpg 300w\" sizes=\"auto, (max-width: 599px) 100vw, 599px\" \/><\/p>\n<p>[&#8230;]<\/p>\n<p><strong>\u00abOh, Al\u00e1, cu\u00e9ntalos uno a uno, qu\u00edtales la vida a cada uno de ellos y no le perdones la vida a ninguno de ellos\u00bb<\/strong><\/p>\n<p>\u00abNo puede existir una paz permanente o un acuerdo total con ellos, porque la guerra con ellos no es una guerra marginal o trivial. La guerra no es sobre fronteras que se pueden redibujar. Estas guerras no tienen fronteras. La guerra no es una guerra de intereses en conflicto que puede resolverse. La guerra no es una guerra nacional o una guerra estrat\u00e9gica. Esta es una guerra de fe. O somos nosotros o ellos los que triunfaran.<\/p>\n<p><img loading=\"lazy\" decoding=\"async\" class=\"alignnone size-full wp-image-51392\" src=\"https:\/\/www2.memri.org\/espanol\/wp-content\/uploads\/2018\/12\/SD78122-1-1.jpg\" width=\"849\" height=\"256\" srcset=\"https:\/\/www2.memri.org\/espanol\/wp-content\/uploads\/2018\/12\/SD78122-1-1.jpg 849w, https:\/\/www2.memri.org\/espanol\/wp-content\/uploads\/2018\/12\/SD78122-1-1-300x90.jpg 300w, https:\/\/www2.memri.org\/espanol\/wp-content\/uploads\/2018\/12\/SD78122-1-1-768x232.jpg 768w, https:\/\/www2.memri.org\/espanol\/wp-content\/uploads\/2018\/12\/SD78122-1-1-600x181.jpg 600w, https:\/\/www2.memri.org\/espanol\/wp-content\/uploads\/2018\/12\/SD78122-1-1-696x210.jpg 696w\" sizes=\"auto, (max-width: 849px) 100vw, 849px\" \/><\/p>\n<p>\u00abLas guerras religiosas no pueden resolverse a trav\u00e9s de maniobras, acuerdos o compromisos. [Pueden resolverse] solo a trav\u00e9s de librar el yihad. Si podemos ir all\u00ed y librar el yihad, deber\u00edamos hacerlo, pero existen fronteras, restricciones y obst\u00e1culos. Si no podemos librar el yihad con nuestras vidas, deber\u00edamos hacerlo con nuestro dinero.<\/p>\n<p><img loading=\"lazy\" decoding=\"async\" class=\"alignnone size-full wp-image-51393\" src=\"https:\/\/www2.memri.org\/espanol\/wp-content\/uploads\/2018\/12\/SD78123-1-1.jpg\" width=\"834\" height=\"256\" srcset=\"https:\/\/www2.memri.org\/espanol\/wp-content\/uploads\/2018\/12\/SD78123-1-1.jpg 834w, https:\/\/www2.memri.org\/espanol\/wp-content\/uploads\/2018\/12\/SD78123-1-1-300x92.jpg 300w, https:\/\/www2.memri.org\/espanol\/wp-content\/uploads\/2018\/12\/SD78123-1-1-768x236.jpg 768w, https:\/\/www2.memri.org\/espanol\/wp-content\/uploads\/2018\/12\/SD78123-1-1-600x184.jpg 600w, https:\/\/www2.memri.org\/espanol\/wp-content\/uploads\/2018\/12\/SD78123-1-1-696x214.jpg 696w\" sizes=\"auto, (max-width: 834px) 100vw, 834px\" \/><\/p>\n<p>[&#8230;]<\/p>\n<p>\u00abOh, Al\u00e1, infl\u00edgele a los jud\u00edos con Tu poderosa fuerza. Oh Al\u00e1, demu\u00e9strales a ellos las maravillas de Tu poder. Oh Al\u00e1, cu\u00e9ntalos uno a uno y acaba con la vida de cada uno de ellos y no le perdones la vida a ninguno\u00bb.<\/p>\n<p><img loading=\"lazy\" decoding=\"async\" class=\"alignnone size-full wp-image-51394\" src=\"https:\/\/www2.memri.org\/espanol\/wp-content\/uploads\/2018\/12\/SD78124-1-1.jpg\" width=\"827\" height=\"252\" srcset=\"https:\/\/www2.memri.org\/espanol\/wp-content\/uploads\/2018\/12\/SD78124-1-1.jpg 827w, https:\/\/www2.memri.org\/espanol\/wp-content\/uploads\/2018\/12\/SD78124-1-1-300x91.jpg 300w, https:\/\/www2.memri.org\/espanol\/wp-content\/uploads\/2018\/12\/SD78124-1-1-768x234.jpg 768w, https:\/\/www2.memri.org\/espanol\/wp-content\/uploads\/2018\/12\/SD78124-1-1-600x183.jpg 600w, https:\/\/www2.memri.org\/espanol\/wp-content\/uploads\/2018\/12\/SD78124-1-1-696x212.jpg 696w\" sizes=\"auto, (max-width: 827px) 100vw, 827px\" \/><\/p>\n<p><img loading=\"lazy\" decoding=\"async\" class=\"alignnone size-full wp-image-51395\" src=\"https:\/\/www2.memri.org\/espanol\/wp-content\/uploads\/2018\/12\/SD78125-1-1.jpg\" width=\"598\" height=\"366\" srcset=\"https:\/\/www2.memri.org\/espanol\/wp-content\/uploads\/2018\/12\/SD78125-1-1.jpg 598w, https:\/\/www2.memri.org\/espanol\/wp-content\/uploads\/2018\/12\/SD78125-1-1-300x184.jpg 300w\" sizes=\"auto, (max-width: 598px) 100vw, 598px\" \/><\/p>\n","protected":false},"excerpt":{"rendered":"<p>Durante un serm\u00f3n de los viernes dado el 7 de diciembre en Jartum, el cual fue transmitido en la televisi\u00f3n de Sud\u00e1n, el Jeque Muhammad Tannoun habl\u00f3 acerca de los Protocolos de los Sabios de Si\u00f3n y dijo que los jud\u00edos desean controlar el mundo a trav\u00e9s de su religi\u00f3n. Este acus\u00f3 a los jud\u00edos [&hellip;]<\/p>\n","protected":false},"author":1,"featured_media":51390,"comment_status":"open","ping_status":"open","sticky":false,"template":"","format":"standard","meta":{"footnotes":""},"categories":[4,6,9,2,16],"tags":[],"class_list":["post-51377","post","type-post","status-publish","format-standard","has-post-thumbnail","hentry","category-archivos","category-comunicados-especiales","category-temas","category-featured","category-proyecto-documental-sobre-antisemitismo"],"_links":{"self":[{"href":"https:\/\/www2.memri.org\/espanol\/wp-json\/wp\/v2\/posts\/51377","targetHints":{"allow":["GET"]}}],"collection":[{"href":"https:\/\/www2.memri.org\/espanol\/wp-json\/wp\/v2\/posts"}],"about":[{"href":"https:\/\/www2.memri.org\/espanol\/wp-json\/wp\/v2\/types\/post"}],"author":[{"embeddable":true,"href":"https:\/\/www2.memri.org\/espanol\/wp-json\/wp\/v2\/users\/1"}],"replies":[{"embeddable":true,"href":"https:\/\/www2.memri.org\/espanol\/wp-json\/wp\/v2\/comments?post=51377"}],"version-history":[{"count":0,"href":"https:\/\/www2.memri.org\/espanol\/wp-json\/wp\/v2\/posts\/51377\/revisions"}],"wp:featuredmedia":[{"embeddable":true,"href":"https:\/\/www2.memri.org\/espanol\/wp-json\/wp\/v2\/media\/51390"}],"wp:attachment":[{"href":"https:\/\/www2.memri.org\/espanol\/wp-json\/wp\/v2\/media?parent=51377"}],"wp:term":[{"taxonomy":"category","embeddable":true,"href":"https:\/\/www2.memri.org\/espanol\/wp-json\/wp\/v2\/categories?post=51377"},{"taxonomy":"post_tag","embeddable":true,"href":"https:\/\/www2.memri.org\/espanol\/wp-json\/wp\/v2\/tags?post=51377"}],"curies":[{"name":"wp","href":"https:\/\/api.w.org\/{rel}","templated":true}]}}