{"id":51371,"date":"2018-12-18T17:45:11","date_gmt":"2018-12-18T21:45:11","guid":{"rendered":"http:\/\/www2.memri.org\/espanol\/?p=51371"},"modified":"2018-12-19T18:07:44","modified_gmt":"2018-12-19T22:07:44","slug":"ibrahim-karagul-editor-jefe-del-diario-vocero-del-akp-yeni-safak-amenaza-a-arabia-saudita-a-los-eau-y-a-occidente-ustedes-seran-los-que-veran-guerra-somos-una-nacion-que-se-ha-alza","status":"publish","type":"post","link":"https:\/\/www2.memri.org\/espanol\/ibrahim-karagul-editor-jefe-del-diario-vocero-del-akp-yeni-safak-amenaza-a-arabia-saudita-a-los-eau-y-a-occidente-ustedes-seran-los-que-veran-guerra-somos-una-nacion-que-se-ha-alza\/51371","title":{"rendered":"Ibrahim Karagul, editor jefe del diario vocero del AKP &#8216;Yeni Safak&#8217; amenaza a Arabia Saudita, a los EAU y a Occidente: &#8216;\u00a1Ustedes ser\u00e1n los que ver\u00e1n guerra!&#8217; &#8216;Somos una naci\u00f3n que se ha alzado contra Occidente y lo seguiremos haciendo&#8217;"},"content":{"rendered":"<p><em>En un editorial el 1 de diciembre, 2018 Ibrahim Karag\u00fcl, editor en jefe del diario Yeni Safak, principal portavoz del partido AKP en Turqu\u00eda, amenaz\u00f3 con librar una guerra contra Arabia Saudita y los Emiratos \u00c1rabes Unidos (EAU).<\/em><a href=\"#_edn1\" name=\"_ednref1\">[1]<\/a><em> Haciendo un llamado a la calle \u00e1rabe para que se rebele contra el Pr\u00edncipe Heredero a la Corona Mohammed bin Salman y contra el Pr\u00edncipe Heredero a la Corona de los EAU Mohammed bin Zayed, este inst\u00f3: \u00abQu\u00edtenles el poder. Si es posible, silencien a estos dos enemigos de los \u00e1rabes, que son anti-patria y anti-regi\u00f3n!\u00bb<\/em><\/p>\n<p><em>La animosidad de Turqu\u00eda hacia Mohammed bin Salman y Mohammed bin Zayed, escribi\u00f3, no trata \u00fanicamente con el asesinato de Jamal Khashoggi; El verdadero problema, agreg\u00f3, son las ambiciones de Arabia Saudita y de los EAU en la regi\u00f3n. Estos dos, enfatiz\u00f3, est\u00e1n construyendo un frente en contra de Turqu\u00eda, que provocar\u00e1 una guerra turco-\u00e1rabe. \u00abHe estado llamando la atenci\u00f3n sobre este peligro durante los \u00faltimos 2 a\u00f1os y, paso a paso, el peligro se est\u00e1 acercando. \u00a1Despierten!\u00bb escribi\u00f3 Karag\u00fcl. Este tambi\u00e9n afirm\u00f3 que Arabia Saudita y los EAU han asumido el papel regional en el proyecto Estados Unidos-Israel con el prop\u00f3sito de hacer que Turqu\u00eda colapse desde dentro y, si eso falla, amenazarla abiertamente con una guerra.<\/em><\/p>\n<p><em>Karag\u00fcl advirti\u00f3 que Turqu\u00eda se pondr\u00e1 de pie y luchar\u00e1 no solo contra Mohammed bin Salman y contra Mohammed bin Zayed, sino en especial contra Occidente. \u00abLa trampa ha sido tendida contra todo el mundo musulm\u00e1n. Ha sido tendida contra todas nuestras patrias, \u00bfno lo ven? Si contin\u00faa as\u00ed, muy pronto veremos tanques en las puertas de la Kaaba y aviones de combate de Occidente en los cielos de Meca y Medina\u00bb, este escribi\u00f3.<\/em><\/p>\n<p><em>A continuaci\u00f3n se presentan extractos del editorial de Karag\u00fcl, titulado \u00abEsta es una declaraci\u00f3n de guerra contra Turqu\u00eda. Naciones \u00e1rabes, les advertimos: \u00a1Detengan a esos dos pr\u00edncipes herederos a la corona de una buena vez! \u00a1Derroquen a Mohammed Bin Salman! Entiendan que la trampa ha sido montada contra ustedes!\u00bb<a href=\"#_edn2\" name=\"_ednref2\"><strong>[2]<\/strong><\/a><\/em><\/p>\n<p><em><img loading=\"lazy\" decoding=\"async\" class=\"alignnone size-full wp-image-51374\" src=\"https:\/\/www2.memri.org\/espanol\/wp-content\/uploads\/2018\/12\/sd7810_0-1-1.jpg\" width=\"476\" height=\"269\" srcset=\"https:\/\/www2.memri.org\/espanol\/wp-content\/uploads\/2018\/12\/sd7810_0-1-1.jpg 476w, https:\/\/www2.memri.org\/espanol\/wp-content\/uploads\/2018\/12\/sd7810_0-1-1-300x170.jpg 300w\" sizes=\"auto, (max-width: 476px) 100vw, 476px\" \/>(Fuente: Youtube.com)<\/em><\/p>\n<p><strong>\u00abLa gran guerra del Golfo&#8230; est\u00e1 planeada para ser lanzada justo despu\u00e9s de la guerra en Siria\u00bb<\/strong><\/p>\n<p>\u00abArabia Saudita y los Emiratos \u00c1rabes Unidos (EAU) juegan muy peligrosamente. Est\u00e1n tomando medidas abiertamente que significar\u00e1n una declaraci\u00f3n de guerra contra Turqu\u00eda.<\/p>\n<p>\u00abCometen una serie de provocaciones una tras otra para que se produzca un gran enfrentamiento, que destruir\u00e1 no solo a ellos mismos sino a toda la regi\u00f3n. Est\u00e1n movilizando a todo el mundo \u00e1rabe para que act\u00fae en contra de Turqu\u00eda en un esfuerzo por desencadenar una guerra turco-\u00e1rabe\u00bb.<\/p>\n<p>\u00abComo si los cientos de d\u00f3lares en apoyo financiero y log\u00edstico que estos proveyeron para los ataques multinacionales en contra de nuestro pa\u00eds el 15 de julio, 2016 no fuesen suficientes, ahora est\u00e1n forjando frentes al sur de la frontera con Turqu\u00eda. Luego de los millones de d\u00f3lares que estos le proveyeron al Partido de los Trabajadores del Kurdist\u00e1n (PKK) y a otras organizaciones terroristas al norte de Siria, ahora han decidido financiar los puntos de observaci\u00f3n estadounidenses<\/p>\n<p>\u00abLas delegaciones de los EAU y Arabia Saudita visitan los campamentos del PKK en la regi\u00f3n, enviando expertos militares y desplegando tropas en la regi\u00f3n. Contra qui\u00e9n? Contra nosotros. Est\u00e1n construyendo frentes a lo largo de la frontera de Turqu\u00eda. Est\u00e1n haciendo preparativos conjuntos con los ej\u00e9rcitos de Occidente y las organizaciones terroristas para una guerra contra nuestro pa\u00eds.<\/p>\n<p>\u00abEstos dos pa\u00edses que han asumido el papel regional en el proyecto Estados Unidos-Israel para hacer que Turqu\u00eda colapse desde dentro y si eso fracasa, lo amenazan abiertamente con librar una guerra, est\u00e1n tratando de allanar el camino para librar una guerra regional con sus acciones. Aquellos que se alinearon con el frente brit\u00e1nico en contra del Imperio Otomano luego de la Primera Guerra Mundial ahora se est\u00e1n posicionando en frentes contra Turqu\u00eda nuevamente en torno al eje Estados Unidos, Reino Unido e Israel.<\/p>\n<p>\u00abEl Pr\u00edncipe Heredero a la Corona Mohammed bin Salman, quien orden\u00f3 el asesinato del periodista saudita Jamal Khashoggi y Mohammed bin Zayed de los EAU, siendo estos los sicarios de la invasi\u00f3n por Occidente, juegan sucio y asquerosamente para destruir sus propios pa\u00edses y la regi\u00f3n en su totalidad.<\/p>\n<p>\u00abEllos se est\u00e1n preparando para la Gran Guerra del Golfo, que ser\u00e1 librada justo despu\u00e9s de la guerra en Siria. Ellos est\u00e1n empujando a toda la regi\u00f3n hacia una trampa de acuerdo a las prioridades de Israel y las preferencias de ocupaci\u00f3n por parte de Estados Unidos en la regi\u00f3n\u00bb.<\/p>\n<p><strong>\u00abNuestra animosidad hacia Mohammed Bin Salman y hacia Mohammed Bin Zayed no trata \u00fanicamente el tema de Khashoggi\u00bb<\/strong><\/p>\n<p>\u00abLlamo al pueblo de Arabia Saudita y a la poblaci\u00f3n de los pa\u00edses del Golfo.<\/p>\n<p>\u00ab\u00a1Detengan a estos dos hombres! \u00a1Detengan a estos 2 pr\u00edncipes a la corona!<\/p>\n<p>\u00abSe ha establecido un juego sumamente peligroso. No muerdan el anzuelo, aniquilen esta trampa.<\/p>\n<p>\u00abSi es posible, saquen fuera a Mohammed bin Salman y a Mohammed bin Zayed de la regi\u00f3n. Sep\u00e1relos de sus pa\u00edses y del territorio \u00e1rabe. Qu\u00edtenles el poder. Si es posible, \u00a1silencien a estos dos enemigos de los \u00e1rabes anti-patria y anti-regi\u00f3n! Para prevenir la gran guerra que apunta las vidas de millones de musulmanes y que llevar\u00e1 a la ruina a nuestros pa\u00edses, aparten primero a estos dos hombres.<\/p>\n<p>\u00ab\u00bfNo ven que esto conducir\u00e1 a una masacre, al genocidio de los musulmanes?<\/p>\n<p>\u00ab\u00bfNo ven que se est\u00e1n haciendo preparativos para librar una &#8216;Guerra Civil Musulmana&#8217; a trav\u00e9s de ellos?<\/p>\n<p>\u00abSe est\u00e1n preparando para una &#8216;guerra turco-\u00e1rabe&#8217; como la de hace un siglo; prevengan esta guerra, detengan esta l\u00ednea de acontecimientos.<\/p>\n<p>\u00abLas calles \u00e1rabes, aquellos que poseen un sentido com\u00fan, no le ceden a aquellos que est\u00e1n tratando de empujar a los \u00e1rabes hacia una guerra contra Ir\u00e1n y Turqu\u00eda.<\/p>\n<p>\u00abAl igual que la poblaci\u00f3n de Turqu\u00eda, reconocimos este peligro y ustedes tambi\u00e9n deber\u00edan comprenderlo.<\/p>\n<p>\u00abTengan en cuenta que nuestra animosidad hacia Mohammed bin Salman y Mohammed bin Zayed no tiene que ver \u00fanicamente con el tema Khashoggi, sino con el propio proyecto. He estado llamando la atenci\u00f3n sobre este peligro durante los \u00faltimos dos a\u00f1os y, paso a paso, el peligro se est\u00e1 acercando. \u00a1Despierten!<\/p>\n<p>\u00ab\u00a1Pueblos de la regi\u00f3n! \u00bfNo vieron las guerras de Irak y Siria? Estas masacres se repetir\u00e1n en cada uno de sus pa\u00edses. Se repetir\u00e1n en los pa\u00edses del Golfo P\u00e9rsico y en Arabia Saudita. \u00a1Entren en sus cabales!\u00bb<\/p>\n<p><strong>\u00abPueblo \u00e1rabe&#8230; \u00a1Lev\u00e1ntense! Exilien a estos dos traidores de sus tierras\u00bb<\/strong><\/p>\n<p>\u00ab\u00c9lites del poder en Riad, derroquen al pr\u00edncipe heredero; d\u00e9jenlo de lado y s\u00e1quenlo de la ecuaci\u00f3n. Salven a su pa\u00eds. Salven el golfo, salven la regi\u00f3n.<\/p>\n<p>\u00abIndependientemente de la cantidad de tropas que acumulen a lo largo de nuestras fronteras, hemos estado luchando durante un milenio y seguiremos haci\u00e9ndolo. Podemos y encontraremos la manera de permanecer de pie. Somos una naci\u00f3n que se ha levantado contra Occidente y continuaremos haci\u00e9ndolo. Deben pensar en ustedes mismos, no en nosotros. Comprendan que se ha tendido una trampa contra los \u00e1rabes, contra el Golfo P\u00e9rsico y contra Arabia Saudita.<\/p>\n<p>\u00abNo solo estamos pensando en nosotros mismos, sino tambi\u00e9n en ustedes y en la regi\u00f3n. Se ha tendido una trampa contra todo el mundo musulm\u00e1n. Esta ha sido puesta a todas nuestras patrias, \u00bfno lo ven? Si esto contin\u00faa as\u00ed, muy pronto veremos tanques en las puertas de la Kaaba y aviones de combate de Occidente sobre los cielos de La Meca y Medina. \u00bfNo comprenden esto, no pueden percibir lo que se est\u00e1 acercando?<\/p>\n<p>\u00abAcumulen tropas al sur de Turqu\u00eda, financiar organizaciones terroristas que est\u00e1n atacando a Turqu\u00eda, establecerse en el mismo frente que ellos y pagar los gastos de las guarniciones estadounidenses e israel\u00edes se considerar\u00e1 como una declaraci\u00f3n de guerra contra nuestro pa\u00eds\u00bb.<\/p>\n<p>\u00abSus tropas tambi\u00e9n morir\u00e1n cuando protejamos nuestra naci\u00f3n y nuestras fronteras. Eviten esto. No permitan que las fuerzas \u00e1rabes combatan codo con codo con las organizaciones terroristas bajo el mando estadounidense e israel\u00ed\u00bb.<\/p>\n<p>\u00abLos \u00e1rabes, las calles \u00e1rabes, las \u00e9lites pol\u00edticas \u00e1rabes, los intelectuales, los periodistas, las tropas, los empresarios y todos los que est\u00e1n en su sano juicio: \u00a1Lev\u00e1ntense! Exilien a estos dos traidores de sus tierras. Si no los echan, la guerra se instalar\u00e1 en el coraz\u00f3n de los \u00e1rabes y sus naciones ser\u00e1n destruidas.<\/p>\n<p>\u00ab\u00a1Tomen las riendas, mu\u00e9vanse!\u00bb<\/p>\n<hr \/>\n<p><a href=\"#_ednref1\" name=\"_edn1\">[1]<\/a> Consulte la serie de MEMRI Despacho Especial No. 7785 &#8211; Ibrahim Karagul, jefe de redacci\u00f3n del vocero del AKP <em>&#8216;Yeni Safak&#8217;<\/em>: Turqu\u00eda se enfrenta a su mayor lucha desde la Primera Guerra Mundial; una nueva formaci\u00f3n de poderes rodea a Turqu\u00eda; No nos queda otra opci\u00f3n sino resurgir despu\u00e9s de un siglo, 30 de noviembre, 2018; Despacho Especial No. 7782 &#8211; Editor en jefe del vocero del AKP <em>Yeni Safak<\/em> Karag\u00fcl: Arabia Saudita y los Emiratos \u00c1rabes Unidos est\u00e1n construyendo un frente contra Turqu\u00eda con el objetivo de limitarnos a las fronteras de Anatolia, 29 de noviembre, 2018; Despacho Especial No. 7779 &#8211; Confidente del Presidente turco Erdogan Karagul y jefe de redacci\u00f3n del AKP: La Primera Guerra Mundial se repite; una guerra regional dirigida a Turqu\u00eda pudiera estallar; Mohammad bin Zayed de los Emiratos \u00c1rabes Unidos es el jefe tras el nuevo &#8216;eje del mal&#8217;, 28 de noviembre, 2018; la serie de MEMRI Investigaci\u00f3n y An\u00e1lisis No. 1425 &#8211; Mensajes divergentes de Turqu\u00eda &#8211; A Occidente y en casa &#8211; en referencia al tema del asesinato de Khashoggi, 27 de noviembre, 2018; Informe diario de MEMRI No. 170 &#8211; El asesinato de Khashoggi y la batalla por la supremac\u00eda en el mundo sunita, 5 de noviembre, 2018.<\/p>\n<p><a href=\"#_ednref2\" name=\"_edn2\"><\/a><\/p>\n<p>[2] Yenisafak.com, 1 de diciembre, 2018.<\/p>\n","protected":false},"excerpt":{"rendered":"<p>En un editorial el 1 de diciembre, 2018 Ibrahim Karag\u00fcl, editor en jefe del diario Yeni Safak, principal portavoz del partido AKP en Turqu\u00eda, amenaz\u00f3 con librar una guerra contra Arabia Saudita y los Emiratos \u00c1rabes Unidos (EAU).[1] Haciendo un llamado a la calle \u00e1rabe para que se rebele contra el Pr\u00edncipe Heredero a la [&hellip;]<\/p>\n","protected":false},"author":1,"featured_media":51374,"comment_status":"open","ping_status":"open","sticky":false,"template":"","format":"standard","meta":{"footnotes":""},"categories":[4,6,9,11,18,2,25,28],"tags":[],"class_list":["post-51371","post","type-post","status-publish","format-standard","has-post-thumbnail","hentry","category-archivos","category-comunicados-especiales","category-temas","category-e-u-a-y-el-medio-oriente","category-paises","category-featured","category-arabia-saudita","category-turquia"],"_links":{"self":[{"href":"https:\/\/www2.memri.org\/espanol\/wp-json\/wp\/v2\/posts\/51371","targetHints":{"allow":["GET"]}}],"collection":[{"href":"https:\/\/www2.memri.org\/espanol\/wp-json\/wp\/v2\/posts"}],"about":[{"href":"https:\/\/www2.memri.org\/espanol\/wp-json\/wp\/v2\/types\/post"}],"author":[{"embeddable":true,"href":"https:\/\/www2.memri.org\/espanol\/wp-json\/wp\/v2\/users\/1"}],"replies":[{"embeddable":true,"href":"https:\/\/www2.memri.org\/espanol\/wp-json\/wp\/v2\/comments?post=51371"}],"version-history":[{"count":0,"href":"https:\/\/www2.memri.org\/espanol\/wp-json\/wp\/v2\/posts\/51371\/revisions"}],"wp:featuredmedia":[{"embeddable":true,"href":"https:\/\/www2.memri.org\/espanol\/wp-json\/wp\/v2\/media\/51374"}],"wp:attachment":[{"href":"https:\/\/www2.memri.org\/espanol\/wp-json\/wp\/v2\/media?parent=51371"}],"wp:term":[{"taxonomy":"category","embeddable":true,"href":"https:\/\/www2.memri.org\/espanol\/wp-json\/wp\/v2\/categories?post=51371"},{"taxonomy":"post_tag","embeddable":true,"href":"https:\/\/www2.memri.org\/espanol\/wp-json\/wp\/v2\/tags?post=51371"}],"curies":[{"name":"wp","href":"https:\/\/api.w.org\/{rel}","templated":true}]}}