{"id":5108,"date":"2012-12-05T00:00:00","date_gmt":"2012-12-05T00:00:00","guid":{"rendered":"http:\/\/www2.memri.org\/espanol\/2012\/12\/05\/rebelde-sirio-fundador-de-la-brigada-robin-hood-promete-conquistar-israel-iran-y-europa\/"},"modified":"2016-01-13T21:26:26","modified_gmt":"2016-01-13T21:26:26","slug":"rebelde-sirio-fundador-de-la-brigada-robin-hood-promete-conquistar-israel-iran-y-europa","status":"publish","type":"post","link":"https:\/\/www2.memri.org\/espanol\/rebelde-sirio-fundador-de-la-brigada-robin-hood-promete-conquistar-israel-iran-y-europa\/5108","title":{"rendered":"Rebelde sirio fundador de la &#8216;Brigada Robin Hood&#8217; promete conquistar Israel, Ir\u00e1n y Europa"},"content":{"rendered":"<div class=\"bodytext c5\">\n<p><em>A continuaci\u00f3n se presentan extractos de un segmento de video con combatientes rebeldes en Aleppo, Siria, publicado en Internet el 21 de octubre, 2012:<\/em><\/p>\n<p><em><a href=\"http:\/\/www.memritv.org\/clip\/en\/3661.htm\">Haga clic aqu\u00ed para ver este segmento de video en MEMRI TV<\/a>.<\/em><\/p>\n<p><iframe height=\"485\" src=\"http:\/\/www.memritv.org\/player\/largePlayer.php?&amp;width=585&amp;height=485&amp;autoplay=0&amp;clipid=3661\" frameborder=\"0\" width=\"585\" allowtransparency=\"\" scrolling=\"no\"><\/iframe><\/p>\n<p><strong>Syrian<\/strong><\/p>\n<p><strong>Mujahid sirio<\/strong>: \u00abSeguiremos adelante, cuando, Al\u00e1 que lega, limpiemos Siria, no nos detendremos ah\u00ed. Continuaremos hacia las Granjas Shebaa y Kfar Shuba, y pasaremos a trav\u00e9s de los Altos del Gol\u00e1n hasta Jerusal\u00e9n&#8230; Y luego&#8230;\u00bb<\/p>\n<p><strong>Otro mujahid sirio<\/strong>: \u00abDirecto hasta Persia\u00bb.<\/p>\n<p><strong>Mujahid sirio<\/strong>: \u00abLuego giramos en u, limpiamos Irak, donde todav\u00eda hay algo de suciedad. Luego de haber terminado con Irak, pasamos a Constantinopla, y luego a C\u00f3rdoba y Andaluc\u00eda. Eso es. Ahora que tenemos armas, no tenemos la intenci\u00f3n de deponerlas.<\/p>\n<p>\u00abOccidente, Bashar, y Estados Unidos deber\u00edan estar felices. Esto es lo que obtienen por apoyar al r\u00e9gimen de Bashar. Les dijimos que quer\u00edamos libertad. Si lo hubieran removido, nunca hubiesen escuchado hablar m\u00e1s de nosotros. Esto se lo han buscado ustedes mismos. Nos convertimos en islamistas. Nos hemos convertido en terroristas. Ustedes nos forzaron esta situaci\u00f3n. Pudieron haberle llamado y dicho: \u00abBashar, vete\u00bb. Este se hubiese ido, pero en su lugar, le apoyaron y financiaron. \u00bfPor qu\u00e9? Porque sirve de guardia de la frontera [israel\u00ed]. Ni una bala ha sido disparada all\u00ed en los \u00faltimos 48 a\u00f1os\u00bb.<\/p>\n<p><strong>Otro mujahid sirio<\/strong>: \u00ab\u00bfQu\u00e9 dices \u00bfDeber\u00edamos cambiar el nombre de nuestra unidad?\u00bb<\/p>\n<p><strong>Mujahid sirio fuera de c\u00e1mara<\/strong>: \u00abDeber\u00edamos llamarnos la Brigada Al-Rahman\u00bb.<\/p>\n<p><strong>Mujahid sirio<\/strong>: \u00abNo, deber\u00edamos llamarnos las Brigadas Robin Hood\u00bb.<\/p>\n<p>[&#8230;]<\/p>\n<p><img loading=\"lazy\" decoding=\"async\" class=\"alignnone size-full wp-image-5592\" src=\"http:\/\/www2.memri.org\/espanol\/wp-content\/uploads\/2016\/01\/14054.jpg\" width=\"523\" height=\"319\" srcset=\"https:\/\/www2.memri.org\/espanol\/wp-content\/uploads\/2016\/01\/14054.jpg 523w, https:\/\/www2.memri.org\/espanol\/wp-content\/uploads\/2016\/01\/14054-300x183.jpg 300w\" sizes=\"auto, (max-width: 523px) 100vw, 523px\" \/><\/p>\n<p><img loading=\"lazy\" decoding=\"async\" class=\"alignnone size-full wp-image-5593\" src=\"http:\/\/www2.memri.org\/espanol\/wp-content\/uploads\/2016\/01\/14055.jpg\" width=\"637\" height=\"198\" srcset=\"https:\/\/www2.memri.org\/espanol\/wp-content\/uploads\/2016\/01\/14055.jpg 637w, https:\/\/www2.memri.org\/espanol\/wp-content\/uploads\/2016\/01\/14055-300x93.jpg 300w, https:\/\/www2.memri.org\/espanol\/wp-content\/uploads\/2016\/01\/14055-600x186.jpg 600w\" sizes=\"auto, (max-width: 637px) 100vw, 637px\" \/><\/p>\n<p><img loading=\"lazy\" decoding=\"async\" class=\"alignnone size-full wp-image-5594\" src=\"http:\/\/www2.memri.org\/espanol\/wp-content\/uploads\/2016\/01\/14057.jpg\" width=\"514\" height=\"317\" srcset=\"https:\/\/www2.memri.org\/espanol\/wp-content\/uploads\/2016\/01\/14057.jpg 514w, https:\/\/www2.memri.org\/espanol\/wp-content\/uploads\/2016\/01\/14057-300x185.jpg 300w, https:\/\/www2.memri.org\/espanol\/wp-content\/uploads\/2016\/01\/14057-356x220.jpg 356w\" sizes=\"auto, (max-width: 514px) 100vw, 514px\" \/><\/p>\n<p><img loading=\"lazy\" decoding=\"async\" class=\"alignnone size-full wp-image-5595\" src=\"http:\/\/www2.memri.org\/espanol\/wp-content\/uploads\/2016\/01\/14056.jpg\" width=\"517\" height=\"316\" srcset=\"https:\/\/www2.memri.org\/espanol\/wp-content\/uploads\/2016\/01\/14056.jpg 517w, https:\/\/www2.memri.org\/espanol\/wp-content\/uploads\/2016\/01\/14056-300x183.jpg 300w\" sizes=\"auto, (max-width: 517px) 100vw, 517px\" \/><\/p>\n<\/div>\n","protected":false},"excerpt":{"rendered":"<p>A continuaci\u00f3n se presentan extractos de un segmento de video con combatientes rebeldes en Aleppo, Siria, publicado en Internet el 21 de octubre, 2012: Haga clic aqu\u00ed para ver este segmento de video en MEMRI TV. Syrian Mujahid sirio: \u00abSeguiremos adelante, cuando, Al\u00e1 que lega, limpiemos Siria, no nos detendremos ah\u00ed. Continuaremos hacia las Granjas [&hellip;]<\/p>\n","protected":false},"author":1,"featured_media":5592,"comment_status":"open","ping_status":"open","sticky":false,"template":"","format":"standard","meta":{"footnotes":""},"categories":[6,26],"tags":[],"class_list":["post-5108","post","type-post","status-publish","format-standard","has-post-thumbnail","hentry","category-comunicados-especiales","category-siria"],"_links":{"self":[{"href":"https:\/\/www2.memri.org\/espanol\/wp-json\/wp\/v2\/posts\/5108","targetHints":{"allow":["GET"]}}],"collection":[{"href":"https:\/\/www2.memri.org\/espanol\/wp-json\/wp\/v2\/posts"}],"about":[{"href":"https:\/\/www2.memri.org\/espanol\/wp-json\/wp\/v2\/types\/post"}],"author":[{"embeddable":true,"href":"https:\/\/www2.memri.org\/espanol\/wp-json\/wp\/v2\/users\/1"}],"replies":[{"embeddable":true,"href":"https:\/\/www2.memri.org\/espanol\/wp-json\/wp\/v2\/comments?post=5108"}],"version-history":[{"count":0,"href":"https:\/\/www2.memri.org\/espanol\/wp-json\/wp\/v2\/posts\/5108\/revisions"}],"wp:featuredmedia":[{"embeddable":true,"href":"https:\/\/www2.memri.org\/espanol\/wp-json\/wp\/v2\/media\/5592"}],"wp:attachment":[{"href":"https:\/\/www2.memri.org\/espanol\/wp-json\/wp\/v2\/media?parent=5108"}],"wp:term":[{"taxonomy":"category","embeddable":true,"href":"https:\/\/www2.memri.org\/espanol\/wp-json\/wp\/v2\/categories?post=5108"},{"taxonomy":"post_tag","embeddable":true,"href":"https:\/\/www2.memri.org\/espanol\/wp-json\/wp\/v2\/tags?post=5108"}],"curies":[{"name":"wp","href":"https:\/\/api.w.org\/{rel}","templated":true}]}}