{"id":5099,"date":"2012-12-05T00:00:00","date_gmt":"2012-12-05T00:00:00","guid":{"rendered":"http:\/\/www2.memri.org\/espanol\/2012\/12\/05\/tutoria-de-los-rebeldes-sirios-sobre-como-fabricar-una-mascarilla-de-gas\/"},"modified":"2016-01-13T21:26:21","modified_gmt":"2016-01-13T21:26:21","slug":"tutoria-de-los-rebeldes-sirios-sobre-como-fabricar-una-mascarilla-de-gas","status":"publish","type":"post","link":"https:\/\/www2.memri.org\/espanol\/tutoria-de-los-rebeldes-sirios-sobre-como-fabricar-una-mascarilla-de-gas\/5099","title":{"rendered":"Tutor\u00eda de los rebeldes sirios sobre como fabricar una mascarilla de gas"},"content":{"rendered":"<div class=\"bodytext c2\">\n<p><em>A continuaci\u00f3n se presentan extractos de una tutor\u00eda por un rebelde sirio en el c\u00f3mo hacer una mascarilla de gas, publicado en Internet el 4 de diciembre, 2012:<\/em><\/p>\n<p><em><a href=\"http:\/\/www.memri.org\/clip\/en\/0\/0\/0\/0\/0\/0\/3662.htm\">Haga clic aqu\u00ed para ver este segmento de video en MEMRI TV<\/a>.<\/em><\/p>\n<p><iframe height=\"485\" src=\"http:\/\/www.memritv.org\/player\/largePlayer.php?&amp;width=585&amp;height=485&amp;autoplay=0&amp;clipid=3662\" frameborder=\"0\" width=\"585\" allowtransparency=\"\" scrolling=\"no\"><\/iframe><\/p>\n<p><strong>Instructor<\/strong>: \u00abHoy les ense\u00f1aremos c\u00f3mo hacer una mascarilla de gas. Aqu\u00ed tenemos algunos vasos de papel &#8211; los vasos de jugo est\u00e1ndar que se encuentran en cualquier parte. Tomamos una cuerda el\u00e1stica, tijeras, alfiler, y cinta adhesiva\u00bb<\/p>\n<p>[&#8230;]<\/p>\n<p><strong>Instructor<\/strong>: \u00abColocamos algunas de las bolas de algod\u00f3n en el interior del vaso.<\/p>\n<p>[&#8230;]<\/p>\n<p>\u00abUn cuarto del vaso se llena con bolitas de algod\u00f3n y el otro cuarto con carb\u00f3n.<\/p>\n<p>[&#8230;]<\/p>\n<p>\u00abUnimos las cuerdas el\u00e1sticas para que la podamos llevar puesta sobre nuestras orejas.<\/p>\n<p>[&#8230;]<\/p>\n<p>\u00abCerramos este segundo vaso como un filtro y lo colocamos dentro del primer vaso. Voila! Tenemos un filtro nuevo.<\/p>\n<p>[&#8230;]<\/p>\n<p>\u00abNuestra mascarilla est\u00e1 lista para ser usada.<\/p>\n<p>[&#8230;]<\/p>\n<p>\u00abA fin de colocarse la mascarilla, mantenga las cuerdas el\u00e1sticas en ambas manos y col\u00f3quese esta sobre la boca y la nariz. Coloque una tira alrededor de su oreja derecha y la otra sobre la oreja izquierda. De esta manera hacemos herm\u00e9tica la mascarilla.<\/p>\n<p>[&#8230;]<\/p>\n<p>\u00abDespu\u00e9s de colocarse la mascarilla, debemos sellar nuestros o\u00eddos. Utilizamos bolas de algod\u00f3n, s\u00f3lo tiene que coloc\u00e1rselo en ambos o\u00eddos. De esta manera estaremos protegidos de un ataque qu\u00edmico. Que viva Siria, orgullosa y libre\u00bb.<\/p>\n<p>[&#8230;]<\/p>\n<p><img loading=\"lazy\" decoding=\"async\" class=\"alignnone size-full wp-image-5588\" src=\"http:\/\/www2.memri.org\/espanol\/wp-content\/uploads\/2016\/01\/14050.jpg\" width=\"571\" height=\"326\" srcset=\"https:\/\/www2.memri.org\/espanol\/wp-content\/uploads\/2016\/01\/14050.jpg 571w, https:\/\/www2.memri.org\/espanol\/wp-content\/uploads\/2016\/01\/14050-300x171.jpg 300w\" sizes=\"auto, (max-width: 571px) 100vw, 571px\" \/><\/p>\n<p><img loading=\"lazy\" decoding=\"async\" class=\"alignnone size-full wp-image-5589\" src=\"http:\/\/www2.memri.org\/espanol\/wp-content\/uploads\/2016\/01\/14051.jpg\" width=\"572\" height=\"328\" srcset=\"https:\/\/www2.memri.org\/espanol\/wp-content\/uploads\/2016\/01\/14051.jpg 572w, https:\/\/www2.memri.org\/espanol\/wp-content\/uploads\/2016\/01\/14051-300x172.jpg 300w\" sizes=\"auto, (max-width: 572px) 100vw, 572px\" \/><\/p>\n<p><img loading=\"lazy\" decoding=\"async\" class=\"alignnone size-full wp-image-5590\" src=\"http:\/\/www2.memri.org\/espanol\/wp-content\/uploads\/2016\/01\/14052.jpg\" width=\"572\" height=\"330\" srcset=\"https:\/\/www2.memri.org\/espanol\/wp-content\/uploads\/2016\/01\/14052.jpg 572w, https:\/\/www2.memri.org\/espanol\/wp-content\/uploads\/2016\/01\/14052-300x173.jpg 300w\" sizes=\"auto, (max-width: 572px) 100vw, 572px\" \/><\/p>\n<\/div>\n","protected":false},"excerpt":{"rendered":"<p>A continuaci\u00f3n se presentan extractos de una tutor\u00eda por un rebelde sirio en el c\u00f3mo hacer una mascarilla de gas, publicado en Internet el 4 de diciembre, 2012: Haga clic aqu\u00ed para ver este segmento de video en MEMRI TV. Instructor: \u00abHoy les ense\u00f1aremos c\u00f3mo hacer una mascarilla de gas. Aqu\u00ed tenemos algunos vasos de [&hellip;]<\/p>\n","protected":false},"author":1,"featured_media":5588,"comment_status":"open","ping_status":"open","sticky":false,"template":"","format":"standard","meta":{"footnotes":""},"categories":[6,26],"tags":[],"class_list":["post-5099","post","type-post","status-publish","format-standard","has-post-thumbnail","hentry","category-comunicados-especiales","category-siria"],"_links":{"self":[{"href":"https:\/\/www2.memri.org\/espanol\/wp-json\/wp\/v2\/posts\/5099","targetHints":{"allow":["GET"]}}],"collection":[{"href":"https:\/\/www2.memri.org\/espanol\/wp-json\/wp\/v2\/posts"}],"about":[{"href":"https:\/\/www2.memri.org\/espanol\/wp-json\/wp\/v2\/types\/post"}],"author":[{"embeddable":true,"href":"https:\/\/www2.memri.org\/espanol\/wp-json\/wp\/v2\/users\/1"}],"replies":[{"embeddable":true,"href":"https:\/\/www2.memri.org\/espanol\/wp-json\/wp\/v2\/comments?post=5099"}],"version-history":[{"count":0,"href":"https:\/\/www2.memri.org\/espanol\/wp-json\/wp\/v2\/posts\/5099\/revisions"}],"wp:featuredmedia":[{"embeddable":true,"href":"https:\/\/www2.memri.org\/espanol\/wp-json\/wp\/v2\/media\/5588"}],"wp:attachment":[{"href":"https:\/\/www2.memri.org\/espanol\/wp-json\/wp\/v2\/media?parent=5099"}],"wp:term":[{"taxonomy":"category","embeddable":true,"href":"https:\/\/www2.memri.org\/espanol\/wp-json\/wp\/v2\/categories?post=5099"},{"taxonomy":"post_tag","embeddable":true,"href":"https:\/\/www2.memri.org\/espanol\/wp-json\/wp\/v2\/tags?post=5099"}],"curies":[{"name":"wp","href":"https:\/\/api.w.org\/{rel}","templated":true}]}}