{"id":5074,"date":"2012-11-11T00:00:00","date_gmt":"2012-11-11T00:00:00","guid":{"rendered":"http:\/\/www2.memri.org\/espanol\/2012\/11\/11\/presidente-de-la-autoridad-palestina-mahmoud-abbas-presenta-su-vision-a-la-cuestion-del-derecho-a-retorno\/"},"modified":"2016-01-13T21:27:36","modified_gmt":"2016-01-13T21:27:36","slug":"presidente-de-la-autoridad-palestina-mahmoud-abbas-presenta-su-vision-a-la-cuestion-del-derecho-a-retorno","status":"publish","type":"post","link":"https:\/\/www2.memri.org\/espanol\/presidente-de-la-autoridad-palestina-mahmoud-abbas-presenta-su-vision-a-la-cuestion-del-derecho-a-retorno\/5074","title":{"rendered":"Presidente de la Autoridad Palestina Mahmoud &#8216;Abbas presenta su visi\u00f3n a la cuesti\u00f3n del derecho a retorno"},"content":{"rendered":"<div class=\"bodytext c2\">\n<p><em>Lo siguiente son extractos de una entrevista concedida por el Presidente de<\/em> <em>la Autoridad Palestina<\/em> <em>Mahmoud &#8216;Abbas al Canal 2 de la televisi\u00f3n israel\u00ed el 2 de noviembre del 2012, y una entrevista con Al-Hayat TV un d\u00eda despu\u00e9s.<\/em><\/p>\n<p><em><a href=\"http:\/\/www.memritv.org\/clip\/en\/3634.htm\">Haga clic aqu\u00ed para ver este segmento de video en MEMRI TV<\/a>.<\/em><\/p>\n<p><iframe height=\"485\" src=\"http:\/\/www.memritv.org\/player\/largePlayer.php?&amp;width=585&amp;height=485&amp;autoplay=0&amp;clipid=3634\" frameborder=\"0\" width=\"585\" allowtransparency=\"\" scrolling=\"no\"><\/iframe><\/p>\n<p><strong>Canal 2 (Israel), 2 de noviembre, 2012:<\/strong><\/p>\n<p><img loading=\"lazy\" decoding=\"async\" class=\"alignnone size-full wp-image-5680\" src=\"http:\/\/www2.memri.org\/espanol\/wp-content\/uploads\/2016\/01\/13852.jpg\" width=\"533\" height=\"358\" srcset=\"https:\/\/www2.memri.org\/espanol\/wp-content\/uploads\/2016\/01\/13852.jpg 533w, https:\/\/www2.memri.org\/espanol\/wp-content\/uploads\/2016\/01\/13852-300x202.jpg 300w\" sizes=\"auto, (max-width: 533px) 100vw, 533px\" \/><\/p>\n<p><strong>Mahmoud &lsquo;Abbas<\/strong>:&#8230;. \u00abMientras yo est\u00e9 aqu\u00ed, en esta oficina, no habr\u00e1 una tercera Intifada ni ninguna Intifada armada. No queremos utilizar el terrorismo no queremos usar la fuerza. No queremos usar las armas\u00bb.<\/p>\n<p>[&#8230;]<\/p>\n<p><strong>Entrevistador<\/strong>: \u00abUsted es originario de Safed\u00bb.<\/p>\n<p><strong>Mahmoud &#8216;Abbas:<\/strong> \u00abDe Safed, s\u00ed\u00bb.<\/p>\n<p><strong>Entrevistador<\/strong>: \u00ab\u00bfQuisiera usted ir all\u00ed?\u00bb<\/p>\n<p><strong>Mahmoud &#8216;Abbas<\/strong>: \u00abPor supuesto quisiera ver Safed\u00bb.<\/p>\n<p><strong>Entrevistador<\/strong>: \u00abVisitarla o vivir all\u00ed?\u00bb<\/p>\n<p><strong>Mahmoud &#8216;Abbas<\/strong>: \u00abNo, no. Quiero visitar a alguien que est\u00e1 sentado con nosotros en estos momentos. Visit\u00e9 Safed antes, Pero quiero ver Safed. Es mi derecho verla, pero no vivir all\u00ed\u00bb.<\/p>\n<p><strong>Entrevistador<\/strong>: \u00ab\u00bfEs esto Palestina para usted?\u00bb<\/p>\n<p><strong>Mahmoud &#8216;Abbas<\/strong>: \u00abPalestina ahora, para m\u00ed, son las fronteras de 1967, con Jerusal\u00e9n Oriental como su capital. Esto es ahora y para siempre\u00bb.<\/p>\n<p>[&#8230;]<\/p>\n<p><img loading=\"lazy\" decoding=\"async\" class=\"alignnone size-full wp-image-5681\" src=\"http:\/\/www2.memri.org\/espanol\/wp-content\/uploads\/2016\/01\/13853.jpg\" width=\"525\" height=\"362\" srcset=\"https:\/\/www2.memri.org\/espanol\/wp-content\/uploads\/2016\/01\/13853.jpg 525w, https:\/\/www2.memri.org\/espanol\/wp-content\/uploads\/2016\/01\/13853-300x207.jpg 300w, https:\/\/www2.memri.org\/espanol\/wp-content\/uploads\/2016\/01\/13853-100x70.jpg 100w, https:\/\/www2.memri.org\/espanol\/wp-content\/uploads\/2016\/01\/13853-218x150.jpg 218w\" sizes=\"auto, (max-width: 525px) 100vw, 525px\" \/><\/p>\n<p><strong>Al-Hayat TV, 3 de noviembre, 2012:<\/strong><\/p>\n<p><strong>Entrevistador<\/strong>: \u00ab\u00bfQu\u00e9 sucede con el derecho a retorno, y a las conversaciones sobre Safed, donde usted naci\u00f3, pero no desea regresar\u00bb<\/p>\n<p><strong>Mahmoud &#8216;Abbas<\/strong>: \u00abEsta es mi postura personal, es mi derecho decir donde quiero o no quiero vivir. Sin embargo, nadie puede menoscabar el derecho a retorno, ya que se menciona en dos lugares&#8230;<\/p>\n<p>\u00abLa primera es la Resoluci\u00f3n 194 de la ONU. Hoy d\u00eda, la gente puede que no recuerde la Resoluci\u00f3n 194, pero esta resoluci\u00f3n, aprobada en 1949, le concede indemnizaci\u00f3n a cualquiera que no desee regresar. As\u00ed que la base es el Derecho a Retorno, pero cualquiera que no desee regresar es libre de [elegir]\u00bb.<\/p>\n<p><strong>Entrevistador<\/strong>: \u00abAs\u00ed que cuando usted se jubile y se convierta en un ciudadano palestino com\u00fan otra vez, recibir\u00e1 una indemnizaci\u00f3n si no quiere regresar?\u00bb<\/p>\n<p><strong>Mahmoud &#8216;Abbas<\/strong>: \u00abTendr\u00e9 libertad de elegir. No s\u00f3lo yo, todo ciudadano que no desee regresar&#8230; \u00bfPara qu\u00e9 es la compensaci\u00f3n? Es por nuestras propiedades y dem\u00e1s, pero tambi\u00e9n es por nuestro sufrimiento. As\u00ed que incluso aquellos que regresan poseen el derecho&#8230;\u00bb<\/p>\n<p><strong>Entrevistador<\/strong>: \u00abCompensaci\u00f3n por su sufrimiento\u00bb.<\/p>\n<p><strong>Mahmoud &#8216;Abbas<\/strong>: \u00abPor supuesto. Esa es la base. Por consiguiente, la Resoluci\u00f3n 194 le otorga compensaci\u00f3n a cualquiera que no desee regresar.<\/p>\n<p>\u00abConsiderar ahora la iniciativa de paz \u00e1rabe, que sirve como base para la pol\u00edtica de esta, adoptada por todos los pa\u00edses \u00e1rabes e isl\u00e1micos \u00bfQu\u00e9 dice esta exactamente? Dice lo siguiente: &#8216;Una soluci\u00f3n justa al problema de los refugiados palestinos, que sea acordada en conformidad con la resoluci\u00f3n 194 de la ONU.<\/p>\n<p>\u00ab\u00bfC\u00f3mo interpreta usted esto? &#8216;Una soluci\u00f3n justa&#8217;, &#8216;acordada&#8217; &#8211; con quien? Mientras usted est\u00e1 negociando con la otra parte, Israel, desea llegar a un acuerdo con este. Si usted fuese la parte victoriosa, nadie estar\u00eda en desacuerdo con usted sobre nada, pero ya que esta es la soluci\u00f3n propuesta por los pa\u00edses \u00e1rabes &#8211; una soluci\u00f3n justa para los refugiados, acordada de conformidad con la Resoluci\u00f3n 194 &#8211; entonces esta es la interpretaci\u00f3n.<\/p>\n<p>\u00abHay algo m\u00e1s. Seis cuestiones b\u00e1sicas todav\u00eda quedan: las fronteras, los asentamientos, la seguridad de los refugiados, el agua, etc. Todos estos temas deben ser llevados a la mesa de negociaciones, para ser discutidos sobre la base de la resoluci\u00f3n 194 y la iniciativa de paz \u00e1rabe. Los acuerdos que alcancemos ser\u00e1n presentados al pueblo para ser convocados a refer\u00e9ndum, y son ellos los que lo aceptar\u00e1n o rechazaran.<\/p>\n<p>\u00abSi los aceptan &#8211; bien, pero si los rechazan &#8211; no s\u00f3lo la soluci\u00f3n, sino la parte que lo propuso, ser\u00e1 derrotada\u00bb.<\/p>\n<p>[&#8230;]<\/p>\n<\/div>\n","protected":false},"excerpt":{"rendered":"<p>Lo siguiente son extractos de una entrevista concedida por el Presidente de la Autoridad Palestina Mahmoud &#8216;Abbas al Canal 2 de la televisi\u00f3n israel\u00ed el 2 de noviembre del 2012, y una entrevista con Al-Hayat TV un d\u00eda despu\u00e9s. Haga clic aqu\u00ed para ver este segmento de video en MEMRI TV. Canal 2 (Israel), 2 [&hellip;]<\/p>\n","protected":false},"author":1,"featured_media":5680,"comment_status":"open","ping_status":"open","sticky":false,"template":"","format":"standard","meta":{"footnotes":""},"categories":[6,13,23],"tags":[],"class_list":["post-5074","post","type-post","status-publish","format-standard","has-post-thumbnail","hentry","category-comunicados-especiales","category-conflicto-arabe-israeli","category-autoridad-palestina"],"_links":{"self":[{"href":"https:\/\/www2.memri.org\/espanol\/wp-json\/wp\/v2\/posts\/5074","targetHints":{"allow":["GET"]}}],"collection":[{"href":"https:\/\/www2.memri.org\/espanol\/wp-json\/wp\/v2\/posts"}],"about":[{"href":"https:\/\/www2.memri.org\/espanol\/wp-json\/wp\/v2\/types\/post"}],"author":[{"embeddable":true,"href":"https:\/\/www2.memri.org\/espanol\/wp-json\/wp\/v2\/users\/1"}],"replies":[{"embeddable":true,"href":"https:\/\/www2.memri.org\/espanol\/wp-json\/wp\/v2\/comments?post=5074"}],"version-history":[{"count":0,"href":"https:\/\/www2.memri.org\/espanol\/wp-json\/wp\/v2\/posts\/5074\/revisions"}],"wp:featuredmedia":[{"embeddable":true,"href":"https:\/\/www2.memri.org\/espanol\/wp-json\/wp\/v2\/media\/5680"}],"wp:attachment":[{"href":"https:\/\/www2.memri.org\/espanol\/wp-json\/wp\/v2\/media?parent=5074"}],"wp:term":[{"taxonomy":"category","embeddable":true,"href":"https:\/\/www2.memri.org\/espanol\/wp-json\/wp\/v2\/categories?post=5074"},{"taxonomy":"post_tag","embeddable":true,"href":"https:\/\/www2.memri.org\/espanol\/wp-json\/wp\/v2\/tags?post=5074"}],"curies":[{"name":"wp","href":"https:\/\/api.w.org\/{rel}","templated":true}]}}