{"id":5058,"date":"2012-10-23T00:00:00","date_gmt":"2012-10-23T00:00:00","guid":{"rendered":"http:\/\/www2.memri.org\/espanol\/2012\/10\/23\/columnista-jordano-el-holocausto-fue-exagerado-para-justificar-la-usurpacion-de-palestina\/"},"modified":"2016-01-13T21:28:43","modified_gmt":"2016-01-13T21:28:43","slug":"columnista-jordano-el-holocausto-fue-exagerado-para-justificar-la-usurpacion-de-palestina","status":"publish","type":"post","link":"https:\/\/www2.memri.org\/espanol\/columnista-jordano-el-holocausto-fue-exagerado-para-justificar-la-usurpacion-de-palestina\/5058","title":{"rendered":"Columnista jordano: El Holocausto fue exagerado para justificar la usurpaci\u00f3n de Palestina"},"content":{"rendered":"<div class=\"bodytext c2\">\n<p><em>En un art\u00edculo en el diario de Qatar Al-Sharq, Faiz Rashid, columnista jordano de origen palestino, critic\u00f3 una llamada hecha por un embajador palestino para ense\u00f1ar el Holocausto en las escuelas \u00e1rabes, as\u00ed como la visita de un funcionario de<\/em> <em>la Autoridad Palestina<\/em> <em>a Auschwitz. Rashid exigi\u00f3 que se ense\u00f1ara el Nakba en lugar del holocausto. Tambi\u00e9n expres\u00f3 sus dudas en cuanto al alcance del Holocausto, citando libros de investigadores y negadores del Holocausto, incluyendo a Roger Garaudy.<\/em><\/p>\n<p><em>Lo siguiente son extractos del art\u00edculo: <a href=\"#_edn1\" name=\"_ednref1\">[1]<\/a><\/em><\/p>\n<p><strong>Funcionarios palestinos que hablan del Holocausto \u00abparecen estar viviendo en Marte\u00bb<\/strong><\/p>\n<p>\u00abEsta es la \u00faltima mueca. Un embajador palestino en uno de los pa\u00edses del mundo [Alemania] concedi\u00f3 una entrevista al periodista israel\u00ed Barak Ravid, en la que exigi\u00f3 ense\u00f1ar el &#8216;Holocausto jud\u00edo&#8217; a las generaciones futuras. De acuerdo con la revista en Internet Dunya Al-Watan y muchos otros portales, la entrevista fue publicada en el diario [israel\u00ed] <em>Haaretz<\/em> en julio, en hebreo e ingl\u00e9s. El embajador dijo que el Holocausto fue una tragedia humana, cuyas v\u00edctimas fueron los jud\u00edos, y que debemos ense\u00f1arles a las generaciones futuras de este como un evento doloroso y aterrador, para que nunca jam\u00e1s se repita. <a href=\"#_edn2\" name=\"_ednref2\">[2]<\/a> Adem\u00e1s, hace dos semanas, un funcionario palestino visit\u00f3 Polonia, <a href=\"#_edn3\" name=\"_ednref3\">[3]<\/a> en donde tuvo lugar el Holocausto, y coloc\u00f3 flores all\u00ed, y un ex embajador palestino en un determinado pa\u00eds [Polonia] llev\u00f3 a cabo una ceremonia conmemorando el Holocausto, a la cual invit\u00f3 al embajador sionista de ese pa\u00eds David Peleg.<\/p>\n<p>\u00abEstos funcionarios parecen estar viviendo en Marte! Es como si no estuvieran experimentando el sufrimiento de nuestro pueblo palestino, el cual, durante casi 100 a\u00f1os, ha conocido cientos de masacres y decenas de atentados, guerras y todo tipo de cat\u00e1strofe en manos del enemigo israel\u00ed y el movimiento sionista. [Estos funcionarios est\u00e1n respondiendo a] las presiones ejercidas por los Estados Unidos, Europa y Occidente sobre los pa\u00edses \u00e1rabes, entre ellos la Autoridad Palestina, y sobre el UNRWA con el fin de incorporar al Holocausto en los planes de estudios \u00e1rabes y palestinos. Adem\u00e1s, tambi\u00e9n existe presi\u00f3n por Israel a abstenerse de ense\u00f1ar el <em>Nakba<\/em> palestino. Israel ha aprobado leyes que proh\u00edben a nuestro pueblo conmemorar el D\u00eda del <em>Nakba<\/em> dentro de los [territorios] de 1948 [es decir, a los \u00e1rabes israel\u00edes], bajo [penas] de prisi\u00f3n por muchos a\u00f1os.<\/p>\n<p>\u00abEstas llamadas llegan en un momento en que varios pa\u00edses europeos han aprobado la &#8216;Ley Gayssot&#8217; <a href=\"#_edn4\" name=\"_ednref4\">[4]<\/a>, que proh\u00edbe a los investigadores e historiadores cuestionar la narrativa sionista del Holocausto bajo una larga pena de prisi\u00f3n &#8211; no s\u00f3lo la veracidad de la historia del [Holocausto], sino tambi\u00e9n el n\u00famero de v\u00edctimas jud\u00edas dadas por el relato israel\u00ed. Todos los que cuestionaron la veracidad de la narrativa sionista fueron despedidos de sus puestos. Sus libros no fueron publicados, sus medios de vida se vieron comprometidos y les fueron impuestas grandes multas. Entre ellos figuraban los historiadores Roger Garuady y David Irving\u00bb.<\/p>\n<p><strong>\u00ab\u00bfPor qu\u00e9 el enfoque en las v\u00edctimas jud\u00edas? El movimiento sionista exager\u00f3 el Holocausto&#8230;\u00bb<\/strong><\/p>\n<p>\u00abLos nazis perpetraron masacres contra todos los pueblos europeos. Quemaron miles de pueblos y aldeas. La URSS perdi\u00f3 20 millones de sus hijos en sus manos, y muchas otras naciones europeas [igualmente] perdieron a muchos de sus hijos. [Entonces] por qu\u00e9 el enfoque sobre las v\u00edctimas jud\u00edas? El movimiento sionista exager\u00f3 el Holocausto con el fin de proveer una excusa legal para usurpar Palestina, expulsar a sus habitantes, traer a los inmigrantes [jud\u00edos] all\u00ed y establecer su estado, y todo con el fin de chantajear a los pa\u00edses de Europa, especialmente a Alemania. El escritor jud\u00edo Norman Volkstein [sic, deber\u00eda ser Norman Finkelstein] escribi\u00f3 en su libro <em>La Industria<\/em> <em>del Holocausto<\/em> que el Holocausto es &#8216;una empresa industrial del sionismo y de Israel&#8217;.<\/p>\n<p>\u00abEl movimiento sionista conspir\u00f3 con los nazis en contra de los jud\u00edos: Estos firmaron el acuerdo de transferencia con Alemania en 1933 con el fin de facilitar la inmigraci\u00f3n de los jud\u00edos de Alemania a Palestina. En 1934 este firm\u00f3 otro acuerdo, destinado a fomentar la exportaci\u00f3n de [bienes] alemanes a Palestina, para que [los sionistas] pudieran comercializarlos (v\u00e9ase: &#8216;Abd Al-Rahman &#8216;Abd Al-Ghani, <em>La Alemania<\/em> <em>Nazi<\/em> <em>y Palestina<\/em>, Instituto de Estudios Palestinos, Beirut, 1995, p 69). Los contactos entre el movimiento sionista y los nazis continuaron. En septiembre de 1937, Eichmann y [Herbert] Hagen <a href=\"#_edn5\" name=\"_ednref5\">[5]<\/a> se reunieron en Palestina con Feivel Polkes, un representante de la organizaci\u00f3n terrorista Haganah, y se acord\u00f3 que \u00abel movimiento sionista le dar\u00eda a la Gestapo informaci\u00f3n sobre cada organizaci\u00f3n jud\u00eda en Europa y todas sus actividades en contra de los nazis, y, a cambio, los nazis apoyar\u00edan la creaci\u00f3n del estado sionista (v\u00e9ase: Galder [sic], <a href=\"#_edn6\" name=\"_ednref6\">[6]<\/a> <em>Memorias de<\/em> <em>la Guerra<\/em>, Progress House, Mosc\u00fa, 1993, pp. 39-46). Estos [ejemplos] de colaboraci\u00f3n entre las dos partes son s\u00f3lo una gota en el mar. Los [lectores] interesados pueden encontrar m\u00e1s detalles en otros libros sobre este tema.<\/p>\n<p>\u00abEl Tribunal de Nuremberg determin\u00f3 el [n\u00famero oficial de] v\u00edctimas del Holocausto &#8211; seis millones de jud\u00edos &#8211; basado en el testimonio de s\u00f3lo dos testigos, Hubtel y Lubzisny [sic], <a href=\"#_edn7\" name=\"_ednref7\">[7]<\/a> Ambos funcionarios nazis. Eso no es suficiente. Por otra parte, ni un solo documento firmado por Hitler o por alg\u00fan otro funcionario nazi de alto rango que ordene exterminar a los jud\u00edos fue encontrado. (V\u00e9ase: Lucy Dawidowicz, <em>La Guerra<\/em> <em>Contra<\/em> <em>los Jud\u00edos<\/em>, Progress House, Mosc\u00fa, 1975, pp. 21-25). Muchos escritores e investigadores acordaron por unanimidad (despu\u00e9s de visitar los campos de exterminio) que estos no pod\u00edan haber retenido a un gran n\u00famero de personas. Suponiendo que los campos realmente operaron, les habr\u00eda tomado d\u00e9cadas quemar a todas [estas personas]. En cuanto al gas utilizado para [quemarlos], fue el cianuro, el cual es muy caro y debe manejarse con mucho cuidado (v\u00e9ase: Roger Garaudy, <em>Los Mitos Fundacionales de<\/em> <em>la Pol\u00edtica Israel\u00ed<\/em>, Dar Al-Ghad Al-&#8216;Arabi, Cairo, 1996, p. 56).<\/p>\n<p>\u00abPor cierto, muchos \u00e1rabes son probablemente ignorantes de los desastres sufridos por miles de \u00e1rabes a manos de los nazis. S\u00ed, 67.000 \u00e1rabes, la mayor\u00eda de ellos procedentes de \u00c1frica del Norte, fueron detenidos en las c\u00e1rceles nazis en 1940. Muchos de ellos murieron torturados o de miedo, y muchos quedaron lisiados de por vida&#8230;<\/p>\n<p>\u00abS\u00f3lo hay algo m\u00e1s que decir: El llamado a ense\u00f1ar el Holocausto deber\u00eda ser reemplazado por una llamada para ense\u00f1ar el <em>Nakba<\/em>\u00ab.<\/p>\n<\/p>\n<hr class=\"c1\" size=\"1\" width=\"33%\" \/>\n<p><a href=\"#_ednref1\" name=\"_edn1\">[1]<\/a> <em>Al-Sharq<\/em> (Qatar), 17 de agosto, 2012.<\/p>\n<p><a href=\"#_ednref2\" name=\"_edn2\">[2]<\/a> V\u00e9ase haaretz.com, 1 de julio, 2012.<\/p>\n<p><a href=\"#_ednref3\" name=\"_edn3\">[3]<\/a> Esto se refiere a una visita oficial a Auschwitz realizada por Ziad Al-Bandak, asesor del Presidente palestino Mahmoud &#8216;Abbas, en julio, 2012. V\u00e9ase MEMRI Despacho Especial No.4860, Visita de funcionario de la Autoridad Palestina a Auschwitz evoca respuestas enfurecidas de Hamas, 1 de agosto, 2012.<\/p>\n<p><a href=\"#_ednref4\" name=\"_edn4\">[4]<\/a> La Ley Gayssot, aprobada en Francia en 1990, tipifica como delito cuestionar la veracidad o las dimensiones del Holocausto. Leyes similares existen en otros pa\u00edses europeos.<\/p>\n<p><a href=\"#_ednref5\" name=\"_edn5\">[5]<\/a> Un oficial nazi que acompa\u00f1\u00f3 a Eichmann en 1937 en su visita a Palestina.<\/p>\n<p><a href=\"#_ednref6\" name=\"_edn6\">[6]<\/a> Al parecer, se refiere a Franz Halder.<\/p>\n<p><a href=\"#_ednref7\" name=\"_edn7\">[7]<\/a> Aparentemente, se refiere a Wilhelm H\u00f6ttl y a Dieter Wisliceny, quien testific\u00f3 en el Juicio de Nuremberg.<\/p>\n<\/div>\n","protected":false},"excerpt":{"rendered":"<p>En un art\u00edculo en el diario de Qatar Al-Sharq, Faiz Rashid, columnista jordano de origen palestino, critic\u00f3 una llamada hecha por un embajador palestino para ense\u00f1ar el Holocausto en las escuelas \u00e1rabes, as\u00ed como la visita de un funcionario de la Autoridad Palestina a Auschwitz. Rashid exigi\u00f3 que se ense\u00f1ara el Nakba en lugar del [&hellip;]<\/p>\n","protected":false},"author":1,"featured_media":0,"comment_status":"open","ping_status":"open","sticky":false,"template":"","format":"standard","meta":{"footnotes":""},"categories":[6,22,16],"tags":[],"class_list":["post-5058","post","type-post","status-publish","format-standard","hentry","category-comunicados-especiales","category-jordania","category-proyecto-documental-sobre-antisemitismo"],"_links":{"self":[{"href":"https:\/\/www2.memri.org\/espanol\/wp-json\/wp\/v2\/posts\/5058","targetHints":{"allow":["GET"]}}],"collection":[{"href":"https:\/\/www2.memri.org\/espanol\/wp-json\/wp\/v2\/posts"}],"about":[{"href":"https:\/\/www2.memri.org\/espanol\/wp-json\/wp\/v2\/types\/post"}],"author":[{"embeddable":true,"href":"https:\/\/www2.memri.org\/espanol\/wp-json\/wp\/v2\/users\/1"}],"replies":[{"embeddable":true,"href":"https:\/\/www2.memri.org\/espanol\/wp-json\/wp\/v2\/comments?post=5058"}],"version-history":[{"count":0,"href":"https:\/\/www2.memri.org\/espanol\/wp-json\/wp\/v2\/posts\/5058\/revisions"}],"wp:attachment":[{"href":"https:\/\/www2.memri.org\/espanol\/wp-json\/wp\/v2\/media?parent=5058"}],"wp:term":[{"taxonomy":"category","embeddable":true,"href":"https:\/\/www2.memri.org\/espanol\/wp-json\/wp\/v2\/categories?post=5058"},{"taxonomy":"post_tag","embeddable":true,"href":"https:\/\/www2.memri.org\/espanol\/wp-json\/wp\/v2\/tags?post=5058"}],"curies":[{"name":"wp","href":"https:\/\/api.w.org\/{rel}","templated":true}]}}