{"id":5050,"date":"2012-10-17T00:00:00","date_gmt":"2012-10-17T00:00:00","guid":{"rendered":"http:\/\/www2.memri.org\/espanol\/2012\/10\/17\/facebook-elimino-de-su-portal-hoy-paginas-del-hezbola-a-raiz-de-una-serie-en-memri-sobre-las-actividades-de-este-en-facebook\/"},"modified":"2016-01-13T21:29:22","modified_gmt":"2016-01-13T21:29:22","slug":"facebook-elimino-de-su-portal-hoy-paginas-del-hezbola-a-raiz-de-una-serie-en-memri-sobre-las-actividades-de-este-en-facebook","status":"publish","type":"post","link":"https:\/\/www2.memri.org\/espanol\/facebook-elimino-de-su-portal-hoy-paginas-del-hezbola-a-raiz-de-una-serie-en-memri-sobre-las-actividades-de-este-en-facebook\/5050","title":{"rendered":"Facebook elimin\u00f3 de su portal hoy p\u00e1ginas del Hezbol\u00e1 &#8211; a ra\u00edz de una serie en MEMRI sobre las actividades de este en Facebook"},"content":{"rendered":"<div class=\"bodytext c4\">\n<p><em>La serie de art\u00edculos por MEMRI sobre las actividades del Hezbol\u00e1 en Facebook y sus m\u00faltiples p\u00e1ginas en esta fue seguida por la remoci\u00f3n en agosto del 2012 de Facebook, a las p\u00e1ginas de Hezbol\u00e1 y Al-Manar, las actividades de MEMRI contra las actividades sociales medi\u00e1ticas del Hezbol\u00e1 han sido reportadas por los medios de comunicaci\u00f3n libaneses.<\/em><\/p>\n<p><em>Tras esta remoci\u00f3n en Facebook de las anteriores p\u00e1ginas del Hezbol\u00e1 y Al-Manar TV, y despu\u00e9s de prometer regresar a Facebook, Hezbol\u00e1 cre\u00f3 dos nuevas p\u00e1ginas en Facebook para su canal de televisi\u00f3n Al-Manar, tal como inform\u00f3 MEMRI el 22 de agosto, 2012.<\/em><\/p>\n<p><em>Anoche, Facebook elimin\u00f3 estas dos nuevas p\u00e1ginas del Hezbol\u00e1 y Al-Manar TV, as\u00ed como tambi\u00e9n una p\u00e1gina perteneciente al l\u00edder de Hezbol\u00e1 Hassan Nasrallah. Esta \u00faltima p\u00e1gina, creada en octubre del 2011, nunca fue eliminada, y su remoci\u00f3n es una nueva acci\u00f3n por parte del portal social Facebook.<\/em><\/p>\n<p><em>MEMRI sigue muy de cerca al Hezbol\u00e1 ya que este crea constantemente nuevas p\u00e1ginas en Facebook. <a href=\"#_edn1\" name=\"_ednref1\">[1]<\/a><\/em><\/p>\n<p><strong>Removidas: P\u00e1ginas en Facebook del Hezbol\u00e1 y su canal Al-Manar TV<\/strong><\/p>\n<p>Una de las p\u00e1ginas removidas anoche del Hezbol\u00e1 y Al-Manar en Facebook fue la de noticias del canal Al-Manar TV (<a href=\"http:\/\/www.facebook.com\/pages\/Al-manaronline-news\/510136715679603\">http:\/\/www.facebook.com\/pages\/Al-manaronline-news\/510136715679603<\/a> ) y la otra fue la programaci\u00f3n del canal Al-Manar TV (<a href=\"http:\/\/www.facebook.com\/pages\/Al-manaronline-programs\/420001361369450\">http:\/\/www.facebook.com\/pages\/Al-manaronline-programs\/420001361369450<\/a> ). Para el momento de su eliminaci\u00f3n, estas p\u00e1ginas juntas ten\u00edan m\u00e1s de 1.000 clicks \u00abme gusta\u00bb.<\/p>\n<p><img loading=\"lazy\" decoding=\"async\" class=\"alignnone size-full wp-image-5782\" src=\"http:\/\/www2.memri.org\/espanol\/wp-content\/uploads\/2016\/01\/13629.jpg\" width=\"488\" height=\"221\" srcset=\"https:\/\/www2.memri.org\/espanol\/wp-content\/uploads\/2016\/01\/13629.jpg 488w, https:\/\/www2.memri.org\/espanol\/wp-content\/uploads\/2016\/01\/13629-300x136.jpg 300w\" sizes=\"auto, (max-width: 488px) 100vw, 488px\" \/><\/p>\n<p><strong>Eliminada por primera vez p\u00e1gina en facebook del l\u00edder de Hezbol\u00e1 Hassan Nasrallah<\/strong><\/p>\n<p>Tambi\u00e9n fue removida la p\u00e1gina en Facebook de \u00abSayyed Hassan Nasrallah\u00bb (<a href=\"https:\/\/www.facebook.com\/pages\/Sayyed-Hassan-Nasrallah\/226297517432834\">https:\/\/www.facebook.com\/pages\/Sayyed-Hassan-Nasrallah\/226297517432834<\/a> ), creada el 21 de octubre, 2011. Para el momento de su retiro ten\u00eda cerca de 3.000 clicks en \u00abme gusta\u00bb. Facebook nunca antes hab\u00eda eliminado esta p\u00e1gina.<\/p>\n<p><img loading=\"lazy\" decoding=\"async\" class=\"alignnone size-full wp-image-5783\" src=\"http:\/\/www2.memri.org\/espanol\/wp-content\/uploads\/2016\/01\/13630.jpg\" width=\"1013\" height=\"589\" srcset=\"https:\/\/www2.memri.org\/espanol\/wp-content\/uploads\/2016\/01\/13630.jpg 1013w, https:\/\/www2.memri.org\/espanol\/wp-content\/uploads\/2016\/01\/13630-300x174.jpg 300w, https:\/\/www2.memri.org\/espanol\/wp-content\/uploads\/2016\/01\/13630-768x447.jpg 768w, https:\/\/www2.memri.org\/espanol\/wp-content\/uploads\/2016\/01\/13630-600x349.jpg 600w, https:\/\/www2.memri.org\/espanol\/wp-content\/uploads\/2016\/01\/13630-696x405.jpg 696w, https:\/\/www2.memri.org\/espanol\/wp-content\/uploads\/2016\/01\/13630-722x420.jpg 722w\" sizes=\"auto, (max-width: 1013px) 100vw, 1013px\" \/><\/p>\n<p>La primera publicaci\u00f3n de esta p\u00e1gina, de fecha 21 de octubre del 2011, declar\u00f3 en ingl\u00e9s: \u00abOh Al\u00e1, por favor limpia este mundo de la contaminaci\u00f3n jud\u00eda\u00bb. Lo siguiente son algunos otros publicados de la p\u00e1gina:<\/p>\n<div><img loading=\"lazy\" decoding=\"async\" class=\"alignnone size-full wp-image-5784\" src=\"http:\/\/www2.memri.org\/espanol\/wp-content\/uploads\/2016\/01\/13631.jpg\" width=\"601\" height=\"306\" srcset=\"https:\/\/www2.memri.org\/espanol\/wp-content\/uploads\/2016\/01\/13631.jpg 601w, https:\/\/www2.memri.org\/espanol\/wp-content\/uploads\/2016\/01\/13631-300x153.jpg 300w, https:\/\/www2.memri.org\/espanol\/wp-content\/uploads\/2016\/01\/13631-600x305.jpg 600w\" sizes=\"auto, (max-width: 601px) 100vw, 601px\" \/><\/div>\n<div><img loading=\"lazy\" decoding=\"async\" class=\"alignnone size-full wp-image-5785\" src=\"http:\/\/www2.memri.org\/espanol\/wp-content\/uploads\/2016\/01\/13632.jpg\" width=\"651\" height=\"295\" srcset=\"https:\/\/www2.memri.org\/espanol\/wp-content\/uploads\/2016\/01\/13632.jpg 651w, https:\/\/www2.memri.org\/espanol\/wp-content\/uploads\/2016\/01\/13632-300x136.jpg 300w, https:\/\/www2.memri.org\/espanol\/wp-content\/uploads\/2016\/01\/13632-600x272.jpg 600w\" sizes=\"auto, (max-width: 651px) 100vw, 651px\" \/><\/div>\n<div><img loading=\"lazy\" decoding=\"async\" class=\"alignnone size-full wp-image-5786\" src=\"http:\/\/www2.memri.org\/espanol\/wp-content\/uploads\/2016\/01\/13633.jpg\" width=\"599\" height=\"332\" srcset=\"https:\/\/www2.memri.org\/espanol\/wp-content\/uploads\/2016\/01\/13633.jpg 599w, https:\/\/www2.memri.org\/espanol\/wp-content\/uploads\/2016\/01\/13633-300x166.jpg 300w\" sizes=\"auto, (max-width: 599px) 100vw, 599px\" \/><\/div>\n<div><img loading=\"lazy\" decoding=\"async\" class=\"alignnone size-full wp-image-5787\" src=\"http:\/\/www2.memri.org\/espanol\/wp-content\/uploads\/2016\/01\/13634.jpg\" width=\"388\" height=\"305\" srcset=\"https:\/\/www2.memri.org\/espanol\/wp-content\/uploads\/2016\/01\/13634.jpg 388w, https:\/\/www2.memri.org\/espanol\/wp-content\/uploads\/2016\/01\/13634-300x236.jpg 300w\" sizes=\"auto, (max-width: 388px) 100vw, 388px\" \/><\/div>\n<hr class=\"c3\" size=\"1\" width=\"33%\" \/>\n<p><a href=\"#_ednref1\" name=\"_edn1\">[1]<\/a> Hezbol\u00e1 tambi\u00e9n ha creado nuevas aplicaciones no oficiales luego de la remoci\u00f3n de sus aplicaciones por Google Play y Apple. V\u00e9ase Maniobras del Hezbol\u00e1 para permanecer en los medios de comunicaci\u00f3n sociales de Estados Unidos despu\u00e9s de ser eliminados por Facebook, Apple, Droid, 22 de agosto, 2012.<\/p>\n<\/div>\n","protected":false},"excerpt":{"rendered":"<p>La serie de art\u00edculos por MEMRI sobre las actividades del Hezbol\u00e1 en Facebook y sus m\u00faltiples p\u00e1ginas en esta fue seguida por la remoci\u00f3n en agosto del 2012 de Facebook, a las p\u00e1ginas de Hezbol\u00e1 y Al-Manar, las actividades de MEMRI contra las actividades sociales medi\u00e1ticas del Hezbol\u00e1 han sido reportadas por los medios de [&hellip;]<\/p>\n","protected":false},"author":1,"featured_media":5782,"comment_status":"open","ping_status":"open","sticky":false,"template":"","format":"standard","meta":{"footnotes":""},"categories":[10,6],"tags":[],"class_list":["post-5050","post","type-post","status-publish","format-standard","has-post-thumbnail","hentry","category-estudios-sobre-terrorismo-y-yihad","category-comunicados-especiales"],"_links":{"self":[{"href":"https:\/\/www2.memri.org\/espanol\/wp-json\/wp\/v2\/posts\/5050","targetHints":{"allow":["GET"]}}],"collection":[{"href":"https:\/\/www2.memri.org\/espanol\/wp-json\/wp\/v2\/posts"}],"about":[{"href":"https:\/\/www2.memri.org\/espanol\/wp-json\/wp\/v2\/types\/post"}],"author":[{"embeddable":true,"href":"https:\/\/www2.memri.org\/espanol\/wp-json\/wp\/v2\/users\/1"}],"replies":[{"embeddable":true,"href":"https:\/\/www2.memri.org\/espanol\/wp-json\/wp\/v2\/comments?post=5050"}],"version-history":[{"count":0,"href":"https:\/\/www2.memri.org\/espanol\/wp-json\/wp\/v2\/posts\/5050\/revisions"}],"wp:featuredmedia":[{"embeddable":true,"href":"https:\/\/www2.memri.org\/espanol\/wp-json\/wp\/v2\/media\/5782"}],"wp:attachment":[{"href":"https:\/\/www2.memri.org\/espanol\/wp-json\/wp\/v2\/media?parent=5050"}],"wp:term":[{"taxonomy":"category","embeddable":true,"href":"https:\/\/www2.memri.org\/espanol\/wp-json\/wp\/v2\/categories?post=5050"},{"taxonomy":"post_tag","embeddable":true,"href":"https:\/\/www2.memri.org\/espanol\/wp-json\/wp\/v2\/tags?post=5050"}],"curies":[{"name":"wp","href":"https:\/\/api.w.org\/{rel}","templated":true}]}}