{"id":5048,"date":"2012-10-17T00:00:00","date_gmt":"2012-10-17T00:00:00","guid":{"rendered":"http:\/\/www2.memri.org\/espanol\/2012\/10\/17\/mujeres-profesionales-arabes-temen-islamizacion-post-primavera-arabe\/"},"modified":"2016-01-13T21:29:14","modified_gmt":"2016-01-13T21:29:14","slug":"mujeres-profesionales-arabes-temen-islamizacion-post-primavera-arabe","status":"publish","type":"post","link":"https:\/\/www2.memri.org\/espanol\/mujeres-profesionales-arabes-temen-islamizacion-post-primavera-arabe\/5048","title":{"rendered":"Mujeres profesionales \u00e1rabes temen islamizaci\u00f3n post-Primavera \u00c1rabe"},"content":{"rendered":"<div class=\"bodytext c2\">\n<p><em>A continuaci\u00f3n se presentan extractos de un programa en televisi\u00f3n con varias mujeres profesionales \u00e1rabes comentando sobre la islamizaci\u00f3n posterior a<\/em> <em>la Primavera<\/em> <em>\u00c1rabe. El programa fue puesto al aire en el canal de televisi\u00f3n Al-Aan el 19 y 26 de septiembre, 2012.<\/em><\/p>\n<p><em><a href=\"http:\/\/www.memritv.org\/clip\/en\/3609.htm\">Haga clic aqu\u00ed para ver este segmento de video en MEMRI TV<\/a>.<\/em><\/p>\n<p><iframe height=\"485\" src=\"http:\/\/www.memritv.org\/player\/largePlayer.php?&amp;width=585&amp;height=485&amp;autoplay=0&amp;clipid=3609\" frameborder=\"0\" width=\"585\" allowtransparency=\"\" scrolling=\"no\"><\/iframe><\/p>\n<p><strong>Presentadora en televisi\u00f3n<\/strong>: \u00abConsignas tales como \u00abJihad, Oh Obama, la Plaza Tahrir le pertenece a Osama&#8217; se han escuchado recientemente en El Cairo. \u00bfLes preocupa esto?\u00bb<\/p>\n<p><strong>Profesora en medicina Dra. Nadia Madani<\/strong>: \u00abPor supuesto. La revoluci\u00f3n egipcia, cuyos objetivos fueron libertad, justicia social y una vida mejor para el pueblo, no deber\u00eda convertirse en un conflicto religioso o sectario cualquiera sea la raz\u00f3n. El simple hecho de escuchar tales consignas hace que me preocupe a que nos dirijamos hacia un escenario igual al de Afganist\u00e1n, com\u00fan en lugares que sufren de conflictos religiosos, extremismo, y restricciones en el estilo de vida de la gente\u00bb.<\/p>\n<p>[&#8230;]<\/p>\n<p><strong>Presentadora<\/strong>: \u00abCuando se enter\u00f3 que Muhammad Al-Zawahiri, hermano del l\u00edder de Al-Qaeda, Ayman Al-Zawahiri, fue a la Plaza Tahrir, \u00bfcu\u00e1l fue el primer pensamiento que le vino a la mente?\u00bb<\/p>\n<p><strong>Dra. Nadia Madani<\/strong>: \u00abInmediatamente imagin\u00e9 un escenario talib\u00e1n, y un intento de socavar la estabilidad de las generaciones m\u00e1s j\u00f3venes, arrastr\u00e1ndolos hacia la violencia\u00bb.<\/p>\n<p>[&#8230;]<\/p>\n<p><strong>Parlamentaria tunecina &#8216;Aisha Al-Majri<\/strong>: \u00abHemos trabajado para lograr la Primavera \u00c1rabe, pero hay gente con agendas nacionales y extranjeras que est\u00e1n tratando de plantarse en cualquier lugar que puedan. Los salafistas, o los extremistas, est\u00e1n entre los que buscan tal punto de apoyo. Haremos lo posible para detener esto\u00bb.<\/p>\n<p><strong>Presentadora<\/strong>: \u00abEn su opini\u00f3n, tendr\u00e1n \u00e9xito?\u00bb<\/p>\n<p><strong>&#8216;Aisha Al-Majri<\/strong>: \u00abEst\u00e1n tratando, y est\u00e1n financiados y apoyados por superpotencias, empuj\u00e1ndolos a que establezcan un punto de apoyo. Minimizaremos esto en todo lo que podamos, hemos pagado un alto precio con nuestra sangre, y si es necesario, pagaremos con m\u00e1s sangre para detenerlos. T\u00fanez ser\u00e1 el primero en detener esta ola [salafista]\u00bb.<\/p>\n<p>[&#8230;]<\/p>\n<p><strong>Activista social de Libia Ambaraka Muhammad Adala<\/strong>: \u00abNo tenemos a Al-Qaeda en Libia, pero si usted sigue las noticias, se entera de los Hermanos Musulmanes, los salafistas, y as\u00ed sucesivamente, pero creo que no encontrar\u00e1n lugar en Libia.<\/p>\n<p>[&#8230;]<\/p>\n<p>\u00abEspero que Libia no est\u00e9 afectado por los problemas que escuchamos de otros pa\u00edses tales como Afganist\u00e1n. No queremos convertirnos en otro Kandahar.<\/p>\n<p>\u00abLas mujeres participaron en la lucha por nuestra libertad, pero, de repente, se escucha a gente diciendo que la voz de una mujer es <em>&#8216;awrah<\/em>. \u00bfQu\u00e9 sucedi\u00f3 en los d\u00edas del Profeta Mahoma? \u00bfNo hablaban las mujeres? \u00bfNo fueron sus voces <em>&#8216;awrah<\/em> para ese entonces?\u00bb<\/p>\n<p>[&#8230;]<\/p>\n<p><img loading=\"lazy\" decoding=\"async\" class=\"alignnone size-full wp-image-5777\" src=\"http:\/\/www2.memri.org\/espanol\/wp-content\/uploads\/2016\/01\/13625.jpg\" width=\"234\" height=\"426\" srcset=\"https:\/\/www2.memri.org\/espanol\/wp-content\/uploads\/2016\/01\/13625.jpg 234w, https:\/\/www2.memri.org\/espanol\/wp-content\/uploads\/2016\/01\/13625-165x300.jpg 165w, https:\/\/www2.memri.org\/espanol\/wp-content\/uploads\/2016\/01\/13625-231x420.jpg 231w\" sizes=\"auto, (max-width: 234px) 100vw, 234px\" \/><\/p>\n<p><img loading=\"lazy\" decoding=\"async\" class=\"alignnone size-full wp-image-5778\" src=\"http:\/\/www2.memri.org\/espanol\/wp-content\/uploads\/2016\/01\/13626.jpg\" width=\"607\" height=\"180\" srcset=\"https:\/\/www2.memri.org\/espanol\/wp-content\/uploads\/2016\/01\/13626.jpg 607w, https:\/\/www2.memri.org\/espanol\/wp-content\/uploads\/2016\/01\/13626-300x89.jpg 300w, https:\/\/www2.memri.org\/espanol\/wp-content\/uploads\/2016\/01\/13626-600x178.jpg 600w\" sizes=\"auto, (max-width: 607px) 100vw, 607px\" \/><\/p>\n<\/div>\n","protected":false},"excerpt":{"rendered":"<p>A continuaci\u00f3n se presentan extractos de un programa en televisi\u00f3n con varias mujeres profesionales \u00e1rabes comentando sobre la islamizaci\u00f3n posterior a la Primavera \u00c1rabe. El programa fue puesto al aire en el canal de televisi\u00f3n Al-Aan el 19 y 26 de septiembre, 2012. Haga clic aqu\u00ed para ver este segmento de video en MEMRI TV. [&hellip;]<\/p>\n","protected":false},"author":1,"featured_media":5777,"comment_status":"open","ping_status":"open","sticky":false,"template":"","format":"standard","meta":{"footnotes":""},"categories":[6],"tags":[],"class_list":["post-5048","post","type-post","status-publish","format-standard","has-post-thumbnail","hentry","category-comunicados-especiales"],"_links":{"self":[{"href":"https:\/\/www2.memri.org\/espanol\/wp-json\/wp\/v2\/posts\/5048","targetHints":{"allow":["GET"]}}],"collection":[{"href":"https:\/\/www2.memri.org\/espanol\/wp-json\/wp\/v2\/posts"}],"about":[{"href":"https:\/\/www2.memri.org\/espanol\/wp-json\/wp\/v2\/types\/post"}],"author":[{"embeddable":true,"href":"https:\/\/www2.memri.org\/espanol\/wp-json\/wp\/v2\/users\/1"}],"replies":[{"embeddable":true,"href":"https:\/\/www2.memri.org\/espanol\/wp-json\/wp\/v2\/comments?post=5048"}],"version-history":[{"count":0,"href":"https:\/\/www2.memri.org\/espanol\/wp-json\/wp\/v2\/posts\/5048\/revisions"}],"wp:featuredmedia":[{"embeddable":true,"href":"https:\/\/www2.memri.org\/espanol\/wp-json\/wp\/v2\/media\/5777"}],"wp:attachment":[{"href":"https:\/\/www2.memri.org\/espanol\/wp-json\/wp\/v2\/media?parent=5048"}],"wp:term":[{"taxonomy":"category","embeddable":true,"href":"https:\/\/www2.memri.org\/espanol\/wp-json\/wp\/v2\/categories?post=5048"},{"taxonomy":"post_tag","embeddable":true,"href":"https:\/\/www2.memri.org\/espanol\/wp-json\/wp\/v2\/tags?post=5048"}],"curies":[{"name":"wp","href":"https:\/\/api.w.org\/{rel}","templated":true}]}}