{"id":5044,"date":"2012-10-23T00:00:00","date_gmt":"2012-10-23T00:00:00","guid":{"rendered":"http:\/\/www2.memri.org\/espanol\/2012\/10\/23\/periodista-jordano-los-judios-le-deben-su-patria-a-hitler\/"},"modified":"2016-01-13T21:28:40","modified_gmt":"2016-01-13T21:28:40","slug":"periodista-jordano-los-judios-le-deben-su-patria-a-hitler","status":"publish","type":"post","link":"https:\/\/www2.memri.org\/espanol\/periodista-jordano-los-judios-le-deben-su-patria-a-hitler\/5044","title":{"rendered":"Periodista jordano: Los jud\u00edos le deben su patria a Hitler"},"content":{"rendered":"<div class=\"bodytext c2\">\n<p><em>En un art\u00edculo publicado en el portal en idioma \u00e1rabe Al-Hiwar Al-Mutamaddin, el cual se autodescribe como un portal de \u00abizquierda, secular y democr\u00e1tico\u00bb, As&#8217;ad Al-&#8216;Azouni, periodista jordano de origen palestino, afirm\u00f3 que los jud\u00edos han exagerado el n\u00famero de v\u00edctimas del Holocausto con el fin de chantajear y asustar a Occidente, y que pactaron con Hitler a fin de establecer un estado en Palestina. Seg\u00fan Al-&#8216;Azouni, los jud\u00edos modernos de hecho, no son jud\u00edos en lo absoluto, sino m\u00e1s bien j\u00e1zaros convertidos siglos atr\u00e1s.<\/em><\/p>\n<p><em>Lo siguiente son extractos del art\u00edculo: <a href=\"#_edn1\" name=\"_ednref1\">[1]<\/a><\/em><\/p>\n<p><strong>\u00abEl Holocausto es una carta que los jud\u00edos juegan, basado en mentiras, falsificaciones, y palabras vac\u00edas\u00bb<\/strong><\/p>\n<p>\u00abLa definici\u00f3n m\u00e1s razonable del [evento] apodado &#8216;El Holocausto&#8217; en falsos [acontecimientos] hist\u00f3ricos es &#8216;un insulto intencional a la inteligencia occidental&#8217;, con el fin de provocar temor en los corazones de los occidentales y acorralarlos en todo lo relacionado al antisemitismo, suponiendo que los jud\u00edos son semitas. [Sin embargo,] es [un] [hecho] muy conocido que los jud\u00edos modernos no son jud\u00edos, sino m\u00e1s bien una chusma de [j\u00e1zaros] del Mar Caspio, quienes se vieron obligados por su rey a convertirse debido a presiones ejercidas sobre este por musulmanes y cristianos&#8230;<\/p>\n<p>\u00abRegresando [al tema de] la falsificaci\u00f3n de la historia por los jud\u00edos y su supuesto &#8216;Holocausto&#8217;&#8230; En la primera frase de la &#8216;libreta&#8217; del Holocausto, estaba escrito que los jud\u00edos conmocionaron al mundo al afirmar que el n\u00famero de v\u00edctimas fue de 40 millones de personas! El mundo entero estaba indignado por esta horrible fabricaci\u00f3n, [teniendo en cuenta] que el n\u00famero de jud\u00edos para ese momento no llegaba ni siquiera a [40 millones]&#8230;<\/p>\n<p>\u00abAnte la presi\u00f3n internacional, los jud\u00edos se vieron obligados a ajustar su mentira y su afirmaci\u00f3n, y luego de investigar su material, se descubri\u00f3 que el n\u00famero de v\u00edctimas fue s\u00f3lo de 24 millones&#8230; Una vez m\u00e1s, el mundo qued\u00f3 indignado, y mucho se dijo y escribi\u00f3 sobre esto en Occidente. [Pero finalmente] al parecer los jud\u00edos estaban avergonzados, y se posicionaron en que el n\u00famero de v\u00edctimas fue de 6 millones&#8230; Todav\u00eda hay jud\u00edos que afirman que este n\u00famero es correcto, a pesar de que historiadores e intelectuales de todo el mundo, incluyendo historiadores jud\u00edos, llaman a poner fin a la misma y terminar con las mentiras y el enga\u00f1o respecto a las supuestas v\u00edctimas jud\u00edas del nazismo.<\/p>\n<p>\u00abEs f\u00e1cil para el inteligente exponer las mentiras jud\u00edas del &#8216;Holocausto&#8217;, ya que la Segunda Guerra Mundial, y los ataques nazis antes y durante el mismo, no fueron dirigidos exclusivamente a los jud\u00edos. [Los nazis] tambi\u00e9n perjudicaron a los europeos, rusos, \u00e1rabes, gitanos, e incluso a los africanos y asi\u00e1ticos que viv\u00edan en Europa&#8230;<\/p>\n<p>\u00abSi es as\u00ed, \u00bfpor qu\u00e9 centrarse en los jud\u00edos? Ellos son s\u00f3lo parte de un todo, en lugar de un fin en s\u00ed mismos. Esta es una carta al cual los jud\u00edos juegan, basada en mentiras, falsificaciones, y palabras vac\u00edas con la intenci\u00f3n de aprovecharse de las emociones del mundo y hacer que sea m\u00e1s f\u00e1cil su chantaje. Hasta el d\u00eda de hoy, [los jud\u00edos] est\u00e1n saqueando a Alemania bajo el pretexto del Holocausto y los nazis, pero parece que hay indicios de que los alemanes est\u00e1n despertando en un intento por librarse de esta carga&#8230;<\/p>\n<p>\u00abLos jud\u00edos han obligado a los gobiernos occidentales a condenar a cualquiera que niegue el Holocausto. La v\u00edctima m\u00e1s prominente de esto fue el fil\u00f3sofo musulm\u00e1n franc\u00e9s Roger Garaudy, que no fue perseguido por nadie cuando fue comunista\u00bb.<\/p>\n<p><strong>\u00abHitler fue [de hecho] el primer europeo al que [los jud\u00edos] le deben gratitud por darles Palestina como su patria nacional\u00bb<\/strong><\/p>\n<p>\u00abLos documentos hist\u00f3ricos no descartan que &#8216;Hitler el nazi&rsquo; utiliz\u00f3 su nazismo [en colaboraci\u00f3n] con los jud\u00edos. Estos pretend\u00edan que les era hostil, cuando [en realidad], fue el primer europeo al que [los jud\u00edos] le deb\u00edan gratitud por darles Palestina como su patria nacional, incluso antes de que Arthur Balfour [se los prometiera] en 1917 [Los jud\u00edos] hicieron un trato con Hitler: su juventud inmigrar\u00eda a Palestina, y este har\u00eda lo que quisiera con la gente mayor, ya que los enfermos, discapacitados y ancianos no estaban en condiciones de construir un pa\u00eds.<\/p>\n<p>\u00abPara completar el cuadro, los jud\u00edos construyeron un memorial del Holocausto en Europa y otro en Jerusal\u00e9n, llam\u00e1ndolo Yad Vashem. Lo extra\u00f1o es que la madre naturaleza en Palestina se neg\u00f3 a permitir que este antro de mentiras existiera en Jerusal\u00e9n. Incendios irrumpieron en los bosques, obligando a las autoridades israel\u00edes a mover [Yad Vashem] lejos de all\u00ed. Adem\u00e1s, infiltrados llegaron hasta el memorial y escribieron consignas antisionistas sobre este&#8230;<\/p>\n<p>\u00abEl mundo est\u00e1 experimentando un despertar que est\u00e1 sacudiendo el velo del enga\u00f1o jud\u00edo. Adem\u00e1s, los fil\u00f3sofos e historiadores jud\u00edos han comenzado a liberarse del enga\u00f1o de sus rabinos. A pesar de esto, varios funcionarios palestinos han visitado Yad Vashem\u00bb.<\/p>\n<\/p>\n<hr class=\"c1\" size=\"1\" width=\"33%\" \/>\n<p><a href=\"#_ednref1\" name=\"_edn1\">[1]<\/a> Ahewar.org, 2 de octubre, 2012.<\/p>\n<\/div>\n","protected":false},"excerpt":{"rendered":"<p>En un art\u00edculo publicado en el portal en idioma \u00e1rabe Al-Hiwar Al-Mutamaddin, el cual se autodescribe como un portal de \u00abizquierda, secular y democr\u00e1tico\u00bb, As&#8217;ad Al-&#8216;Azouni, periodista jordano de origen palestino, afirm\u00f3 que los jud\u00edos han exagerado el n\u00famero de v\u00edctimas del Holocausto con el fin de chantajear y asustar a Occidente, y que pactaron [&hellip;]<\/p>\n","protected":false},"author":1,"featured_media":0,"comment_status":"open","ping_status":"open","sticky":false,"template":"","format":"standard","meta":{"footnotes":""},"categories":[6,22,16],"tags":[],"class_list":["post-5044","post","type-post","status-publish","format-standard","hentry","category-comunicados-especiales","category-jordania","category-proyecto-documental-sobre-antisemitismo"],"_links":{"self":[{"href":"https:\/\/www2.memri.org\/espanol\/wp-json\/wp\/v2\/posts\/5044","targetHints":{"allow":["GET"]}}],"collection":[{"href":"https:\/\/www2.memri.org\/espanol\/wp-json\/wp\/v2\/posts"}],"about":[{"href":"https:\/\/www2.memri.org\/espanol\/wp-json\/wp\/v2\/types\/post"}],"author":[{"embeddable":true,"href":"https:\/\/www2.memri.org\/espanol\/wp-json\/wp\/v2\/users\/1"}],"replies":[{"embeddable":true,"href":"https:\/\/www2.memri.org\/espanol\/wp-json\/wp\/v2\/comments?post=5044"}],"version-history":[{"count":0,"href":"https:\/\/www2.memri.org\/espanol\/wp-json\/wp\/v2\/posts\/5044\/revisions"}],"wp:attachment":[{"href":"https:\/\/www2.memri.org\/espanol\/wp-json\/wp\/v2\/media?parent=5044"}],"wp:term":[{"taxonomy":"category","embeddable":true,"href":"https:\/\/www2.memri.org\/espanol\/wp-json\/wp\/v2\/categories?post=5044"},{"taxonomy":"post_tag","embeddable":true,"href":"https:\/\/www2.memri.org\/espanol\/wp-json\/wp\/v2\/tags?post=5044"}],"curies":[{"name":"wp","href":"https:\/\/api.w.org\/{rel}","templated":true}]}}