{"id":5036,"date":"2012-10-18T00:00:00","date_gmt":"2012-10-18T00:00:00","guid":{"rendered":"http:\/\/www2.memri.org\/espanol\/2012\/10\/18\/presentador-de-la-television-egipcia-muhammad-abd-al-aal-regana-a-islamistas-por-no-defender-al-profeta-mahoma\/"},"modified":"2016-01-13T21:28:48","modified_gmt":"2016-01-13T21:28:48","slug":"presentador-de-la-television-egipcia-muhammad-abd-al-aal-regana-a-islamistas-por-no-defender-al-profeta-mahoma","status":"publish","type":"post","link":"https:\/\/www2.memri.org\/espanol\/presentador-de-la-television-egipcia-muhammad-abd-al-aal-regana-a-islamistas-por-no-defender-al-profeta-mahoma\/5036","title":{"rendered":"Presentador de la televisi\u00f3n egipcia Muhammad Abd Al-&#8216;Aal rega\u00f1a a islamistas por no defender al Profeta Mahoma"},"content":{"rendered":"<div class=\"bodytext c1\">\n<p><em>Lo siguiente son extractos de declaraciones hechas por el presentador de la televisi\u00f3n egipcia Muhammad Abd Al-&#8216;Aal, puestas al aire en el canal de televisi\u00f3n Al-Nas el 14 de septiembre, 2012.<\/em><\/p>\n<p><em><a href=\"http:\/\/www.memritv.org\/clip\/en\/3606.htm\">Haga clic aqu\u00ed para ver este segmento de video en MEMRI TV<\/a>.<\/em><\/p>\n<p><iframe height=\"485\" src=\"http:\/\/www.memritv.org\/player\/largePlayer.php?&amp;width=585&amp;height=485&amp;autoplay=0&amp;clipid=3606\" frameborder=\"0\" width=\"585\" allowtransparency=\"\" scrolling=\"no\"><\/iframe><\/p>\n<p><strong>Muhammad Abd Al-&#8216;Aal<\/strong>: \u00abSalimos a la calle cuando se trata de cuestiones pol\u00edticas, pero no salimos cuando el Profeta es ofendido. Expl\u00edquenme esto a m\u00ed, quiero entender.<\/p>\n<p>\u00abUstedes son del Partido Isl\u00e1mico Noor. En primer lugar, el Partido Libertad y Justicia dijo: &#8216;Manifestaremos el viernes&#8217;, pero luego se retractaron, llamando en su lugar a protestas simb\u00f3licas frente a las mezquitas.<\/p>\n<p>Explicaron que quer\u00edan evitar nuevas v\u00edctimas. Pero cada vez que los islamistas irrump\u00edan en la Plaza Tahrir, no hubo v\u00edctimas. Me gustar\u00eda que el Partido Libertad y Justicia me explicara por qu\u00e9 retir\u00f3 su llamado a manifestar en la Plaza Tahrir.<\/p>\n<p>\u00abUstedes, el Partido Noor, tampoco estaban representados adecuadamente en la Plaza Tahrir. Con el debido respeto, ustedes pueden atraer a las masas.<\/p>\n<p>[&#8230;]<\/p>\n<p>\u00abExpl\u00edquenme. Le he preguntado a gente del Partido Libertad y Justicia, y a gente del Partido Noor. Quiero una explicaci\u00f3n mejor. \u00bfHay algo m\u00e1s grave que un insulto al Profeta Mahoma? Por supuesto que no! \u00bfO me equivoco?<\/p>\n<p>\u00abEntonces, \u00bfpor qu\u00e9 manifestamos cuando es por pol\u00edtica, y no cuando se trata de apoyar al Profeta Mahoma? \u00bfExiste algo m\u00e1s importante que el Profeta de Al\u00e1?\u00bb<\/p>\n<p><strong>Miembro del Partido Noor<\/strong>: \u00abPor supuesto que no\u00bb.<\/p>\n<p><strong>Muhammad Abd Al-&#8216;Aal<\/strong>: \u00abBien.<\/p>\n<p>[&#8230;]<\/p>\n<p>\u00abS\u00f3lo soy un musulm\u00e1n, en pie por su profeta. Estas son preguntas leg\u00edtimas. Resp\u00f3ndanlas.<\/p>\n<p>[&#8230;]<\/p>\n<p>\u00abTengo una pregunta, y la estoy dirigiendo al Partido Libertad y Justicia. Perm\u00edtanme dirigirles esta pregunta: Si hubiera una pel\u00edcula que insultara al Presidente Mohammad Morsi, \u00bfqu\u00e9 pasar\u00eda? quisiera saber\u00bb.<\/p>\n<\/div>\n","protected":false},"excerpt":{"rendered":"<p>Lo siguiente son extractos de declaraciones hechas por el presentador de la televisi\u00f3n egipcia Muhammad Abd Al-&#8216;Aal, puestas al aire en el canal de televisi\u00f3n Al-Nas el 14 de septiembre, 2012. Haga clic aqu\u00ed para ver este segmento de video en MEMRI TV. Muhammad Abd Al-&#8216;Aal: \u00abSalimos a la calle cuando se trata de cuestiones [&hellip;]<\/p>\n","protected":false},"author":1,"featured_media":0,"comment_status":"open","ping_status":"open","sticky":false,"template":"","format":"standard","meta":{"footnotes":""},"categories":[19,6],"tags":[],"class_list":["post-5036","post","type-post","status-publish","format-standard","hentry","category-egipto","category-comunicados-especiales"],"_links":{"self":[{"href":"https:\/\/www2.memri.org\/espanol\/wp-json\/wp\/v2\/posts\/5036","targetHints":{"allow":["GET"]}}],"collection":[{"href":"https:\/\/www2.memri.org\/espanol\/wp-json\/wp\/v2\/posts"}],"about":[{"href":"https:\/\/www2.memri.org\/espanol\/wp-json\/wp\/v2\/types\/post"}],"author":[{"embeddable":true,"href":"https:\/\/www2.memri.org\/espanol\/wp-json\/wp\/v2\/users\/1"}],"replies":[{"embeddable":true,"href":"https:\/\/www2.memri.org\/espanol\/wp-json\/wp\/v2\/comments?post=5036"}],"version-history":[{"count":0,"href":"https:\/\/www2.memri.org\/espanol\/wp-json\/wp\/v2\/posts\/5036\/revisions"}],"wp:attachment":[{"href":"https:\/\/www2.memri.org\/espanol\/wp-json\/wp\/v2\/media?parent=5036"}],"wp:term":[{"taxonomy":"category","embeddable":true,"href":"https:\/\/www2.memri.org\/espanol\/wp-json\/wp\/v2\/categories?post=5036"},{"taxonomy":"post_tag","embeddable":true,"href":"https:\/\/www2.memri.org\/espanol\/wp-json\/wp\/v2\/tags?post=5036"}],"curies":[{"name":"wp","href":"https:\/\/api.w.org\/{rel}","templated":true}]}}