{"id":500,"date":"2003-07-12T00:00:00","date_gmt":"2003-07-12T00:00:00","guid":{"rendered":"http:\/\/www2.memri.org\/espanol\/2003\/07\/12\/el-tanque-pensante-de-la-liga-arabe-el-centro-internacional-zayed-para-la-coordinacion-y-seguimiento-parte-ii\/"},"modified":"2003-07-12T00:00:00","modified_gmt":"2003-07-12T00:00:00","slug":"el-tanque-pensante-de-la-liga-arabe-el-centro-internacional-zayed-para-la-coordinacion-y-seguimiento-parte-ii","status":"publish","type":"post","link":"https:\/\/www2.memri.org\/espanol\/el-tanque-pensante-de-la-liga-arabe-el-centro-internacional-zayed-para-la-coordinacion-y-seguimiento-parte-ii\/500","title":{"rendered":"El Tanque Pensante de la Liga Arabe: El Centro Internacional Zayed para la Coordinaci\u00f3n y Seguimiento Parte II"},"content":{"rendered":"<div class=\"bodytext c1\">\n<p><em>Durante el \u00faltimo mes, ha habido mucha controversia con respecto a Shiekh Zayed bin Sult\u00e1n Al-Nahyan, Presidente de los Emiratos Arabes Unidos, el hom\u00f3nimo del Centro Zayed, y donaciones que \u00e9l hizo a escuelas y universidades americanas. M\u00e1s reciente, una controversia surgi\u00f3 siguiendo a la donaci\u00f3n del Pr\u00edncipe Zayed a una escuela elemental en California, la cual ten\u00eda a algunos miembros de la comunidad preocupados debido a las actividades antiamericanas y antisemitas en el Centro.<\/em><\/p>\n<p><em>Seg\u00fan el Congresista Chris Cox de California, \u00abA pesar de las protestas del Embajador americano Marcelle Wahba, el CZCS [Centro Zayed para la Coordinaci\u00f3n y Seguimiento] seg\u00fan informes recibidos contin\u00faa patrocinando y distribuyendo folletos antisemitas y anti-americanos. Debido a que el CZCS no ha parado estas actividades, el Pr\u00edncipe de la Corona Jeque Khalifah junto con otros dos hermanos, los Ministros del Exterior y Defensa de la UAE han declarado privadamente que el CZCS es un problema mayor para su gobierno, y de que no representa los puntos de vista o visi\u00f3n del Jeque Zayed. El Pr\u00edncipe de la Corona Jeque Khalifah se cre\u00e9 que est\u00e1 trabajando para acabar las actividades inaceptables del centro&#8230; \u00ab<\/em><\/p>\n<p>Para leer este informe en ingles, la cual se enfoca en las continuas actividades del Centro Zayed, visite: <a href=\"http:\/\/www2.memri.org\/bin\/articles.cgi?Page=archives&amp;Area=sr&amp;ID=SR1803\">http:\/\/www2.memri.org\/bin\/articles.cgi?Page=archives&amp;Area=sr&amp;ID=SR1803<\/a><\/p>\n<h5>TABLA DE CONTENIDOS<\/h5>\n<h5>Cap\u00edtulo 1: Actividades en el Centro Zayed<\/h5>\n<p>I. Introducci\u00f3n: El Departamento de Estado Protesta los Discursos Anti-Americanos y Anti-<\/p>\n<p>Semitas del Centro Zayed<\/p>\n<p>II. El Centro Zayed Emite un Nuevo Demandante<\/p>\n<p>III. M\u00e1s Teor\u00edas Conspirativas del Centro Zayed:<\/p>\n<p>a. El Virus del SARS &#8211; Una Creaci\u00f3n Americana?<\/p>\n<p>b. Profesores Sauditas Culpan a los Jud\u00edos por la Guerra en Irak<\/p>\n<p>IV. El Centro Zayed Alaba a L\u00edder Antisem\u00edta Aleman por sus \u00abImpresionantes Posiciones con<\/p>\n<p>respecto a los Reclamos Antisemitas Jud\u00edos\u00bb<\/p>\n<p>V. El Negador del Holocausto David Irving sobre el Centro Zayed<\/p>\n<p>VI. Examinando una Fabricaci\u00f3n sobre el Holocausto por el Centro Zayed<\/p>\n<p>VII. El Sitio Web de Lyndon Larouche: \u00abLas Similitudes en Perspectiva entre la Visi\u00f3n del Jeque<\/p>\n<p>Zayed y la Prentada por Larouche son Extraordinarias\u00bb<\/p>\n<p>VIII. Profesores del Mundo Contin\u00faan Disertando en el Centro Zayed<\/p>\n<h5>Cap\u00edtulo 2: Las Reacciones del Centro Zayed al Informe de MEMRI<\/h5>\n<p>I. La Respuesta del Centro Zayed al Informe de MEMRI<\/p>\n<p>II. La Entrevista del Jeque Zayed en un Semanario Saudita sobre \u00abLa Campa\u00f1a de la Mancha Sionista\u00bb<\/p>\n<p>III. Los Medios de Comunicaci\u00f3n Arabes sobre el Centro Zayed: \u00abBajo Ataque por MEMRI\u00bb<\/p>\n<p>IV. Oficiales Gubernamentales Arabes Alaban al Centro Zayed por su Posici\u00f3n<\/p>\n<p>Contra las \u00abAlegaciones Sionistas\u00bb<\/p>\n<p>V. El Principal Diario Franc\u00e9s Le Monde y el Centro Zayed<\/p>\n<h5>APENDICES<\/h5>\n<p>A. La Respuesta del Centro Zayed al Informe de MEMRI<\/p>\n<p>B. La Carta del Centro Zayed al Pol\u00edtico Alem\u00e1n Jurgen Mollemann<\/p>\n<p>C. Cartas Oficiales al Centro Zayed D. El Centro Zayed sobre la P\u00e1gina Principal de Le Monde<\/p>\n<\/div>\n","protected":false},"excerpt":{"rendered":"<p>Durante el \u00faltimo mes, ha habido mucha controversia con respecto a Shiekh Zayed bin Sult\u00e1n Al-Nahyan, Presidente de los Emiratos Arabes Unidos, el hom\u00f3nimo del Centro Zayed, y donaciones que \u00e9l hizo a escuelas y universidades americanas. M\u00e1s reciente, una controversia surgi\u00f3 siguiendo a la donaci\u00f3n del Pr\u00edncipe Zayed a una escuela elemental en California, [&hellip;]<\/p>\n","protected":false},"author":1,"featured_media":0,"comment_status":"open","ping_status":"open","sticky":false,"template":"","format":"standard","meta":{"footnotes":""},"categories":[7],"tags":[],"class_list":["post-500","post","type-post","status-publish","format-standard","hentry","category-reportes-especiales"],"_links":{"self":[{"href":"https:\/\/www2.memri.org\/espanol\/wp-json\/wp\/v2\/posts\/500","targetHints":{"allow":["GET"]}}],"collection":[{"href":"https:\/\/www2.memri.org\/espanol\/wp-json\/wp\/v2\/posts"}],"about":[{"href":"https:\/\/www2.memri.org\/espanol\/wp-json\/wp\/v2\/types\/post"}],"author":[{"embeddable":true,"href":"https:\/\/www2.memri.org\/espanol\/wp-json\/wp\/v2\/users\/1"}],"replies":[{"embeddable":true,"href":"https:\/\/www2.memri.org\/espanol\/wp-json\/wp\/v2\/comments?post=500"}],"version-history":[{"count":0,"href":"https:\/\/www2.memri.org\/espanol\/wp-json\/wp\/v2\/posts\/500\/revisions"}],"wp:attachment":[{"href":"https:\/\/www2.memri.org\/espanol\/wp-json\/wp\/v2\/media?parent=500"}],"wp:term":[{"taxonomy":"category","embeddable":true,"href":"https:\/\/www2.memri.org\/espanol\/wp-json\/wp\/v2\/categories?post=500"},{"taxonomy":"post_tag","embeddable":true,"href":"https:\/\/www2.memri.org\/espanol\/wp-json\/wp\/v2\/tags?post=500"}],"curies":[{"name":"wp","href":"https:\/\/api.w.org\/{rel}","templated":true}]}}