{"id":4949,"date":"2011-08-25T00:00:00","date_gmt":"2011-08-25T00:00:00","guid":{"rendered":"http:\/\/www2.memri.org\/espanol\/2011\/08\/25\/abdessalam-jalloud-ex-primer-ministro-de-libia-quien-recientemente-deserto-llama-a-al-gadafi-un-tirano-enfermo-del-trono-y-falso-profeta-de-los-tiempos-modernos-y-pide-a-los-demas-que-abandonen\/"},"modified":"2016-01-13T21:32:34","modified_gmt":"2016-01-13T21:32:34","slug":"abdessalam-jalloud-ex-primer-ministro-de-libia-quien-recientemente-deserto-llama-a-al-gadafi-un-tirano-enfermo-del-trono-y-falso-profeta-de-los-tiempos-modernos-y-pide-a-los-demas-que-abandonen","status":"publish","type":"post","link":"https:\/\/www2.memri.org\/espanol\/abdessalam-jalloud-ex-primer-ministro-de-libia-quien-recientemente-deserto-llama-a-al-gadafi-un-tirano-enfermo-del-trono-y-falso-profeta-de-los-tiempos-modernos-y-pide-a-los-demas-que-abandonen\/4949","title":{"rendered":"Abdessalam Jalloud, ex primer ministro de Libia quien recientemente desert\u00f3, llama a Al-Gadafi un &#8216;tirano enfermo del trono&#8217; y &#8216;falso profeta de los tiempos modernos&#8217; y pide a los dem\u00e1s que abandonen el barco"},"content":{"rendered":"<div class=\"bodytext c2\">\n<p><em>Lo siguiente son extractos de un discurso pronunciado por Abdessalam Jalloud, ex primer ministro libio y ex camarada del l\u00edder libio Mu&#8217;amar Al Gadafi, quien recientemente desert\u00f3 y se uni\u00f3 a los rebeldes. El discurso fue transmitido por Al-Jazeera TV el 21 de agosto, 2011.<\/em><\/p>\n<div class=\"c1\"><iframe height=\"485\" src=\"http:\/\/www.memritv.org\/player\/largePlayer.php?&amp;width=585&amp;height=485&amp;autoplay=1&amp;clipid=3080\" frameborder=\"0\" width=\"585\" allowtransparency=\"\" scrolling=\"no\"><\/iframe><\/div>\n<p><strong>Abdessalam Jalloud<\/strong>: \u00abAlabado sea Al\u00e1, Alabado sea Al\u00e1, Alabado sea Al\u00e1, Alabado sea Al\u00e1. Oh pueblo libio, los libios estaban muertos y han sido resucitados por los j\u00f3venes del 17 de febrero. El fil\u00f3sofo hind\u00fa Tagore dec\u00eda que el enemigo de los pueblos no es el hambre, la pobreza, la enfermedad o la ignorancia. El enemigo de los pueblos es el miedo. Los j\u00f3venes del 17 de febrero y el pueblo libio tras ellos, han superado el miedo. Ellos han pisoteado el miedo. [&#8230; ]<\/p>\n<p>\u00abDescribir de este individuo enfermo [Gadafi] como un tirano y fara\u00f3n no comienza a describir su verdadera personalidad &#8211; su car\u00e1cter sanguinario y naturaleza maquiav\u00e9lica, su enga\u00f1o y la atrocidad de sus cr\u00edmenes.<\/p>\n<p>\u00abEste tirano es el \u00faltimo que tiene derecho a hablar de patriotismo o religi\u00f3n. Patriotismo y religi\u00f3n no tienen nada que ver con \u00e9l. \u00c9l es el \u00faltimo con derecho a hablar de traici\u00f3n, porque ha traicionado al pueblo, a la revoluci\u00f3n, al Islam y al panarabismo.<\/p>\n<p>\u00abLos revolucionarios de Libia no son revolucionarios de la OTAN, tal como dijo este tirano, este falso profeta de nuestros d\u00edas. Son revolucionarios de Al\u00e1, los revolucionarios de Al\u00e1.<\/p>\n<p>\u00abEste tirano es el \u00faltimo con derecho a hablar de las Cruzadas, ya que en varias ocasiones invit\u00f3 a los Estados Unidos y a Occidente a Libia y hacer lo que les plazca con su petr\u00f3leo y su pueblo, para poder asegurar su trono. \u00c9l es un enfermo del trono. Sin su trono \u00e9l no es nada. [&#8230;]<\/p>\n<p>\u00abLe estoy diciendo que las fuerzas del tirano han sido destruidas. Lo \u00fanico que le queda es un mont\u00f3n de voluntarios, a quienes les compra un coche y le da 5.000 dinares a cada uno. Este tirano habla de Al-Qaeda y de pandillas. Usted me conoce. Tiene alguna l\u00f3gica que yo me una a Al-Qaeda o a bandas? [&#8230;]<\/p>\n<p>\u00abVeo los restos del ej\u00e9rcito de [Gadafi] luchando en nombre de un r\u00e9gimen que ha llegado a su fin, colapsado. Este r\u00e9gimen ha encontrado una muerte s\u00fabita.<\/p>\n<p>\u00abUstedes deben aprovechar las \u00faltimas horas y minutos para saltar de la nave de la traici\u00f3n y la tiran\u00eda a la nave del pueblo. Les quedan s\u00f3lo unos pocos minutos u horas. El momento decisivo ha llegado, Al\u00e1 que lega. [&#8230;]<\/p>\n<p>\u00abPido al resto del ej\u00e9rcito que entreguen sus armas y regresen a sus casas, o \u00fananse a la revoluci\u00f3n, a los <em>mujahideen<\/em>. Esta es su \u00fanica opci\u00f3n\u00bb. [&#8230;]<\/p>\n<\/div>\n","protected":false},"excerpt":{"rendered":"<p>Lo siguiente son extractos de un discurso pronunciado por Abdessalam Jalloud, ex primer ministro libio y ex camarada del l\u00edder libio Mu&#8217;amar Al Gadafi, quien recientemente desert\u00f3 y se uni\u00f3 a los rebeldes. El discurso fue transmitido por Al-Jazeera TV el 21 de agosto, 2011. Abdessalam Jalloud: \u00abAlabado sea Al\u00e1, Alabado sea Al\u00e1, Alabado sea [&hellip;]<\/p>\n","protected":false},"author":1,"featured_media":0,"comment_status":"open","ping_status":"open","sticky":false,"template":"","format":"standard","meta":{"footnotes":""},"categories":[6],"tags":[],"class_list":["post-4949","post","type-post","status-publish","format-standard","hentry","category-comunicados-especiales"],"_links":{"self":[{"href":"https:\/\/www2.memri.org\/espanol\/wp-json\/wp\/v2\/posts\/4949","targetHints":{"allow":["GET"]}}],"collection":[{"href":"https:\/\/www2.memri.org\/espanol\/wp-json\/wp\/v2\/posts"}],"about":[{"href":"https:\/\/www2.memri.org\/espanol\/wp-json\/wp\/v2\/types\/post"}],"author":[{"embeddable":true,"href":"https:\/\/www2.memri.org\/espanol\/wp-json\/wp\/v2\/users\/1"}],"replies":[{"embeddable":true,"href":"https:\/\/www2.memri.org\/espanol\/wp-json\/wp\/v2\/comments?post=4949"}],"version-history":[{"count":0,"href":"https:\/\/www2.memri.org\/espanol\/wp-json\/wp\/v2\/posts\/4949\/revisions"}],"wp:attachment":[{"href":"https:\/\/www2.memri.org\/espanol\/wp-json\/wp\/v2\/media?parent=4949"}],"wp:term":[{"taxonomy":"category","embeddable":true,"href":"https:\/\/www2.memri.org\/espanol\/wp-json\/wp\/v2\/categories?post=4949"},{"taxonomy":"post_tag","embeddable":true,"href":"https:\/\/www2.memri.org\/espanol\/wp-json\/wp\/v2\/tags?post=4949"}],"curies":[{"name":"wp","href":"https:\/\/api.w.org\/{rel}","templated":true}]}}