{"id":4848,"date":"2011-07-20T00:00:00","date_gmt":"2011-07-20T00:00:00","guid":{"rendered":"http:\/\/www2.memri.org\/espanol\/2011\/07\/20\/agencia-de-noticias-de-iran-destacado-negador-del-holocausto-elogia-a-ahmadinejad-por-su-papel-clave-en-romper-el-tabu-en-estudiar-la-realidad-del-holocausto-judio\/"},"modified":"2016-01-13T21:35:54","modified_gmt":"2016-01-13T21:35:54","slug":"agencia-de-noticias-de-iran-destacado-negador-del-holocausto-elogia-a-ahmadinejad-por-su-papel-clave-en-romper-el-tabu-en-estudiar-la-realidad-del-holocausto-judio","status":"publish","type":"post","link":"https:\/\/www2.memri.org\/espanol\/agencia-de-noticias-de-iran-destacado-negador-del-holocausto-elogia-a-ahmadinejad-por-su-papel-clave-en-romper-el-tabu-en-estudiar-la-realidad-del-holocausto-judio\/4848","title":{"rendered":"Agencia de Noticias de Ir\u00e1n: Destacado negador del Holocausto &#8216;elogia a Ahmadinejad por su papel clave en romper el tab\u00fa en estudiar la realidad del holocausto jud\u00edo&#8217;"},"content":{"rendered":"<div class=\"bodytext c2\">\n<p><em><img loading=\"lazy\" decoding=\"async\" class=\"alignnone size-full wp-image-6278\" src=\"http:\/\/www2.memri.org\/espanol\/wp-content\/uploads\/2016\/01\/8361.jpg\" width=\"285\" height=\"239\" \/><\/em><\/p>\n<p><em>La agencia de noticias iran\u00ed Fars informa que el destacado negador del Holocausto Fredrick Toben, director del Instituto Adelaide ha \u00abelogiado al Presidente iran\u00ed Mahmud Ahmadineyad, por su papel clave en romper el tab\u00fa en el estudio de la realidad del holocausto jud\u00edo\u00bb.<\/em><\/p>\n<p>Fars cit\u00f3 a Toben diciendo en una entrevista: \u00abLlev\u00e9 a cabo una investigaci\u00f3n sobre el Holocausto antes de que el presidente iran\u00ed tomara su postura, pero la declaraci\u00f3n de Ahmadinejad me gui\u00f3 en captar una comprensi\u00f3n correcta de esta mentira hist\u00f3rica\u00bb. Este agreg\u00f3 que Ahmadinejad tambi\u00e9n fue la primera figura de alto rango pol\u00edtico y presidente en el mundo que cuestion\u00f3 el Holocausto.<\/p>\n<p>El art\u00edculo declaro: \u00abToben se\u00f1al\u00f3 adem\u00e1s que el presidente iran\u00ed ha utilizado un m\u00e9todo l\u00f3gico para cuestionar el Holocausto, que es el principal instrumento de propaganda de Israel y pidi\u00f3 a las naciones romper el tab\u00fa y comenzar a discutirlo como cualquier hip\u00f3tesis hist\u00f3rica\u00bb.<\/p>\n<p>\u00abDestacando la importancia de la postura de Ir\u00e1n sobre el holocausto, Toben record\u00f3 la prohibici\u00f3n de discutir el tema en las comunidades occidentales y dijo que en la sociedad occidental, en la que el ate\u00edsmo y la blasfemia se permiten, los altos funcionarios dicen que se nos permite cuestionar todo excepto el Holocausto jud\u00edo.<\/p>\n<p>\u00abEn estas condiciones, &#8216;Ir\u00e1n est\u00e1 buscando liberar a las naciones de tales creencias err\u00f3neas. Ir\u00e1n est\u00e1 tratando de liberar a aquellos que no son conscientes de que son esclavos del Holocausto&#8217;.<\/p>\n<p>\u00abToben naci\u00f3 en 1944 en el norte de Alemania, pero emigr\u00f3 con su familia a Australia cuando ten\u00eda diez a\u00f1os.<\/p>\n<p>\u00abEstudi\u00f3 en las universidades de Australia, Nueva Zelanda y Alemania y posee una maestr\u00eda en educaci\u00f3n y un doctorado en filosof\u00eda. Ha trabajado como profesor en Alemania, Nueva Zelanda, Rodesia\/Zimbabwe, Nigeria y Australia.<\/p>\n<p>\u00abFund\u00f3 el Instituto de Adelaide en 1994. Centrado en la mayor ciudad del sur de Australia y financiado por donaciones, esta juega un papel importante en la lucha mundial contra lo oscuro en la historia a trav\u00e9s de su portal\u00bb. <a href=\"#_edn1\" name=\"_ednref1\">[1]<\/a><\/p>\n<\/p>\n<hr class=\"c1\" size=\"1\" width=\"33%\" \/>\n<p><a href=\"#_ednref1\" name=\"_edn1\">[1]<\/a> Fars (Ir\u00e1n), 6 de abril, 2011. El texto ha sido ligeramente editado para mayor claridad.<\/p>\n<\/div>\n","protected":false},"excerpt":{"rendered":"<p>La agencia de noticias iran\u00ed Fars informa que el destacado negador del Holocausto Fredrick Toben, director del Instituto Adelaide ha \u00abelogiado al Presidente iran\u00ed Mahmud Ahmadineyad, por su papel clave en romper el tab\u00fa en el estudio de la realidad del holocausto jud\u00edo\u00bb. Fars cit\u00f3 a Toben diciendo en una entrevista: \u00abLlev\u00e9 a cabo una [&hellip;]<\/p>\n","protected":false},"author":1,"featured_media":6278,"comment_status":"open","ping_status":"open","sticky":false,"template":"","format":"standard","meta":{"footnotes":""},"categories":[6,20,16],"tags":[],"class_list":["post-4848","post","type-post","status-publish","format-standard","has-post-thumbnail","hentry","category-comunicados-especiales","category-iran","category-proyecto-documental-sobre-antisemitismo"],"_links":{"self":[{"href":"https:\/\/www2.memri.org\/espanol\/wp-json\/wp\/v2\/posts\/4848","targetHints":{"allow":["GET"]}}],"collection":[{"href":"https:\/\/www2.memri.org\/espanol\/wp-json\/wp\/v2\/posts"}],"about":[{"href":"https:\/\/www2.memri.org\/espanol\/wp-json\/wp\/v2\/types\/post"}],"author":[{"embeddable":true,"href":"https:\/\/www2.memri.org\/espanol\/wp-json\/wp\/v2\/users\/1"}],"replies":[{"embeddable":true,"href":"https:\/\/www2.memri.org\/espanol\/wp-json\/wp\/v2\/comments?post=4848"}],"version-history":[{"count":0,"href":"https:\/\/www2.memri.org\/espanol\/wp-json\/wp\/v2\/posts\/4848\/revisions"}],"wp:featuredmedia":[{"embeddable":true,"href":"https:\/\/www2.memri.org\/espanol\/wp-json\/wp\/v2\/media\/6278"}],"wp:attachment":[{"href":"https:\/\/www2.memri.org\/espanol\/wp-json\/wp\/v2\/media?parent=4848"}],"wp:term":[{"taxonomy":"category","embeddable":true,"href":"https:\/\/www2.memri.org\/espanol\/wp-json\/wp\/v2\/categories?post=4848"},{"taxonomy":"post_tag","embeddable":true,"href":"https:\/\/www2.memri.org\/espanol\/wp-json\/wp\/v2\/tags?post=4848"}],"curies":[{"name":"wp","href":"https:\/\/api.w.org\/{rel}","templated":true}]}}