{"id":4845,"date":"2011-07-19T00:00:00","date_gmt":"2011-07-19T00:00:00","guid":{"rendered":"http:\/\/www2.memri.org\/espanol\/2011\/07\/19\/eulogia-de-aqpa-a-osama-bin-laden-en-la-revista-inspire-este-estuvo-de-pie-y-se-enfrento-cara-a-cara-como-una-montana-firme\/"},"modified":"2016-01-13T21:36:04","modified_gmt":"2016-01-13T21:36:04","slug":"eulogia-de-aqpa-a-osama-bin-laden-en-la-revista-inspire-este-estuvo-de-pie-y-se-enfrento-cara-a-cara-como-una-montana-firme","status":"publish","type":"post","link":"https:\/\/www2.memri.org\/espanol\/eulogia-de-aqpa-a-osama-bin-laden-en-la-revista-inspire-este-estuvo-de-pie-y-se-enfrento-cara-a-cara-como-una-montana-firme\/4845","title":{"rendered":"Eulogia de AQPA a Osama bin Laden en la revista Inspire: \u00abEste estuvo de pie y se enfrent\u00f3 cara a cara, como una monta\u00f1a firme&#8217;"},"content":{"rendered":"<div class=\"bodytext c1\">\n<p><strong>Nota a los medios de comunicaci\u00f3n y del gobierno: Para recibir una copia completa de este art\u00edculo, env\u00ede un correo electr\u00f3nico con el siguiente destacado \u00abEulogia de AQPA a Bin Laden\u00bb a <a href=\"mailto:media@memri.org\">media@memri.org<\/a>. Por favor, incluya su nombre, t\u00edtulo y la organizaci\u00f3n a la cual pertenece en su correo electr\u00f3nico.<\/strong><\/p>\n<p>En la sexta edici\u00f3n de su revista en ingl\u00e9s, <em>Inspire<\/em>, Al-Qaeda en la Pen\u00ednsula Ar\u00e1biga (AQPA) public\u00f3 un comunicado titulado \u00abEl Martirio del Jeque Osama\u00bb, en la que rindi\u00f3 homenaje a Osama bin Laden. La organizaci\u00f3n se\u00f1al\u00f3 que este se enfrent\u00f3 a los estadounidenses \u00abcomo una monta\u00f1a firme\u00bb y los comprometi\u00f3 \u00aben una feroz batalla,\u00bb donde al final recibi\u00f3 \u00abel honor que estuvo buscando desde hace muchos a\u00f1os&#8230; De hecho, es el martirio por la causa de Al\u00e1\u00bb.<\/p>\n<p>La Eulogia dio lealtad de que Al-Qaeda seguir\u00e1 los pasos de bin Laden: \u00abPueden los estadounidenses&#8230; dar muerte a lo que el jeque Osama vivi\u00f3 y fue asesinado? Lejos est\u00e9! Lejos est\u00e9! El Jeque Osama no construy\u00f3 esta organizaci\u00f3n para que muera con su muerte\u00bb. Dicho esto, no hay amenazas evidentes de ataques contra los Estados Unidos en el comunicado.<\/p>\n<p>Cabe se\u00f1alar que AQPA ya ha publicado una Eulogia a bin Laden en \u00e1rabe.<\/p>\n<p>La glorificaci\u00f3n de bin Laden como un guerrero del Jihad quien se enfrent\u00f3 a los norteamericanos con \u00absus armas contra las de ellos\u00bb debe ser visto como parte de los esfuerzos de Al-Qaeda para hacer frente a los problemas planteados a la moral de los <em>mujahideen<\/em> en los frentes por las circunstancias de la muerte del l\u00edder &#8211; es decir, en un complejo residencial en Pakist\u00e1n, acompa\u00f1ado de su familia.<\/p>\n<p>El texto completo de este informe est\u00e1 a disposici\u00f3n de los subscriptores del Proyecto de Supervisi\u00f3n a la Amenaza Terrorista y Jihad de MEMRI.<\/p>\n<p>La informaci\u00f3n para suscribirse est\u00e1 disponible en <strong><a href=\"http:\/\/subscriptions.memri.org\/content\/en\/member_registr_jttm.htm\">este enlace<\/a><\/strong> .<\/p>\n<p>Los suscriptores del PSATJ pueden visitar <strong><a href=\"http:\/\/www.memrijttm.org\">www.memrijttm.org<\/a><\/strong> para ver el informe.<\/p>\n<\/div>\n","protected":false},"excerpt":{"rendered":"<p>Nota a los medios de comunicaci\u00f3n y del gobierno: Para recibir una copia completa de este art\u00edculo, env\u00ede un correo electr\u00f3nico con el siguiente destacado \u00abEulogia de AQPA a Bin Laden\u00bb a media@memri.org. Por favor, incluya su nombre, t\u00edtulo y la organizaci\u00f3n a la cual pertenece en su correo electr\u00f3nico. En la sexta edici\u00f3n de [&hellip;]<\/p>\n","protected":false},"author":1,"featured_media":0,"comment_status":"open","ping_status":"open","sticky":false,"template":"","format":"standard","meta":{"footnotes":""},"categories":[10,6],"tags":[],"class_list":["post-4845","post","type-post","status-publish","format-standard","hentry","category-estudios-sobre-terrorismo-y-yihad","category-comunicados-especiales"],"_links":{"self":[{"href":"https:\/\/www2.memri.org\/espanol\/wp-json\/wp\/v2\/posts\/4845","targetHints":{"allow":["GET"]}}],"collection":[{"href":"https:\/\/www2.memri.org\/espanol\/wp-json\/wp\/v2\/posts"}],"about":[{"href":"https:\/\/www2.memri.org\/espanol\/wp-json\/wp\/v2\/types\/post"}],"author":[{"embeddable":true,"href":"https:\/\/www2.memri.org\/espanol\/wp-json\/wp\/v2\/users\/1"}],"replies":[{"embeddable":true,"href":"https:\/\/www2.memri.org\/espanol\/wp-json\/wp\/v2\/comments?post=4845"}],"version-history":[{"count":0,"href":"https:\/\/www2.memri.org\/espanol\/wp-json\/wp\/v2\/posts\/4845\/revisions"}],"wp:attachment":[{"href":"https:\/\/www2.memri.org\/espanol\/wp-json\/wp\/v2\/media?parent=4845"}],"wp:term":[{"taxonomy":"category","embeddable":true,"href":"https:\/\/www2.memri.org\/espanol\/wp-json\/wp\/v2\/categories?post=4845"},{"taxonomy":"post_tag","embeddable":true,"href":"https:\/\/www2.memri.org\/espanol\/wp-json\/wp\/v2\/tags?post=4845"}],"curies":[{"name":"wp","href":"https:\/\/api.w.org\/{rel}","templated":true}]}}