{"id":4844,"date":"2011-07-19T00:00:00","date_gmt":"2011-07-19T00:00:00","guid":{"rendered":"http:\/\/www2.memri.org\/espanol\/2011\/07\/19\/jihadista-estadounidense-samir-khan-en-referencia-a-la-muerte-de-osama-bin-laden-este-no-murio-en-su-cama\/"},"modified":"2016-01-13T21:36:03","modified_gmt":"2016-01-13T21:36:03","slug":"jihadista-estadounidense-samir-khan-en-referencia-a-la-muerte-de-osama-bin-laden-este-no-murio-en-su-cama","status":"publish","type":"post","link":"https:\/\/www2.memri.org\/espanol\/jihadista-estadounidense-samir-khan-en-referencia-a-la-muerte-de-osama-bin-laden-este-no-murio-en-su-cama\/4844","title":{"rendered":"Jihadista estadounidense Samir Khan en referencia a la muerte de Osama bin Laden: Este no muri\u00f3 en su cama"},"content":{"rendered":"<div class=\"bodytext c1\">\n<p><strong>Nota a los medios de comunicaci\u00f3n y del gobierno: Para una copia completa de este art\u00edculo, env\u00ede un correo electr\u00f3nico con el siguiente destacado \u00abJihadista Estadounidense Samir Khan\u00bb a <a href=\"mailto:media@memri.org\">media@memri.org<\/a>. Por favor, incluya su nombre, t\u00edtulo y la organizaci\u00f3n a la actual pertenece en su correo electr\u00f3nico.<\/strong><\/p>\n<p>En el art\u00edculo destacado de la sexta edici\u00f3n de la revista editada en ingl\u00e9s <em>Inspire<\/em> de Al-Qaeda en la Pen\u00ednsula Ar\u00e1biga, publicada el 19 de julio, 2011, el jihadista nacido en los Estados Unidos Samir Khan alaba a Osama bin Laden y promete que los musulmanes vengaran su muerte.<\/p>\n<p>En el art\u00edculo, titulado \u00abTristeza, Alegr\u00eda e aspiraci\u00f3n\u00bb, Khan describe los sentimientos encontrados de tristeza y alegr\u00eda que le golpearon a \u00e9l y a sus compa\u00f1eros <em>mujahideen<\/em> cuando escucharon la noticia de la muerte de bin Laden, explicando que la satisfacci\u00f3n derivada de sus creencias de que hab\u00eda alcanzado el martirio. Este ensalza a bin Laden por su papel pionero en la vanguardia del Jihad contra los gobernantes seculares de los pa\u00edses musulmanes y en declararle la guerra abierta a Estados Unidos. Khan tambi\u00e9n elogia a bin Laden por haber establecido un ejemplo para los dem\u00e1s musulmanes abandonando su vida confortable para emprender el Jihad en Afganist\u00e1n. Cabe se\u00f1alar que Khan se refiere a las circunstancias del asesinato de bin Laden, negando que fuera asesinado mientras estaba en su cama. Esto refleja el intento de disculpa permanente de AQPA en conciliarse con el hecho de que bin Laden no muri\u00f3 en los campos de batalla, sino en el recinto donde viv\u00eda, rodeado por sus esposas.<\/p>\n<p>El texto completo de este informe est\u00e1 a disposici\u00f3n de los subscriptores del Proyecto de Supervisi\u00f3n a la Amenaza Terrorista y Jihad de MEMRI.<\/p>\n<p>La informaci\u00f3n para suscribirse est\u00e1 disponible en <strong><a href=\"http:\/\/subscriptions.memri.org\/content\/en\/member_registr_jttm.htm\">este enlace<\/a><\/strong> .<\/p>\n<p>Los suscriptores del PSATJ pueden visitar <strong><a href=\"http:\/\/www.memrijttm.org\">www.memrijttm.org<\/a><\/strong> para ver el informe.<\/p>\n<\/div>\n","protected":false},"excerpt":{"rendered":"<p>Nota a los medios de comunicaci\u00f3n y del gobierno: Para una copia completa de este art\u00edculo, env\u00ede un correo electr\u00f3nico con el siguiente destacado \u00abJihadista Estadounidense Samir Khan\u00bb a media@memri.org. Por favor, incluya su nombre, t\u00edtulo y la organizaci\u00f3n a la actual pertenece en su correo electr\u00f3nico. En el art\u00edculo destacado de la sexta edici\u00f3n [&hellip;]<\/p>\n","protected":false},"author":1,"featured_media":0,"comment_status":"open","ping_status":"open","sticky":false,"template":"","format":"standard","meta":{"footnotes":""},"categories":[10,6],"tags":[],"class_list":["post-4844","post","type-post","status-publish","format-standard","hentry","category-estudios-sobre-terrorismo-y-yihad","category-comunicados-especiales"],"_links":{"self":[{"href":"https:\/\/www2.memri.org\/espanol\/wp-json\/wp\/v2\/posts\/4844","targetHints":{"allow":["GET"]}}],"collection":[{"href":"https:\/\/www2.memri.org\/espanol\/wp-json\/wp\/v2\/posts"}],"about":[{"href":"https:\/\/www2.memri.org\/espanol\/wp-json\/wp\/v2\/types\/post"}],"author":[{"embeddable":true,"href":"https:\/\/www2.memri.org\/espanol\/wp-json\/wp\/v2\/users\/1"}],"replies":[{"embeddable":true,"href":"https:\/\/www2.memri.org\/espanol\/wp-json\/wp\/v2\/comments?post=4844"}],"version-history":[{"count":0,"href":"https:\/\/www2.memri.org\/espanol\/wp-json\/wp\/v2\/posts\/4844\/revisions"}],"wp:attachment":[{"href":"https:\/\/www2.memri.org\/espanol\/wp-json\/wp\/v2\/media?parent=4844"}],"wp:term":[{"taxonomy":"category","embeddable":true,"href":"https:\/\/www2.memri.org\/espanol\/wp-json\/wp\/v2\/categories?post=4844"},{"taxonomy":"post_tag","embeddable":true,"href":"https:\/\/www2.memri.org\/espanol\/wp-json\/wp\/v2\/tags?post=4844"}],"curies":[{"name":"wp","href":"https:\/\/api.w.org\/{rel}","templated":true}]}}