{"id":48406,"date":"2018-08-31T15:06:29","date_gmt":"2018-08-31T19:06:29","guid":{"rendered":"http:\/\/www2.memri.org\/espanol\/?p=48406"},"modified":"2018-09-04T15:08:58","modified_gmt":"2018-09-04T19:08:58","slug":"cantante-libanesa-y-embajadora-de-buena-voluntad-en-la-onu-majida-el-roumi-el-sionismo-global-esta-implementando-los-protocolos-de-los-sabios-de-sion-y-esta-detras-de-los-atentados-en-francia-m","status":"publish","type":"post","link":"https:\/\/www2.memri.org\/espanol\/cantante-libanesa-y-embajadora-de-buena-voluntad-en-la-onu-majida-el-roumi-el-sionismo-global-esta-implementando-los-protocolos-de-los-sabios-de-sion-y-esta-detras-de-los-atentados-en-francia-m\/48406","title":{"rendered":"Cantante libanesa y embajadora de buena voluntad en la ONU Majida El Roumi: El sionismo global est\u00e1 implementando &#8216;Los Protocolos de los Sabios de Si\u00f3n&#8217; y est\u00e1 detr\u00e1s de los atentados en Francia &#8211; Material de Archivo"},"content":{"rendered":"<p><em>En 2016, la cantante libanesa Majida El Roumi, que ha servido como Embajadora de Buena Voluntad de la FAO desde el 2001, dijo que hab\u00eda le\u00eddo \u00abLos Protocolos de los Sabios de Si\u00f3n\u00bb cuando era joven a instancias de su padre y que el sionismo mundial \u00abtiene plan para fragmentar el mundo \u00e1rabe en su totalidad\u201d. El Roumi, que habl\u00f3 en la Universidad \u00c1rabe de Beirut, dijo: \u00abEsta idea est\u00e1 constantemente en sus cabezas: el tipo de fragmentaci\u00f3n de la tierra que se ve en varios lugares, balas volando en un lugar, cohetes en otro, bombardeos en Francia y en otro lugar&#8230; \u00abSus declaraciones se emitieron en el canal de televisi\u00f3n liban\u00e9s Aghani el 16 de mayo de 2016.<\/em><\/p>\n<p><strong><em>Para ver el video de Majida El Roumi en el portal MEMRI TV, pulse <a href=\"https:\/\/www.memri.org\/tv\/lebanese-singer-majida-el-roumi-global-zionism-implementing-protocols-of-elders-of-zion-plot\">aqu\u00ed<\/a> o debajo.<\/em><\/strong><\/p>\n<p><iframe src=\"https:\/\/www.memri.org\/player\/clip\/40575\/780,440\/1\" width=\"780\" height=\"440\" frameborder=\"0\"><\/iframe><\/p>\n<p><strong>\u00abLe\u00ed que el sionismo mundial tiene un plan para fragmentar el mundo \u00e1rabe en su totalidad\u00bb<\/strong><\/p>\n<p><strong>Majida El Roumi<\/strong>: \u00abSi uno se pregunta a si mismo qu\u00e9 est\u00e1 sucediendo y por qu\u00e9 estamos sometidos a todo esto globalmente, especialmente en el mundo \u00e1rabe&#8230; \u00bfQu\u00e9 est\u00e1 sucediendo? Personalmente y, asumo toda la responsabilidad de lo que digo, siempre creo que todo est\u00e1 conectado a algo que le\u00ed en el hogar de mis padres cuando era una peque\u00f1a. Mi difunto padre trajo a casa <em>Los Protocolos de los Sabios de Si\u00f3n<\/em> y nos dijo: &#8216;Lean este libro y hasta el d\u00eda de sus muertes, nunca olviden lo que han le\u00eddo&#8217;. As\u00ed que le\u00ed que el sionismo global tiene un plan para fragmentar el mundo \u00e1rabe en su totalidad. Estos tienen en sus cabezas un plan para crear un gobierno unido para todo el mundo y creen que todos existimos en este planeta para servirles\u00bb.<\/p>\n<p><img loading=\"lazy\" decoding=\"async\" class=\"alignnone size-full wp-image-48407\" src=\"https:\/\/www2.memri.org\/espanol\/wp-content\/uploads\/2018\/09\/mtv6739.jpg\" width=\"1198\" height=\"341\" srcset=\"https:\/\/www2.memri.org\/espanol\/wp-content\/uploads\/2018\/09\/mtv6739.jpg 1198w, https:\/\/www2.memri.org\/espanol\/wp-content\/uploads\/2018\/09\/mtv6739-300x85.jpg 300w, https:\/\/www2.memri.org\/espanol\/wp-content\/uploads\/2018\/09\/mtv6739-768x219.jpg 768w, https:\/\/www2.memri.org\/espanol\/wp-content\/uploads\/2018\/09\/mtv6739-1024x291.jpg 1024w, https:\/\/www2.memri.org\/espanol\/wp-content\/uploads\/2018\/09\/mtv6739-600x171.jpg 600w, https:\/\/www2.memri.org\/espanol\/wp-content\/uploads\/2018\/09\/mtv6739-696x198.jpg 696w, https:\/\/www2.memri.org\/espanol\/wp-content\/uploads\/2018\/09\/mtv6739-1068x304.jpg 1068w\" sizes=\"auto, (max-width: 1198px) 100vw, 1198px\" \/><\/p>\n<p><strong>\u00abEl tipo de fragmentaci\u00f3n en las tierras que uno ve en varios lugares, balas silbando en un lugar, cohetes del otro, atentados en Francia y en otros lugares\u00bb<\/strong><\/p>\n<p>\u00abEsta idea est\u00e1 constantemente revoloteando dentro de sus cabezas: el tipo de fragmentaci\u00f3n en la tierra que uno ve en varios lugares, balas silbando en varios lugares, cohetes en otro, atentados en Francia y en otros lugares&#8230; As\u00ed es como yo lo veo. Ciertamente existen personas entre nosotros que colaboran con ellos, porque siempre existen traidores. Pero yo poseo una imagen muy clara en mi cabeza: la fragmentaci\u00f3n del mundo \u00e1rabe&#8230; Existe algo llamado &#8216;El Gran Israel&#8217;, el cual aparece en su moneda. Ellos a\u00fan no han demarcado sus fronteras y consideran que su pa\u00eds se extiende desde el Nilo hasta el \u00c9ufrates. Creen que Al\u00e1 les dio el derecho de ser nuestros amos. Esto es lo que le\u00ed en el hogar de mis padres\u00bb.<\/p>\n<p><img loading=\"lazy\" decoding=\"async\" class=\"alignnone size-full wp-image-48408\" src=\"https:\/\/www2.memri.org\/espanol\/wp-content\/uploads\/2018\/09\/mtv6739a.jpg\" width=\"1198\" height=\"341\" srcset=\"https:\/\/www2.memri.org\/espanol\/wp-content\/uploads\/2018\/09\/mtv6739a.jpg 1198w, https:\/\/www2.memri.org\/espanol\/wp-content\/uploads\/2018\/09\/mtv6739a-300x85.jpg 300w, https:\/\/www2.memri.org\/espanol\/wp-content\/uploads\/2018\/09\/mtv6739a-768x219.jpg 768w, https:\/\/www2.memri.org\/espanol\/wp-content\/uploads\/2018\/09\/mtv6739a-1024x291.jpg 1024w, https:\/\/www2.memri.org\/espanol\/wp-content\/uploads\/2018\/09\/mtv6739a-600x171.jpg 600w, https:\/\/www2.memri.org\/espanol\/wp-content\/uploads\/2018\/09\/mtv6739a-696x198.jpg 696w, https:\/\/www2.memri.org\/espanol\/wp-content\/uploads\/2018\/09\/mtv6739a-1068x304.jpg 1068w\" sizes=\"auto, (max-width: 1198px) 100vw, 1198px\" \/><\/p>\n","protected":false},"excerpt":{"rendered":"<p>En 2016, la cantante libanesa Majida El Roumi, que ha servido como Embajadora de Buena Voluntad de la FAO desde el 2001, dijo que hab\u00eda le\u00eddo \u00abLos Protocolos de los Sabios de Si\u00f3n\u00bb cuando era joven a instancias de su padre y que el sionismo mundial \u00abtiene plan para fragmentar el mundo \u00e1rabe en su [&hellip;]<\/p>\n","protected":false},"author":1,"featured_media":48407,"comment_status":"open","ping_status":"open","sticky":false,"template":"","format":"standard","meta":{"footnotes":""},"categories":[4,6,9,18,2,16,27],"tags":[],"class_list":["post-48406","post","type-post","status-publish","format-standard","has-post-thumbnail","hentry","category-archivos","category-comunicados-especiales","category-temas","category-paises","category-featured","category-proyecto-documental-sobre-antisemitismo","category-libano"],"_links":{"self":[{"href":"https:\/\/www2.memri.org\/espanol\/wp-json\/wp\/v2\/posts\/48406","targetHints":{"allow":["GET"]}}],"collection":[{"href":"https:\/\/www2.memri.org\/espanol\/wp-json\/wp\/v2\/posts"}],"about":[{"href":"https:\/\/www2.memri.org\/espanol\/wp-json\/wp\/v2\/types\/post"}],"author":[{"embeddable":true,"href":"https:\/\/www2.memri.org\/espanol\/wp-json\/wp\/v2\/users\/1"}],"replies":[{"embeddable":true,"href":"https:\/\/www2.memri.org\/espanol\/wp-json\/wp\/v2\/comments?post=48406"}],"version-history":[{"count":0,"href":"https:\/\/www2.memri.org\/espanol\/wp-json\/wp\/v2\/posts\/48406\/revisions"}],"wp:featuredmedia":[{"embeddable":true,"href":"https:\/\/www2.memri.org\/espanol\/wp-json\/wp\/v2\/media\/48407"}],"wp:attachment":[{"href":"https:\/\/www2.memri.org\/espanol\/wp-json\/wp\/v2\/media?parent=48406"}],"wp:term":[{"taxonomy":"category","embeddable":true,"href":"https:\/\/www2.memri.org\/espanol\/wp-json\/wp\/v2\/categories?post=48406"},{"taxonomy":"post_tag","embeddable":true,"href":"https:\/\/www2.memri.org\/espanol\/wp-json\/wp\/v2\/tags?post=48406"}],"curies":[{"name":"wp","href":"https:\/\/api.w.org\/{rel}","templated":true}]}}