{"id":4834,"date":"2011-07-20T00:00:00","date_gmt":"2011-07-20T00:00:00","guid":{"rendered":"http:\/\/www2.memri.org\/espanol\/2011\/07\/20\/al-qaeda-en-irak-elogia-a-osama-bin-laden-y-amenaza-a-estados-unidos-recuerden-que-en-la-guerra-la-balanza-se-inclina-hacia-ambos-lados-esperen-ser-atacados-barack-obama-es-un-mono-y-los-so\/"},"modified":"2016-01-13T21:35:52","modified_gmt":"2016-01-13T21:35:52","slug":"al-qaeda-en-irak-elogia-a-osama-bin-laden-y-amenaza-a-estados-unidos-recuerden-que-en-la-guerra-la-balanza-se-inclina-hacia-ambos-lados-esperen-ser-atacados-barack-obama-es-un-mono-y-los-so","status":"publish","type":"post","link":"https:\/\/www2.memri.org\/espanol\/al-qaeda-en-irak-elogia-a-osama-bin-laden-y-amenaza-a-estados-unidos-recuerden-que-en-la-guerra-la-balanza-se-inclina-hacia-ambos-lados-esperen-ser-atacados-barack-obama-es-un-mono-y-los-so\/4834","title":{"rendered":"Al-Qaeda en Irak elogia a Osama Bin Laden y amenaza a Estados Unidos: &#8216;Recuerden que en la guerra, la balanza se inclina hacia ambos lados&#8230; esperen ser atacados'\u00bb, Barack Obama es un &#8216;mono&#8217; y los soldados estadounidenses &#8216;usan pa\u00f1ales, al igual que los beb\u00e9s y las mujeres &#8211; h\u00famedos y con miedo&#8217;"},"content":{"rendered":"<div class=\"bodytext c1\">\n<p>El 19 de julio del 2011, el portal jihadista Shomoukh Al-Islam public\u00f3 un v\u00eddeo del Estado Isl\u00e1mico de Irak (EII), titulado \u00abEulogia para el Imam [Osama bin Laden] del Hogar del Estado Isl\u00e1mico de Irak\u00bb. La cinta muestra a un hombre con una cara borrosa leyendo la Eulogia, flanqueado por hombres con el rostro cubierto portando armas, junto a un hombre que lleva la bandera del Jihad global.<\/p>\n<p>El texto completo de este informe est\u00e1 a disposici\u00f3n de los subscriptores del Proyecto de Supervisi\u00f3n a la Amenaza Terrorista y Jihad de MEMRI.<\/p>\n<p>La informaci\u00f3n para suscribirse est\u00e1 disponible en <strong><a href=\"http:\/\/subscriptions.memri.org\/content\/en\/member_registr_jttm.htm\">este enlace<\/a><\/strong> .<\/p>\n<p>Los suscriptores del PSATJ pueden visitar <strong><a href=\"http:\/\/www.memrijttm.org\">www.memrijttm.org<\/a><\/strong> para ver el informe.<\/p>\n<p><strong>Para consultar la totalidad de los despachos y archivos de MEMRI en espa\u00f1ol, por favor visite el portal<\/strong> <a href=\"http:\/\/www.memri.org\/espanol\">www.memri.org\/espanol<\/a><\/p>\n<p><strong>Por favor env\u00ede sus correos electr\u00f3nicos a<\/strong> <a href=\"mailto:memriespanol@memri.org\">memriespanol@memri.org<\/a><\/p>\n<p><strong>MEMRI se reserva los derechos de todas las traducciones. Este material SOLO puede ser citado con los cr\u00e9ditos correspondientes.<\/strong><\/p>\n<\/div>\n","protected":false},"excerpt":{"rendered":"<p>El 19 de julio del 2011, el portal jihadista Shomoukh Al-Islam public\u00f3 un v\u00eddeo del Estado Isl\u00e1mico de Irak (EII), titulado \u00abEulogia para el Imam [Osama bin Laden] del Hogar del Estado Isl\u00e1mico de Irak\u00bb. La cinta muestra a un hombre con una cara borrosa leyendo la Eulogia, flanqueado por hombres con el rostro cubierto [&hellip;]<\/p>\n","protected":false},"author":1,"featured_media":0,"comment_status":"open","ping_status":"open","sticky":false,"template":"","format":"standard","meta":{"footnotes":""},"categories":[10,6],"tags":[],"class_list":["post-4834","post","type-post","status-publish","format-standard","hentry","category-estudios-sobre-terrorismo-y-yihad","category-comunicados-especiales"],"_links":{"self":[{"href":"https:\/\/www2.memri.org\/espanol\/wp-json\/wp\/v2\/posts\/4834","targetHints":{"allow":["GET"]}}],"collection":[{"href":"https:\/\/www2.memri.org\/espanol\/wp-json\/wp\/v2\/posts"}],"about":[{"href":"https:\/\/www2.memri.org\/espanol\/wp-json\/wp\/v2\/types\/post"}],"author":[{"embeddable":true,"href":"https:\/\/www2.memri.org\/espanol\/wp-json\/wp\/v2\/users\/1"}],"replies":[{"embeddable":true,"href":"https:\/\/www2.memri.org\/espanol\/wp-json\/wp\/v2\/comments?post=4834"}],"version-history":[{"count":0,"href":"https:\/\/www2.memri.org\/espanol\/wp-json\/wp\/v2\/posts\/4834\/revisions"}],"wp:attachment":[{"href":"https:\/\/www2.memri.org\/espanol\/wp-json\/wp\/v2\/media?parent=4834"}],"wp:term":[{"taxonomy":"category","embeddable":true,"href":"https:\/\/www2.memri.org\/espanol\/wp-json\/wp\/v2\/categories?post=4834"},{"taxonomy":"post_tag","embeddable":true,"href":"https:\/\/www2.memri.org\/espanol\/wp-json\/wp\/v2\/tags?post=4834"}],"curies":[{"name":"wp","href":"https:\/\/api.w.org\/{rel}","templated":true}]}}