{"id":4824,"date":"2011-07-19T00:00:00","date_gmt":"2011-07-19T00:00:00","guid":{"rendered":"http:\/\/www2.memri.org\/espanol\/2011\/07\/19\/inspire-6-nada-inspiradora-ultima-edicion-de-la-revista-de-aqpa-en-ingles-refleja-el-reves-de-al-qaeda-tras-el-asesinato-de-bin-laden-y-los-alzamientos-arabes\/"},"modified":"2016-01-13T21:36:02","modified_gmt":"2016-01-13T21:36:02","slug":"inspire-6-nada-inspiradora-ultima-edicion-de-la-revista-de-aqpa-en-ingles-refleja-el-reves-de-al-qaeda-tras-el-asesinato-de-bin-laden-y-los-alzamientos-arabes","status":"publish","type":"post","link":"https:\/\/www2.memri.org\/espanol\/inspire-6-nada-inspiradora-ultima-edicion-de-la-revista-de-aqpa-en-ingles-refleja-el-reves-de-al-qaeda-tras-el-asesinato-de-bin-laden-y-los-alzamientos-arabes\/4824","title":{"rendered":"Inspire 6 \u2013 Nada inspiradora: \u00daltima edici\u00f3n de la revista de AQPA en ingl\u00e9s refleja el rev\u00e9s de Al-Qaeda tras el asesinato de bin Laden y los alzamientos \u00e1rabes"},"content":{"rendered":"<div class=\"bodytext c3\">\n<p><em>El 18 de julio del 2011, Al-Qaeda en<\/em> <em>la Pen\u00ednsula Ar\u00e1biga<\/em> <em>(AQPA) el ala medi\u00e1tica de Al-Malahem public\u00f3 el sexto n\u00famero de la revista jihadista en ingl\u00e9s, Inspire.<\/em><\/p>\n<p><img loading=\"lazy\" decoding=\"async\" class=\"alignnone size-full wp-image-6288\" src=\"http:\/\/www2.memri.org\/espanol\/wp-content\/uploads\/2016\/01\/8338.jpg\" width=\"474\" height=\"613\" srcset=\"https:\/\/www2.memri.org\/espanol\/wp-content\/uploads\/2016\/01\/8338.jpg 474w, https:\/\/www2.memri.org\/espanol\/wp-content\/uploads\/2016\/01\/8338-232x300.jpg 232w, https:\/\/www2.memri.org\/espanol\/wp-content\/uploads\/2016\/01\/8338-325x420.jpg 325w\" sizes=\"auto, (max-width: 474px) 100vw, 474px\" \/><\/p>\n<p><em>Nota al gobierno y los medios de comunicaci\u00f3n &#8211; para obtener una copia completa de la edici\u00f3n de Inspire 6, por favor env\u00ede un correo electr\u00f3nico a <a href=\"mailto:memri@memri.org\">memri@memri.org<\/a> con el siguiente destacado \u00abInspire 6\u00bb.<\/em><\/p>\n<p><em>Lo siguiente es un resumen:<\/em><\/p>\n<p>El contenido y tono del tema traiciona el gran retroceso que Al-Qaeda ha sufrido recientemente como resultado de los exitosos alzamientos violentos en el mundo \u00e1rabe y el asesinato de Osama bin Laden. Los alzamientos han demostrado la eficacia de la protesta no violenta en el derrocamiento de reg\u00edmenes dictatoriales, que Al-Qaeda se hab\u00eda planteado desde hace mucho tiempo, se logran solamente a trav\u00e9s del Jihad. La exitosa evasi\u00f3n de la justicia por bin Laden desde los ataques del 11 de Septiembre fue un s\u00edmbolo de desaf\u00edo de Al-Qaeda hacia el poder\u00edo de los Estados Unidos, de manera que su p\u00e9rdida fue considerable para la moral de la organizaci\u00f3n. Adem\u00e1s, las circunstancias de su muerte &#8211; es decir, de que fue asesinado en su cama junto a su esposa y su familia, en una residencia segura rodeada de campamentos militares paquistan\u00edes, en lugar de los campos de batalla del Jihad &#8211; plantea un problema importante para los <em>mujahideen<\/em> en los frentes de la guerra santa. En consecuencia, el \u00faltimo n\u00famero de Inspire refleja el esfuerzo continuo de Al-Qaeda en representar la muerte de bin Laden como un caso de martirio heroico, tal como se manifiesta en un comunicado de AQPA y en un art\u00edculo principal de la revista por el jihadista norteamericano Samir Khan.<\/p>\n<p>En la secci\u00f3n de preguntas y respuestas (P&amp;R) de la revista, los editores de <em>Inspire<\/em> respondieron a las acusaciones de que los alzamientos en el mundo \u00e1rabe hab\u00edan demostrado que Al-Qaeda era irrelevante para las masas musulmanas. Estos respondieron afirmando que las demandas de los manifestantes estaban, de hecho, perfectamente alineadas con la propia ideolog\u00eda de Al-Qaeda. Estos dijeron que las masas \u00e1rabes deseaban la ley del <em>Sharia<\/em>, en lugar de la democracia y que sus demandas eran \u00aben realidad llamadas a los derechos fundamentales y libertades que el <em>Sharia<\/em> ofrece; [ellos no] tienen mucho que ver con la democracia en si\u00bb.<\/p>\n<p>Otra caracter\u00edstica prominente de la \u00faltima edici\u00f3n de <em>Inspire<\/em> fue su tono m\u00e1s dom\u00e9stico en sus amenazas contra Occidente y en particular los Estados Unidos. La edici\u00f3n, sin embargo, contienen dos cuotas adicionales en su serie \u00abFuente Abierta del Jihad\u00bb, que tiene como objetivo instruir a los musulmanes en Occidente en la forma de llevar a cabo ataques usando materiales f\u00e1cilmente disponibles, tales como la acetona para la fabricaci\u00f3n de bombas. Este es un tema recurrente en la direcci\u00f3n de Al-Qaeda a las comunidades musulmanas en Occidente, la cual ha sido reflejada en diversos temas de <em>Inspire<\/em>, arrojando la responsabilidad del Jihad sobre los individuos en las comunidades musulmanas en Occidente.<\/p>\n<p>Es particularmente notable que la edici\u00f3n no conten\u00eda entrevistas o art\u00edculos de Anwar Al-&#8216;Awlaki, el ide\u00f3logo principal de AQPA, quien fue el escritor clave en las ediciones anteriores de <em>Inspire<\/em>, aunque la edici\u00f3n ha proporcionado fotos in\u00e9ditas de Al-&#8216;Awlaki, mostr\u00e1ndolo como un guerrero Jihad. AQPA tambi\u00e9n inform\u00f3 de que Al-&#8216;Awlaki logr\u00f3 escapar de un ataque de aviones no tripulados que lo hizo blanco y lo cit\u00f3 diciendo despu\u00e9s del ataque que \u00abpareciera como si alguien estuviese algo enojado con nosotros esta noche\u00bb. Por otra parte, el reemplazo de bin Laden como comandante de Al Qaeda, Ayman Al-Zawahairi, s\u00f3lo fue mencionado brevemente y no aport\u00f3 ning\u00fan contenido a la edici\u00f3n. Tambi\u00e9n estuvo ausente de la edici\u00f3n el portavoz estadounidense de Al Qaeda, Adam Gadahn.<\/p>\n<p><img loading=\"lazy\" decoding=\"async\" class=\"alignnone size-full wp-image-6290\" src=\"http:\/\/www2.memri.org\/espanol\/wp-content\/uploads\/2016\/01\/8339.jpg\" width=\"600\" height=\"389\" srcset=\"https:\/\/www2.memri.org\/espanol\/wp-content\/uploads\/2016\/01\/8339.jpg 600w, https:\/\/www2.memri.org\/espanol\/wp-content\/uploads\/2016\/01\/8339-300x195.jpg 300w\" sizes=\"auto, (max-width: 600px) 100vw, 600px\" \/><\/p>\n<p>A continuaci\u00f3n se presentan los principales contenidos de la edici\u00f3n:<\/p>\n<ul>\n<li>Una carta del editor de <em>Inspire<\/em>, Yahya Ibrahim, disculp\u00e1ndose por el retraso en la publicaci\u00f3n del n\u00famero. Ibrahim lamenta la muerte de bin Laden y le desea a Ayman Al-Zawahairi \u00e9xito en su tarea como comandante de Al-Qaeda.<\/li>\n<li>Un comunicado del AQPA elogio la muerte de bin Laden, sin incluir amenazas.<\/li>\n<li>Una secci\u00f3n de P&amp;R, centr\u00e1ndose en las revueltas en el mundo \u00e1rabe.<\/li>\n<li>Obituarios que alaban como m\u00e1rtires a varios miembros de AQPA que murieron en acci\u00f3n, lo que constituy\u00f3 la mayor parte de la edici\u00f3n.<\/li>\n<li>Un art\u00edculo destacado de Samir Khan glorifica a bin Laden como el ep\u00edtome del guerrero <em>mujahid<\/em> y lo alaba por enfrentarse a los Estados Unidos y encabezar el movimiento Jihad de hoy d\u00eda. Khan dijo que el asesinato de bin Laden no quedar\u00e1 sin respuesta y que Occidente no pod\u00eda esperar otra cosa que miseria por su papel en su muerte. Haciendo frente a los problemas creados por los <em>mujahideen<\/em> a ra\u00edz del las circunstancias del asesinato de bin Laden, Khan se\u00f1al\u00f3 que \u00abbin Laden no muri\u00f3 en su cama\u00bb.<\/li>\n<li>Una secci\u00f3n \u00abFuente Abierta del Jihad\u00bb, que ofrece gu\u00edas ilustradas sobre el uso de armas y la fabricaci\u00f3n de bombas. Tal como se ha se\u00f1alado, la secci\u00f3n se centra en los ataques con materiales que pueden obtenerse en las tiendas locales.<\/li>\n<li>La edici\u00f3n tambi\u00e9n contiene la traducci\u00f3n al ingl\u00e9s de un mensaje grabado por Osama bin Laden, \u00abUna Alocuci\u00f3n a los Revolucionarios\u00bb, que fue dada a conocer despu\u00e9s de su muerte, as\u00ed como tambi\u00e9n art\u00edculos publicados anteriormente por los l\u00edderes de Al-Qaeda Abu Yahya Al-Libi, &#8216;Attiyat Allah &#8216;Abd Al-Rahman y Abu Mus&#8217;ab Al-Suri.<\/li>\n<li>Una secci\u00f3n titulada \u00abReacciones de Inspiraci\u00f3n\u00bb, conteniendo referencias a la revista en los principales medios de comunicaci\u00f3n. Adem\u00e1s de los informes de CNN, <em>El Times de Nueva York<\/em> y <em>El Guardi\u00e1n<\/em>, la secci\u00f3n tambi\u00e9n cita la cobertura de MEMRI al quinto n\u00famero de Inspire.<\/li>\n<\/ul>\n<\/div>\n","protected":false},"excerpt":{"rendered":"<p>El 18 de julio del 2011, Al-Qaeda en la Pen\u00ednsula Ar\u00e1biga (AQPA) el ala medi\u00e1tica de Al-Malahem public\u00f3 el sexto n\u00famero de la revista jihadista en ingl\u00e9s, Inspire. Nota al gobierno y los medios de comunicaci\u00f3n &#8211; para obtener una copia completa de la edici\u00f3n de Inspire 6, por favor env\u00ede un correo electr\u00f3nico a [&hellip;]<\/p>\n","protected":false},"author":1,"featured_media":6288,"comment_status":"open","ping_status":"open","sticky":false,"template":"","format":"standard","meta":{"footnotes":""},"categories":[10,6],"tags":[],"class_list":["post-4824","post","type-post","status-publish","format-standard","has-post-thumbnail","hentry","category-estudios-sobre-terrorismo-y-yihad","category-comunicados-especiales"],"_links":{"self":[{"href":"https:\/\/www2.memri.org\/espanol\/wp-json\/wp\/v2\/posts\/4824","targetHints":{"allow":["GET"]}}],"collection":[{"href":"https:\/\/www2.memri.org\/espanol\/wp-json\/wp\/v2\/posts"}],"about":[{"href":"https:\/\/www2.memri.org\/espanol\/wp-json\/wp\/v2\/types\/post"}],"author":[{"embeddable":true,"href":"https:\/\/www2.memri.org\/espanol\/wp-json\/wp\/v2\/users\/1"}],"replies":[{"embeddable":true,"href":"https:\/\/www2.memri.org\/espanol\/wp-json\/wp\/v2\/comments?post=4824"}],"version-history":[{"count":0,"href":"https:\/\/www2.memri.org\/espanol\/wp-json\/wp\/v2\/posts\/4824\/revisions"}],"wp:featuredmedia":[{"embeddable":true,"href":"https:\/\/www2.memri.org\/espanol\/wp-json\/wp\/v2\/media\/6288"}],"wp:attachment":[{"href":"https:\/\/www2.memri.org\/espanol\/wp-json\/wp\/v2\/media?parent=4824"}],"wp:term":[{"taxonomy":"category","embeddable":true,"href":"https:\/\/www2.memri.org\/espanol\/wp-json\/wp\/v2\/categories?post=4824"},{"taxonomy":"post_tag","embeddable":true,"href":"https:\/\/www2.memri.org\/espanol\/wp-json\/wp\/v2\/tags?post=4824"}],"curies":[{"name":"wp","href":"https:\/\/api.w.org\/{rel}","templated":true}]}}