{"id":4788,"date":"2011-06-30T00:00:00","date_gmt":"2011-06-30T00:00:00","guid":{"rendered":"http:\/\/www2.memri.org\/espanol\/2011\/06\/30\/en-videos-publicados-en-youtube-el-sospechoso-terrorista-de-seattle-abu-khader-al-latif-dice-que-obama-ha-declarado-la-guerra-contra-el-islam-elogia-a-anwar-al-awlaki-osama-bin-laden-y-el-jihad\/"},"modified":"2016-01-13T21:37:38","modified_gmt":"2016-01-13T21:37:38","slug":"en-videos-publicados-en-youtube-el-sospechoso-terrorista-de-seattle-abu-khader-al-latif-dice-que-obama-ha-declarado-la-guerra-contra-el-islam-elogia-a-anwar-al-awlaki-osama-bin-laden-y-el-jihad","status":"publish","type":"post","link":"https:\/\/www2.memri.org\/espanol\/en-videos-publicados-en-youtube-el-sospechoso-terrorista-de-seattle-abu-khader-al-latif-dice-que-obama-ha-declarado-la-guerra-contra-el-islam-elogia-a-anwar-al-awlaki-osama-bin-laden-y-el-jihad\/4788","title":{"rendered":"En videos publicados en YouTube, el sospechoso terrorista de Seattle Abu Khader Al-Latif dice que Obama \u00abha declarado la guerra contra el Islam&#8217;, elogia a Anwar Al-Awlaki, Osama bin Laden y el Jihad"},"content":{"rendered":"<div class=\"bodytext c1\">\n<p>Lo siguiente son transcripciones de una compilaci\u00f3n de videos realizados en una c\u00e1mara Web por el sospechosos terrorista del \u00e1rea de Seattle Abu Khader Al-Latif. Estos son de fecha 1 de mayo y 18 de abril del 2011, 18 de noviembre, 2010 y 5 de marzo, 2011. En estos, dice que los musulmanes \u00abnecesitan establecer el Jihad con la lengua, con el coraz\u00f3n y con la mano\u00bb, pregunta cuando \u00abreconocer\u00e1n los musulmanes, incluso a los m\u00e1rtires &#8211; que nuestros pecados son perdonados con la primera gota de sangre?\u00bb y afirma que el Presidente de los Estados Unidos Barack Obama le ha hecho la \u00abguerra al Islam\u00bb. Tambi\u00e9n dice que partes descubiertas del cuerpo de las mujeres que no se cubren a si mismas con el velo arder\u00e1n en el infierno.<\/p>\n<p>El texto completo de este informe est\u00e1 a disposici\u00f3n de los subscriptores del Proyecto de Supervisi\u00f3n a la Amenaza Terrorista y Jihad de MEMRI.<\/p>\n<p>La informaci\u00f3n para suscribirse est\u00e1 disponible en <strong><a href=\"http:\/\/subscriptions.memri.org\/content\/en\/member_registr_jttm.htm\">este enlace<\/a><\/strong> .<\/p>\n<p>Los suscriptores del PSATJ pueden visitar <strong><a href=\"http:\/\/www.memrijttm.org\">www.memrijttm.org<\/a><\/strong> para ver el informe.<\/p>\n<\/div>\n","protected":false},"excerpt":{"rendered":"<p>Lo siguiente son transcripciones de una compilaci\u00f3n de videos realizados en una c\u00e1mara Web por el sospechosos terrorista del \u00e1rea de Seattle Abu Khader Al-Latif. Estos son de fecha 1 de mayo y 18 de abril del 2011, 18 de noviembre, 2010 y 5 de marzo, 2011. En estos, dice que los musulmanes \u00abnecesitan establecer [&hellip;]<\/p>\n","protected":false},"author":1,"featured_media":0,"comment_status":"open","ping_status":"open","sticky":false,"template":"","format":"standard","meta":{"footnotes":""},"categories":[10,6],"tags":[],"class_list":["post-4788","post","type-post","status-publish","format-standard","hentry","category-estudios-sobre-terrorismo-y-yihad","category-comunicados-especiales"],"_links":{"self":[{"href":"https:\/\/www2.memri.org\/espanol\/wp-json\/wp\/v2\/posts\/4788","targetHints":{"allow":["GET"]}}],"collection":[{"href":"https:\/\/www2.memri.org\/espanol\/wp-json\/wp\/v2\/posts"}],"about":[{"href":"https:\/\/www2.memri.org\/espanol\/wp-json\/wp\/v2\/types\/post"}],"author":[{"embeddable":true,"href":"https:\/\/www2.memri.org\/espanol\/wp-json\/wp\/v2\/users\/1"}],"replies":[{"embeddable":true,"href":"https:\/\/www2.memri.org\/espanol\/wp-json\/wp\/v2\/comments?post=4788"}],"version-history":[{"count":0,"href":"https:\/\/www2.memri.org\/espanol\/wp-json\/wp\/v2\/posts\/4788\/revisions"}],"wp:attachment":[{"href":"https:\/\/www2.memri.org\/espanol\/wp-json\/wp\/v2\/media?parent=4788"}],"wp:term":[{"taxonomy":"category","embeddable":true,"href":"https:\/\/www2.memri.org\/espanol\/wp-json\/wp\/v2\/categories?post=4788"},{"taxonomy":"post_tag","embeddable":true,"href":"https:\/\/www2.memri.org\/espanol\/wp-json\/wp\/v2\/tags?post=4788"}],"curies":[{"name":"wp","href":"https:\/\/api.w.org\/{rel}","templated":true}]}}