{"id":4784,"date":"2011-06-29T00:00:00","date_gmt":"2011-06-29T00:00:00","guid":{"rendered":"http:\/\/www2.memri.org\/espanol\/2011\/06\/29\/ministro-del-exterior-sirio-walid-mualem-rechaza-intervencion-militar-en-siria-y-critica-el-colonialismo-frances\/"},"modified":"2016-01-13T21:37:43","modified_gmt":"2016-01-13T21:37:43","slug":"ministro-del-exterior-sirio-walid-mualem-rechaza-intervencion-militar-en-siria-y-critica-el-colonialismo-frances","status":"publish","type":"post","link":"https:\/\/www2.memri.org\/espanol\/ministro-del-exterior-sirio-walid-mualem-rechaza-intervencion-militar-en-siria-y-critica-el-colonialismo-frances\/4784","title":{"rendered":"Ministro del Exterior sirio Walid Mu&#8217;alem rechaza intervenci\u00f3n militar en Siria y critica el &#8216;colonialismo&#8217; franc\u00e9s"},"content":{"rendered":"<div class=\"bodytext c2\">\n<p><em>Lo siguiente son extractos de un discurso p\u00fablico pronunciado por el Ministro de Relaciones Exteriores sirio Walid Mu&#8217;alem, el cual fue transmitido en la televisi\u00f3n siria el 22 de junio, 2011.<\/em><\/p>\n<p class=\"c1\"><iframe height=\"485\" src=\"http:\/\/www.memritv.org\/player\/largePlayer.php?&amp;width=585&amp;height=485&amp;autoplay=0&amp;clipid=2999\" frameborder=\"0\" width=\"585\" allowtransparency=\"\" scrolling=\"no\"><\/iframe><\/p>\n<p><strong>\u00abNo habr\u00e1 una zona de exclusi\u00f3n a\u00e9rea sobre Siria&#8230; [y] ninguna intervenci\u00f3n militar extranjera en Siria\u00bb<\/strong><\/p>\n<p><strong>Walid Mu&#8217;alem<\/strong>: \u00abLamentablemente, desde que estall\u00f3 la crisis en Siria, ning\u00fan funcionario europeo ha venido hasta aqu\u00ed para hablar de lo que est\u00e1 sucediendo con nosotros. Bas\u00e1ndose en la informaci\u00f3n que reciben desde fuera de Siria, comenzaron a imponer una serie de sanciones. Hoy, se est\u00e1n enfocando en el pan de cada d\u00eda de los sirios y esto equivale a una declaraci\u00f3n de guerra.<\/p>\n<p>\u00abComo ministro de relaciones exteriores, les digo lo que dije en el Parlamento en el 2006: Nos olvidaremos que Europa existe en el mapa. Le recomendare a mi liderazgo que suspendamos nuestra pertenencia a la Uni\u00f3n por el Mediterr\u00e1neo. Ya hemos suspendido nuestro di\u00e1logo en la Asociaci\u00f3n Euro-Mediterr\u00e1nea. Nos olvidaremos de la existencia de Europa en el mapa y viraremos hacia el este y el sur y hacia cualquier direcci\u00f3n que sea desde la cual gente llega a Siria. El mundo no consiste s\u00f3lo de Europa. Siria se mantendr\u00e1 firme, lo ha sido desde el 2003. Al igual que hizo a\u00f1icos los intentos de aislarla para ese entonces, esta es capaz de superar la situaci\u00f3n actual.<\/p>\n<p>\u00abLes digo de antemano, en base a mi experiencia, de que no habr\u00e1 una zona de exclusi\u00f3n a\u00e9rea sobre Siria. Les digo a ustedes de que no habr\u00e1 intervenci\u00f3n militar extranjera en Siria. Los esc\u00e1ndalos en los que est\u00e1n involucrados en Libia son m\u00e1s que suficiente para ellos. Sin embargo, Libia es un pa\u00eds rico en petr\u00f3leo y estos ser\u00e1n compensados por el dinero que gastaron en la zona de exclusi\u00f3n a\u00e9rea. Obviamente, esto no es m\u00e1s que una zona de exclusi\u00f3n a\u00e9rea. Forma parte de la campa\u00f1a militar que tiene lugar en Libia. No hay ninguna zona de exclusi\u00f3n a\u00e9rea sin una operaci\u00f3n militar a\u00e9rea.<\/p>\n<p>\u00abTal vez Siria tenga la buena suerte de no tener el petr\u00f3leo que la har\u00eda atractiva y que les compense por los gastos derivados de tal operaci\u00f3n. \u00bfNo le parece extra\u00f1o que los Estados Unidos invadieron Irak y que el Congreso est\u00e1 exigiendo que Irak cubra los gastos de la invasi\u00f3n &#8211; aunque ellos mismos son responsables por la p\u00e9rdida de 18 billones de d\u00f3lares del petr\u00f3leo iraqu\u00ed. Nada llega sin un precio, ante los ojos de Occidente.<\/p>\n<p>\u00abPor lo tanto, reitero que a pesar de lo que est\u00e1 escrito en la prensa turca, esta campa\u00f1a no se llevar\u00e1 a cabo\u00bb. [&#8230;]<\/p>\n<p><strong>\u00abFrancia debe poner fin a sus actividades colonialistas&#8230; despu\u00e9s que las reformas se hayan completado, daremos otras lecciones en democracia\u00bb<\/strong><\/p>\n<p>\u00abNuestros j\u00f3venes y los j\u00f3venes palestinos, que trataron de cruzar el muro de separaci\u00f3n en los Altos del Gol\u00e1n y en otros lugares, estaban tratando de decir de que no existe el proceso de paz. Los derechos de los pueblos deben ser recuperados de la misma manera en que fueron saqueados. Israel seguir\u00e1 siendo el enemigo mientras contin\u00fae la ocupaci\u00f3n. [&#8230;]<\/p>\n<p>\u00abNo quiero regresar a la historia colonial de Francia, que no se repetir\u00e1. Tal vez el Sr. Jupp\u00e9 alberga tales ideas. No hay que olvidar que hace varios meses, Francia se anex\u00f3 la isla de Mayotte, que se encuentra en el Oc\u00e9ano \u00cdndico y que pertenece a la Rep\u00fablica \u00c1rabe o a las Islas Comoros. As\u00ed que no se trata de s\u00f3lo un antiguo colonialismo, sino que est\u00e1 sucediendo en nuestra \u00e9poca. Por lo tanto, no voy a permanecer demasiado tiempo sobre lo que este Jupp\u00e9 o ese Jupp\u00e9 dice, cuando este saca del malet\u00edn la legitimidad de alg\u00fan l\u00edder u otro. Este hombre a\u00fan vive en la ilusi\u00f3n de la \u00e9poca colonialista de Francia y este no tendr\u00e1 ninguna influencia sobre el tema de Siria. [&#8230;]<\/p>\n<p>\u00abFrancia debe poner fin a sus actividades colonialistas, que son llevadas a cabo bajo el pretexto de derechos humanos [&#8230;].<\/p>\n<p>\u00abNo recibiremos lecciones de nadie y despu\u00e9s que las reformas se hayan completado, le daremos a otros lecciones sobre democracia [&#8230;].<\/p>\n<p>\u00abLa caravana siria se desplazar\u00e1 hacia adelante, no importa cu\u00e1nto ladren los perros.<\/p>\n<p><em>Aplausos de la audiencia [&#8230;]<\/em><\/p>\n<p>\u00abMe gustar\u00eda aprovechar esta pregunta con el fin de felicitar al Sr. Nabil Al-Arabi por su nombramiento como Secretario General de la Liga \u00c1rabe y con el fin de decirle adi\u00f3s al Sr. Amr Moussa\u00bb.<\/p>\n<p><em>Risas de la audiencia [&#8230;]<\/em><\/p>\n<p><strong>Periodista<\/strong>: \u00abDeduciremos de lo que est\u00e1 usted diciendo hoy que es el principio del fin de la crisis?\u00bb<\/p>\n<p><strong>Walid Mu&#8217;alem<\/strong>: \u00ab\u00bfCual crisis?\u00bb<\/p>\n<p><strong>Periodista<\/strong>: \u00abLa crisis en el pa\u00eds&#8230;\u00bb<\/p>\n<p><strong>Walid Mu&#8217;alem<\/strong> (<em>ri\u00e9ndose<\/em>): \u00abAl\u00e1 que lega\u00bb.<\/p>\n<\/div>\n","protected":false},"excerpt":{"rendered":"<p>Lo siguiente son extractos de un discurso p\u00fablico pronunciado por el Ministro de Relaciones Exteriores sirio Walid Mu&#8217;alem, el cual fue transmitido en la televisi\u00f3n siria el 22 de junio, 2011. \u00abNo habr\u00e1 una zona de exclusi\u00f3n a\u00e9rea sobre Siria&#8230; [y] ninguna intervenci\u00f3n militar extranjera en Siria\u00bb Walid Mu&#8217;alem: \u00abLamentablemente, desde que estall\u00f3 la crisis [&hellip;]<\/p>\n","protected":false},"author":1,"featured_media":0,"comment_status":"open","ping_status":"open","sticky":false,"template":"","format":"standard","meta":{"footnotes":""},"categories":[6,26],"tags":[],"class_list":["post-4784","post","type-post","status-publish","format-standard","hentry","category-comunicados-especiales","category-siria"],"_links":{"self":[{"href":"https:\/\/www2.memri.org\/espanol\/wp-json\/wp\/v2\/posts\/4784","targetHints":{"allow":["GET"]}}],"collection":[{"href":"https:\/\/www2.memri.org\/espanol\/wp-json\/wp\/v2\/posts"}],"about":[{"href":"https:\/\/www2.memri.org\/espanol\/wp-json\/wp\/v2\/types\/post"}],"author":[{"embeddable":true,"href":"https:\/\/www2.memri.org\/espanol\/wp-json\/wp\/v2\/users\/1"}],"replies":[{"embeddable":true,"href":"https:\/\/www2.memri.org\/espanol\/wp-json\/wp\/v2\/comments?post=4784"}],"version-history":[{"count":0,"href":"https:\/\/www2.memri.org\/espanol\/wp-json\/wp\/v2\/posts\/4784\/revisions"}],"wp:attachment":[{"href":"https:\/\/www2.memri.org\/espanol\/wp-json\/wp\/v2\/media?parent=4784"}],"wp:term":[{"taxonomy":"category","embeddable":true,"href":"https:\/\/www2.memri.org\/espanol\/wp-json\/wp\/v2\/categories?post=4784"},{"taxonomy":"post_tag","embeddable":true,"href":"https:\/\/www2.memri.org\/espanol\/wp-json\/wp\/v2\/tags?post=4784"}],"curies":[{"name":"wp","href":"https:\/\/api.w.org\/{rel}","templated":true}]}}