{"id":4781,"date":"2011-07-01T00:00:00","date_gmt":"2011-07-01T00:00:00","guid":{"rendered":"http:\/\/www2.memri.org\/espanol\/2011\/07\/01\/jeque-sudanes-ali-al-jazouli-todos-y-cada-uno-de-nosotros-debemos-creer-en-la-necesidad-de-atacar-a-los-estados-unidos-a-su-pueblo-su-economia-a-sus-fuerzas-militares-y-a-su-poblacion-civil-a\/"},"modified":"2016-01-13T21:37:32","modified_gmt":"2016-01-13T21:37:32","slug":"jeque-sudanes-ali-al-jazouli-todos-y-cada-uno-de-nosotros-debemos-creer-en-la-necesidad-de-atacar-a-los-estados-unidos-a-su-pueblo-su-economia-a-sus-fuerzas-militares-y-a-su-poblacion-civil-a","status":"publish","type":"post","link":"https:\/\/www2.memri.org\/espanol\/jeque-sudanes-ali-al-jazouli-todos-y-cada-uno-de-nosotros-debemos-creer-en-la-necesidad-de-atacar-a-los-estados-unidos-a-su-pueblo-su-economia-a-sus-fuerzas-militares-y-a-su-poblacion-civil-a\/4781","title":{"rendered":"Jeque sudan\u00e9s Ali Al-Jazouli: \u00abTodos y cada uno de nosotros&#8230; debemos creer en la necesidad de atacar a los Estados Unidos &#8211; a su pueblo, su econom\u00eda, a sus fuerzas militares y a su poblaci\u00f3n civil alrededor del mundo&#8217;, con una impresora HP de 180 d\u00f3lares, el ej\u00e9rcito de Osama hizo que UPS y FedEx perdieran $ 70 billones"},"content":{"rendered":"<div class=\"bodytext c1\">\n<p>A continuaci\u00f3n se presentan extractos de un serm\u00f3n de los viernes dado por el cl\u00e9rigo sudan\u00e9s Jeque Dr. Muhammad Ali Al-Jazouli. El serm\u00f3n fue transmitido por Internet el 29 de mayo, 2011.<\/p>\n<p>El Dr. Muhammad Ali Al-Jazouli es imam de la mezquita de Al-Mi&#8217;raj en Jartum y director del Centro de Desarrollo Cognitivo de Estudios de Identidad y de Investigaci\u00f3n Estrat\u00e9gica en Sud\u00e1n. Este aparece con frecuencia en la televisi\u00f3n y escribe para los diarios Alintibaha.<\/p>\n<p>El texto completo de este informe est\u00e1 a disposici\u00f3n de los subscriptores del Proyecto de Supervisi\u00f3n a la Amenaza Terrorista y Jihad de MEMRI.<\/p>\n<p>La informaci\u00f3n para suscribirse est\u00e1 disponible en <strong>este enlace<\/strong>.<\/p>\n<p>Los suscriptores del PSATJ pueden visitar <strong>www.memrijttm.org<\/strong> para ver el informe.<\/p>\n<\/div>\n","protected":false},"excerpt":{"rendered":"<p>A continuaci\u00f3n se presentan extractos de un serm\u00f3n de los viernes dado por el cl\u00e9rigo sudan\u00e9s Jeque Dr. Muhammad Ali Al-Jazouli. El serm\u00f3n fue transmitido por Internet el 29 de mayo, 2011. El Dr. Muhammad Ali Al-Jazouli es imam de la mezquita de Al-Mi&#8217;raj en Jartum y director del Centro de Desarrollo Cognitivo de Estudios [&hellip;]<\/p>\n","protected":false},"author":1,"featured_media":0,"comment_status":"open","ping_status":"open","sticky":false,"template":"","format":"standard","meta":{"footnotes":""},"categories":[10,6,11],"tags":[],"class_list":["post-4781","post","type-post","status-publish","format-standard","hentry","category-estudios-sobre-terrorismo-y-yihad","category-comunicados-especiales","category-e-u-a-y-el-medio-oriente"],"_links":{"self":[{"href":"https:\/\/www2.memri.org\/espanol\/wp-json\/wp\/v2\/posts\/4781","targetHints":{"allow":["GET"]}}],"collection":[{"href":"https:\/\/www2.memri.org\/espanol\/wp-json\/wp\/v2\/posts"}],"about":[{"href":"https:\/\/www2.memri.org\/espanol\/wp-json\/wp\/v2\/types\/post"}],"author":[{"embeddable":true,"href":"https:\/\/www2.memri.org\/espanol\/wp-json\/wp\/v2\/users\/1"}],"replies":[{"embeddable":true,"href":"https:\/\/www2.memri.org\/espanol\/wp-json\/wp\/v2\/comments?post=4781"}],"version-history":[{"count":0,"href":"https:\/\/www2.memri.org\/espanol\/wp-json\/wp\/v2\/posts\/4781\/revisions"}],"wp:attachment":[{"href":"https:\/\/www2.memri.org\/espanol\/wp-json\/wp\/v2\/media?parent=4781"}],"wp:term":[{"taxonomy":"category","embeddable":true,"href":"https:\/\/www2.memri.org\/espanol\/wp-json\/wp\/v2\/categories?post=4781"},{"taxonomy":"post_tag","embeddable":true,"href":"https:\/\/www2.memri.org\/espanol\/wp-json\/wp\/v2\/tags?post=4781"}],"curies":[{"name":"wp","href":"https:\/\/api.w.org\/{rel}","templated":true}]}}