{"id":4779,"date":"2011-06-28T00:00:00","date_gmt":"2011-06-28T00:00:00","guid":{"rendered":"http:\/\/www2.memri.org\/espanol\/2011\/06\/28\/presidente-irani-mahmoud-ahmadinejad-si-las-cajas-negras-del-holocausto-y-el-11-de-septiembre-son-abiertas-mucha-evidencia-saldra-a-la-luz\/"},"modified":"2016-01-13T21:37:45","modified_gmt":"2016-01-13T21:37:45","slug":"presidente-irani-mahmoud-ahmadinejad-si-las-cajas-negras-del-holocausto-y-el-11-de-septiembre-son-abiertas-mucha-evidencia-saldra-a-la-luz","status":"publish","type":"post","link":"https:\/\/www2.memri.org\/espanol\/presidente-irani-mahmoud-ahmadinejad-si-las-cajas-negras-del-holocausto-y-el-11-de-septiembre-son-abiertas-mucha-evidencia-saldra-a-la-luz\/4779","title":{"rendered":"Presidente iran\u00ed Mahmoud Ahmadinejad: &#8216;Si las cajas negras del Holocausto y el 11 de Septiembre son abiertas mucha evidencia saldr\u00e1 a la luz&#8217;"},"content":{"rendered":"<div class=\"bodytext c2\">\n<p><em>A continuaci\u00f3n se presenta un extracto de un discurso pronunciado por el Presidente iran\u00ed Mahmoud Ahmadinejad, el cual fue transmitido en el canal de noticias iran\u00ed IRINN el 24 de junio, 2011.<\/em><\/p>\n<p class=\"c1\"><iframe height=\"485\" src=\"http:\/\/www.memritv.org\/player\/largePlayer.php?&amp;width=585&amp;height=485&amp;autoplay=0&amp;clipid=3000\" frameborder=\"0\" width=\"585\" allowtransparency=\"\" scrolling=\"no\"><\/iframe><\/p>\n<p><strong>Mahmoud Ahmadinejad<\/strong>: \u00abExiste una gran similitud entre el incidente del 11 de Septiembre y el Holocausto. Dos a\u00f1os despu\u00e9s de que la administraci\u00f3n estadounidense utiliz\u00f3 este pretexto para invadir a dos pa\u00edses &#8211; asesinar, herir y desplazar a millones de personas y causar pobreza y atraso entre los pueblos de la regi\u00f3n &#8211; se design\u00f3 a un grupo, debido a la presi\u00f3n de la opini\u00f3n p\u00fablica, con el objeto de investigar las razones [del 11 de Septiembre]. Sin embargo, incluso despu\u00e9s de diez a\u00f1os, los hechos se mantienen en secreto para el pueblo estadounidense y el resto del mundo..<\/p>\n<p>\u00abAlgunas personas creen que el objetivo del 11 de Septiembre fue para otorgarle al ficticio r\u00e9gimen sionista algo de espacio para respirar, con el fin de aumentar la inseguridad de los pa\u00edses de la regi\u00f3n, desviar la opini\u00f3n p\u00fablica estadounidense de la inestable situaci\u00f3n econ\u00f3mica y por supuesto, llenar los bolsillos de los belicistas y los incultos capitalistas.<\/p>\n<p>\u00abSi las cajas negras del Holocausto y del 11 de Septiembre son abiertas mucha evidencia saldr\u00e1 a la luz. Lamentamos mucho que a pesar de todas las exigencias internacionales, el gobierno estadounidense a\u00fan no haya dado el permiso para hacerlo\u00bb.<\/p>\n<\/div>\n","protected":false},"excerpt":{"rendered":"<p>A continuaci\u00f3n se presenta un extracto de un discurso pronunciado por el Presidente iran\u00ed Mahmoud Ahmadinejad, el cual fue transmitido en el canal de noticias iran\u00ed IRINN el 24 de junio, 2011. Mahmoud Ahmadinejad: \u00abExiste una gran similitud entre el incidente del 11 de Septiembre y el Holocausto. Dos a\u00f1os despu\u00e9s de que la administraci\u00f3n [&hellip;]<\/p>\n","protected":false},"author":1,"featured_media":0,"comment_status":"open","ping_status":"open","sticky":false,"template":"","format":"standard","meta":{"footnotes":""},"categories":[6,11,20],"tags":[],"class_list":["post-4779","post","type-post","status-publish","format-standard","hentry","category-comunicados-especiales","category-e-u-a-y-el-medio-oriente","category-iran"],"_links":{"self":[{"href":"https:\/\/www2.memri.org\/espanol\/wp-json\/wp\/v2\/posts\/4779","targetHints":{"allow":["GET"]}}],"collection":[{"href":"https:\/\/www2.memri.org\/espanol\/wp-json\/wp\/v2\/posts"}],"about":[{"href":"https:\/\/www2.memri.org\/espanol\/wp-json\/wp\/v2\/types\/post"}],"author":[{"embeddable":true,"href":"https:\/\/www2.memri.org\/espanol\/wp-json\/wp\/v2\/users\/1"}],"replies":[{"embeddable":true,"href":"https:\/\/www2.memri.org\/espanol\/wp-json\/wp\/v2\/comments?post=4779"}],"version-history":[{"count":0,"href":"https:\/\/www2.memri.org\/espanol\/wp-json\/wp\/v2\/posts\/4779\/revisions"}],"wp:attachment":[{"href":"https:\/\/www2.memri.org\/espanol\/wp-json\/wp\/v2\/media?parent=4779"}],"wp:term":[{"taxonomy":"category","embeddable":true,"href":"https:\/\/www2.memri.org\/espanol\/wp-json\/wp\/v2\/categories?post=4779"},{"taxonomy":"post_tag","embeddable":true,"href":"https:\/\/www2.memri.org\/espanol\/wp-json\/wp\/v2\/tags?post=4779"}],"curies":[{"name":"wp","href":"https:\/\/api.w.org\/{rel}","templated":true}]}}