{"id":4778,"date":"2011-06-27T00:00:00","date_gmt":"2011-06-27T00:00:00","guid":{"rendered":"http:\/\/www2.memri.org\/espanol\/2011\/06\/27\/presidentes-de-pakistan-afganistan-y-sudan-asisten-a-conferencia-anti-terrorismo-patrocinada-por-teheran-el-secretario-general-de-la-onu-alaba-la-conferencia-la-conferencia-define-a-los-estados-uni\/"},"modified":"2016-01-13T21:37:52","modified_gmt":"2016-01-13T21:37:52","slug":"presidentes-de-pakistan-afganistan-y-sudan-asisten-a-conferencia-anti-terrorismo-patrocinada-por-teheran-el-secretario-general-de-la-onu-alaba-la-conferencia-la-conferencia-define-a-los-estados-uni","status":"publish","type":"post","link":"https:\/\/www2.memri.org\/espanol\/presidentes-de-pakistan-afganistan-y-sudan-asisten-a-conferencia-anti-terrorismo-patrocinada-por-teheran-el-secretario-general-de-la-onu-alaba-la-conferencia-la-conferencia-define-a-los-estados-uni\/4778","title":{"rendered":"Presidentes de Pakist\u00e1n, Afganist\u00e1n y Sud\u00e1n asisten a conferencia anti-terrorismo patrocinada por Teher\u00e1n, el Secretario General de la ONU alaba la conferencia; la conferencia define a los Estados Unidos e Israel como fuentes del terrorismo global"},"content":{"rendered":"<div class=\"bodytext c3\">\n<p><strong>Introducci\u00f3n<\/strong><\/p>\n<p>El 25-26 de junio, 2011, el r\u00e9gimen iran\u00ed organiz\u00f3 la primera \u00abConferencia Mundial Sin Terrorismo\u00bb en Teher\u00e1n. Los conferencistas incluyeron al Presidente afgano Hamid Karzai, el Presidente de Tayikist\u00e1n Emomali Rahmonov, el Presidente de Pakist\u00e1n &#8216;Ali Zardari, el Presidente iraqu\u00ed Jalal Talabani y el Presidente de Sud\u00e1n Omar Al-Bashir, as\u00ed como tambi\u00e9n a representantes de Turkmenist\u00e1n, Azerbaiy\u00e1n y Mal\u00ed. El L\u00edder Supremo iran\u00ed Ali Jamenei y el Presidente Mahmoud Ahmadinejad ambos hablaron en la ceremonia inaugural de la conferencia. <a href=\"#_edn1\" name=\"_ednref1\">[1]<\/a> En su discurso, Jamenei dijo que el objetivo de la conferencia fue definir claramente el terrorismo e identificar sus causas profundas. Este se\u00f1al\u00f3 a \u00ablas potencias mundiales sat\u00e1nicas que usan el terrorismo en sus pol\u00edticas y en su planificaci\u00f3n para lograr sus objetivos ileg\u00edtimos\u00bb, especificando que el \u00abr\u00e9gimen sionista\u00bb y el sionismo en general han desde su comienzo perpetuado el terrorismo global. Este continu\u00f3 diciendo que los Estados Unidos, el Reino Unido y otros gobiernos occidentales ten\u00edan \u00abun historial oscuro de conductas terroristas\u00bb. <a href=\"#_edn2\" name=\"_ednref2\">[2]<\/a><\/p>\n<p>Vale la pena se\u00f1alar que Teher\u00e1n ha sufrido recientemente una serie de duros golpes, ambos a nivel nacional &#8211; como consecuencia de un profundo cisma entre el L\u00edder Supremo Jamenei y el Presidente Ahmadinejad &#8211; y como resultado de los acontecimientos regionales &#8211; entre ellos la precaria situaci\u00f3n del r\u00e9gimen del Presidente sirio Bashar Al-Assad, que ha debilitado significativamente el eje Teher\u00e1n-Damasco, la derrota de Ir\u00e1n en la disputa con Arabia Saudita y los estados del Golfo sobre la reciente crisis en Bahrein, la negativa de la UE en reanudar las conversaciones con Ir\u00e1n sobre su programa nuclear y mucho m\u00e1s. Por lo tanto, es evidente que Teher\u00e1n ide\u00f3 la conferencia como un medio para mejorar su postura en la regi\u00f3n e internacionalmente y promoverse a s\u00ed misma como una fuerza regional fuerte y l\u00edder, a expensas de Arabia Saudita. A lo largo de la conferencia, Ir\u00e1n present\u00f3 una agenda claramente anti-Estados Unidos y anti-occidental, centrada en la afirmaci\u00f3n de que los Estados Unidos e Israel est\u00e1n en la ra\u00edz del terrorismo global.<\/p>\n<p>Cabe se\u00f1alar que a pesar de los esfuerzos de Teher\u00e1n para asegurar la participaci\u00f3n del mayor n\u00famero posible de pa\u00edses, del el Medio Oriente y en otras partes, para que la conferencia pudiese ser promovida como un evento internacional amplio e inclusivo, la ausencia de Arabia Saudita y los estados del Golfo o, para el caso, cualquier otro estado \u00e1rabe, no puede ser ignorada. Seg\u00fan el diario paquistan\u00ed <em>Express Tribune<\/em>, varios pa\u00edses del Medio Oriente, incluyendo Arabia Saudita, declinaron invitaciones de Ir\u00e1n para participar en la conferencia, en un gesto de resentimiento por el apoyo de Ir\u00e1n a las protestas chi\u00edtas en Bahrein y en otros pa\u00edses \u00e1rabes. El diario tambi\u00e9n inform\u00f3 de que Arabia Saudita hab\u00eda liderado un esfuerzo por sabotear el intento de Ir\u00e1n de presentarse a si mismo como una potencia regional l\u00edder, pidi\u00e9ndole a Pakist\u00e1n no asistir a la conferencia ya que Ir\u00e1n la estaba usando como un medio para tratar de librarse del aislamiento internacional. Riad le propuso a Pakist\u00e1n que asistiera en su lugar a una conferencia anti-terrorismo que se celebrar\u00e1 en Arabia Saudita, Pakist\u00e1n, sin embargo, rechaz\u00f3 la oferta.<\/p>\n<p>En \u00faltima instancia, la lista de los conferencistas marca el evento como regional, en lugar de uno global. De hecho, sus participantes se limitaron s\u00f3lo a los vecinos de Ir\u00e1n que comparten sus intereses de seguridad regional &#8211; por ejemplo, Pakist\u00e1n y Afganist\u00e1n &#8211; y los sat\u00e9lites de Ir\u00e1n &#8211; tales como Tayikist\u00e1n, Irak y Sud\u00e1n.<\/p>\n<p>A pesar de que el Presidente sudan\u00e9s Bashir, quien es solicitado por la ONU por cr\u00edmenes de guerra y cr\u00edmenes contra la humanidad en Darfur, estuvo entre los oradores de la conferencia &#8211; y tambi\u00e9n se reuni\u00f3 en privado con Jamenei y Ahmadinejad &#8211; El Secretario General de la ONU Ban Ki-Moon elogi\u00f3 a Ir\u00e1n por su iniciativa en la organizaci\u00f3n de la conferencia. En un mensaje enviado a la conferencia a trav\u00e9s de un enviado especial, Ban dijo: \u00abLa ONU tiene un papel importante en la lucha contra el terrorismo y espero que la conferencia de Teher\u00e1n pueda alcanzar [este] grandioso objetivo&#8230; Avanzando hacia las negociaciones y el reconocimiento entre las naciones de acuerdo con la Carta de la ONU, el tener relaciones amistosas con las naciones y mejorar sus relaciones entre ellas y realizar actividades human\u00edsticas son algunas de las estrategias importantes contra el terrorismo\u00bb. <a href=\"#_edn3\" name=\"_ednref3\">[3]<\/a><\/p>\n<p>De acuerdo con la agencia de noticias iran\u00ed Fars, la conferencia abord\u00f3 diversos medios y m\u00e9todos de cooperaci\u00f3n en la lucha contra el terrorismo a nivel bilateral, regional e internacional, los obst\u00e1culos y retos mundiales que plantea el terrorismo; y las causas a la tendencia creciente de las actividades terroristas a nivel mundial. <a href=\"#_edn4\" name=\"_ednref4\">[4]<\/a><\/p>\n<p>El siguiente informe ofrecer\u00e1 una visi\u00f3n general de la conferencia:<\/p>\n<p><em><img loading=\"lazy\" decoding=\"async\" class=\"alignnone size-full wp-image-6464\" src=\"http:\/\/www2.memri.org\/espanol\/wp-content\/uploads\/2016\/01\/8180.jpg\" width=\"530\" height=\"260\" srcset=\"https:\/\/www2.memri.org\/espanol\/wp-content\/uploads\/2016\/01\/8180.jpg 530w, https:\/\/www2.memri.org\/espanol\/wp-content\/uploads\/2016\/01\/8180-300x147.jpg 300w, https:\/\/www2.memri.org\/espanol\/wp-content\/uploads\/2016\/01\/8180-324x160.jpg 324w\" sizes=\"auto, (max-width: 530px) 100vw, 530px\" \/><\/em><\/p>\n<p><em>De izquierda a derecha: el Presidente de Tayikist\u00e1n Emomali Rahmon, el Presidente de Sud\u00e1n &#8216;Omar Al-Bashir, el Presidente de Pakist\u00e1n Asif Ali Zardari, el Presidente iran\u00ed Mahmoud Ahmadinejad, el canciller iran\u00ed Ali Akbar Salehi el Presidente iraqu\u00ed Jalal Talabani y el Presidente afgano Hamid Karzai, en la \u00abConferencia Mundial Sin Terrorismo\u00bb en Teher\u00e1n, 25 de junio, 2011. Fuente: English.news.cn, 26 de junio, 2011.<\/em><\/p>\n<p><strong>Jamenei: El r\u00e9gimen sionista est\u00e1 orgulloso de su pasado terrorista<\/strong><\/p>\n<p>De acuerdo con su portal oficial <a href=\"#_edn5\" name=\"_ednref5\">[5]<\/a>, en su discurso inaugural, el L\u00edder Supremo iran\u00ed Ali Jamenei critic\u00f3 la historia de actos terroristas de las &#8216;potencias hegem\u00f3nicas&#8217; y su apoyo al r\u00e9gimen terrorista sionista y su larga lista de ayuda monetaria y de propaganda para los terroristas organizados &#8211; y, al mismo tiempo, su pretensi\u00f3n de luchar contra el terrorismo\u00bb. Este hizo hincapi\u00e9 en que la conferencia estuvo dirigida principalmente en \u00abproveer una definici\u00f3n clara y precisa del terrorismo\u00bb y agreg\u00f3 que \u00abla Rep\u00fablica Isl\u00e1mica de Ir\u00e1n considera la lucha contra este fen\u00f3meno del mal [una] responsabilidad ineludible y continuar\u00e1 con fuerza sus esfuerzos en esta grandiosa [lucha]\u00bb.<\/p>\n<p>A continuaci\u00f3n se presentan extractos de su discurso, tal como apareci\u00f3 en su portal:<\/p>\n<p>\u00ab&#8230; El terrorismo no es un fen\u00f3meno nuevo. No es un producto de los \u00faltimos per\u00edodos. Sin embargo, la aparici\u00f3n de horribles armas de destrucci\u00f3n masiva lo han hecho cientos de veces m\u00e1s peligroso. M\u00e1s [impactante] e importantes [son] los c\u00e1lculos de los poderes sat\u00e1nicos del mundo, que utilizan el terrorismo en sus pol\u00edticas y planifican alcanzar sus objetivos ileg\u00edtimos. Memorias hist\u00f3ricas en las mentes de las naciones en nuestra regi\u00f3n nunca olvidar\u00e1n el c\u00f3mo las potencias coloniales planearon ocupar Palestina y expulsar [al] pueblo palestino de su patria, organizando y armando a las organizaciones terroristas tales como la Agencia Internacional del Sionismo [al parecer, la Organizaci\u00f3n Sionista Mundial] y decenas de grupos similares que han cometido [los] horrendos cr\u00edmenes en Deir Yassin y en otros lugares.<\/p>\n<p>\u00abEl r\u00e9gimen sionista, desde el mismo comienzo de su creaci\u00f3n [y] hasta ahora, ha continuado [realizando] descarada y abiertamente actos terroristas dentro y fuera de Palestina. Tanto los antiguos y actuales titulares dirigentes del r\u00e9gimen sionista se sienten orgullosos de su pasado terrorista y, en algunos casos, de su participaci\u00f3n directa en las operaciones terroristas.<\/p>\n<p>\u00abOtro ejemplo es el de Estados Unidos, [que] tiene una larga lista de conductas terroristas [en su] financiamiento y de armar [a] las organizaciones terroristas en la regi\u00f3n. Los ataques mortales por aviones no tripulados estadounidenses contra las familias indefensas en aldeas y en las zonas m\u00e1s desfavorecidas de Afganist\u00e1n han convertido [repetidamente] a matrimonios en ceremonias de duelo. Delitos por la [Corporaci\u00f3n] Blackwater en Irak, asesinando a ciudadanos iraqu\u00edes y elites, la asistencia a grupos terroristas en Ir\u00e1n, Irak y en Pakist\u00e1n, [el] asesinato de cient\u00edficos nucleares iran\u00edes en cooperaci\u00f3n con [el] Mossad [y] el derribo del avi\u00f3n de pasajeros iran\u00ed en el Golfo P\u00e9rsico, que dej\u00f3 300 hombres, mujeres y ni\u00f1os muertos &#8211; son [todos] parte de esta lista vergonzosa e inolvidable de los actos terroristas de Estados Unidos.<\/p>\n<p>\u00abLos Estados Unidos, Gran Breta\u00f1a y algunos gobiernos occidentales con un oscuro historial de conductas terroristas, han a\u00f1adido a su ret\u00f3rica la afirmaci\u00f3n de luchar contra el terrorismo. Ellos son los mismos terroristas que, durante la \u00e9poca [de] 1980, masacraron a miles de personas inocentes en Ir\u00e1n. Asesinaron a 72 altos oficiales iran\u00edes [y] figuras acad\u00e9micas y a decenas de [miembros del Majlis] en un solo acto de terrorismo. En otro acto terrorista, nuestro presidente y primer ministro fueron martirizados y los autores de estos ataques terroristas viven ahora en algunos pa\u00edses europeos bajo la protecci\u00f3n de los gobiernos europeos. Con tales comportamientos, es una verg\u00fcenza afirmar que lideran la lucha contra el terrorismo.<\/p>\n<p>\u00abMientras tanto, los Estados Unidos y sus aliados palestinos llaman terroristas a los combatientes palestinos por la libertad, una definici\u00f3n enga\u00f1osa, que constituye el problema b\u00e1sico del terrorismo en el mundo actual. Desde el punto de vista de los l\u00edderes de las potencias hegem\u00f3nicas, todo lo que amenace sus intereses ileg\u00edtimos es visto como terrorismo. Todas las luchas con la intenci\u00f3n de defender una causa en contra de los ocupantes y las fuerzas intervencionistas son consideradas por ellos como terrorismo. Sin embargo ellos nunca llaman terroristas a esas fuerzas del mal y c\u00e9lulas malvadas que son una plaga en contra de la vida y la seguridad de personas inocentes.<\/p>\n<p>\u00abUna definici\u00f3n clara y precisa de terrorismo puede ser una de sus obras fundamentales y objetivos en la presente reuni\u00f3n. Al confiar en las nobles ense\u00f1anzas del Islam, con sus principios b\u00e1sicos de dignidad humana, donde la p\u00e9rdida de una vida inocente se considera la p\u00e9rdida de [toda] la humanidad y como una naci\u00f3n que ha sufrido fuertes p\u00e9rdidas por parte de la violencia terrorista, creemos que la lucha contra este fen\u00f3meno del mal es una responsabilidad ineludible y por la gracia de Al\u00e1, permanecemos dedicados a continuar con esta gran pelea con mayor fuerza\u00bb.<\/p>\n<p><strong>Ahmadinejad: Los poderes del mundo est\u00e1n utilizando el terrorismo para dividir a las naciones e impedir su progreso<\/strong><\/p>\n<p>Seg\u00fan el portal oficial del Presidente Ahmadinejad, <a href=\"#_edn6\" name=\"_ednref6\">[6]<\/a> su discurso ante la conferencia hizo hincapi\u00e9 en la amenaza mundial que plantea el terrorismo, se\u00f1alando a Ir\u00e1n como una de sus principales v\u00edctimas. Este afirm\u00f3 que el terrorismo era el resultado de la pobreza, la discriminaci\u00f3n y la humillaci\u00f3n causada por la invasi\u00f3n y ocupaci\u00f3n extranjera, citando los ejemplos de Irak y Afganist\u00e1n bajo la ocupaci\u00f3n militar estadounidense. Dijo que Israel, los Estados Unidos y Occidente se hab\u00edan aprovechado del Holocausto y el 11 de Septiembre para justificar la realizaci\u00f3n de sus aspiraciones colonialistas en el Medio Oriente, que hab\u00eda tra\u00eddo nada m\u00e1s que el atraso y la destrucci\u00f3n a la regi\u00f3n:<\/p>\n<p>\u00abAlgunos creen que el motivo detr\u00e1s de los atentados del 11 de Septiembre fue garantizar la seguridad [del] r\u00e9gimen sionista, fomentar la inseguridad en los pa\u00edses de la regi\u00f3n, distraer a la opini\u00f3n p\u00fablica estadounidense por la ca\u00f3tica situaci\u00f3n econ\u00f3mica en el pa\u00eds y [llenarle] los bolsillos de los no-civilizados y beligerantes capitalistas&#8230; Dos a\u00f1os despu\u00e9s del incidente que proporcion\u00f3 una excusa para la invasi\u00f3n de dos pa\u00edses (Afganist\u00e1n e Irak) llev\u00f3 a la muerte, lesi\u00f3n y el desplazamiento de millones de personas&#8230; el gobierno estadounidense, bajo presi\u00f3n de la opini\u00f3n p\u00fablica, encarg\u00f3 a un grupo el investigar la raz\u00f3n detr\u00e1s de los ataques. Pero la verdad no se le ha querido develar a los estadounidenses y al mundo&#8230;\u00bb<\/p>\n<p>Seg\u00fan el portal, Ahmadinejad dijo que las potencias mundiales \u00abrecurrieron al terrorismo &#8216;para crear divisiones, quebrar la unidad entre naciones, impedir sus progresos y dominar sus recursos y destinos&#8217; [tomando] el destino de otras naciones en sus manos e [imponiendo] a sus t\u00edteres en estas&#8230; [El] presidente hizo un llamado a la comunidad internacional para encontrar soluciones pr\u00e1cticas con el fin de frenar el terrorismo e inst\u00f3 la abolici\u00f3n de los &#8216;mecanismos defectuosos y discriminatorios [de] la lucha contra el terrorismo&#8217;&#8230; Tambi\u00e9n dijo que la Rep\u00fablica Isl\u00e1mica est\u00e1 dispuesta a cooperar con otros en la lucha contra el terrorismo\u00bb.<\/p>\n<p><em><img loading=\"lazy\" decoding=\"async\" class=\"alignnone size-full wp-image-6465\" src=\"http:\/\/www2.memri.org\/espanol\/wp-content\/uploads\/2016\/01\/8181.jpg\" width=\"530\" height=\"397\" srcset=\"https:\/\/www2.memri.org\/espanol\/wp-content\/uploads\/2016\/01\/8181.jpg 530w, https:\/\/www2.memri.org\/espanol\/wp-content\/uploads\/2016\/01\/8181-300x225.jpg 300w, https:\/\/www2.memri.org\/espanol\/wp-content\/uploads\/2016\/01\/8181-80x60.jpg 80w, https:\/\/www2.memri.org\/espanol\/wp-content\/uploads\/2016\/01\/8181-265x198.jpg 265w\" sizes=\"auto, (max-width: 530px) 100vw, 530px\" \/><br \/>Fuente de la foto: English.news.cn, 26 de junio, 2011.<\/em><\/p>\n<p><strong>Jamenei se re\u00fane con los presidentes de Afganist\u00e1n, Irak, Pakist\u00e1n y advierte sobre la presencia de Estados Unidos en sus pa\u00edses<\/strong><\/p>\n<p>Durante los dos d\u00edas de la conferencia, el L\u00edder Supremo iran\u00ed Ali Jamenei se reuni\u00f3 con los presidentes de Afganist\u00e1n, Irak y Pakist\u00e1n. En su reuni\u00f3n con el Presidente afgano Karzai, dijo que la declaraci\u00f3n del Presidente estadounidense Obama respecto a la retirada de las tropas de Estados Unidos de Afganist\u00e1n para el a\u00f1o 2014 era para el consumo interno y que los Estados Unidos ten\u00edan previsto utilizar el pa\u00eds de Karzai como base permanente para sus fuerzas. Karzai dijo que esperaba que Obama cumpliese su promesa y pidi\u00f3 a Ir\u00e1n que ampliara la ayuda a Afganist\u00e1n.<\/p>\n<p>En su reuni\u00f3n con el Presidente iraqu\u00ed Jalal Talabani, Jamenei dijo que el poder de Estados Unidos en el Medio Oriente ha disminuido y que este hecho deber\u00eda ser aprovechado en contra de los Estados Unidos. Talabani respondi\u00f3 que los iraqu\u00edes estaban unidos en su oposici\u00f3n a la continua presencia de Estados Unidos en su pa\u00eds y tambi\u00e9n pidi\u00f3 por ayuda iran\u00ed. En su reuni\u00f3n con Jamenei, el Presidente de Pakist\u00e1n Asif &#8216;Ali Zardari le dijo al l\u00edder iran\u00ed que los Estados Unidos estaba tratando de sembrar la divisi\u00f3n en Pakist\u00e1n para sus propios fines y prometi\u00f3 que su pa\u00eds trabajar\u00e1 hacia la expansi\u00f3n de sus relaciones con Teher\u00e1n. <a href=\"#_edn7\" name=\"_ednref7\">[7]<\/a><\/p>\n<p><strong>Jamenei se re\u00fane con el Presidente sudan\u00e9s Bashir<\/strong><\/p>\n<p>En una reuni\u00f3n con el Presidente sudan\u00e9s &#8216;Omar Al-Bashir, al que asistieron tambi\u00e9n el Presidente iran\u00ed Ahmadinejad, el L\u00edder Supremo Jamenei expres\u00f3 su satisfacci\u00f3n por el \u00abdespertar isl\u00e1mico\u00bb en Egipto, T\u00fanez y Libia, alegando que estos movimientos populares hab\u00edan desafi\u00f3 con \u00e9xito a Occidente y a los sionistas. Este advirti\u00f3 contra los intentos occidentales de explotar los alzamientos para sus propios fines, diciendo: \u00abLos Estados Unidos y el basti\u00f3n del r\u00e9gimen sionista en Egipto han colapsado, los Estados Unidos y ciertos reg\u00edmenes t\u00edteres de la regi\u00f3n est\u00e1n tratando de desviar la trayectoria de los movimientos&#8230;\u00bb Jamenei expres\u00f3 su preocupaci\u00f3n por la situaci\u00f3n en Libia, donde dijo que el levantamiento popular estaba a punto de realizar una verdadera victoria para el Islam, para disgusto de \u00abOccidente, [que teme] la posible formaci\u00f3n de un gobierno isl\u00e1mico en Libia, a las puertas de Europa\u00bb.<\/p>\n<p>En cuanto a los acontecimientos de Sud\u00e1n, Jamenei dijo que Ir\u00e1n apoya plenamente el gobierno isl\u00e1mico de Sud\u00e1n y al pueblo musulm\u00e1n en su determinaci\u00f3n \u00abpara salvaguardar su independencia, la ideolog\u00eda isl\u00e1mica y la soberan\u00eda\u00bb. Este elogi\u00f3 a Sud\u00e1n por confrontar \u00ablas presiones y conspiraciones estadounidenses y del r\u00e9gimen sionista\u00bb, instando a todos los partidos y facciones en Sud\u00e1n \u00aba mantener la vigilancia y permanecer unidos frente a los acontecimientos en curso\u00bb. Bashir, por su parte, dijo que las relaciones entre los dos pa\u00edses eran s\u00f3lidas y agradeci\u00f3 a Teher\u00e1n por su apoyo a la poblaci\u00f3n sudanesa. Este dijo que los acontecimientos en la regi\u00f3n ser\u00edan a favor de los pa\u00edses isl\u00e1micos y agreg\u00f3 que \u00abla regi\u00f3n no volver\u00e1 nunca m\u00e1s a las condiciones anteriores y [que] los Estados Unidos y el r\u00e9gimen sionista han sido [los mayores] perdedores por los [desarrollos]\u00bb. <a href=\"#_edn8\" name=\"_ednref8\">[8]<\/a><\/p>\n<p>Cabe se\u00f1alar que antes de la conferencia, el portal moderado-conservador iran\u00ed Asr-e Iran, llam\u00f3 en el r\u00e9gimen iran\u00ed a rescindir su invitaci\u00f3n al presidente sudan\u00e9s &#8216;Omar Al-Bashir. El portal afirm\u00f3 que Ir\u00e1n, el cual est\u00e1 acusado por la ONU de violaci\u00f3n de los derechos humanos, deber\u00eda actuar como los muchos otros pa\u00edses que se hab\u00edan negado a acoger a Bashir, quien es buscado por las Naciones Unidas por cr\u00edmenes de lesa humanidad y cr\u00edmenes de guerra en Darfur. El portal dijo que la presencia de Bashir en la conferencia le har\u00eda un gran da\u00f1o a Ir\u00e1n y que no ser\u00eda apropiado acoger a alguien que hab\u00eda sido acusado de asesinar a cientos de miles de personas. <a href=\"#_edn9\" name=\"_ednref9\">[9]<\/a><\/p>\n<p><strong>Ban Ki-Moon elogia a Teher\u00e1n por ser anfitri\u00f3n de la conferencia contra el terrorismo<\/strong><\/p>\n<p>La agencia de noticias Fars inform\u00f3 que el Secretario General de la ONU Ban Ki-Moon, a trav\u00e9s de un enviado especial, envi\u00f3 un mensaje a la conferencia en honor a la iniciativa de Ir\u00e1n: \u00abEl Secretario General Ban Ki-Moon elogi\u00f3 la iniciativa de Teher\u00e1n y los esfuerzos en la celebraci\u00f3n de la primera conferencia internacional sobre la lucha mundial contra el terrorismo y la describi\u00f3 como un paso importante y de reuni\u00f3n en la guerra contra el terrorismo. En un mensaje escrito para la conferencia le\u00eddo por [el] Enviado de la ONU a Teher\u00e1n, Mohammad Rafi Al-Din Shah, [Ban] Ki-Moon [felicit\u00f3] a la Rep\u00fablica Isl\u00e1mica de Ir\u00e1n por la celebraci\u00f3n de esta tan importante [conferencia]\u00bb.<\/p>\n<p>Seg\u00fan Fars, Ban tambi\u00e9n dijo que la ONU hab\u00eda \u00ab&#8216;aprobado un gran n\u00famero de resoluciones contra el terrorismo en los \u00faltimos a\u00f1os&#8217; y [que] la realizaci\u00f3n de conferencias tales como la conferencia de Teher\u00e1n puede ser considerablemente \u00fatil en la aplicaci\u00f3n de estas resoluciones&#8230; La ONU tiene una papel importante en la lucha contra el terrorismo y yo espero que la conferencia de Teher\u00e1n pueda alcanzar grandes metas&#8230; dirigi\u00e9ndose hacia la negociaci\u00f3n y el reconocimiento entre las naciones de acuerdo con la Carta de la ONU, el tener relaciones amistosas con las naciones y la mejora de relaciones entre estos y la realizaci\u00f3n de actividades human\u00edsticas son algunas de las estrategias importantes contra el terrorismo\u00bb. <a href=\"#_edn10\" name=\"_ednref10\">[10]<\/a><\/p>\n<p><em><img loading=\"lazy\" decoding=\"async\" class=\"alignnone size-full wp-image-6467\" src=\"http:\/\/www2.memri.org\/espanol\/wp-content\/uploads\/2016\/01\/8182.jpg\" width=\"530\" height=\"347\" srcset=\"https:\/\/www2.memri.org\/espanol\/wp-content\/uploads\/2016\/01\/8182.jpg 530w, https:\/\/www2.memri.org\/espanol\/wp-content\/uploads\/2016\/01\/8182-300x196.jpg 300w\" sizes=\"auto, (max-width: 530px) 100vw, 530px\" \/><br \/>Fuente: English.news.cn, 26 de junio, 2011.<\/em><\/p>\n<p><em>* A. Savyon es Director del Proyecto Medi\u00e1tico de Ir\u00e1n en MEMRI. D. Diamond es compa\u00f1ero de investigaci\u00f3n en MEMRI.<\/em><\/p>\n<\/p>\n<hr class=\"c2\" size=\"1\" width=\"33%\" \/>\n<p><a href=\"#_ednref1\" name=\"_edn1\">[1]<\/a> De acuerdo con el diario paquistan\u00ed <em>Tribune Express<\/em>, los presidentes de Bangladesh, Bolivia y la Rep\u00fablica de Benin tambi\u00e9n estuvieron presentes. <em>Tribune Express<\/em> (Pakist\u00e1n), 20 de junio, 2011.<\/p>\n<p><a href=\"#_ednref2\" name=\"_edn2\">[2]<\/a> Portal del L\u00edder Supremo (Ir\u00e1n), 25 de junio, 2011.<\/p>\n<p><a href=\"#_ednref3\" name=\"_edn3\">[3]<\/a> Fars (Ir\u00e1n), 26 de junio, 2011.<\/p>\n<p><a href=\"#_ednref4\" name=\"_edn4\">[4]<\/a> Fars (Ir\u00e1n), 26 de junio, 2011.<\/p>\n<p><a href=\"#_ednref5\" name=\"_edn5\">[5]<\/a> Portal del L\u00edder Supremo (Ir\u00e1n), 25 de junio, 2011. La traducci\u00f3n del ingl\u00e9s original fue editada ligeramente para mayor claridad.<\/p>\n<p><a href=\"#_ednref6\" name=\"_edn6\">[6]<\/a> Portal del Presidente (Ir\u00e1n), 25 de junio, 2011. La traducci\u00f3n de ingl\u00e9s original fue editada ligeramente para mayor claridad.<\/p>\n<p><a href=\"#_ednref7\" name=\"_edn7\">[7]<\/a> Portal del L\u00edder Supremo (Ir\u00e1n), 25-26 de junio, 2011.<\/p>\n<p><a href=\"#_ednref8\" name=\"_edn8\">[8]<\/a> Portal del L\u00edder Supremo (Ir\u00e1n), 26 de junio, 2011.<\/p>\n<p><a href=\"#_ednref9\" name=\"_edn9\">[9]<\/a> Asr-e Iran (Ir\u00e1n), 23 de junio del 2011, Mehr (Ir\u00e1n), 20 de junio, 2011.<\/p>\n<p><a href=\"#_ednref10\" name=\"_edn10\">[10]<\/a> Fars (Ir\u00e1n), 26 de junio, 2011.<\/p>\n<\/div>\n","protected":false},"excerpt":{"rendered":"<p>Introducci\u00f3n El 25-26 de junio, 2011, el r\u00e9gimen iran\u00ed organiz\u00f3 la primera \u00abConferencia Mundial Sin Terrorismo\u00bb en Teher\u00e1n. Los conferencistas incluyeron al Presidente afgano Hamid Karzai, el Presidente de Tayikist\u00e1n Emomali Rahmonov, el Presidente de Pakist\u00e1n &#8216;Ali Zardari, el Presidente iraqu\u00ed Jalal Talabani y el Presidente de Sud\u00e1n Omar Al-Bashir, as\u00ed como tambi\u00e9n a representantes [&hellip;]<\/p>\n","protected":false},"author":1,"featured_media":6464,"comment_status":"open","ping_status":"open","sticky":false,"template":"","format":"standard","meta":{"footnotes":""},"categories":[5,11],"tags":[],"class_list":["post-4778","post","type-post","status-publish","format-standard","has-post-thumbnail","hentry","category-analisis-e-investigacion","category-e-u-a-y-el-medio-oriente"],"_links":{"self":[{"href":"https:\/\/www2.memri.org\/espanol\/wp-json\/wp\/v2\/posts\/4778","targetHints":{"allow":["GET"]}}],"collection":[{"href":"https:\/\/www2.memri.org\/espanol\/wp-json\/wp\/v2\/posts"}],"about":[{"href":"https:\/\/www2.memri.org\/espanol\/wp-json\/wp\/v2\/types\/post"}],"author":[{"embeddable":true,"href":"https:\/\/www2.memri.org\/espanol\/wp-json\/wp\/v2\/users\/1"}],"replies":[{"embeddable":true,"href":"https:\/\/www2.memri.org\/espanol\/wp-json\/wp\/v2\/comments?post=4778"}],"version-history":[{"count":0,"href":"https:\/\/www2.memri.org\/espanol\/wp-json\/wp\/v2\/posts\/4778\/revisions"}],"wp:featuredmedia":[{"embeddable":true,"href":"https:\/\/www2.memri.org\/espanol\/wp-json\/wp\/v2\/media\/6464"}],"wp:attachment":[{"href":"https:\/\/www2.memri.org\/espanol\/wp-json\/wp\/v2\/media?parent=4778"}],"wp:term":[{"taxonomy":"category","embeddable":true,"href":"https:\/\/www2.memri.org\/espanol\/wp-json\/wp\/v2\/categories?post=4778"},{"taxonomy":"post_tag","embeddable":true,"href":"https:\/\/www2.memri.org\/espanol\/wp-json\/wp\/v2\/tags?post=4778"}],"curies":[{"name":"wp","href":"https:\/\/api.w.org\/{rel}","templated":true}]}}