{"id":47776,"date":"2018-08-02T14:45:56","date_gmt":"2018-08-02T18:45:56","guid":{"rendered":"http:\/\/www2.memri.org\/espanol\/?p=47776"},"modified":"2018-08-03T14:49:33","modified_gmt":"2018-08-03T18:49:33","slug":"oposicion-de-qatar-al-plan-de-paz-para-el-medio-oriente-del-presidente-trump-tal-como-se-reflejan-en-caricaturas-en-qatar","status":"publish","type":"post","link":"https:\/\/www2.memri.org\/espanol\/oposicion-de-qatar-al-plan-de-paz-para-el-medio-oriente-del-presidente-trump-tal-como-se-reflejan-en-caricaturas-en-qatar\/47776","title":{"rendered":"Oposici\u00f3n de Qatar al plan de paz para el Medio Oriente del Presidente Trump tal como se reflejan en caricaturas en Qatar"},"content":{"rendered":"<p><em>En las \u00faltimas semanas, los medios de comunicaci\u00f3n de Qatar han criticado los esfuerzos realizados por la administraci\u00f3n Trump de avanzar en un plan de paz regional que se conoce como el \u00abAcuerdo del Siglo\u00bb. Los informes de los medios de comunicaci\u00f3n de Qatar y los art\u00edculos sobre este plan lo describieron como un servicio a los intereses de Israel mientras eliminaban a la causa palestina. Adem\u00e1s, tras informes en los medios de comunicaci\u00f3n no-\u00e1rabes de que Arabia Saudita ha participado en la formulaci\u00f3n de este plan y en el contexto de la creciente crisis entre Qatar y el \u00abCuarteto \u00e1rabe\u00bb &#8211; es decir, los cuatro pa\u00edses liderados por Arabia Saudita, que han estado boicoteando a Qatar durante el \u00faltimo a\u00f1o: los medios de comunicaci\u00f3n de Qatar han acusado a Arabia Saudita y a otros reg\u00edmenes \u00e1rabes de colaborar con la administraci\u00f3n Trump y de traicionar a los palestinos.<\/em><a href=\"#_edn1\" name=\"_ednref1\">[1]<\/a><\/p>\n<p><em>El 28 de junio, el Centro \u00c1rabe de Investigaci\u00f3n y Estudios Pol\u00edticos, en Doha, dirigido por el ex-miembro del Knesset israel\u00ed &#8216;Azmi Bishara, cercano al r\u00e9gimen de Qatar, public\u00f3 por igual un informe sobre el plan de paz de Trump, afirmando que es el peor plan de paz del Medio Oriente presentado por los Estados Unidos hasta la fecha, que ignora totalmente los derechos palestinos y el hecho de que la ra\u00edz del problema es la ocupaci\u00f3n israel\u00ed, que se asemeja al plan del derecho israel\u00ed de poner fin al conflicto con los palestinos y constituye un intento de imponer esta postura israel\u00ed a los \u00e1rabes. El informe tambi\u00e9n atac\u00f3 a ciertos pa\u00edses \u00e1rabes, principalmente Arabia Saudita, Egipto y los Emiratos \u00c1rabes Unidos por cooperar con este plan y evalu\u00f3 que este no seguir\u00e1 adelante mientras los palestinos se opongan y contin\u00faen resistiendo las presiones ejercidas sobre ellos.<\/em><a href=\"#_edn2\" name=\"_ednref2\">[2]<\/a><\/p>\n<p><em>Esta cr\u00edtica al acuerdo de Trump tambi\u00e9n fue manifestada en las caricaturas publicadas en los medios de comunicaci\u00f3n de Qatar y pro-Qatar. Muchas de las caricaturas presentaron el apoyo \u00e1rabe al acuerdo como una traici\u00f3n a los palestinos y colaboraci\u00f3n con los Estados Unidos e Israel, mientras que otros abordaron el acuerdo en s\u00ed mismo, present\u00e1ndolo como un servicio \u00fanico y en beneficio a Israel. Algunas caricaturas expresaron que el compromiso de los palestinos con el derecho al retorno no permitir\u00e1 que el acuerdo avance. Esto a menudo es representado con el s\u00edmbolo de la llave, que representa la insistencia de los refugiados palestinos sobre el derecho a retornar a sus antiguos hogares en los territorios de 1948.<\/em><\/p>\n<p><em>Lo siguiente es una muestra de las caricaturas.<\/em><\/p>\n<p><strong>Cr\u00edtica contra los pa\u00edses \u00e1rabes por colaborar con los Estados Unidos y apoyar el Acuerdo del Siglo<\/strong><\/p>\n<p><em><img loading=\"lazy\" decoding=\"async\" class=\"alignnone size-full wp-image-47777\" src=\"https:\/\/www2.memri.org\/espanol\/wp-content\/uploads\/2018\/08\/cartoonia.jpg\" width=\"496\" height=\"266\" srcset=\"https:\/\/www2.memri.org\/espanol\/wp-content\/uploads\/2018\/08\/cartoonia.jpg 496w, https:\/\/www2.memri.org\/espanol\/wp-content\/uploads\/2018\/08\/cartoonia-300x161.jpg 300w\" sizes=\"auto, (max-width: 496px) 100vw, 496px\" \/>Los pa\u00edses \u00e1rabes ayudan a Estados Unidos a forzar el venenoso \u00abAcuerdo del Siglo\u00bb a trav\u00e9s de las gargantas de los \u00e1rabes (Al-Quds Al-Arabi, Londres, 2 de julio, 2018)<\/em><\/p>\n<p><em><img loading=\"lazy\" decoding=\"async\" class=\"alignnone size-full wp-image-47778\" src=\"https:\/\/www2.memri.org\/espanol\/wp-content\/uploads\/2018\/08\/cartoonia1.jpg\" width=\"498\" height=\"280\" srcset=\"https:\/\/www2.memri.org\/espanol\/wp-content\/uploads\/2018\/08\/cartoonia1.jpg 498w, https:\/\/www2.memri.org\/espanol\/wp-content\/uploads\/2018\/08\/cartoonia1-300x169.jpg 300w\" sizes=\"auto, (max-width: 498px) 100vw, 498px\" \/>\u00abLos reg\u00edmenes \u00e1rabes\u00bb le estrechan la mano a Trump, quien les apunta con el arma del \u00abAcuerdo del Siglo\u00bb (Al-Arabi Al-Jadid, Londres, 26 de junio, 2018)<\/em><\/p>\n<p><em><img loading=\"lazy\" decoding=\"async\" class=\"alignnone size-full wp-image-47779\" src=\"https:\/\/www2.memri.org\/espanol\/wp-content\/uploads\/2018\/08\/cartoonia2.jpg\" width=\"498\" height=\"272\" srcset=\"https:\/\/www2.memri.org\/espanol\/wp-content\/uploads\/2018\/08\/cartoonia2.jpg 498w, https:\/\/www2.memri.org\/espanol\/wp-content\/uploads\/2018\/08\/cartoonia2-300x164.jpg 300w\" sizes=\"auto, (max-width: 498px) 100vw, 498px\" \/>\u00abLos reg\u00edmenes \u00e1rabes\u00bb pretenden rechazar \u00abEl Acuerdo del Siglo\u00bb mientras lo firman por debajo de la mesa (Al-Arabi Al-Jadid, Londres, 24 de junio, 2018)<\/em><\/p>\n<p><em><img loading=\"lazy\" decoding=\"async\" class=\"alignnone size-full wp-image-47780\" src=\"https:\/\/www2.memri.org\/espanol\/wp-content\/uploads\/2018\/08\/cartoonia3.jpg\" width=\"496\" height=\"263\" srcset=\"https:\/\/www2.memri.org\/espanol\/wp-content\/uploads\/2018\/08\/cartoonia3.jpg 496w, https:\/\/www2.memri.org\/espanol\/wp-content\/uploads\/2018\/08\/cartoonia3-300x159.jpg 300w\" sizes=\"auto, (max-width: 496px) 100vw, 496px\" \/>\u00abEl Acuerdo del Siglo\u00bb: Los \u00e1rabes est\u00e1n dentro del bolsillo de \u00abKushner\u00bb mientras este se salta el problema de Jerusal\u00e9n (arabi21.com, 23 de junio, 2018)<\/em><\/p>\n<p><em><img loading=\"lazy\" decoding=\"async\" class=\"alignnone size-full wp-image-47781\" src=\"https:\/\/www2.memri.org\/espanol\/wp-content\/uploads\/2018\/08\/cartoonia4.jpg\" width=\"497\" height=\"266\" srcset=\"https:\/\/www2.memri.org\/espanol\/wp-content\/uploads\/2018\/08\/cartoonia4.jpg 497w, https:\/\/www2.memri.org\/espanol\/wp-content\/uploads\/2018\/08\/cartoonia4-300x161.jpg 300w\" sizes=\"auto, (max-width: 497px) 100vw, 497px\" \/>Cegados por EE. UU. Y por falsas esperanzas de paz, los \u00e1rabes no ven que \u00abla manera de [liberar] Palestina\u00bb es a trav\u00e9s del arma, y \u200b\u200best\u00e1n a punto de caer en la trampa del \u00abAcuerdo del siglo\u00bb preparado para ellos por Trump y Netanyahu (Al-Quds Al-Arabi, Londres, 25 de mayo de 2018)<\/em><\/p>\n<p><em><img loading=\"lazy\" decoding=\"async\" class=\"alignnone size-full wp-image-47782\" src=\"https:\/\/www2.memri.org\/espanol\/wp-content\/uploads\/2018\/08\/cartoonia5.jpg\" width=\"496\" height=\"278\" srcset=\"https:\/\/www2.memri.org\/espanol\/wp-content\/uploads\/2018\/08\/cartoonia5.jpg 496w, https:\/\/www2.memri.org\/espanol\/wp-content\/uploads\/2018\/08\/cartoonia5-300x168.jpg 300w\" sizes=\"auto, (max-width: 496px) 100vw, 496px\" \/>\u00abEl Acuerdo del Siglo\u00bb: Estados Unidos obtiene dinero, Israel obtiene \u00abJerusal\u00e9n\u00bb y los \u00e1rabes reciben una bomba de tiempo (Al-Arabi Al-Jadid, Londres, 24 de mayo, 2018)<\/em><\/p>\n<p><strong>El Acuerdo del Siglo favorece a Israel<\/strong><\/p>\n<p><em><img loading=\"lazy\" decoding=\"async\" class=\"alignnone size-full wp-image-47783\" src=\"https:\/\/www2.memri.org\/espanol\/wp-content\/uploads\/2018\/08\/cartoonia6a.jpg\" width=\"480\" height=\"275\" srcset=\"https:\/\/www2.memri.org\/espanol\/wp-content\/uploads\/2018\/08\/cartoonia6a.jpg 480w, https:\/\/www2.memri.org\/espanol\/wp-content\/uploads\/2018\/08\/cartoonia6a-300x172.jpg 300w\" sizes=\"auto, (max-width: 480px) 100vw, 480px\" \/>\u00abEl Acuerdo del Siglo\u00bb como estrella de David (aljazeera.net, 9 de marzo, 2018)<\/em><\/p>\n<p><em><img loading=\"lazy\" decoding=\"async\" class=\"alignnone size-full wp-image-47784\" src=\"https:\/\/www2.memri.org\/espanol\/wp-content\/uploads\/2018\/08\/cartoonia7.jpg\" width=\"484\" height=\"297\" srcset=\"https:\/\/www2.memri.org\/espanol\/wp-content\/uploads\/2018\/08\/cartoonia7.jpg 484w, https:\/\/www2.memri.org\/espanol\/wp-content\/uploads\/2018\/08\/cartoonia7-300x184.jpg 300w\" sizes=\"auto, (max-width: 484px) 100vw, 484px\" \/>\u00abEl Acuerdo del Siglo\u00bb es un producto israel\u00ed de apariencia estadounidense (arabi21.com, 9 de julio, 2018)<\/em><\/p>\n<p><em><img loading=\"lazy\" decoding=\"async\" class=\"alignnone size-full wp-image-47785\" src=\"https:\/\/www2.memri.org\/espanol\/wp-content\/uploads\/2018\/08\/cartoonia8a.jpg\" width=\"478\" height=\"269\" srcset=\"https:\/\/www2.memri.org\/espanol\/wp-content\/uploads\/2018\/08\/cartoonia8a.jpg 478w, https:\/\/www2.memri.org\/espanol\/wp-content\/uploads\/2018\/08\/cartoonia8a-300x169.jpg 300w\" sizes=\"auto, (max-width: 478px) 100vw, 478px\" \/>El pro-Israel \u00abJared Kushner\u00bb (Al-Arabi Al-Jadid, Londres, 14 de junio, 2018)<\/em><\/p>\n<p><strong>La adhesi\u00f3n palestina al derecho a retornar frustrar\u00e1 el Acuerdo del Siglo<\/strong><\/p>\n<p><em><img loading=\"lazy\" decoding=\"async\" class=\"alignnone size-full wp-image-47786\" src=\"https:\/\/www2.memri.org\/espanol\/wp-content\/uploads\/2018\/08\/cartoonia9.jpg\" width=\"483\" height=\"287\" srcset=\"https:\/\/www2.memri.org\/espanol\/wp-content\/uploads\/2018\/08\/cartoonia9.jpg 483w, https:\/\/www2.memri.org\/espanol\/wp-content\/uploads\/2018\/08\/cartoonia9-300x178.jpg 300w\" sizes=\"auto, (max-width: 483px) 100vw, 483px\" \/>\u00abLas Marchas del Retorno y el Acuerdo del Siglo\u00bb: el manifestante palestino pone de cabezas la mesa sobre el acuerdo (arabi21.com, 23 de mayo, 2018)<\/em><\/p>\n<p><em><img loading=\"lazy\" decoding=\"async\" class=\"alignnone size-full wp-image-47787\" src=\"https:\/\/www2.memri.org\/espanol\/wp-content\/uploads\/2018\/08\/cartoonia10.jpg\" width=\"500\" height=\"285\" srcset=\"https:\/\/www2.memri.org\/espanol\/wp-content\/uploads\/2018\/08\/cartoonia10.jpg 500w, https:\/\/www2.memri.org\/espanol\/wp-content\/uploads\/2018\/08\/cartoonia10-300x171.jpg 300w\" sizes=\"auto, (max-width: 500px) 100vw, 500px\" \/>\u00abUn derecho exigido nunca ser\u00e1 algo perdido\u00bb: la adhesi\u00f3n de los palestinos al derecho a retornar, simbolizado por la llave, borra el \u00abAcuerdo del Siglo\u00bb (Al-Quds Al-Arabi, Londres, 23 de junio, 2018)<\/em><\/p>\n<p><em><img loading=\"lazy\" decoding=\"async\" class=\"alignnone size-full wp-image-47788\" src=\"https:\/\/www2.memri.org\/espanol\/wp-content\/uploads\/2018\/08\/cartoonia11.jpg\" width=\"502\" height=\"274\" srcset=\"https:\/\/www2.memri.org\/espanol\/wp-content\/uploads\/2018\/08\/cartoonia11.jpg 502w, https:\/\/www2.memri.org\/espanol\/wp-content\/uploads\/2018\/08\/cartoonia11-300x164.jpg 300w\" sizes=\"auto, (max-width: 502px) 100vw, 502px\" \/>Un palestino borra \u00abel Acuerdo del Siglo\u00bb con la llave del derecho a retornar (aljazeera.net, 12 de mayo, 2018)<\/em><\/p>\n<p><em><img loading=\"lazy\" decoding=\"async\" class=\"alignnone size-full wp-image-47789\" src=\"https:\/\/www2.memri.org\/espanol\/wp-content\/uploads\/2018\/08\/cartoonia12.jpg\" width=\"502\" height=\"324\" srcset=\"https:\/\/www2.memri.org\/espanol\/wp-content\/uploads\/2018\/08\/cartoonia12.jpg 502w, https:\/\/www2.memri.org\/espanol\/wp-content\/uploads\/2018\/08\/cartoonia12-300x194.jpg 300w\" sizes=\"auto, (max-width: 502px) 100vw, 502px\" \/>El derecho a retornar rompe con \u00abel Acuerdo del Siglo\u00bb (Al-Quds Al-Arabi, Londres, 19 de julio, 2018)<\/em><\/p>\n<hr \/>\n<p><a href=\"#_ednref1\" name=\"_edn1\">[1]<\/a> V\u00e9ase por ejemplo, <em>Al-Sharq<\/em> (Qatar), 15 de junio, 2018; Al-Raya (Qatar), 24 de junio, 2018; arabi21.com, 30 de junio, 2018; <em>Al-Watan<\/em> (Qatar), 21, 29 y 30 de junio, 2018, 1 de julio, 2018.<\/p>\n<p><a href=\"#_ednref2\" name=\"_edn2\">[2]<\/a> Dohainstitute.org, 28 de junio, 2018.<\/p>\n","protected":false},"excerpt":{"rendered":"<p>En las \u00faltimas semanas, los medios de comunicaci\u00f3n de Qatar han criticado los esfuerzos realizados por la administraci\u00f3n Trump de avanzar en un plan de paz regional que se conoce como el \u00abAcuerdo del Siglo\u00bb. Los informes de los medios de comunicaci\u00f3n de Qatar y los art\u00edculos sobre este plan lo describieron como un servicio [&hellip;]<\/p>\n","protected":false},"author":1,"featured_media":47777,"comment_status":"open","ping_status":"open","sticky":false,"template":"","format":"standard","meta":{"footnotes":""},"categories":[4,5,9,11,2],"tags":[],"class_list":["post-47776","post","type-post","status-publish","format-standard","has-post-thumbnail","hentry","category-archivos","category-analisis-e-investigacion","category-temas","category-e-u-a-y-el-medio-oriente","category-featured"],"_links":{"self":[{"href":"https:\/\/www2.memri.org\/espanol\/wp-json\/wp\/v2\/posts\/47776","targetHints":{"allow":["GET"]}}],"collection":[{"href":"https:\/\/www2.memri.org\/espanol\/wp-json\/wp\/v2\/posts"}],"about":[{"href":"https:\/\/www2.memri.org\/espanol\/wp-json\/wp\/v2\/types\/post"}],"author":[{"embeddable":true,"href":"https:\/\/www2.memri.org\/espanol\/wp-json\/wp\/v2\/users\/1"}],"replies":[{"embeddable":true,"href":"https:\/\/www2.memri.org\/espanol\/wp-json\/wp\/v2\/comments?post=47776"}],"version-history":[{"count":0,"href":"https:\/\/www2.memri.org\/espanol\/wp-json\/wp\/v2\/posts\/47776\/revisions"}],"wp:featuredmedia":[{"embeddable":true,"href":"https:\/\/www2.memri.org\/espanol\/wp-json\/wp\/v2\/media\/47777"}],"wp:attachment":[{"href":"https:\/\/www2.memri.org\/espanol\/wp-json\/wp\/v2\/media?parent=47776"}],"wp:term":[{"taxonomy":"category","embeddable":true,"href":"https:\/\/www2.memri.org\/espanol\/wp-json\/wp\/v2\/categories?post=47776"},{"taxonomy":"post_tag","embeddable":true,"href":"https:\/\/www2.memri.org\/espanol\/wp-json\/wp\/v2\/tags?post=47776"}],"curies":[{"name":"wp","href":"https:\/\/api.w.org\/{rel}","templated":true}]}}