{"id":4772,"date":"2011-06-26T00:00:00","date_gmt":"2011-06-26T00:00:00","guid":{"rendered":"http:\/\/www2.memri.org\/espanol\/2011\/06\/26\/ex-congresista-estadounidense-cynthia-mckinney-en-la-television-de-libia-la-gente-en-los-estados-unidos-esta-perdiendo-sus-viviendas-mientras-que-el-gobierno-de-libia-construye-viviendas-para-su-pue\/"},"modified":"2016-01-13T21:37:56","modified_gmt":"2016-01-13T21:37:56","slug":"ex-congresista-estadounidense-cynthia-mckinney-en-la-television-de-libia-la-gente-en-los-estados-unidos-esta-perdiendo-sus-viviendas-mientras-que-el-gobierno-de-libia-construye-viviendas-para-su-pue","status":"publish","type":"post","link":"https:\/\/www2.memri.org\/espanol\/ex-congresista-estadounidense-cynthia-mckinney-en-la-television-de-libia-la-gente-en-los-estados-unidos-esta-perdiendo-sus-viviendas-mientras-que-el-gobierno-de-libia-construye-viviendas-para-su-pue\/4772","title":{"rendered":"Ex congresista estadounidense Cynthia McKinney en la televisi\u00f3n de Libia: La gente en los Estados Unidos est\u00e1 perdiendo sus viviendas, mientras que el gobierno de Libia construye viviendas para su pueblo"},"content":{"rendered":"<div class=\"bodytext c2\">\n<p><em>Lo siguiente son extractos de una entrevista con la ex congresista estadounidense Cynthia McKinney, que fue transmitida en la televisi\u00f3n de Libia el 14 de junio, 2011.<\/em><\/p>\n<p class=\"c1\"><iframe height=\"485\" src=\"http:\/\/www.memritv.org\/player\/largePlayer.php?&amp;width=585&amp;height=485&amp;autoplay=0&amp;clipid=2985\" frameborder=\"0\" width=\"585\" allowtransparency=\"\" scrolling=\"no\"><\/iframe><\/p>\n<p><strong>Cynthia McKinney<\/strong>: \u00abNos sorprendi\u00f3 a todos cuando nos enteramos de las denuncias, porque usted ve, en los Estados Unidos no tenemos atenci\u00f3n m\u00e9dica gratuita. No tenemos educaci\u00f3n gratuita. As\u00ed que la pol\u00edtica en los Estados Unidos ahora es sobre el tema de la salud. Es en torno a los temas sobre educaci\u00f3n.<\/p>\n<p>\u00abLa gente dentro de los Estados Unidos est\u00e1 perdiendo sus hogares y el gobierno de Libia est\u00e1 construyendo viviendas para el pueblo. As\u00ed que cuando llegamos aqu\u00ed, vimos una sociedad, una econom\u00eda, un pa\u00eds en crecimiento y el establecimiento del modelo de liderazgo apropiado. Los libios no estaban contentos con sublevarse por s\u00ed mismos. Tra\u00edan un continente entero con ellos. De esta manera, nos tra\u00edan a todos nosotros, desde las Am\u00e9ricas, desde Europa, todos nosotros africanos &#8211; nos tra\u00edan junto con ellos.<\/p>\n<p>\u00abYo casi no tuve m\u00e1s remedio que regresar, para poder entender exactamente lo que mi gobierno estaba haciendo. Por eso estoy aqu\u00ed. [&#8230;]<\/p>\n<p>\u00abEsos l\u00edderes de piel morena, a lo largo de la historia de los Estados Unidos, que han tratado de corregir estos desequilibrios, han sido atacados y demonizados por el gobierno de los Estados Unidos y los diarios fueron parte de ese proceso de demonizaci\u00f3n. Aquellos de nosotros que hemos sido atacados dentro de los Estados Unidos por la prensa lo entendemos cuando lo vemos. Es evidente que el pueblo de Libia y el liderazgo de Libia, estaban siendo perseguidos\u00bb. [&#8230;]<\/p>\n<\/div>\n","protected":false},"excerpt":{"rendered":"<p>Lo siguiente son extractos de una entrevista con la ex congresista estadounidense Cynthia McKinney, que fue transmitida en la televisi\u00f3n de Libia el 14 de junio, 2011. Cynthia McKinney: \u00abNos sorprendi\u00f3 a todos cuando nos enteramos de las denuncias, porque usted ve, en los Estados Unidos no tenemos atenci\u00f3n m\u00e9dica gratuita. No tenemos educaci\u00f3n gratuita. [&hellip;]<\/p>\n","protected":false},"author":1,"featured_media":0,"comment_status":"open","ping_status":"open","sticky":false,"template":"","format":"standard","meta":{"footnotes":""},"categories":[6,11],"tags":[],"class_list":["post-4772","post","type-post","status-publish","format-standard","hentry","category-comunicados-especiales","category-e-u-a-y-el-medio-oriente"],"_links":{"self":[{"href":"https:\/\/www2.memri.org\/espanol\/wp-json\/wp\/v2\/posts\/4772","targetHints":{"allow":["GET"]}}],"collection":[{"href":"https:\/\/www2.memri.org\/espanol\/wp-json\/wp\/v2\/posts"}],"about":[{"href":"https:\/\/www2.memri.org\/espanol\/wp-json\/wp\/v2\/types\/post"}],"author":[{"embeddable":true,"href":"https:\/\/www2.memri.org\/espanol\/wp-json\/wp\/v2\/users\/1"}],"replies":[{"embeddable":true,"href":"https:\/\/www2.memri.org\/espanol\/wp-json\/wp\/v2\/comments?post=4772"}],"version-history":[{"count":0,"href":"https:\/\/www2.memri.org\/espanol\/wp-json\/wp\/v2\/posts\/4772\/revisions"}],"wp:attachment":[{"href":"https:\/\/www2.memri.org\/espanol\/wp-json\/wp\/v2\/media?parent=4772"}],"wp:term":[{"taxonomy":"category","embeddable":true,"href":"https:\/\/www2.memri.org\/espanol\/wp-json\/wp\/v2\/categories?post=4772"},{"taxonomy":"post_tag","embeddable":true,"href":"https:\/\/www2.memri.org\/espanol\/wp-json\/wp\/v2\/tags?post=4772"}],"curies":[{"name":"wp","href":"https:\/\/api.w.org\/{rel}","templated":true}]}}