{"id":4762,"date":"2011-06-27T00:00:00","date_gmt":"2011-06-27T00:00:00","guid":{"rendered":"http:\/\/www2.memri.org\/espanol\/2011\/06\/27\/antiguo-periodista-paquistani-khaled-ahmed-evalua-libro-que-revela-penetracion-de-al-qaeda-en-el-ejercito-paquistani\/"},"modified":"2016-01-13T21:37:47","modified_gmt":"2016-01-13T21:37:47","slug":"antiguo-periodista-paquistani-khaled-ahmed-evalua-libro-que-revela-penetracion-de-al-qaeda-en-el-ejercito-paquistani","status":"publish","type":"post","link":"https:\/\/www2.memri.org\/espanol\/antiguo-periodista-paquistani-khaled-ahmed-evalua-libro-que-revela-penetracion-de-al-qaeda-en-el-ejercito-paquistani\/4762","title":{"rendered":"Antiguo periodista paquistan\u00ed Khaled Ahmed eval\u00faa libro que revela penetraci\u00f3n de Al-Qaeda en el ej\u00e9rcito paquistan\u00ed"},"content":{"rendered":"<div class=\"bodytext c1\">\n<p>-Recientemente, el renombrado periodista investigador de Pakist\u00e1n Syed Saleem Shahzad fue secuestrado y asesinado, presuntamente a manos del Servicios Interno de Inteligencia del pa\u00eds (SII), despu\u00e9s de que revelara en un art\u00edculo reciente y en un nuevo libro la presencia de c\u00e9lulas de Al Qaeda en el ej\u00e9rcito paquistan\u00ed. Periodistas de Pakist\u00e1n han acusado al SII por su asesinato, mientras que el gobierno de Pakist\u00e1n ha lanzado una investigaci\u00f3n judicial sobre el mismo.<\/p>\n<p>En un art\u00edculo reciente titulado \u00abSaleem Shahzad, Al-Qaeda y el SII\u00bb, se\u00f1al\u00f3 que el periodista paquistan\u00ed Ahmed Khaled evalu\u00f3 el libro de Syed Saleem Shahzad, denotando los puntos principales que conectan a antiguos y actuales oficiales del ej\u00e9rcito de Pakist\u00e1n a Al-Qaeda. El art\u00edculo tambi\u00e9n observ\u00f3 que muchas organizaciones jihadistas en Pakist\u00e1n siguen trabajando al mismo tiempo para Al-Qaeda y para estos oficiales del ej\u00e9rcito paquistan\u00ed.<\/p>\n<p>El texto completo de este informe est\u00e1 a disposici\u00f3n de los subscriptores del Proyecto de Supervisi\u00f3n a la Amenaza Terrorista y Jihad de MEMRI.<\/p>\n<p>La informaci\u00f3n para suscribirse est\u00e1 disponible en <strong><a href=\"http:\/\/subscriptions.memri.org\/content\/en\/member_registr_jttm.htm\">este enlace<\/a><\/strong> .<\/p>\n<p>Los suscriptores del PSATJ pueden visitar <strong><a href=\"http:\/\/www.memrijttm.org\">www.memrijttm.org<\/a><\/strong> para ver el informe.<\/p>\n<\/div>\n","protected":false},"excerpt":{"rendered":"<p>-Recientemente, el renombrado periodista investigador de Pakist\u00e1n Syed Saleem Shahzad fue secuestrado y asesinado, presuntamente a manos del Servicios Interno de Inteligencia del pa\u00eds (SII), despu\u00e9s de que revelara en un art\u00edculo reciente y en un nuevo libro la presencia de c\u00e9lulas de Al Qaeda en el ej\u00e9rcito paquistan\u00ed. Periodistas de Pakist\u00e1n han acusado al [&hellip;]<\/p>\n","protected":false},"author":1,"featured_media":0,"comment_status":"open","ping_status":"open","sticky":false,"template":"","format":"standard","meta":{"footnotes":""},"categories":[10,6],"tags":[],"class_list":["post-4762","post","type-post","status-publish","format-standard","hentry","category-estudios-sobre-terrorismo-y-yihad","category-comunicados-especiales"],"_links":{"self":[{"href":"https:\/\/www2.memri.org\/espanol\/wp-json\/wp\/v2\/posts\/4762","targetHints":{"allow":["GET"]}}],"collection":[{"href":"https:\/\/www2.memri.org\/espanol\/wp-json\/wp\/v2\/posts"}],"about":[{"href":"https:\/\/www2.memri.org\/espanol\/wp-json\/wp\/v2\/types\/post"}],"author":[{"embeddable":true,"href":"https:\/\/www2.memri.org\/espanol\/wp-json\/wp\/v2\/users\/1"}],"replies":[{"embeddable":true,"href":"https:\/\/www2.memri.org\/espanol\/wp-json\/wp\/v2\/comments?post=4762"}],"version-history":[{"count":0,"href":"https:\/\/www2.memri.org\/espanol\/wp-json\/wp\/v2\/posts\/4762\/revisions"}],"wp:attachment":[{"href":"https:\/\/www2.memri.org\/espanol\/wp-json\/wp\/v2\/media?parent=4762"}],"wp:term":[{"taxonomy":"category","embeddable":true,"href":"https:\/\/www2.memri.org\/espanol\/wp-json\/wp\/v2\/categories?post=4762"},{"taxonomy":"post_tag","embeddable":true,"href":"https:\/\/www2.memri.org\/espanol\/wp-json\/wp\/v2\/tags?post=4762"}],"curies":[{"name":"wp","href":"https:\/\/api.w.org\/{rel}","templated":true}]}}