{"id":47333,"date":"2018-07-09T16:12:03","date_gmt":"2018-07-09T20:12:03","guid":{"rendered":"http:\/\/www2.memri.org\/espanol\/?p=47333"},"modified":"2018-07-09T16:13:55","modified_gmt":"2018-07-09T20:13:55","slug":"copa-del-mundo-de-futbol-2018-vista-en-caricaturas-de-los-medios-de-comunicacion-arabes","status":"publish","type":"post","link":"https:\/\/www2.memri.org\/espanol\/copa-del-mundo-de-futbol-2018-vista-en-caricaturas-de-los-medios-de-comunicacion-arabes\/47333","title":{"rendered":"Copa del Mundo de Futbol 2018 vista en caricaturas de los medios de comunicaci\u00f3n \u00e1rabes"},"content":{"rendered":"<p>La Copa de Futbol del Mundo 2018, celebrada este verano en Rusia, es abordada en muchas caricaturas en los medios de comunicaci\u00f3n del mundo, incluyendo el mundo \u00e1rabe. Muchas de las caricaturas en los medios de comunicaci\u00f3n \u00e1rabes expresan su decepci\u00f3n y cr\u00edticas por el mal desempe\u00f1o de los equipos \u00e1rabes, especialmente desde este a\u00f1o, ya que por primera vez en la historia de la Copa Mundial, 4 equipos \u00e1rabes: de Egipto, Arabia Saudita, T\u00fanez y Marruecos &#8211; calificaron para los juegos. Otras caricaturas, publicadas en los diarios del Golfo opuestos al r\u00e9gimen de Assad, criticaron a Rusia, que goza de una cobertura medi\u00e1tica positiva como la anfitriona de los juegos mientras perpetra masacres en Siria. Sin embargo, otras caricaturas abordaron la preocupaci\u00f3n escapista de la poblaci\u00f3n con los juegos, algunos de ellos tambi\u00e9n criticaron el desprecio simult\u00e1neo de varias crisis alrededor del mundo, especialmente el desastre actual en Dar&#8217;a.<\/p>\n<p>Lo siguiente son ejemplos de las caricaturas sobre este tema publicadas en los medios de comunicaci\u00f3n \u00e1rabes:<\/p>\n<p><strong>Cr\u00edtica al pobre desempe\u00f1o de los equipos \u00e1rabes en el mundial de futbol<\/strong><\/p>\n<p><em><img loading=\"lazy\" decoding=\"async\" class=\"alignnone size-full wp-image-47361\" src=\"https:\/\/www2.memri.org\/espanol\/wp-content\/uploads\/2018\/07\/ia1407-2-1.jpg\" width=\"444\" height=\"235\" alt=\"\" srcset=\"https:\/\/www2.memri.org\/espanol\/wp-content\/uploads\/2018\/07\/ia1407-2-1.jpg 444w, https:\/\/www2.memri.org\/espanol\/wp-content\/uploads\/2018\/07\/ia1407-2-1-300x159.jpg 300w\" sizes=\"auto, (max-width: 444px) 100vw, 444px\" \/>\u00abLos \u00e1rabes est\u00e1n fuera de la Copa del Mundo\u00bb (Al-Ghad, Jordania, 24 de junio, 2018)<\/em><\/p>\n<p><em><img loading=\"lazy\" decoding=\"async\" class=\"alignnone size-full wp-image-47362\" src=\"https:\/\/www2.memri.org\/espanol\/wp-content\/uploads\/2018\/07\/ia1407a-1-1.jpg\" width=\"453\" height=\"248\" alt=\"\" srcset=\"https:\/\/www2.memri.org\/espanol\/wp-content\/uploads\/2018\/07\/ia1407a-1-1.jpg 453w, https:\/\/www2.memri.org\/espanol\/wp-content\/uploads\/2018\/07\/ia1407a-1-1-300x164.jpg 300w\" sizes=\"auto, (max-width: 453px) 100vw, 453px\" \/>Los \u00e1rabes se estrellan en la Copa del Mundo (Arabi21.com, 16 de junio, 2018)<\/em><\/p>\n<p><em><img loading=\"lazy\" decoding=\"async\" class=\"alignnone size-full wp-image-47363\" src=\"https:\/\/www2.memri.org\/espanol\/wp-content\/uploads\/2018\/07\/ia1407b-1-1.jpg\" width=\"455\" height=\"217\" alt=\"\" srcset=\"https:\/\/www2.memri.org\/espanol\/wp-content\/uploads\/2018\/07\/ia1407b-1-1.jpg 455w, https:\/\/www2.memri.org\/espanol\/wp-content\/uploads\/2018\/07\/ia1407b-1-1-300x143.jpg 300w\" sizes=\"auto, (max-width: 455px) 100vw, 455px\" \/>El mundo \u00e1rabe pierde el equilibrio con \u00ablos resultados \u00e1rabes en la Copa del Mundo\u00bb (Al-Yawm Al-Sabi&#8217;, Egipto, 21 de junio, 2018)<\/em><\/p>\n<p><em><img loading=\"lazy\" decoding=\"async\" class=\"alignnone size-full wp-image-47364\" src=\"https:\/\/www2.memri.org\/espanol\/wp-content\/uploads\/2018\/07\/ia1407c-1-1.jpg\" width=\"455\" height=\"235\" alt=\"\" srcset=\"https:\/\/www2.memri.org\/espanol\/wp-content\/uploads\/2018\/07\/ia1407c-1-1.jpg 455w, https:\/\/www2.memri.org\/espanol\/wp-content\/uploads\/2018\/07\/ia1407c-1-1-300x155.jpg 300w\" sizes=\"auto, (max-width: 455px) 100vw, 455px\" \/>\u00abLos equipos \u00e1rabes\u00bb se marchan de la Copa Mundial magullados y sangrando, con un \u00abpremio de participaci\u00f3n\u00bb en forma de una cebolla (Al-Arabi Al-Jadid, Londres, 20 de junio, 2018)<\/em><\/p>\n<p><em><img loading=\"lazy\" decoding=\"async\" class=\"alignnone size-full wp-image-47365\" src=\"https:\/\/www2.memri.org\/espanol\/wp-content\/uploads\/2018\/07\/ia1407d-1-1.jpg\" width=\"373\" height=\"328\" alt=\"\" srcset=\"https:\/\/www2.memri.org\/espanol\/wp-content\/uploads\/2018\/07\/ia1407d-1-1.jpg 373w, https:\/\/www2.memri.org\/espanol\/wp-content\/uploads\/2018\/07\/ia1407d-1-1-300x264.jpg 300w\" sizes=\"auto, (max-width: 373px) 100vw, 373px\" \/>\u00abLa Federaci\u00f3n de F\u00fatbol [Egipcia]\u00bb: \u00ab\u00bfCreen ustedes que aprenderemos de nuestros errores ante la Copa del Mundo del 2022? \u00a1Por supuesto que no aprenderemos!\u00bb (Al-Masri Al-Yawm, Egipto, 2 de julio, 2018)<\/em><\/p>\n<p><strong>Cr\u00edtica a la pol\u00edtica asesina de Rusia en Siria<\/strong><\/p>\n<p><img loading=\"lazy\" decoding=\"async\" class=\"alignnone size-full wp-image-47366\" src=\"https:\/\/www2.memri.org\/espanol\/wp-content\/uploads\/2018\/07\/ia1407e-1-1.jpg\" width=\"448\" height=\"252\" alt=\"\" srcset=\"https:\/\/www2.memri.org\/espanol\/wp-content\/uploads\/2018\/07\/ia1407e-1-1.jpg 448w, https:\/\/www2.memri.org\/espanol\/wp-content\/uploads\/2018\/07\/ia1407e-1-1-300x169.jpg 300w\" sizes=\"auto, (max-width: 448px) 100vw, 448px\" \/><\/p>\n<p><em>\u00ab\u00a1La Copa del Mundo!\u00bb: \u00abPutin\u00bb patea el mundo mientras sostiene un trofeo: una \u00abSiria\u00bb desesperada (Al-Arabi Al-Jadid, Londres, 13 de junio, 2018)<\/em><\/p>\n<p><em><img loading=\"lazy\" decoding=\"async\" class=\"alignnone size-full wp-image-47367\" src=\"https:\/\/www2.memri.org\/espanol\/wp-content\/uploads\/2018\/07\/ia1407f-1-1.jpg\" width=\"450\" height=\"291\" alt=\"\" srcset=\"https:\/\/www2.memri.org\/espanol\/wp-content\/uploads\/2018\/07\/ia1407f-1-1.jpg 450w, https:\/\/www2.memri.org\/espanol\/wp-content\/uploads\/2018\/07\/ia1407f-1-1-300x194.jpg 300w\" sizes=\"auto, (max-width: 450px) 100vw, 450px\" \/>\u00abRusia es sede de la Copa del Mundo\u00bb (Al-Quds Al-Arabi, Londres, 15 de junio, 2018)<\/em><\/p>\n<p><em><img loading=\"lazy\" decoding=\"async\" class=\"alignnone size-full wp-image-47368\" src=\"https:\/\/www2.memri.org\/espanol\/wp-content\/uploads\/2018\/07\/ia1407g-1-1.jpg\" width=\"454\" height=\"270\" alt=\"\" srcset=\"https:\/\/www2.memri.org\/espanol\/wp-content\/uploads\/2018\/07\/ia1407g-1-1.jpg 454w, https:\/\/www2.memri.org\/espanol\/wp-content\/uploads\/2018\/07\/ia1407g-1-1-300x178.jpg 300w\" sizes=\"auto, (max-width: 454px) 100vw, 454px\" \/>(Al-Arab, Londres, 21 de junio, 2018)<\/em><\/p>\n<p><em><img loading=\"lazy\" decoding=\"async\" class=\"alignnone size-full wp-image-47369\" src=\"https:\/\/www2.memri.org\/espanol\/wp-content\/uploads\/2018\/07\/ia1407h-1.jpg\" width=\"473\" height=\"223\" alt=\"\" srcset=\"https:\/\/www2.memri.org\/espanol\/wp-content\/uploads\/2018\/07\/ia1407h-1.jpg 473w, https:\/\/www2.memri.org\/espanol\/wp-content\/uploads\/2018\/07\/ia1407h-1-300x141.jpg 300w\" sizes=\"auto, (max-width: 473px) 100vw, 473px\" \/>\u00abRusia\u00bb juega f\u00fatbol en casa mientras riega con misiles a Siria (Al-Quds Al-Arabi, Londres, 1 de julio, 2018)<\/em><\/p>\n<p><em><img loading=\"lazy\" decoding=\"async\" class=\"alignnone size-full wp-image-47370\" src=\"https:\/\/www2.memri.org\/espanol\/wp-content\/uploads\/2018\/07\/ia1407i-1.jpg\" width=\"481\" height=\"243\" alt=\"\" srcset=\"https:\/\/www2.memri.org\/espanol\/wp-content\/uploads\/2018\/07\/ia1407i-1.jpg 481w, https:\/\/www2.memri.org\/espanol\/wp-content\/uploads\/2018\/07\/ia1407i-1-300x152.jpg 300w\" sizes=\"auto, (max-width: 481px) 100vw, 481px\" \/>Familia siria aterrorizada al ver un misil en forma de bal\u00f3n de f\u00fatbol que va en direcci\u00f3n a ella (Al-Arabi Al-Jadid, Londres, 29 de junio, 2018)<\/em><\/p>\n<p><em><img loading=\"lazy\" decoding=\"async\" class=\"alignnone size-full wp-image-47371\" src=\"https:\/\/www2.memri.org\/espanol\/wp-content\/uploads\/2018\/07\/ia1407j-1.jpg\" width=\"480\" height=\"221\" alt=\"\" srcset=\"https:\/\/www2.memri.org\/espanol\/wp-content\/uploads\/2018\/07\/ia1407j-1.jpg 480w, https:\/\/www2.memri.org\/espanol\/wp-content\/uploads\/2018\/07\/ia1407j-1-300x138.jpg 300w\" sizes=\"auto, (max-width: 480px) 100vw, 480px\" \/>\u00ab\u00a1La final rusa en Siria!\u00bb (Al-Arabi Al-Jadid, Londres, 26 de junio, 2018)<\/em><\/p>\n<p><strong>El mundo, preocupado con la Copa del Mundo, ignora las crisis m\u00e1s urgentes<\/strong><\/p>\n<p><strong>\u00a0<img loading=\"lazy\" decoding=\"async\" class=\"alignnone size-full wp-image-47372\" src=\"https:\/\/www2.memri.org\/espanol\/wp-content\/uploads\/2018\/07\/ia1407k-1.jpg\" width=\"479\" height=\"240\" alt=\"\" srcset=\"https:\/\/www2.memri.org\/espanol\/wp-content\/uploads\/2018\/07\/ia1407k-1.jpg 479w, https:\/\/www2.memri.org\/espanol\/wp-content\/uploads\/2018\/07\/ia1407k-1-300x150.jpg 300w\" sizes=\"auto, (max-width: 479px) 100vw, 479px\" \/><\/strong><\/p>\n<p><em>\u00abLa comunidad internacional\u00bb se encuentra preocupada con la Copa del Mundo, haciendo caso omiso a la guerra en \u00abYemen\u00bb (Al-Arabi Al-Jadid, Londres, 27 de junio, 2018)<\/em><\/p>\n<p><img loading=\"lazy\" decoding=\"async\" class=\"alignnone size-full wp-image-47373\" src=\"https:\/\/www2.memri.org\/espanol\/wp-content\/uploads\/2018\/07\/ia1407l-1.jpg\" width=\"465\" height=\"272\" alt=\"\" srcset=\"https:\/\/www2.memri.org\/espanol\/wp-content\/uploads\/2018\/07\/ia1407l-1.jpg 465w, https:\/\/www2.memri.org\/espanol\/wp-content\/uploads\/2018\/07\/ia1407l-1-300x175.jpg 300w\" sizes=\"auto, (max-width: 465px) 100vw, 465px\" \/><\/p>\n<p><em>La desorientada y despistada comunidad internacional necesita que el nuevo sistema VAR (video de ayuda al referee) se pronuncie sobre la situaci\u00f3n en \u00abDar&#8217;a\u00bb (Arabi21.com, 29 de junio, 2018)<\/em><\/p>\n<p><img loading=\"lazy\" decoding=\"async\" class=\"alignnone size-full wp-image-47374\" src=\"https:\/\/www2.memri.org\/espanol\/wp-content\/uploads\/2018\/07\/ia1407m-1.jpg\" width=\"465\" height=\"237\" alt=\"\" srcset=\"https:\/\/www2.memri.org\/espanol\/wp-content\/uploads\/2018\/07\/ia1407m-1.jpg 465w, https:\/\/www2.memri.org\/espanol\/wp-content\/uploads\/2018\/07\/ia1407m-1-300x153.jpg 300w\" sizes=\"auto, (max-width: 465px) 100vw, 465px\" \/><\/p>\n<p><em>El mundo observa los juegos mientras Dar&#8217;a sufre (Al-Ghad, Jordania, 30 de junio, 2018)<\/em><\/p>\n<p><img loading=\"lazy\" decoding=\"async\" class=\"alignnone size-full wp-image-47375\" src=\"https:\/\/www2.memri.org\/espanol\/wp-content\/uploads\/2018\/07\/ia1407n-1.jpg\" width=\"467\" height=\"237\" alt=\"\" srcset=\"https:\/\/www2.memri.org\/espanol\/wp-content\/uploads\/2018\/07\/ia1407n-1.jpg 467w, https:\/\/www2.memri.org\/espanol\/wp-content\/uploads\/2018\/07\/ia1407n-1-300x152.jpg 300w\" sizes=\"auto, (max-width: 467px) 100vw, 467px\" \/><\/p>\n<p><em>\u00abLa preocupaci\u00f3n del mundo con la Copa del Mundo\u00bb y los \u00abmisiles rusos\u00bb son los responsables por \u00ablas decenas de muertes en los ataques a\u00e9reos de Dar&#8217;a\u00bb (Al-Quds Al-Arabi, Londres, 30 de junio, 2018)<\/em><\/p>\n<p><img loading=\"lazy\" decoding=\"async\" class=\"alignnone size-full wp-image-47376\" src=\"https:\/\/www2.memri.org\/espanol\/wp-content\/uploads\/2018\/07\/ia1407o-1.jpg\" width=\"477\" height=\"325\" alt=\"\" srcset=\"https:\/\/www2.memri.org\/espanol\/wp-content\/uploads\/2018\/07\/ia1407o-1.jpg 477w, https:\/\/www2.memri.org\/espanol\/wp-content\/uploads\/2018\/07\/ia1407o-1-300x204.jpg 300w, https:\/\/www2.memri.org\/espanol\/wp-content\/uploads\/2018\/07\/ia1407o-1-218x150.jpg 218w\" sizes=\"auto, (max-width: 477px) 100vw, 477px\" \/><\/p>\n<p><strong>La preocupaci\u00f3n de la gente con la Copa del Mundo<\/strong><\/p>\n<p><em>En medio de las celebraciones de las festividades de Eid Al-Fitr, la familia trata de arrancar a su padre de la pantalla de televisi\u00f3n (&#8216;Okaz, Arabia Saudita, 15 de junio, 2018)<\/em><\/p>\n<p><img loading=\"lazy\" decoding=\"async\" class=\"alignnone size-full wp-image-47377\" src=\"https:\/\/www2.memri.org\/espanol\/wp-content\/uploads\/2018\/07\/ia1407p-1.jpg\" width=\"486\" height=\"318\" alt=\"\" srcset=\"https:\/\/www2.memri.org\/espanol\/wp-content\/uploads\/2018\/07\/ia1407p-1.jpg 486w, https:\/\/www2.memri.org\/espanol\/wp-content\/uploads\/2018\/07\/ia1407p-1-300x196.jpg 300w\" sizes=\"auto, (max-width: 486px) 100vw, 486px\" \/><\/p>\n<p><em>\u00abLa Copa del Mundo\u00bb reemplaza las cabezas de los hombres con una pelota de f\u00fatbol (Al-Madina, Arabia Saudita, 22 de junio, 2018)<\/em><\/p>\n<p><img loading=\"lazy\" decoding=\"async\" class=\"alignnone size-full wp-image-47378\" src=\"https:\/\/www2.memri.org\/espanol\/wp-content\/uploads\/2018\/07\/ia1407q-1.jpg\" width=\"418\" height=\"342\" alt=\"\" srcset=\"https:\/\/www2.memri.org\/espanol\/wp-content\/uploads\/2018\/07\/ia1407q-1.jpg 418w, https:\/\/www2.memri.org\/espanol\/wp-content\/uploads\/2018\/07\/ia1407q-1-300x245.jpg 300w\" sizes=\"auto, (max-width: 418px) 100vw, 418px\" \/><\/p>\n<p><em>La identidad \u00e1rabe desaparece durante la Copa del Mundo (Al-Ghad, Jordania, 26 de junio, 2018)<\/em><\/p>\n","protected":false},"excerpt":{"rendered":"<p>La Copa de Futbol del Mundo 2018, celebrada este verano en Rusia, es abordada en muchas caricaturas en los medios de comunicaci\u00f3n del mundo, incluyendo el mundo \u00e1rabe. Muchas de las caricaturas en los medios de comunicaci\u00f3n \u00e1rabes expresan su decepci\u00f3n y cr\u00edticas por el mal desempe\u00f1o de los equipos \u00e1rabes, especialmente desde este a\u00f1o, [&hellip;]<\/p>\n","protected":false},"author":1,"featured_media":47361,"comment_status":"open","ping_status":"open","sticky":false,"template":"","format":"standard","meta":{"footnotes":""},"categories":[4,5,9,2,17],"tags":[],"class_list":["post-47333","post","type-post","status-publish","format-standard","has-post-thumbnail","hentry","category-archivos","category-analisis-e-investigacion","category-temas","category-featured","category-supervision-de-portales-islamistas"],"_links":{"self":[{"href":"https:\/\/www2.memri.org\/espanol\/wp-json\/wp\/v2\/posts\/47333","targetHints":{"allow":["GET"]}}],"collection":[{"href":"https:\/\/www2.memri.org\/espanol\/wp-json\/wp\/v2\/posts"}],"about":[{"href":"https:\/\/www2.memri.org\/espanol\/wp-json\/wp\/v2\/types\/post"}],"author":[{"embeddable":true,"href":"https:\/\/www2.memri.org\/espanol\/wp-json\/wp\/v2\/users\/1"}],"replies":[{"embeddable":true,"href":"https:\/\/www2.memri.org\/espanol\/wp-json\/wp\/v2\/comments?post=47333"}],"version-history":[{"count":0,"href":"https:\/\/www2.memri.org\/espanol\/wp-json\/wp\/v2\/posts\/47333\/revisions"}],"wp:featuredmedia":[{"embeddable":true,"href":"https:\/\/www2.memri.org\/espanol\/wp-json\/wp\/v2\/media\/47361"}],"wp:attachment":[{"href":"https:\/\/www2.memri.org\/espanol\/wp-json\/wp\/v2\/media?parent=47333"}],"wp:term":[{"taxonomy":"category","embeddable":true,"href":"https:\/\/www2.memri.org\/espanol\/wp-json\/wp\/v2\/categories?post=47333"},{"taxonomy":"post_tag","embeddable":true,"href":"https:\/\/www2.memri.org\/espanol\/wp-json\/wp\/v2\/tags?post=47333"}],"curies":[{"name":"wp","href":"https:\/\/api.w.org\/{rel}","templated":true}]}}