{"id":4620,"date":"2011-05-05T00:00:00","date_gmt":"2011-05-05T00:00:00","guid":{"rendered":"http:\/\/www2.memri.org\/espanol\/2011\/05\/05\/reacciones-al-asesinato-de-osama-bin-laden-criticas-arabes-al-asesinato-de-osama-bin-laden\/"},"modified":"2016-01-13T21:42:12","modified_gmt":"2016-01-13T21:42:12","slug":"reacciones-al-asesinato-de-osama-bin-laden-criticas-arabes-al-asesinato-de-osama-bin-laden","status":"publish","type":"post","link":"https:\/\/www2.memri.org\/espanol\/reacciones-al-asesinato-de-osama-bin-laden-criticas-arabes-al-asesinato-de-osama-bin-laden\/4620","title":{"rendered":"Reacciones al asesinato de Osama Bin Laden: Cr\u00edticas \u00e1rabes al asesinato de Osama Bin Laden"},"content":{"rendered":"<div class=\"bodytext c2\">\n<p><em>El anuncio el 1 de mayo, 2011 del Presidente de los Estados Unidos Barack Obama de que comandos estadounidenses hab\u00edan matado al l\u00edder de Al-Qaeda Osama bin Laden fue recibido en el mundo \u00e1rabe con una mezcla de emociones. Por una parte, hubo muchas expresiones de alivio y numerosos art\u00edculos fueron publicados en alabanza a la operaci\u00f3n. Por ejemplo, la agencia de noticias oficial de Arabia Saudita emiti\u00f3 una declaraci\u00f3n de un alto funcionario Saud\u00ed de que \u00abArabia Saudita espera que el asesinato del l\u00edder de la organizaci\u00f3n terrorista Al-Qaeda ayudar\u00e1 a los esfuerzos internacionales a combatir el terrorismo, desmantelar sus c\u00e9lulas y erradicar la ideolog\u00eda desviada que lo motiva\u00bb. <a href=\"#_edn1\" name=\"_ednref1\">[1]<\/a> El secretario general de<\/em> <em>la Organizaci\u00f3n<\/em> <em>de<\/em> <em>la Conferencia Isl\u00e1mica<\/em><em>, Profesor Ekmeleddin Ihsanoglu, dijo que bin Laden hab\u00eda sido \u00abresponsable de un derramamiento de sangre injustificable y de ataques contra civiles inocentes\u00bb, pero a\u00f1adi\u00f3 que \u00abes necesario abordar las causas profundas del terrorismo, en lugar de sus s\u00edntomas externos\u00bb. <a href=\"#_edn2\" name=\"_ednref2\">[2]<\/a><\/em><\/p>\n<p><em>El editor del diario londinense Al-Sharq Al-Awsat, Tariq Alhomayed, despreci\u00f3 a bin Laden por morir en su opulenta mansi\u00f3n y no en el frente de batalla del Jihad, como los j\u00f3venes musulmanes que este hab\u00eda tentado y llevado a sus muertes\u00bb y se\u00f1al\u00f3 que su muerte ser\u00e1 un duro golpe para la moral adolorida de Al-Qaeda. <a href=\"#_edn3\" name=\"_ednref3\">[3]<\/a> Cabe se\u00f1alar que el canciller egipcio Nabil Al-Arabi dijo que el gobierno egipcio no ten\u00eda \u00abninguna respuesta oficial del suceso\u00bb a\u00f1adiendo que Egipto se opone a todas las formas de la violencia en las relaciones internacionales. <a href=\"#_edn4\" name=\"_ednref4\">[4]<\/a><\/em><\/p>\n<p><em>Por el contrario, tambi\u00e9n hubo respuestas condenando el asesinato, amenazando con venganzas y expresando escepticismo de que Bin Laden hab\u00eda, de hecho, sido asesinado. Este informe se centrar\u00e1 en estas reacciones.<\/em><\/p>\n<p><strong>El asesinato de bin Laden &#8211; Un acto terrorista estadounidense<\/strong><\/p>\n<p>Ismail Haniya, l\u00edder de Hamas en Gaza, fue el primero y hasta ahora el \u00fanico l\u00edder \u00e1rabe en condenar la operaci\u00f3n. Dijo: \u00abCreemos que esto continua la pol\u00edtica estadounidense basada en la opresi\u00f3n y el derramamiento de sangre \u00e1rabe y musulmana.Independientemente de las diferentes opiniones en los medios \u00e1rabes e isl\u00e1micos, que, por supuesto, condenan el asesinato o la muerte de un musulm\u00e1n <em>mujahid<\/em> y \u00e1rabe. Rezamos a Al\u00e1 para que le cubra con su misericordia, junto a los profetas, los justos y los m\u00e1rtires\u00bb. <a href=\"#_edn5\" name=\"_ednref5\">[5]<\/a><\/p>\n<p>Ismail Al-Ashkar de Hamas, miembro del Consejo Legislativo Palestino, caracteriz\u00f3 la muerte de bin Laden como \u00abterrorismo de estado que ha sido cometido contra musulmanes por los Estados Unidos, que podr\u00edan haber detenido a [bin Laden] y enjuiciarlo justamente. Con este crimen, [Estados Unidos] se ha auto perjudicado y ha provocado al Islam y a los musulmanes\u00bb. Este a\u00f1adi\u00f3 que aunque Hamas y bin Laden no se ve\u00edan cara a cara en todos los temas, Hamas, sin embargo lo consider\u00f3 como \u00abun asceta y un <em>mujahideen<\/em> que, aunque multimillonario, prefiri\u00f3 luchar contra los rusos en Afganist\u00e1n junto a sus hermanos&#8230;\u00bb <a href=\"#_edn6\" name=\"_ednref6\">[6]<\/a><\/p>\n<p>Ibrahim Al-Amin, presidente de la junta del diario pro-sirio liban\u00e9s <em>Al-Akhbar<\/em>, cercano a Siria y a Hezbol\u00e1, conden\u00f3 duramente el asesinato de bin Laden y la reacci\u00f3n \u00e1rabe que lo recibi\u00f3 con benepl\u00e1cito. Este escribi\u00f3: \u00ab&#8230; No puedo soportar a los criminales en los palacios y bases militares en Occidente regocij\u00e1ndose sobre la muerte del personaje, o sus hom\u00f3logos en todo el mundo&#8230; Considero que este hombre, con sus errores y gravedad, el rival que le dio insomnio a estos asesinos &#8211; [estos asesinos] que fueron llevados al poder por los pueblos est\u00fapidos, hostiles y oprimidos. Estos pueblos merecen ser perjudicados, debido a sus l\u00edderes, comandantes y los portavoces que eligieron. No hay lugar y no hay necesidad en este momento para la l\u00f3gica, siempre y cuando tratemos con la locura de aquellos que siguen asesin\u00e1ndonos en cualquier momento y en cualquier lugar. En la medida en que les corresponda, nadie merece vivir con excepci\u00f3n de sus propias familias, que son tan sucias como ellos y salvo para cualquier persona que se comprometa a ser un siervo miserable en sus palacios&#8230;<\/p>\n<p>\u00abSiento repulsi\u00f3n por la cara sonriente del presidente estadounidense&#8230; los estadounidenses disparan sus armas fuera de su territorio s\u00f3lo para matar a inocentes&#8230; Ellos fueron superados por el miedo cuando atacaron, dispararon y mataron a [bin Laden] y [luego] lo examinaron para comprobar su delito. No quer\u00edan que tuviera [una tumba] que se convertir\u00eda en un santuario [as\u00ed que] lo arrojaron al mar&#8230; no saben estos tontos que asesinar s\u00f3lo causa [m\u00e1s] asesinatos?&#8230;\u00bb <a href=\"#_edn7\" name=\"_ednref7\">[7]<\/a><\/p>\n<p><strong>Bin Laden no fue enterrado de conformidad con el <em>Sharia<\/em><\/strong><\/p>\n<p>Muchas cr\u00edticas fueron expresadas respecto a la forma del entierro de bin Laden. Antiguos cl\u00e9rigos, tales como el Mufti egipcio Dr. Ali &#8216;Gum&#8217;a y el Jeque de Al-Azhar Ahmed Al-Tayeb, afirmaron que el Islam proh\u00edbe el entierro en el mar y requiere que los cuerpos sean enterrados en la tierra. El vicepresidente de la Universidad Al-Azhar, Dr. Abu Taha Kuraisha, dijo que la preparaci\u00f3n del cuerpo de bin Laden en el mar equivale a mutilar su cad\u00e1ver. <a href=\"#_edn8\" name=\"_ednref8\">[8]<\/a><\/p>\n<p>En su columna en el diario londinense <em>Al-Hayat<\/em>, Daud Al-Shiryan, editor de la p\u00e1gina Web Alarabiya.net, cuestion\u00f3 la afirmaci\u00f3n estadounidense de que a bin Laden se le hab\u00eda dado un entierro isl\u00e1mico apropiado: \u00abFuentes del Pent\u00e1gono dijeron que [los estadounidenses se hab\u00edan adherido] a todas las normas del Islam en la ejecuci\u00f3n de los rezos sobre el cuerpo de bin Laden, pero no mencionan ning\u00fan detalle respecto a la limpieza ritual del cuerpo. \u00bfFue lavado el cuerpo por un musulm\u00e1n?&#8230; pareciera que no, ya que el cuerpo fue despedazado o quemado, o porque no hab\u00eda suficiente agua [dulce], ya que el lavado se llev\u00f3 a cabo a bordo de un barco&#8230; La declaraci\u00f3n discuti\u00f3 los detalles de los rezos [dichos sobre el cuerpo de bin Laden] y dijeron que un oficial hab\u00eda recitado los rezos [en ingl\u00e9s], que fueron [luego] traducidos al \u00e1rabe. No sabemos por qu\u00e9 el propio traductor no recit\u00f3 las oraciones por s\u00ed mismo, si habla \u00e1rabe. Tal vez el oficial era un musulm\u00e1n y el traductor no! Si este fuera el caso, \u00bfc\u00f3mo permitieron que el traductor asistiera a los rezos y cuantas personas recitaron las oraciones sobre el cuerpo?\u00bb <a href=\"#_edn9\" name=\"_ednref9\">[9]<\/a><\/p>\n<p><strong>El asesinato de Bin Laden expone a los Estados Unidos como injusto<\/strong><\/p>\n<p>Muchos escritores preguntaron por qu\u00e9 los estadounidenses no llevaron a juicio a bin Laden, argumentando que se trataba de una prueba m\u00e1s de la conducta injusta de Estados Unidos. &#8216;Abd Al-Bari&#8217; Atwan, editor del diario londinense <em>Al-Quds Al-Arabi<\/em>, escribi\u00f3: \u00abLos pa\u00edses civilizados que se adhieren a la ley y al principio de un juicio justo e independiente no asesinan a todos sus enemigos, e incluso si lo hacen, no arrojan sus cuerpos al mar. Fue desesperante despu\u00e9s del asesinato escuchar al Presidente de los Estados Unidos declarando que se hab\u00eda hecho justicia\u00bb. <a href=\"#_edn10\" name=\"_ednref10\">[10]<\/a><\/p>\n<p>En otro art\u00edculo, \u00abAtwan escribi\u00f3: \u00abQue el Presidente de Estados Unidos Barack Obama permiti\u00f3 que un hombre desarmado fuese asesinado es evidencia de que este no es el presidente de un pa\u00eds democr\u00e1tico que respeta los derechos humanos y est\u00e1 comprometido con el derecho y la justicia [M\u00e1s bien], el hombre es el l\u00edder de una banda que se especializa en el asesinato, secuestro y terrorismo. En un pa\u00eds de ley y orden, los criminales o terroristas y todos aquellos que violan la ley, son arrestados y llevados ante la justicia en la corte&#8230; Eso es lo que los aliados hicieron en los Juicios de Nuremberg contra los nazis, quienes asesinaron a m\u00e1s de 40 millones de personas durante la Segunda Guerra Mundial. No creo que el Jeque Osama bin Laden es m\u00e1s peligroso de lo que [era]. Fue este tratamiento brutal el resultado de ser \u00e1rabe y musulm\u00e1n?&#8230; el l\u00edder de Al-Qaeda fue asesinado para evitar que fuese llevado a juicio y esto se hizo por la misma raz\u00f3n que los Estados Unidos se niega a liberar a Tareq Aziz, el ex viceprimer ministro de Irak ministro de relaciones exteriores&#8230; Temen que durante el juicio, ser\u00e1n expuestos secretos sobre los Estados Unidos y su invasi\u00f3n a Afganist\u00e1n, e incluso sobre su papel clandestino en el 11 de Septiembre&#8230;\u00bb <a href=\"#_edn11\" name=\"_ednref11\">[11]<\/a><\/p>\n<p>El acad\u00e9mico y periodista saudita Dr. Malik Al-Ahmad tambi\u00e9n discuti\u00f3 lo que este llama el doble discurso estadounidense: \u00abEl asesinato de Bin Laden &#8211; si resulta ser verdad&#8230; indica la bancarrota moral, ideol\u00f3gica y judicial de los Estados Unidos &#8211; que [afirma] adherirse a los derechos humanos, la justicia y el respeto. El escenario [presentado por los Estados Unidos], si es preciso, es el colmo del desprecio por los musulmanes, sus valores y todo lo que consideren sagrado&#8230; Este gui\u00f3n, si es fiel, es la mejor prueba del barbarismo de los Estados Unidos&#8230;\u00bb <a href=\"#_edn12\" name=\"_ednref12\">[12]<\/a><\/p>\n<p>El columnista sirio Ziad Abu Shawish escribi\u00f3 en el diario <em>Al-Watan<\/em>, bajo el destacado \u00abLos Estados Unidos Celebran el Asesinato y Demuestran su &#8216;Humanidad&#8217;: \u00abA diario, los Estados Unidos incitan el asesinato en todas partes, lo que ha creado una cultura que llev\u00f3 a miles de estadounidenses a las calles para celebrar la muerte del Jeque bin Laden y otros &#8211; a pesar de todo lo que se puede decir sobre la venganza a la que su religi\u00f3n cristiana se opone&#8230;\u00bb <a href=\"#_edn13\" name=\"_ednref13\">[13]<\/a><\/p>\n<p>Un art\u00edculo de opini\u00f3n en el diario egipcio <em>Al-Gumhouriyya<\/em> critic\u00f3 al Consejo de Seguridad de las Naciones Unidas por expedir un comunicado que hab\u00eda acogido con satisfacci\u00f3n el logro de Estados Unidos: \u00ab[El Consejo de Seguridad] ignor\u00f3 otros emblemas de terrorismo que han cometido cr\u00edmenes m\u00e1s atroces, los cuales no han causado miles, sino millones de muertos. Estos emblemas fueron los representantes de los pa\u00edses miembros de la ONU, [pa\u00edses] a los que todos los ojos est\u00e1n puestos, no a organizaciones [que operan] fuera [de los l\u00edmites de] la ley y los estatutos internacionales. los cr\u00edmenes de los Estados Unidos y su aliado Israel&#8230; contra los \u00e1rabes y musulmanes, que incluyen guerras, asesinatos y conspiraciones y que contravienen el derecho internacional y las convenciones de las Naciones Unidas, son m\u00e1s dignos de condena [que los cr\u00edmenes de Al-Qaeda] y justifican el enjuiciamiento de sus comandantes y participantes [m\u00e1s que los cr\u00edmenes de Al-Qaeda]. Bin Laden, por todos sus cr\u00edmenes, es modesto en comparaci\u00f3n con [el ex presidente de los Estados Unidos] George Bush, cuyas manos gotean la sangre de millones de afganos, iraqu\u00edes, somal\u00edes y sudaneses, o [el ex primer ministro israel\u00ed] Ariel Sharon, actualmente en coma, quien es apodado &#8216;el carnicero&#8217; por toda la sangre palestina, libanesa y otra que ha derramado&#8230;\u00bb <a href=\"#_edn14\" name=\"_ednref14\">[14]<\/a><\/p>\n<p><strong>El asesinato de bin Laden no har\u00e1 sino aumentar la violencia<\/strong><\/p>\n<p>Junto a las condenas, tambi\u00e9n hubo amenazas sobre posibles represalias en contra de los Estados Unidos y Occidente por las organizaciones terroristas. Un alto miembro de la organizaci\u00f3n egipcia de Al-Jama&#8217;a al-Islamiya, Osama Mustafa Hassan Nasser, conocido como el Jeque Abu &#8216;Omar Al-Masri, dijo que, asesinando a bin Laden, los Estados Unidos hab\u00edan \u00abcavado su propia tumba\u00bb, porque el acto abrir\u00eda las puertas del infierno y los expondr\u00e1 a la venganza de los musulmanes. <a href=\"#_edn15\" name=\"_ednref15\">[15]<\/a><\/p>\n<p>El columnista Muhammad Hamdi escribi\u00f3 en el diario egipcio <em>Al-Yawm Al-Sabi&#8217;<\/em> de que bin Laden hab\u00eda sido un mero s\u00edmbolo, sin ning\u00fan tipo de funci\u00f3n operativa, por lo que su muerte no detiene los ataques de Al-Qaeda y puede incluso aumentarlos: \u00abLos Estados Unidos se deshicieron de bin Laden ayer, pensando que estaba decapitando a Al-Qaeda &#8211; pero se trata m\u00e1s de una operaci\u00f3n de propaganda que una con un impacto real. Desde la ocupaci\u00f3n de Irak en el 2003, Al-Qaeda no ha sido una organizaci\u00f3n \u00fanica y unida, esta ahora comprende a varias organizaciones locales o regionales con distintos objetivos y directivas &#8211; en Marruecos, los estados del Golfo, Irak, Somalia, Afganist\u00e1n y Pakist\u00e1n, adem\u00e1s de varias c\u00e9lulas durmientes en Europa y los Estados Unidos. Bin Laden no comand\u00f3 una organizaci\u00f3n mundial de gran tama\u00f1o, era el icono espiritual de una idea que se hab\u00eda extendido por todo el mundo, y tuvo muchos disc\u00edpulos &#8211; y estos no son necesariamente miembros de una organizaci\u00f3n enorme.<\/p>\n<p>\u00abEl hecho de que bin Laden fue asesinado por las fuerzas estadounidenses no significa que Al-Qaeda ha sido eliminado del mundo. Tal vez fue [estrictamente] una cuesti\u00f3n de propaganda, para ayudar al Presidente de los Estados Unidos Barack Obama a ser reelegido. Pero los ataques de Al-Qaeda en sus \u00e1reas de operaci\u00f3n en el mundo \u00e1rabe e isl\u00e1mico no se detendr\u00e1n y pueden expandirse a\u00fan m\u00e1s\u00bb. <a href=\"#_edn16\" name=\"_ednref16\">[16]<\/a><\/p>\n<p>Daoud Al-Shiryan, editor de la p\u00e1gina Web Alarabiya.net, escribi\u00f3 en su columna en Al-Hayat que los estadounidenses han convertido a bin Laden en una leyenda y una fuente de inspiraci\u00f3n. Lo siguiente es un extracto de la traducci\u00f3n en ingl\u00e9s de su columna, tal como apareci\u00f3 en la edici\u00f3n del diario en ingl\u00e9s: <a href=\"#_edn17\" name=\"_ednref17\">[17]<\/a><\/p>\n<p>\u00abAlgunos pol\u00edticos consideran la muerte del Sr. bin Laden como un punto de inflexi\u00f3n en el fen\u00f3meno del terrorismo. Pero nadie es capaz de confirmar que es un punto de inflexi\u00f3n positivo. Algunos medios de comunicaci\u00f3n han participado durante a\u00f1os [en el esfuerzo] por colocar al Sr. bin Laden en la posici\u00f3n de un h\u00e9roe. Pero la muerte inimaginable organizada por el gobierno estadounidense para el l\u00edder de Al Qaeda le ha convertido en una leyenda y dar\u00e1 lugar a la perpetuaci\u00f3n de sus ideas que han desfigurado el Islam y han hecho del Jihad lo opuesto al coraje\u00bb.<\/p>\n<p><em>Para ver el resto del despacho en ingl\u00e9s por favor haga clic en el siguiente enlace:<br \/><\/em><a href=\"http:\/\/www.memri.org\/report\/en\/0\/0\/0\/0\/0\/0\/5257.htm\">http:\/\/www.memri.org\/report\/en\/0\/0\/0\/0\/0\/0\/5257.htm<\/a><\/p>\n<hr class=\"c1\" size=\"1\" width=\"33%\" \/>\n<p><a href=\"#_ednref1\" name=\"_edn1\">[1]<\/a> Agencia de Noticias SPA (Arabia Saudita), 2 de mayo, 2011.<\/p>\n<p><a href=\"#_ednref2\" name=\"_edn2\">[2]<\/a> <em>Al-Hayat<\/em> (Londres), 3 de mayo, 2011.<\/p>\n<p><a href=\"#_ednref3\" name=\"_edn3\">[3]<\/a> <em>Al-Sharq Al-Awsat<\/em> (Londres), 3 de mayo, 2011.<\/p>\n<p><a href=\"#_ednref4\" name=\"_edn4\">[4]<\/a> <em>Al-Shurouq<\/em> (Egipto), 2 de mayo, 2011.<\/p>\n<p><a href=\"#_ednref5\" name=\"_edn5\">[5]<\/a> V\u00e9ase MEMRI TV Clip No. 2910: <a href=\"http:\/\/www.memritv.org\/clip_transcript\/en\/2910.htm\">http:\/\/www.memritv.org\/clip_transcript\/en\/2910.htm<\/a>.<\/p>\n<p><a href=\"#_ednref6\" name=\"_edn6\">[6]<\/a> Maannews.net, 2 de mayo, 2011.<\/p>\n<p><a href=\"#_ednref7\" name=\"_edn7\">[7]<\/a> <em>Al-Akhbar<\/em> (L\u00edbano), 3 de mayo, 2011.<\/p>\n<p><a href=\"#_ednref8\" name=\"_edn8\">[8]<\/a> Onislam.net, 3 de mayo, 2011.<\/p>\n<p><a href=\"#_ednref9\" name=\"_edn9\">[9]<\/a> <em>Al-Hayat<\/em> (Londres), 4 de mayo, 2011.<\/p>\n<p><a href=\"#_ednref10\" name=\"_edn10\">[10]<\/a> <em>Al-Quds Al-Arabi<\/em> (Londres), 4 de mayo, 2011.<\/p>\n<p><a href=\"#_ednref11\" name=\"_edn11\">[11]<\/a> <em>Al-Quds Al-Arabi<\/em> (Londres), 5 de mayo, 2011.<\/p>\n<p><a href=\"#_ednref12\" name=\"_edn12\">[12]<\/a> <em>Al-Misriyyoun<\/em> (Egipto), 4 de mayo, 2011.<\/p>\n<p><a href=\"#_ednref13\" name=\"_edn13\">[13]<\/a> <em>Al-Watan<\/em> (Siria), 4 de mayo, 2011.<\/p>\n<p><a href=\"#_ednref14\" name=\"_edn14\">[14]<\/a> <em>Al-Gumhouriyya<\/em> (Egipto), 4 de mayo, 2011.<\/p>\n<p><a href=\"#_ednref15\" name=\"_edn15\">[15]<\/a> <em>Al-Ahram<\/em> (Egipto), 3 &#8211; 4 mayo, 2011.<\/p>\n<p><a href=\"#_ednref16\" name=\"_edn16\">[16]<\/a> <em>Al-Yawm Al-Sabi&#8217;<\/em> (Egipto), 3 de mayo, 2011.<\/p>\n<p><a href=\"#_ednref17\" name=\"_edn17\">[17]<\/a> <em>Al-Hayat<\/em> (Londres), 4 de mayo, 2011. El texto ha sido ligeramente editado para mayor claridad.<\/p>\n<\/div>\n","protected":false},"excerpt":{"rendered":"<p>El anuncio el 1 de mayo, 2011 del Presidente de los Estados Unidos Barack Obama de que comandos estadounidenses hab\u00edan matado al l\u00edder de Al-Qaeda Osama bin Laden fue recibido en el mundo \u00e1rabe con una mezcla de emociones. Por una parte, hubo muchas expresiones de alivio y numerosos art\u00edculos fueron publicados en alabanza a [&hellip;]<\/p>\n","protected":false},"author":1,"featured_media":0,"comment_status":"open","ping_status":"open","sticky":false,"template":"","format":"standard","meta":{"footnotes":""},"categories":[6,11],"tags":[],"class_list":["post-4620","post","type-post","status-publish","format-standard","hentry","category-comunicados-especiales","category-e-u-a-y-el-medio-oriente"],"_links":{"self":[{"href":"https:\/\/www2.memri.org\/espanol\/wp-json\/wp\/v2\/posts\/4620","targetHints":{"allow":["GET"]}}],"collection":[{"href":"https:\/\/www2.memri.org\/espanol\/wp-json\/wp\/v2\/posts"}],"about":[{"href":"https:\/\/www2.memri.org\/espanol\/wp-json\/wp\/v2\/types\/post"}],"author":[{"embeddable":true,"href":"https:\/\/www2.memri.org\/espanol\/wp-json\/wp\/v2\/users\/1"}],"replies":[{"embeddable":true,"href":"https:\/\/www2.memri.org\/espanol\/wp-json\/wp\/v2\/comments?post=4620"}],"version-history":[{"count":0,"href":"https:\/\/www2.memri.org\/espanol\/wp-json\/wp\/v2\/posts\/4620\/revisions"}],"wp:attachment":[{"href":"https:\/\/www2.memri.org\/espanol\/wp-json\/wp\/v2\/media?parent=4620"}],"wp:term":[{"taxonomy":"category","embeddable":true,"href":"https:\/\/www2.memri.org\/espanol\/wp-json\/wp\/v2\/categories?post=4620"},{"taxonomy":"post_tag","embeddable":true,"href":"https:\/\/www2.memri.org\/espanol\/wp-json\/wp\/v2\/tags?post=4620"}],"curies":[{"name":"wp","href":"https:\/\/api.w.org\/{rel}","templated":true}]}}