{"id":4618,"date":"2011-05-05T00:00:00","date_gmt":"2011-05-05T00:00:00","guid":{"rendered":"http:\/\/www2.memri.org\/espanol\/2011\/05\/05\/presentador-de-al-jazeera-tv-confronto-al-islamista-londinense-hani-al-sibai-sobre-la-glorificacion-de-osama-bin-laden\/"},"modified":"2016-01-13T21:42:12","modified_gmt":"2016-01-13T21:42:12","slug":"presentador-de-al-jazeera-tv-confronto-al-islamista-londinense-hani-al-sibai-sobre-la-glorificacion-de-osama-bin-laden","status":"publish","type":"post","link":"https:\/\/www2.memri.org\/espanol\/presentador-de-al-jazeera-tv-confronto-al-islamista-londinense-hani-al-sibai-sobre-la-glorificacion-de-osama-bin-laden\/4618","title":{"rendered":"Presentador de Al-Jazeera TV confront\u00f3 al islamista londinense Hani Al-Sibai sobre la glorificaci\u00f3n de Osama Bin Laden"},"content":{"rendered":"<div class=\"bodytext c2\">\n<p><em>Lo siguiente son extractos de una entrevista con el islamista londinense Hani Al-Siba&#8217;i, que fue presentada en Al-Jazeera el 2 de mayo, 2011<\/em><\/p>\n<p><em>Para ver este segmento de video en MEMRI TV, visite<br \/><a href=\"http:\/\/www.memritv.org\/clip\/en\/2914.htm\">http:\/\/www.memritv.org\/clip\/en\/2914.htm<\/a>.<\/em><\/p>\n<p><img loading=\"lazy\" decoding=\"async\" class=\"alignnone size-full wp-image-6822\" src=\"http:\/\/www2.memri.org\/espanol\/wp-content\/uploads\/2016\/01\/7075.jpg\" width=\"585\" height=\"433\" srcset=\"https:\/\/www2.memri.org\/espanol\/wp-content\/uploads\/2016\/01\/7075.jpg 585w, https:\/\/www2.memri.org\/espanol\/wp-content\/uploads\/2016\/01\/7075-300x222.jpg 300w, https:\/\/www2.memri.org\/espanol\/wp-content\/uploads\/2016\/01\/7075-80x60.jpg 80w, https:\/\/www2.memri.org\/espanol\/wp-content\/uploads\/2016\/01\/7075-567x420.jpg 567w\" sizes=\"auto, (max-width: 585px) 100vw, 585px\" \/><\/p>\n<p><strong>Hani Al-Siba&#8217;i<\/strong>: \u00abEl Jeque Osama Bin Laden&#8230; es el vivificador del Islam en nuestros tiempos\u00bb<\/p>\n<p><strong>Hani Al-Siba&#8217;i<\/strong>: \u00abA mi manera de ver, el Jeque Osama bin Laden &#8211; tal como se le conoce por sus seguidores y por los que le aman &#8211; es el renovador del Islam en nuestros tiempos y es uno de los leones del Islam. El Jeque Osama bin Laden no dej\u00f3 a su pa\u00eds por un viaje de placer, o en busca de pasarla bien. Dej\u00f3 su pa\u00eds como <em>mujahid<\/em>, poni\u00e9ndose \u00e9l mismo en peligro y dejando atr\u00e1s su vida pasada\u00bb. [&#8230;]<\/p>\n<p><strong>Entrevistador<\/strong>: \u00abOsama bin Laden se enorgullecer\u00eda y convocar\u00eda operaciones militares, incluso aquellas que apunten a civiles en Occidente &#8211; el mismo Occidente desde el cual usted est\u00e1 hablando ahora y que le permite expresar sus puntos de vista y glorificar a Osama bin Laden\u00bb.<\/p>\n<p><strong>Hani Al-Siba&#8217;i<\/strong>: \u00abCon todo respeto, le ruego no sirva como defensor de Occidente, de la CIA o de Scotland Yard. Le pido que me de la misma oportunidad que le dio a otros comentaristas&hellip; Al-Jazeera TV me ha estado boicoteando desde hace tiempo. Al-Jazeera TV afirma presentar puntos de vista diferentes, pero, por desgracia, esta es mi primera aparici\u00f3n en Al-Jazeera TV en a\u00f1os. As\u00ed que me denme la oportunidad de expresarme&#8230;\u00bb<\/p>\n<p><strong>Entrevistador de Al-Jazeera: \u00ab\u00bfC\u00f3mo es que alguien en Londres glorifica a Osama Bin Laden, quien convoca el apoyo moral para los atentados suicidas dirigidos contra civiles en Occidente?\u00bb<\/strong><\/p>\n<p><strong>Entrevistador<\/strong>: \u00abY usted me da la oportunidad de hacerle una pregunta, que viene a la mente de mucha gente. Usted esta hablando desde una capital occidental y glorificando a Osama bin Laden, quien llamar\u00eda a atentar contra Occidente, aunque el blanco sean civiles. Me gustar\u00eda entender qu\u00e9 lo motiva a esta postura suya. Adelante. Tiene total libertad para expresar su opini\u00f3n\u00bb.<\/p>\n<p><strong>Hani Al-Siba&#8217;i<\/strong>: \u00abEst\u00e1 tratando de hacer de esto algo personal?\u00bb<\/p>\n<p><strong>Entrevistador<\/strong>: \u00abNo, en lo absoluto&#8230;&rdquo;<\/p>\n<p><strong>Hani Al-Siba&#8217;i<\/strong>: \u00abHe venido aqu\u00ed para comentar un acontecimiento trascendental\u00bb.<\/p>\n<p><strong>Entrevistador<\/strong>: \u00abY me gustar\u00eda que comentara &#8211; a menos que no desee responder a esta pregunta. Mucha gente se pregunta c\u00f3mo es que alguien en Londres glorifica a Osama bin Laden, quien llam\u00f3 y moralmente apoy\u00f3 atentados suicidas que tendr\u00edan como objetivo a civiles en Occidente La pregunta es: \u00bfC\u00f3mo es eso posible? Si usted no la quiere responder&#8230;\u00bb<\/p>\n<p><strong>Hani Al-Siba&#8217;i<\/strong>: \u00abYo lo &#8216;felicito por su pregunta, se\u00f1or&#8230; \u00bfde verdad cree que le tengo miedo y de responder a su pregunta?! No&#8230;\u00bb<\/p>\n<p><strong>Hani Al-Siba&#8217;i: El Jeque Osama Bin Laden&#8230; nunca asesin\u00f3 civiles&#8230; extendi\u00f3 su mano en paz a Europa y Occidente\u00bb<\/strong><\/p>\n<p><strong>Entrevistador<\/strong>: \u00abAdelante, responda&#8230;\u00bb<\/p>\n<p><strong>Hani Al-Siba&#8217;i<\/strong>: \u00abD\u00e9jeme decirles: Adoro al Jeque Osama bin Laden como musulm\u00e1n. No estoy glorificando y alabando nada. Simplemente lo digo tal como es &#8211; el Jeque Osama es amado por millones de musulmanes, el Jeque Osama es un himno en los corazones de los oprimidos &#8211; desde Yakarta a las monta\u00f1as Hindu Kush, a las aldeas y zonas rurales de Egipto. Preg\u00fanteles a los oprimidos y pobres y le dir\u00e1n que est\u00e1n de luto por el Jeque Osama bin Laden.<\/p>\n<p>\u00abEl Jeque Osama bin Laden luch\u00f3 contra las fuerzas de ocupaci\u00f3n. Nunca asesin\u00f3 a civiles y nunca lo afirm\u00f3. Por el contrario, le tendi\u00f3 su mano en paz a Europa y a Occidente y fueron ellos los que la rechazaron\u00bb. [&#8230;]<\/p>\n<\/div>\n","protected":false},"excerpt":{"rendered":"<p>Lo siguiente son extractos de una entrevista con el islamista londinense Hani Al-Siba&#8217;i, que fue presentada en Al-Jazeera el 2 de mayo, 2011 Para ver este segmento de video en MEMRI TV, visitehttp:\/\/www.memritv.org\/clip\/en\/2914.htm. Hani Al-Siba&#8217;i: \u00abEl Jeque Osama Bin Laden&#8230; es el vivificador del Islam en nuestros tiempos\u00bb Hani Al-Siba&#8217;i: \u00abA mi manera de ver, [&hellip;]<\/p>\n","protected":false},"author":1,"featured_media":6822,"comment_status":"open","ping_status":"open","sticky":false,"template":"","format":"standard","meta":{"footnotes":""},"categories":[10,6],"tags":[],"class_list":["post-4618","post","type-post","status-publish","format-standard","has-post-thumbnail","hentry","category-estudios-sobre-terrorismo-y-yihad","category-comunicados-especiales"],"_links":{"self":[{"href":"https:\/\/www2.memri.org\/espanol\/wp-json\/wp\/v2\/posts\/4618","targetHints":{"allow":["GET"]}}],"collection":[{"href":"https:\/\/www2.memri.org\/espanol\/wp-json\/wp\/v2\/posts"}],"about":[{"href":"https:\/\/www2.memri.org\/espanol\/wp-json\/wp\/v2\/types\/post"}],"author":[{"embeddable":true,"href":"https:\/\/www2.memri.org\/espanol\/wp-json\/wp\/v2\/users\/1"}],"replies":[{"embeddable":true,"href":"https:\/\/www2.memri.org\/espanol\/wp-json\/wp\/v2\/comments?post=4618"}],"version-history":[{"count":0,"href":"https:\/\/www2.memri.org\/espanol\/wp-json\/wp\/v2\/posts\/4618\/revisions"}],"wp:featuredmedia":[{"embeddable":true,"href":"https:\/\/www2.memri.org\/espanol\/wp-json\/wp\/v2\/media\/6822"}],"wp:attachment":[{"href":"https:\/\/www2.memri.org\/espanol\/wp-json\/wp\/v2\/media?parent=4618"}],"wp:term":[{"taxonomy":"category","embeddable":true,"href":"https:\/\/www2.memri.org\/espanol\/wp-json\/wp\/v2\/categories?post=4618"},{"taxonomy":"post_tag","embeddable":true,"href":"https:\/\/www2.memri.org\/espanol\/wp-json\/wp\/v2\/tags?post=4618"}],"curies":[{"name":"wp","href":"https:\/\/api.w.org\/{rel}","templated":true}]}}