{"id":46133,"date":"2018-05-26T14:48:26","date_gmt":"2018-05-26T18:48:26","guid":{"rendered":"http:\/\/www2.memri.org\/espanol\/?p=46133"},"modified":"2018-05-28T15:03:40","modified_gmt":"2018-05-28T19:03:40","slug":"resumen-del-fin-de-semana-del-proyecto-supervision-a-la-amenaza-terrorista-y-yihad-psaty-12","status":"publish","type":"post","link":"https:\/\/www2.memri.org\/espanol\/resumen-del-fin-de-semana-del-proyecto-supervision-a-la-amenaza-terrorista-y-yihad-psaty-12\/46133","title":{"rendered":"Resumen del fin de semana del Proyecto Supervisi\u00f3n a la Amenaza Terrorista y Yihad (PSATY)"},"content":{"rendered":"<p><em>Lo siguiente son algunos de los informes de esta semana del Proyecto Supervisi\u00f3n a la Amenaza Terrorista y Yihad (PSATY) en MEMRI, que traduce y analiza el contenido de fuentes monitoreadas y supervisadas las 24 horas del d\u00eda, 7 d\u00edas a la semana, entre estos los portales y blogs yihadistas m\u00e1s importantes. (Para ver estos informes en su totalidad, usted debe ser miembro del PSATY; para obtener informaci\u00f3n sobre c\u00f3mo obtener la membrec\u00eda, env\u00ede un correo electr\u00f3nico a la siguiente direcci\u00f3n <a href=\"mailto:jttmsubs@memri.org\">jttmsubs@memri.org<\/a> junto al texto \u00abMembership &#8211; Membrec\u00eda\u00bb en el p\u00e1rrafo del tema).<\/em><\/p>\n<p><strong><em>Nota a los medios de comunicaci\u00f3n y del gobierno: Para obtener una copia completa de estos informes, env\u00ede un correo electr\u00f3nico con el t\u00edtulo del informe en la l\u00ednea del tema a la siguiente direcci\u00f3n: <a href=\"mailto:media@memri.org\">media@memri.org<\/a>. Por favor incluya su nombre, t\u00edtulo y organizaci\u00f3n a la que pertenece en su correo electr\u00f3nico.<\/em><\/strong><\/p>\n<p><strong>EXCLUSIVO: Antiguo funcionario iran\u00ed: \u00abLa resistencia palestina no permitir\u00e1 la supervivencia de la embajada estadounidense en Jerusal\u00e9n\u00bb<\/strong><\/p>\n<p><img loading=\"lazy\" decoding=\"async\" class=\"alignnone size-full wp-image-46223\" src=\"https:\/\/www2.memri.org\/espanol\/wp-content\/uploads\/2018\/05\/jttmweekly052618-4-1.jpg\" width=\"645\" height=\"320\" alt=\"\" srcset=\"https:\/\/www2.memri.org\/espanol\/wp-content\/uploads\/2018\/05\/jttmweekly052618-4-1.jpg 645w, https:\/\/www2.memri.org\/espanol\/wp-content\/uploads\/2018\/05\/jttmweekly052618-4-1-300x149.jpg 300w, https:\/\/www2.memri.org\/espanol\/wp-content\/uploads\/2018\/05\/jttmweekly052618-4-1-600x298.jpg 600w, https:\/\/www2.memri.org\/espanol\/wp-content\/uploads\/2018\/05\/jttmweekly052618-4-1-324x160.jpg 324w\" sizes=\"auto, (max-width: 645px) 100vw, 645px\" \/><\/p>\n<p>El 18 de mayo, 2018 el alto funcionario iran\u00ed Hossein Amir Abdullahian, asistente especial del portavoz del Majlis iran\u00ed Ali Larijani, emiti\u00f3 una amenaza encubierta a la Embajada estadounidense en Jerusal\u00e9n.<\/p>\n<p><strong>EXCLUSIVO: Partidarios de Al-Qaeda en la Pen\u00ednsula Ar\u00e1biga (AQPA) anuncian lanzamiento de la Fundaci\u00f3n de Medios de Comunicaci\u00f3n Al-Badr<\/strong><\/p>\n<p><img loading=\"lazy\" decoding=\"async\" class=\"alignnone size-full wp-image-46224\" src=\"https:\/\/www2.memri.org\/espanol\/wp-content\/uploads\/2018\/05\/jttmweekly052618a-4-1.jpg\" width=\"542\" height=\"270\" alt=\"\" srcset=\"https:\/\/www2.memri.org\/espanol\/wp-content\/uploads\/2018\/05\/jttmweekly052618a-4-1.jpg 542w, https:\/\/www2.memri.org\/espanol\/wp-content\/uploads\/2018\/05\/jttmweekly052618a-4-1-300x149.jpg 300w, https:\/\/www2.memri.org\/espanol\/wp-content\/uploads\/2018\/05\/jttmweekly052618a-4-1-324x160.jpg 324w\" sizes=\"auto, (max-width: 542px) 100vw, 542px\" \/><\/p>\n<p>El 23 de mayo, 2018 un grupo que se describe a s\u00ed mismo como \u00absimpatizantes\u00bb de Al Qaeda en la Pen\u00ednsula Ar\u00e1biga (AQPA) en Yemen, emiti\u00f3 un comunicado anunciando el lanzamiento de Fundaci\u00f3n de Medios de Comunicaci\u00f3n Al-Badr para \u00abapoyar a los muyahidines en la Pen\u00ednsula Ar\u00e1biga\u00bb en particular y aquellos que est\u00e1n oprimidos en general\u00bb.<\/p>\n<p><strong>EXCLUSIVO: El Partido Isl\u00e1mico de Turquest\u00e1n (PIT) da a conocer un video con combatientes canadienses, franceses, uigures y marroqu\u00edes instando a los musulmanes que viven en &#8216;la morada de los infieles&#8217; a mudarse hacia los pa\u00edses musulmanes<\/strong><\/p>\n<p><img loading=\"lazy\" decoding=\"async\" class=\"alignnone size-full wp-image-46225\" src=\"https:\/\/www2.memri.org\/espanol\/wp-content\/uploads\/2018\/05\/jttmweekly0526181-4-1.jpg\" width=\"600\" height=\"337\" alt=\"\" srcset=\"https:\/\/www2.memri.org\/espanol\/wp-content\/uploads\/2018\/05\/jttmweekly0526181-4-1.jpg 600w, https:\/\/www2.memri.org\/espanol\/wp-content\/uploads\/2018\/05\/jttmweekly0526181-4-1-300x169.jpg 300w\" sizes=\"auto, (max-width: 600px) 100vw, 600px\" \/><\/p>\n<p>El 21 de mayo, 2018 Sawt Al-Islam, el brazo medi\u00e1tico del Partido Isl\u00e1mico de Turquest\u00e1n (PIT), grupo yihadista pro-Al-Qaeda en Siria, dio a conocer un video en el que presentaban a combatientes de Canad\u00e1, Francia, Marruecos y Uigur en Siria e instigaban a los musulmanes que viven en &#8216;la morada de los infieles&#8217; a mudarse a los pa\u00edses musulmanes.<\/p>\n<p><strong>EXCLUSIVO: video del EIIS en la Provincia de Kirkuk reafirma la capacidad de recuperaci\u00f3n y destreza operativa del grupo a pesar de las p\u00e9rdidas territoriales<\/strong><\/p>\n<p><img loading=\"lazy\" decoding=\"async\" class=\"alignnone size-full wp-image-46226\" src=\"https:\/\/www2.memri.org\/espanol\/wp-content\/uploads\/2018\/05\/jttmweekly0526182-4-1.jpg\" width=\"780\" height=\"439\" alt=\"\" srcset=\"https:\/\/www2.memri.org\/espanol\/wp-content\/uploads\/2018\/05\/jttmweekly0526182-4-1.jpg 780w, https:\/\/www2.memri.org\/espanol\/wp-content\/uploads\/2018\/05\/jttmweekly0526182-4-1-300x169.jpg 300w, https:\/\/www2.memri.org\/espanol\/wp-content\/uploads\/2018\/05\/jttmweekly0526182-4-1-768x432.jpg 768w, https:\/\/www2.memri.org\/espanol\/wp-content\/uploads\/2018\/05\/jttmweekly0526182-4-1-600x338.jpg 600w, https:\/\/www2.memri.org\/espanol\/wp-content\/uploads\/2018\/05\/jttmweekly0526182-4-1-696x392.jpg 696w, https:\/\/www2.memri.org\/espanol\/wp-content\/uploads\/2018\/05\/jttmweekly0526182-4-1-746x420.jpg 746w\" sizes=\"auto, (max-width: 780px) 100vw, 780px\" \/><\/p>\n<p>El 22 de mayo, 2018 la Provincia de Kirkuk del Estado Isl\u00e1mico (EIIS) en Irak public\u00f3 un video en el que reafirmaba la capacidad de resistencia del grupo y su capacidad para da\u00f1ar objetivos en la provincia a pesar de sus p\u00e9rdidas territoriales.<\/p>\n<p><strong>EXCLUSIVO: Informes de luchas internas entre combatientes locales y extranjeros del EIIS en Deir Al-Zour, Siria, incluyendo llamadas a nombrar un nuevo \u00abcalifa\u00bb por supuesto destino desconocido de Al-Baghdadi<\/strong><\/p>\n<p><img loading=\"lazy\" decoding=\"async\" class=\"alignnone size-full wp-image-46227\" src=\"https:\/\/www2.memri.org\/espanol\/wp-content\/uploads\/2018\/05\/jttmweekly0526183-4-1.jpg\" width=\"451\" height=\"253\" alt=\"\" srcset=\"https:\/\/www2.memri.org\/espanol\/wp-content\/uploads\/2018\/05\/jttmweekly0526183-4-1.jpg 451w, https:\/\/www2.memri.org\/espanol\/wp-content\/uploads\/2018\/05\/jttmweekly0526183-4-1-300x168.jpg 300w\" sizes=\"auto, (max-width: 451px) 100vw, 451px\" \/><\/p>\n<p>En las \u00faltimas semanas, varios portales de noticias sirios informaron de enfrentamientos mortales en la provincia oriental de Deir Al-Zour, Siria, entre combatientes del Estado Isl\u00e1mico (EIIS), iraqu\u00edes y sirios leales al l\u00edder del grupo Abu Bakr Al-Baghdadi y combatientes extranjeros del EIIS predominantemente de \u00c1frica del Norte.<\/p>\n<p><strong>EXCLUSIVO: Liberado por India durante secuestro en Kandahar en 1999, el terrorista de Cachemira Mushtaq Zargar concede rara entrevista<\/strong><\/p>\n<p><img loading=\"lazy\" decoding=\"async\" class=\"alignnone size-full wp-image-46228\" src=\"https:\/\/www2.memri.org\/espanol\/wp-content\/uploads\/2018\/05\/jttmweekly0526184-4-1.jpg\" width=\"350\" height=\"426\" alt=\"\" srcset=\"https:\/\/www2.memri.org\/espanol\/wp-content\/uploads\/2018\/05\/jttmweekly0526184-4-1.jpg 350w, https:\/\/www2.memri.org\/espanol\/wp-content\/uploads\/2018\/05\/jttmweekly0526184-4-1-246x300.jpg 246w, https:\/\/www2.memri.org\/espanol\/wp-content\/uploads\/2018\/05\/jttmweekly0526184-4-1-345x420.jpg 345w\" sizes=\"auto, (max-width: 350px) 100vw, 350px\" \/><\/p>\n<p>Uno de los tres terroristas liberados por India a cambio de los pasajeros del vuelo IC814 de Indian Airlines, que fue secuestrado de Katmand\u00fa a Kandahar luego de recargar combustible a mitad de camino en India en 1999, ha concedido una rara entrevista.<\/p>\n<p><strong>EXCLUSIVO: Art\u00edculo en diario pakistan\u00ed dice que el EIIS &#8216;posee un gran potencial para difundir sus tent\u00e1culos en Afganist\u00e1n y m\u00e1s all\u00e1 en Pakist\u00e1n, India y Bangladesh&#8217;<\/strong><\/p>\n<p><img loading=\"lazy\" decoding=\"async\" class=\"alignnone size-full wp-image-46229\" src=\"https:\/\/www2.memri.org\/espanol\/wp-content\/uploads\/2018\/05\/jttmweekly0526185-4-1.jpg\" width=\"480\" height=\"269\" alt=\"\" srcset=\"https:\/\/www2.memri.org\/espanol\/wp-content\/uploads\/2018\/05\/jttmweekly0526185-4-1.jpg 480w, https:\/\/www2.memri.org\/espanol\/wp-content\/uploads\/2018\/05\/jttmweekly0526185-4-1-300x168.jpg 300w\" sizes=\"auto, (max-width: 480px) 100vw, 480px\" \/><\/p>\n<p>En los \u00faltimos meses, muchos ataques terroristas han tenido lugar en todo Afganist\u00e1n. La mayor\u00eda de estos ataques han sido llevados a cabo por el Emirato Isl\u00e1mico de Afganist\u00e1n (la organizaci\u00f3n talib\u00e1n que gobern\u00f3 el pa\u00eds desde 1996 hasta el 2001). Sin embargo, muchos grandes ataques tambi\u00e9n han sido llevados a cabo por el Estado Isl\u00e1mico (EIIS).<\/p>\n<p><strong>El Partido Isl\u00e1mico de Turquest\u00e1n (TIP) les desea a los musulmanes un bendito Ramad\u00e1n, reza por la victoria, por la unidad de los muyahidines y la liberaci\u00f3n de los uigures<\/strong><\/p>\n<p><img loading=\"lazy\" decoding=\"async\" class=\"alignnone size-full wp-image-46230\" src=\"https:\/\/www2.memri.org\/espanol\/wp-content\/uploads\/2018\/05\/jttmweekly0526186-3-1.jpg\" width=\"600\" height=\"384\" alt=\"\" srcset=\"https:\/\/www2.memri.org\/espanol\/wp-content\/uploads\/2018\/05\/jttmweekly0526186-3-1.jpg 600w, https:\/\/www2.memri.org\/espanol\/wp-content\/uploads\/2018\/05\/jttmweekly0526186-3-1-300x192.jpg 300w\" sizes=\"auto, (max-width: 600px) 100vw, 600px\" \/><\/p>\n<p>El 18 de mayo, 2018 el grupo yihadista pro-Al-Qaeda en Siria el Partido Isl\u00e1mico Turkest\u00e1n (PIT), public\u00f3 una declaraci\u00f3n en la que felicitaba a los musulmanes con motivo del mes de Ramad\u00e1n y rezaban para que Al\u00e1 una a las filas de los muyahidines y libere al pueblo Uigur.<\/p>\n<p><strong>Lashkar-e-Taiba rechaza alto al fuego en Ramad\u00e1n en India en el valle de Cachemira<\/strong><\/p>\n<p><img loading=\"lazy\" decoding=\"async\" class=\"alignnone size-full wp-image-46231\" src=\"https:\/\/www2.memri.org\/espanol\/wp-content\/uploads\/2018\/05\/jttmweekly0526187-3-1.jpg\" width=\"600\" height=\"359\" alt=\"\" srcset=\"https:\/\/www2.memri.org\/espanol\/wp-content\/uploads\/2018\/05\/jttmweekly0526187-3-1.jpg 600w, https:\/\/www2.memri.org\/espanol\/wp-content\/uploads\/2018\/05\/jttmweekly0526187-3-1-300x180.jpg 300w\" sizes=\"auto, (max-width: 600px) 100vw, 600px\" \/><\/p>\n<p>La organizaci\u00f3n yihadista anti-India respaldada por Pakist\u00e1n Lashkar-e-Taiba (LeT) rechaz\u00f3 un alto el fuego unilateral en Jammu y Cachemira anunciado por el gobierno hind\u00fa para el mes de Ramad\u00e1n.<\/p>\n<p><strong>Video de partidarios del EIIS insta a musulmanes a dedicar el Ramad\u00e1n al yihad<\/strong><\/p>\n<p><img loading=\"lazy\" decoding=\"async\" class=\"alignnone size-full wp-image-46232\" src=\"https:\/\/www2.memri.org\/espanol\/wp-content\/uploads\/2018\/05\/jttmweekly0526188-3-1.jpg\" width=\"742\" height=\"418\" alt=\"\" srcset=\"https:\/\/www2.memri.org\/espanol\/wp-content\/uploads\/2018\/05\/jttmweekly0526188-3-1.jpg 742w, https:\/\/www2.memri.org\/espanol\/wp-content\/uploads\/2018\/05\/jttmweekly0526188-3-1-300x169.jpg 300w, https:\/\/www2.memri.org\/espanol\/wp-content\/uploads\/2018\/05\/jttmweekly0526188-3-1-600x338.jpg 600w, https:\/\/www2.memri.org\/espanol\/wp-content\/uploads\/2018\/05\/jttmweekly0526188-3-1-696x392.jpg 696w, https:\/\/www2.memri.org\/espanol\/wp-content\/uploads\/2018\/05\/jttmweekly0526188-3-1-741x418.jpg 741w\" sizes=\"auto, (max-width: 742px) 100vw, 742px\" \/><\/p>\n<p>El 21 de mayo, 2018, un grupo de medios de comunicaci\u00f3n pro-Estado Isl\u00e1mico (EIIS) dio a conocer un video corto titulado \u00abRamad\u00e1n: Redadas y Yihad\u00bb.<\/p>\n<p><strong>El EIIS se responsabiliza por ataque a iglesia en Grozny, Chechenia<\/strong><\/p>\n<p><img loading=\"lazy\" decoding=\"async\" class=\"alignnone size-full wp-image-46233\" src=\"https:\/\/www2.memri.org\/espanol\/wp-content\/uploads\/2018\/05\/jttmweekly0526189-3-1.jpg\" width=\"638\" height=\"322\" alt=\"\" srcset=\"https:\/\/www2.memri.org\/espanol\/wp-content\/uploads\/2018\/05\/jttmweekly0526189-3-1.jpg 638w, https:\/\/www2.memri.org\/espanol\/wp-content\/uploads\/2018\/05\/jttmweekly0526189-3-1-300x151.jpg 300w, https:\/\/www2.memri.org\/espanol\/wp-content\/uploads\/2018\/05\/jttmweekly0526189-3-1-600x303.jpg 600w\" sizes=\"auto, (max-width: 638px) 100vw, 638px\" \/><\/p>\n<p>El 20 de mayo, 2018 el Estado Isl\u00e1mico (EIIS) se atribuy\u00f3 la responsabilidad de un ataque a iglesia en Grozny, Chechenia, que tuvo lugar un d\u00eda antes, en el que al menos una persona fue asesinada.<\/p>\n<p><strong>El EIIS se acredita el reducir la participaci\u00f3n electoral para las elecciones iraqu\u00edes<\/strong><\/p>\n<p><img loading=\"lazy\" decoding=\"async\" class=\"alignnone size-full wp-image-46234\" src=\"https:\/\/www2.memri.org\/espanol\/wp-content\/uploads\/2018\/05\/jttmweekly05261810-3-1.jpg\" width=\"636\" height=\"360\" alt=\"\" srcset=\"https:\/\/www2.memri.org\/espanol\/wp-content\/uploads\/2018\/05\/jttmweekly05261810-3-1.jpg 636w, https:\/\/www2.memri.org\/espanol\/wp-content\/uploads\/2018\/05\/jttmweekly05261810-3-1-300x170.jpg 300w, https:\/\/www2.memri.org\/espanol\/wp-content\/uploads\/2018\/05\/jttmweekly05261810-3-1-600x340.jpg 600w\" sizes=\"auto, (max-width: 636px) 100vw, 636px\" \/><\/p>\n<p>En un editorial en la \u00faltima edici\u00f3n de su bolet\u00edn semanal Al-Naba&#8217;, el Estado Isl\u00e1mico (EIIS) afirm\u00f3 que sus ataques a las elecciones iraqu\u00edes hab\u00edan conducido a una menor participaci\u00f3n electoral desde el a\u00f1o 2003.<\/p>\n<p><strong>El EIIS en Al-Baydaa, Yemen, insta a musulmanes a unirse a sus filas en video y conmemora a los combatientes que han sido &#8216;martirizados&#8217;<\/strong><\/p>\n<p><img loading=\"lazy\" decoding=\"async\" class=\"alignnone size-full wp-image-46235\" src=\"https:\/\/www2.memri.org\/espanol\/wp-content\/uploads\/2018\/05\/jttmweekly05261811-3-1.jpg\" width=\"600\" height=\"199\" alt=\"\" srcset=\"https:\/\/www2.memri.org\/espanol\/wp-content\/uploads\/2018\/05\/jttmweekly05261811-3-1.jpg 600w, https:\/\/www2.memri.org\/espanol\/wp-content\/uploads\/2018\/05\/jttmweekly05261811-3-1-300x100.jpg 300w\" sizes=\"auto, (max-width: 600px) 100vw, 600px\" \/><\/p>\n<p>El 17 de mayo, 2018 el Estado Isl\u00e1mico (EIIS) en Al-Baydaa, Yemen dio a conocer un video instando a los musulmanes a unirse a sus filas, conmemorando a los combatientes \u00abm\u00e1rtires\u00bb y documentando ataques contra las milicias Houthi.<\/p>\n<p><strong>Ej\u00e9rcito Khalid bin Al-Walid filial del EIIS, publica infograf\u00eda que describe sus escuelas<\/strong><\/p>\n<p><img loading=\"lazy\" decoding=\"async\" class=\"alignnone size-full wp-image-46236\" src=\"https:\/\/www2.memri.org\/espanol\/wp-content\/uploads\/2018\/05\/jttmweekly05261812-3-1.jpg\" width=\"600\" height=\"283\" alt=\"\" srcset=\"https:\/\/www2.memri.org\/espanol\/wp-content\/uploads\/2018\/05\/jttmweekly05261812-3-1.jpg 600w, https:\/\/www2.memri.org\/espanol\/wp-content\/uploads\/2018\/05\/jttmweekly05261812-3-1-300x142.jpg 300w\" sizes=\"auto, (max-width: 600px) 100vw, 600px\" \/><\/p>\n<p>El 23 de mayo, 2018 el Ej\u00e9rcito Khalid bin Al-Walid afiliado al Estado Isl\u00e1mico (EIIS), dio a conocer un p\u00f3ster se\u00f1alando una infograf\u00eda que anuncia el establecimiento de su oficina de educaci\u00f3n hace ocho meses.<\/p>\n<p><strong>El EIIS: 6000 alumnos asisten a escuelas del EIIS en el sur de Siria<\/strong><\/p>\n<p><img loading=\"lazy\" decoding=\"async\" class=\"alignnone size-full wp-image-46237\" src=\"https:\/\/www2.memri.org\/espanol\/wp-content\/uploads\/2018\/05\/jttmweekly05261813-3-1.jpg\" width=\"660\" height=\"402\" alt=\"\" srcset=\"https:\/\/www2.memri.org\/espanol\/wp-content\/uploads\/2018\/05\/jttmweekly05261813-3-1.jpg 660w, https:\/\/www2.memri.org\/espanol\/wp-content\/uploads\/2018\/05\/jttmweekly05261813-3-1-300x183.jpg 300w, https:\/\/www2.memri.org\/espanol\/wp-content\/uploads\/2018\/05\/jttmweekly05261813-3-1-600x365.jpg 600w\" sizes=\"auto, (max-width: 660px) 100vw, 660px\" \/><\/p>\n<p>El 17 de mayo, 2018 la agencia de noticias del Estado Isl\u00e1mico A&#8217;maq dio a conocer un corto video que muestra el sistema educativo.<\/p>\n<p><strong>La polic\u00eda religiosa del EIIS en Afganist\u00e1n destruye campos de amapolas, demuele sepulturas y quema mercanc\u00edas que han caducado<\/strong><\/p>\n<p><img loading=\"lazy\" decoding=\"async\" class=\"alignnone size-full wp-image-46238\" src=\"https:\/\/www2.memri.org\/espanol\/wp-content\/uploads\/2018\/05\/jttmweekly05261814-1-1.jpg\" width=\"600\" height=\"337\" alt=\"\" srcset=\"https:\/\/www2.memri.org\/espanol\/wp-content\/uploads\/2018\/05\/jttmweekly05261814-1-1.jpg 600w, https:\/\/www2.memri.org\/espanol\/wp-content\/uploads\/2018\/05\/jttmweekly05261814-1-1-300x169.jpg 300w\" sizes=\"auto, (max-width: 600px) 100vw, 600px\" \/><\/p>\n<p>El 18 de mayo, 2018 la Provincia Joras\u00e1n del Estado Isl\u00e1mico (EIIS) public\u00f3 un informe ilustrado que muestra que la polic\u00eda religiosa destruyendo campos de amapolas, demoliendo tumbas y quemando mercanc\u00edas con fecha ya vencida.<\/p>\n<p><strong>Grupo de medios pro-EIIS La Fundaci\u00f3n Al-Muhajireen conmemora a combatiente franc\u00e9s asesinado<\/strong><\/p>\n<p><img loading=\"lazy\" decoding=\"async\" class=\"alignnone size-full wp-image-46239\" src=\"https:\/\/www2.memri.org\/espanol\/wp-content\/uploads\/2018\/05\/jttmweekly05261815-1-1.jpg\" width=\"363\" height=\"168\" alt=\"\" srcset=\"https:\/\/www2.memri.org\/espanol\/wp-content\/uploads\/2018\/05\/jttmweekly05261815-1-1.jpg 363w, https:\/\/www2.memri.org\/espanol\/wp-content\/uploads\/2018\/05\/jttmweekly05261815-1-1-300x139.jpg 300w\" sizes=\"auto, (max-width: 363px) 100vw, 363px\" \/><\/p>\n<p>El 20 de mayo, 2018 una fundaci\u00f3n de medios de comunicaci\u00f3n pro-Estado Isl\u00e1mico (EIIS) public\u00f3 el perfil de un combatiente franc\u00e9s asesinado.<\/p>\n<p><strong>Partidarios del EIIS amenazan al presidente de la FIFA y a Putin<\/strong><\/p>\n<p>Como parte de la campa\u00f1a de amenazas diarias del Estado Isl\u00e1mico (EIIS) contra la Copa Mundial FIFA 2018, que se celebrar\u00e1 en Rusia desde mediados de junio hasta mediados de julio, los medios de comunicaci\u00f3n pro-EIIS han publicado varios p\u00f3sters creados digitalmente.<\/p>\n<p><strong>Grupo pro-EIIS amenaza iglesia en El Cairo<\/strong><\/p>\n<p><img loading=\"lazy\" decoding=\"async\" class=\"alignnone size-full wp-image-46240\" src=\"https:\/\/www2.memri.org\/espanol\/wp-content\/uploads\/2018\/05\/jttmweekly05261817-1-1.jpg\" width=\"601\" height=\"364\" alt=\"\" srcset=\"https:\/\/www2.memri.org\/espanol\/wp-content\/uploads\/2018\/05\/jttmweekly05261817-1-1.jpg 601w, https:\/\/www2.memri.org\/espanol\/wp-content\/uploads\/2018\/05\/jttmweekly05261817-1-1-300x182.jpg 300w, https:\/\/www2.memri.org\/espanol\/wp-content\/uploads\/2018\/05\/jttmweekly05261817-1-1-600x363.jpg 600w\" sizes=\"auto, (max-width: 601px) 100vw, 601px\" \/><\/p>\n<p>El 23 de mayo, 2018 un grupo de medios de comunicaci\u00f3n pro-Estado Isl\u00e1mico (EIIS) en la plataforma Telegram dio a conocer un p\u00f3ster que amenazaba atacar el Monasterio y la Iglesia de San Jorge en Cairo, Egipto.<\/p>\n<p><strong>L\u00edder de Harakat Al-Shabab Al-Mujahideen (HSM) acusa al Parlamento de \u00abentregar\u00bb la riqueza de Somalia a Kenia y Etiop\u00eda, condena la presencia de los Emiratos \u00c1rabes Unidos, Turqu\u00eda en Somalia y hace un llamado a los muyahidines para que &#8216;extiendan las llamas&#8217; a los pa\u00edses invasores<\/strong><\/p>\n<p><img loading=\"lazy\" decoding=\"async\" class=\"alignnone size-full wp-image-46241\" src=\"https:\/\/www2.memri.org\/espanol\/wp-content\/uploads\/2018\/05\/jttmweekly05261818-1-1.jpg\" width=\"600\" height=\"249\" alt=\"\" srcset=\"https:\/\/www2.memri.org\/espanol\/wp-content\/uploads\/2018\/05\/jttmweekly05261818-1-1.jpg 600w, https:\/\/www2.memri.org\/espanol\/wp-content\/uploads\/2018\/05\/jttmweekly05261818-1-1-300x125.jpg 300w\" sizes=\"auto, (max-width: 600px) 100vw, 600px\" \/><\/p>\n<p>El 21 de mayo, 2018 el Frente Global de Medios de Comunicaci\u00f3n Isl\u00e1micos (FGMI), afiliado a Al-Qaeda, public\u00f3 una traducci\u00f3n al ingl\u00e9s de un discurso pronunciado por Abu Ubeydah Ahmad Omar, l\u00edder del grupo yihadista en Somalia Harakat Al-Shabab Al-Mujahideen, en ocasi\u00f3n al mes de Ramad\u00e1n.<\/p>\n<p><strong>Partidarios de Al-Qaeda piden ataques contra convoyes turcos en Siria<\/strong><\/p>\n<p><img loading=\"lazy\" decoding=\"async\" class=\"alignnone size-full wp-image-46242\" src=\"https:\/\/www2.memri.org\/espanol\/wp-content\/uploads\/2018\/05\/jttmweekly05261819-1-1.jpg\" width=\"451\" height=\"219\" alt=\"\" srcset=\"https:\/\/www2.memri.org\/espanol\/wp-content\/uploads\/2018\/05\/jttmweekly05261819-1-1.jpg 451w, https:\/\/www2.memri.org\/espanol\/wp-content\/uploads\/2018\/05\/jttmweekly05261819-1-1-300x146.jpg 300w\" sizes=\"auto, (max-width: 451px) 100vw, 451px\" \/><\/p>\n<p>En los \u00faltimos d\u00edas, Turqu\u00eda ha estado fortaleciendo su presencia al norte de Siria, enviando refuerzos y estableciendo nuevos puestos de avanzada.<\/p>\n<p><strong>Canal yihadista en Telegram publica video de hombres entonando consignas yihadistas en Cachemira<\/strong><\/p>\n<p><img loading=\"lazy\" decoding=\"async\" class=\"alignnone size-full wp-image-46243\" src=\"https:\/\/www2.memri.org\/espanol\/wp-content\/uploads\/2018\/05\/jttmweekly05261820-1-1.jpg\" width=\"600\" height=\"314\" alt=\"\" srcset=\"https:\/\/www2.memri.org\/espanol\/wp-content\/uploads\/2018\/05\/jttmweekly05261820-1-1.jpg 600w, https:\/\/www2.memri.org\/espanol\/wp-content\/uploads\/2018\/05\/jttmweekly05261820-1-1-300x157.jpg 300w\" sizes=\"auto, (max-width: 600px) 100vw, 600px\" \/><\/p>\n<p>El 18 de mayo, 2018 un canal yihadista en la plataforma Telegram public\u00f3 una imagen (v\u00e9ase debajo) con la siguiente nota en urdu: \u00abMujahideen an\u00f3nimos hoy izan la bandera del Estado Isl\u00e1mico frente al Jama Masjid de Srinagar, la capital de Cachemira\u00bb.<\/p>\n<p><strong>Declaraci\u00f3n del Emirato Isl\u00e1mico ve la Declaraci\u00f3n de la Conferencia en Indonesia como la aprobaci\u00f3n del yihad de los talibanes en Afganist\u00e1n<\/strong><\/p>\n<p><img loading=\"lazy\" decoding=\"async\" class=\"alignnone size-full wp-image-46244\" src=\"https:\/\/www2.memri.org\/espanol\/wp-content\/uploads\/2018\/05\/jttmweekly05261821-1-1.jpg\" width=\"701\" height=\"374\" alt=\"\" srcset=\"https:\/\/www2.memri.org\/espanol\/wp-content\/uploads\/2018\/05\/jttmweekly05261821-1-1.jpg 701w, https:\/\/www2.memri.org\/espanol\/wp-content\/uploads\/2018\/05\/jttmweekly05261821-1-1-300x160.jpg 300w, https:\/\/www2.memri.org\/espanol\/wp-content\/uploads\/2018\/05\/jttmweekly05261821-1-1-600x320.jpg 600w, https:\/\/www2.memri.org\/espanol\/wp-content\/uploads\/2018\/05\/jttmweekly05261821-1-1-696x371.jpg 696w\" sizes=\"auto, (max-width: 701px) 100vw, 701px\" \/><\/p>\n<p>El 11 de mayo, 2018 decenas de ulema (estudiosos religiosos isl\u00e1micos) de Afganist\u00e1n, Pakist\u00e1n e Indonesia celebraron una conferencia de paz en la ciudad indonesia de Bogor. Se esperaba que la conferencia emitiese una fatua contra el yihad liderado por los talibanes en Afganist\u00e1n. M\u00e1s de una decena de estudiosos y acad\u00e9micos isl\u00e1micos de Afganist\u00e1n y Pakist\u00e1n participaron en dicha conferencia.<\/p>\n<p><strong>Talibanes afganos dan a conocer lista de ataques llevada a cabo en abril, 2018<\/strong><\/p>\n<p><img loading=\"lazy\" decoding=\"async\" class=\"alignnone size-full wp-image-46245\" src=\"https:\/\/www2.memri.org\/espanol\/wp-content\/uploads\/2018\/05\/jttmweekly05261822-1-1.jpg\" width=\"600\" height=\"316\" alt=\"\" srcset=\"https:\/\/www2.memri.org\/espanol\/wp-content\/uploads\/2018\/05\/jttmweekly05261822-1-1.jpg 600w, https:\/\/www2.memri.org\/espanol\/wp-content\/uploads\/2018\/05\/jttmweekly05261822-1-1-300x158.jpg 300w\" sizes=\"auto, (max-width: 600px) 100vw, 600px\" \/><\/p>\n<p>El Emirato Isl\u00e1mico de Afganist\u00e1n (la organizaci\u00f3n talib\u00e1n) public\u00f3 un informe sobre los ataques que llev\u00f3 a cabo en abril, 2018. Los incidentes citados en este informe fueron compilados por los talibanes desde sus propias fuentes y desde varios de sus medios de comunicaci\u00f3n.<\/p>\n<p><strong>Los talibanes afganos capturan partes importantes de la ciudad de Farah y liberan a 300 prisioneros<\/strong><\/p>\n<p><img loading=\"lazy\" decoding=\"async\" class=\"alignnone size-full wp-image-46246\" src=\"https:\/\/www2.memri.org\/espanol\/wp-content\/uploads\/2018\/05\/jttmweekly05261823-1.jpg\" width=\"600\" height=\"471\" alt=\"\" srcset=\"https:\/\/www2.memri.org\/espanol\/wp-content\/uploads\/2018\/05\/jttmweekly05261823-1.jpg 600w, https:\/\/www2.memri.org\/espanol\/wp-content\/uploads\/2018\/05\/jttmweekly05261823-1-300x236.jpg 300w, https:\/\/www2.memri.org\/espanol\/wp-content\/uploads\/2018\/05\/jttmweekly05261823-1-535x420.jpg 535w\" sizes=\"auto, (max-width: 600px) 100vw, 600px\" \/><\/p>\n<p>Luego de ocho d\u00edas de continuos enfrentamientos, los combatientes yihadistas del Emirato Isl\u00e1mico de Afganist\u00e1n (la organizaci\u00f3n talib\u00e1n) han capturado partes importantes de la ciudad de Farah, la capital de la provincia afgana de Farah, seg\u00fan el diario en urdu <em>Roznama Ummat<\/em>.<\/p>\n<p><strong>Declaraci\u00f3n de los talibanes afganos acusa a Estados Unidos de asesinar a civiles dice: &#8216;Los enemigos del Islam y de la humanidad han combatido la guerra contra los indefensos&#8230; el pueblo de Afganist\u00e1n&#8217;<\/strong><\/p>\n<p><img loading=\"lazy\" decoding=\"async\" class=\"alignnone size-full wp-image-46247\" src=\"https:\/\/www2.memri.org\/espanol\/wp-content\/uploads\/2018\/05\/jttmweekly05261824-1.jpg\" width=\"766\" height=\"406\" alt=\"\" srcset=\"https:\/\/www2.memri.org\/espanol\/wp-content\/uploads\/2018\/05\/jttmweekly05261824-1.jpg 766w, https:\/\/www2.memri.org\/espanol\/wp-content\/uploads\/2018\/05\/jttmweekly05261824-1-300x159.jpg 300w, https:\/\/www2.memri.org\/espanol\/wp-content\/uploads\/2018\/05\/jttmweekly05261824-1-600x318.jpg 600w, https:\/\/www2.memri.org\/espanol\/wp-content\/uploads\/2018\/05\/jttmweekly05261824-1-696x369.jpg 696w\" sizes=\"auto, (max-width: 766px) 100vw, 766px\" \/><\/p>\n<p>A continuaci\u00f3n se haya el texto de una declaraci\u00f3n emitida por el Emirato Isl\u00e1mico de Afganist\u00e1n (organizaci\u00f3n talib\u00e1n) que acusa a Estados Unidos de asesinar a civiles en Afganist\u00e1n: \u00abLas fuentes oficiales de Estados Unidos dicen que todas las acciones llevadas a cabo por las tropas estadounidenses en Afganist\u00e1n est\u00e1n reguladas y son realizadas ante el ej\u00e9rcito y sus principios.<\/p>\n<p><strong>Asesinado ex-general del ej\u00e9rcito de Pakist\u00e1n mientras supervisaba actividades de los talibanes en Afganist\u00e1n<\/strong><\/p>\n<p><img loading=\"lazy\" decoding=\"async\" class=\"alignnone size-full wp-image-46248\" src=\"https:\/\/www2.memri.org\/espanol\/wp-content\/uploads\/2018\/05\/jttmweekly05261825-1.jpg\" width=\"600\" height=\"337\" alt=\"\" srcset=\"https:\/\/www2.memri.org\/espanol\/wp-content\/uploads\/2018\/05\/jttmweekly05261825-1.jpg 600w, https:\/\/www2.memri.org\/espanol\/wp-content\/uploads\/2018\/05\/jttmweekly05261825-1-300x169.jpg 300w\" sizes=\"auto, (max-width: 600px) 100vw, 600px\" \/><\/p>\n<p>Existen informes contradictorios en los medios de comunicaci\u00f3n paquistan\u00edes que el Teniente General retirado Shahid Aziz fue asesinado en Afganist\u00e1n. Se cree que Aziz, quien se desempe\u00f1\u00f3 como director de operaciones militares generales (DOMG) en el ej\u00e9rcito pakistan\u00ed, supervis\u00f3 las operaciones de los talibanes en Afganist\u00e1n. Este sirvi\u00f3 durante 37 a\u00f1os.<\/p>\n<p><strong>Tras informes de aumentos planificados en las tropas del Reino Unido en Afganist\u00e1n, los talibanes le dicen al Reino Unido: s\u00e1lvense a s\u00ed mismos de participar una vez m\u00e1s en esta in\u00fatil y fallida guerra estadounidense.<\/strong><\/p>\n<p><img loading=\"lazy\" decoding=\"async\" class=\"alignnone size-full wp-image-46249\" src=\"https:\/\/www2.memri.org\/espanol\/wp-content\/uploads\/2018\/05\/jttmweekly05261826_0-1.jpg\" width=\"768\" height=\"323\" alt=\"\" srcset=\"https:\/\/www2.memri.org\/espanol\/wp-content\/uploads\/2018\/05\/jttmweekly05261826_0-1.jpg 768w, https:\/\/www2.memri.org\/espanol\/wp-content\/uploads\/2018\/05\/jttmweekly05261826_0-1-300x126.jpg 300w, https:\/\/www2.memri.org\/espanol\/wp-content\/uploads\/2018\/05\/jttmweekly05261826_0-1-600x252.jpg 600w, https:\/\/www2.memri.org\/espanol\/wp-content\/uploads\/2018\/05\/jttmweekly05261826_0-1-696x293.jpg 696w\" sizes=\"auto, (max-width: 768px) 100vw, 768px\" \/><\/p>\n<p>El Emirato Isl\u00e1mico de Afganist\u00e1n (la organizaci\u00f3n talib\u00e1n) emiti\u00f3 un comunicado en respuesta a los informes de los medios de comunicaci\u00f3n que dicen que el gobierno brit\u00e1nico tiene la intenci\u00f3n de aumentar el n\u00famero de sus tropas en Afganist\u00e1n de 600 a 1050 soldados. Lo siguiente es el texto de la declaraci\u00f3n: \u00abSe han publicado informes de que, tras el fracaso de la nueva estrategia anunciada por [el Presidente estadounidense Donald] Trump, funcionarios estadounidenses presionaron al gobierno brit\u00e1nico para que env\u00ede tropas adicionales a la guerra en Afganist\u00e1n a fin de equiparar hasta cierto punto el fracaso de los estadounidenses.<\/p>\n<p><strong>Talibanes ofrecen amnist\u00eda a los afganos que abandonan sus empleos con las fuerzas extranjeras y el gobierno afgano en Kabul<\/strong><\/p>\n<p><img loading=\"lazy\" decoding=\"async\" class=\"alignnone size-full wp-image-46250\" src=\"https:\/\/www2.memri.org\/espanol\/wp-content\/uploads\/2018\/05\/jttmweekly05261827-1.jpg\" width=\"733\" height=\"172\" alt=\"\" srcset=\"https:\/\/www2.memri.org\/espanol\/wp-content\/uploads\/2018\/05\/jttmweekly05261827-1.jpg 733w, https:\/\/www2.memri.org\/espanol\/wp-content\/uploads\/2018\/05\/jttmweekly05261827-1-300x70.jpg 300w, https:\/\/www2.memri.org\/espanol\/wp-content\/uploads\/2018\/05\/jttmweekly05261827-1-600x141.jpg 600w, https:\/\/www2.memri.org\/espanol\/wp-content\/uploads\/2018\/05\/jttmweekly05261827-1-696x163.jpg 696w\" sizes=\"auto, (max-width: 733px) 100vw, 733px\" \/><\/p>\n<p>Reivindicando \u00e9xitos en sus operaciones de Al-Khandaq, que lanz\u00f3 el 25 de abril, 2018 el Emirato Isl\u00e1mico de Afganist\u00e1n (la organizaci\u00f3n talib\u00e1n) emiti\u00f3 una declaraci\u00f3n instando a los afganos a dejar sus trabajos con las fuerzas militares extranjeras y el gobierno afgano en Kabul.<\/p>\n<p><strong>Talibanes afganos se\u00f1alan sus \u00e9xitos en las operaciones de Al-Khandaq y dicen: \u00abLa iniciativa de la guerra es con los muyahidines\u00bb<\/strong><\/p>\n<p><img loading=\"lazy\" decoding=\"async\" class=\"alignnone size-full wp-image-46251\" src=\"https:\/\/www2.memri.org\/espanol\/wp-content\/uploads\/2018\/05\/jttmweekly05261828-1.jpg\" width=\"600\" height=\"315\" alt=\"\" srcset=\"https:\/\/www2.memri.org\/espanol\/wp-content\/uploads\/2018\/05\/jttmweekly05261828-1.jpg 600w, https:\/\/www2.memri.org\/espanol\/wp-content\/uploads\/2018\/05\/jttmweekly05261828-1-300x158.jpg 300w\" sizes=\"auto, (max-width: 600px) 100vw, 600px\" \/><\/p>\n<p>El 19 de mayo, 2018 el Emirato Isl\u00e1mico de Afganist\u00e1n (la organizaci\u00f3n talib\u00e1n) emiti\u00f3 la siguiente declaraci\u00f3n enumerando sus \u00e9xitos militares durante las operaciones de Al-Khandaq que duraron un mes.<\/p>\n","protected":false},"excerpt":{"rendered":"<p>Lo siguiente son algunos de los informes de esta semana del Proyecto Supervisi\u00f3n a la Amenaza Terrorista y Yihad (PSATY) en MEMRI, que traduce y analiza el contenido de fuentes monitoreadas y supervisadas las 24 horas del d\u00eda, 7 d\u00edas a la semana, entre estos los portales y blogs yihadistas m\u00e1s importantes. (Para ver estos [&hellip;]<\/p>\n","protected":false},"author":1,"featured_media":46223,"comment_status":"open","ping_status":"open","sticky":false,"template":"","format":"standard","meta":{"footnotes":""},"categories":[33,4,10,9,2],"tags":[],"class_list":["post-46133","post","type-post","status-publish","format-standard","has-post-thumbnail","hentry","category-boletin-especial","category-archivos","category-estudios-sobre-terrorismo-y-yihad","category-temas","category-featured"],"_links":{"self":[{"href":"https:\/\/www2.memri.org\/espanol\/wp-json\/wp\/v2\/posts\/46133","targetHints":{"allow":["GET"]}}],"collection":[{"href":"https:\/\/www2.memri.org\/espanol\/wp-json\/wp\/v2\/posts"}],"about":[{"href":"https:\/\/www2.memri.org\/espanol\/wp-json\/wp\/v2\/types\/post"}],"author":[{"embeddable":true,"href":"https:\/\/www2.memri.org\/espanol\/wp-json\/wp\/v2\/users\/1"}],"replies":[{"embeddable":true,"href":"https:\/\/www2.memri.org\/espanol\/wp-json\/wp\/v2\/comments?post=46133"}],"version-history":[{"count":0,"href":"https:\/\/www2.memri.org\/espanol\/wp-json\/wp\/v2\/posts\/46133\/revisions"}],"wp:featuredmedia":[{"embeddable":true,"href":"https:\/\/www2.memri.org\/espanol\/wp-json\/wp\/v2\/media\/46223"}],"wp:attachment":[{"href":"https:\/\/www2.memri.org\/espanol\/wp-json\/wp\/v2\/media?parent=46133"}],"wp:term":[{"taxonomy":"category","embeddable":true,"href":"https:\/\/www2.memri.org\/espanol\/wp-json\/wp\/v2\/categories?post=46133"},{"taxonomy":"post_tag","embeddable":true,"href":"https:\/\/www2.memri.org\/espanol\/wp-json\/wp\/v2\/tags?post=46133"}],"curies":[{"name":"wp","href":"https:\/\/api.w.org\/{rel}","templated":true}]}}