{"id":4609,"date":"2011-05-06T00:00:00","date_gmt":"2011-05-06T00:00:00","guid":{"rendered":"http:\/\/www2.memri.org\/espanol\/2011\/05\/06\/comando-general-de-al-qaeda-confirma-muerte-de-osama-bin-laden\/"},"modified":"2016-01-13T21:42:02","modified_gmt":"2016-01-13T21:42:02","slug":"comando-general-de-al-qaeda-confirma-muerte-de-osama-bin-laden","status":"publish","type":"post","link":"https:\/\/www2.memri.org\/espanol\/comando-general-de-al-qaeda-confirma-muerte-de-osama-bin-laden\/4609","title":{"rendered":"Comando general de Al-Qaeda confirma muerte de Osama Bin Laden"},"content":{"rendered":"<div class=\"bodytext c1\">\n<p>Nota a los medios de comunicaci\u00f3n y del gobierno: Para obtener una copia de este informe, env\u00ede un correo electr\u00f3nico con el siguiente destacado \u00abComando Central de Al-Qaeda Confirma Muerte de Bin Laden\u00bb a <a href=\"mailto:media@memri.org\">media@memri.org<\/a>.<\/p>\n<p>El 6 de mayo del 2011, el comando general de Al-Qaeda public\u00f3 un comunicado oficial en los foros jihadistas confirmando la muerte del l\u00edder de Al-Qaeda Osama bin Laden.<\/p>\n<p>La declaraci\u00f3n llam\u00f3 el d\u00eda de la muerte de bin Laden \u00abun d\u00eda hist\u00f3rico en los d\u00edas de la gran comunidad musulmana\u00bb y pas\u00f3 a describir el incesante trabajo de bin Laden en hacer frente a sus enemigos y en la difusi\u00f3n del esp\u00edritu del Jihad y la perseverancia en el resto del Ummah.<\/p>\n<p>El texto completo de este informe est\u00e1 a disposici\u00f3n de los subscriptores del Proyecto de Supervisi\u00f3n a la Amenaza Terrorista y Jihad de MEMRI.<\/p>\n<p>La informaci\u00f3n para suscribirse est\u00e1 disponible en <strong><a href=\"http:\/\/subscriptions.memri.org\/content\/en\/member_registr_jttm.htm\">este enlace<\/a><\/strong> .<\/p>\n<p>Los suscriptores del PSATJ pueden visitar <strong><a href=\"http:\/\/www.memrijttm.org\">www.memrijttm.org<\/a><\/strong> para ver el informe.<\/p>\n<\/div>\n","protected":false},"excerpt":{"rendered":"<p>Nota a los medios de comunicaci\u00f3n y del gobierno: Para obtener una copia de este informe, env\u00ede un correo electr\u00f3nico con el siguiente destacado \u00abComando Central de Al-Qaeda Confirma Muerte de Bin Laden\u00bb a media@memri.org. El 6 de mayo del 2011, el comando general de Al-Qaeda public\u00f3 un comunicado oficial en los foros jihadistas confirmando [&hellip;]<\/p>\n","protected":false},"author":1,"featured_media":0,"comment_status":"open","ping_status":"open","sticky":false,"template":"","format":"standard","meta":{"footnotes":""},"categories":[10,6],"tags":[],"class_list":["post-4609","post","type-post","status-publish","format-standard","hentry","category-estudios-sobre-terrorismo-y-yihad","category-comunicados-especiales"],"_links":{"self":[{"href":"https:\/\/www2.memri.org\/espanol\/wp-json\/wp\/v2\/posts\/4609","targetHints":{"allow":["GET"]}}],"collection":[{"href":"https:\/\/www2.memri.org\/espanol\/wp-json\/wp\/v2\/posts"}],"about":[{"href":"https:\/\/www2.memri.org\/espanol\/wp-json\/wp\/v2\/types\/post"}],"author":[{"embeddable":true,"href":"https:\/\/www2.memri.org\/espanol\/wp-json\/wp\/v2\/users\/1"}],"replies":[{"embeddable":true,"href":"https:\/\/www2.memri.org\/espanol\/wp-json\/wp\/v2\/comments?post=4609"}],"version-history":[{"count":0,"href":"https:\/\/www2.memri.org\/espanol\/wp-json\/wp\/v2\/posts\/4609\/revisions"}],"wp:attachment":[{"href":"https:\/\/www2.memri.org\/espanol\/wp-json\/wp\/v2\/media?parent=4609"}],"wp:term":[{"taxonomy":"category","embeddable":true,"href":"https:\/\/www2.memri.org\/espanol\/wp-json\/wp\/v2\/categories?post=4609"},{"taxonomy":"post_tag","embeddable":true,"href":"https:\/\/www2.memri.org\/espanol\/wp-json\/wp\/v2\/tags?post=4609"}],"curies":[{"name":"wp","href":"https:\/\/api.w.org\/{rel}","templated":true}]}}