{"id":4589,"date":"2011-04-28T00:00:00","date_gmt":"2011-04-28T00:00:00","guid":{"rendered":"http:\/\/www2.memri.org\/espanol\/2011\/04\/28\/fundacion-cultural-irani-se-burla-del-holocausto\/"},"modified":"2016-01-13T21:43:56","modified_gmt":"2016-01-13T21:43:56","slug":"fundacion-cultural-irani-se-burla-del-holocausto","status":"publish","type":"post","link":"https:\/\/www2.memri.org\/espanol\/fundacion-cultural-irani-se-burla-del-holocausto\/4589","title":{"rendered":"Fundaci\u00f3n Cultural Iran\u00ed se burla del Holocausto"},"content":{"rendered":"<div class=\"bodytext c35\">\n<p><em><img loading=\"lazy\" decoding=\"async\" class=\"alignnone size-full wp-image-6887\" src=\"http:\/\/www2.memri.org\/espanol\/wp-content\/uploads\/2016\/01\/6964.jpg\" width=\"314\" height=\"166\" srcset=\"https:\/\/www2.memri.org\/espanol\/wp-content\/uploads\/2016\/01\/6964.jpg 314w, https:\/\/www2.memri.org\/espanol\/wp-content\/uploads\/2016\/01\/6964-300x159.jpg 300w\" sizes=\"auto, (max-width: 314px) 100vw, 314px\" \/><\/em><\/p>\n<p><em>HoloCartoons.com, un portal antisemita iran\u00ed lanzado en agosto del 2010, tiene como objetivo burlarse y denigrar al Holocausto bajo la premisa de que estos eventos fueron fabricados completamente por los jud\u00edos para sus propios prop\u00f3sitos infames.<\/em><\/p>\n<p><em>Un visitante del portal, el cual tiene p\u00e1ginas en ingl\u00e9s, espa\u00f1ol, \u00e1rabe y persa, es recibido por la m\u00fasica del tema de<\/em> <em>la Pantera Rosa<\/em><em>, e informado que est\u00e1 dedicado a aquellos asesinados \u00abbajo el pretexto del Holocausto\u00bb. Este cuenta con un libro virtual, \u00abHoloCartoons\u00bb, el prefacio al que dice, en parte: \u00abEste libro tiende a denunciar la mentira evidente del asesinato [premeditado] de 6 millones de jud\u00edos durante<\/em> <em>la Segunda Guerra<\/em> <em>Mundial&#8217; supuestamente llamado &#8216;Holocausto&#8217;. La mentira siendo esta tan evidente que no hay necesidad de m\u00e1s explicaciones\u00bb.<\/em><\/p>\n<p><em>Visitantes de HoloCartoons.com tambi\u00e9n pueden hacer clic en los iconos para ver una serie de videos sobre temas antisemitas del Holocausto en el canal de YouTube HoloCartoons. <a href=\"#_edn1\" name=\"_ednref1\">[1]<\/a><\/em><\/p>\n<p><em>De acuerdo con la agencia semioficial de noticias iran\u00ed Fars, el caricaturista iran\u00ed Maziar Bijani, uno de los fundadores de Holocartoons.com, dijo que sus fondos provienen de una fundaci\u00f3n cultural iran\u00ed no gubernamental. <a href=\"#_edn2\" name=\"_ednref2\">[2]<\/a><\/em><\/p>\n<p><em>El a\u00f1o pasado, MEMRI ha publicado una serie de informes y clips de v\u00eddeo que tratan con manifestaciones de antisemitismo en Ir\u00e1n. La mayor\u00eda de estas manifestaciones aparecieron en portales o son promovidos o autorizados por el r\u00e9gimen iran\u00ed &#8211; incluyendo los portales en idiomas extranjeros de la autoridad estatal de radiodifusi\u00f3n iran\u00ed &#8211; que se centran en la negaci\u00f3n del Holocausto.<\/em><\/p>\n<p><em>* Antes del D\u00eda del Recordaci\u00f3n Internacional del Holocausto, el 27 de enero, varios portales iran\u00edes publicaron art\u00edculos negando el Holocausto. V\u00e9ase MEMRI Despacho Especial No. 3538, \u00abEn adelantado al D\u00eda Internacional de Recordaci\u00f3n del Holocausto, el portal iran\u00ed &#8216;Sociedad de Investigaci\u00f3n Adolfo Hitler&#8217; muestra c\u00f3mo fueron &#8216;trucadas&#8217; las fotos del Holocausto por los jud\u00edos y portal iran\u00ed publica serie de negador franc\u00e9s del Holocausto\u00bb, 26 de enero del 2011, <a href=\"http:\/\/www.memri.org\/report\/en\/0\/0\/0\/0\/0\/0\/4948.htm\">http:\/\/www.memri.org\/report\/en\/0\/0\/0\/0\/0\/0\/4948.htm<\/a>.<\/em><\/p>\n<p><em>* El r\u00e9gimen iran\u00ed oficialmente aprueba y permite a los portales neo-nazis y negadores del Holocausto que operen bajo sus auspicios. V\u00e9ase MEMRI Despacho Especial No. 3409, \u00abPortales iran\u00edes neo-nazis y negadores del Holocausto operan con aprobaci\u00f3n oficial del gobierno\u00bb, 30 de noviembre, 2010<\/em> http:\/\/www2.memri.org\/bin\/espanol\/articulos.cgi?Page=archives&amp;Area=ia&amp;ID=SD340910<em>.<\/em><\/p>\n<p><em>* Un debate en mayo, 2010 en el canal oficial de la televisi\u00f3n iran\u00ed Al-Alaam TV sobre la negaci\u00f3n del Holocausto, v\u00e9ase MEMRI TV Clip No. 2472: \u00abNegaci\u00f3n del Holocausto debatido en la televisi\u00f3n iran\u00ed: No hubo c\u00e1maras de gas, no se puede comprimir 2000 jud\u00edos en<\/em> <em>100 metros cuadrados<\/em><em>\u00ab, 5 de mayo del 2010, <a href=\"http:\/\/www.memritv.org\/clip\/en\/2474.htm\">http:\/\/www.memritv.org\/clip\/en\/2474.htm<\/a>.<\/em><\/p>\n<p><em>* En septiembre del 2008, el canal oficial de la televisi\u00f3n de Ir\u00e1n IRINN TV inform\u00f3 sobre la publicaci\u00f3n en Ir\u00e1n de un libro de caricaturas sobre el Holocausto, v\u00e9ase MEMRI TV Clip No. 1879, <a href=\"http:\/\/www.memritv.org\/clip\/en\/1879.htm\">http:\/\/www.memritv.org\/clip\/en\/1879.htm<\/a>.<\/em><\/p>\n<p><em>* Tambi\u00e9n, a principios de este mes, la agencia de noticias iran\u00ed Fars inform\u00f3 que el prominente negador del Holocausto Fredrick Toben, director del Instituto Adelaide, \u00abelogi\u00f3 al Presidente iran\u00ed Mahmud Ahmadinejad por su papel clave en romper el tab\u00fa en el estudio de la realidad del holocausto jud\u00edo\u00bb. V\u00e9ase Blog de MEMRI, 6 de abril, 2011 http:\/\/www.thememriblog.org\/antisemitism\/blog_personal\/en\/36303.htm<\/em><\/p>\n<p><em>Debajo se encuentran las im\u00e1genes de uno de los videos de HoloCartoons, publicado en agosto, 2010. Para ver el video en MEMRI TV, visite http:\/\/www.memritv.org\/clip\/en\/2903.htm.<\/em><\/p>\n<p><em>Seguido a esto est\u00e1n las im\u00e1genes y el texto del libro virtual de HoloCartoons, publicado en agosto del 2010, en su totalidad, en su ingl\u00e9s original.<\/em><\/p>\n<p><strong>HoloCartoons: Im\u00e1genes de un V\u00eddeo<\/strong><\/p>\n<p><img loading=\"lazy\" decoding=\"async\" class=\"alignnone size-full wp-image-6888\" src=\"http:\/\/www2.memri.org\/espanol\/wp-content\/uploads\/2016\/01\/6965.jpg\" width=\"314\" height=\"231\" srcset=\"https:\/\/www2.memri.org\/espanol\/wp-content\/uploads\/2016\/01\/6965.jpg 314w, https:\/\/www2.memri.org\/espanol\/wp-content\/uploads\/2016\/01\/6965-300x221.jpg 300w, https:\/\/www2.memri.org\/espanol\/wp-content\/uploads\/2016\/01\/6965-80x60.jpg 80w\" sizes=\"auto, (max-width: 314px) 100vw, 314px\" \/><\/p>\n<p><img loading=\"lazy\" decoding=\"async\" class=\"alignnone size-full wp-image-6889\" src=\"http:\/\/www2.memri.org\/espanol\/wp-content\/uploads\/2016\/01\/6966.jpg\" width=\"314\" height=\"231\" srcset=\"https:\/\/www2.memri.org\/espanol\/wp-content\/uploads\/2016\/01\/6966.jpg 314w, https:\/\/www2.memri.org\/espanol\/wp-content\/uploads\/2016\/01\/6966-300x221.jpg 300w, https:\/\/www2.memri.org\/espanol\/wp-content\/uploads\/2016\/01\/6966-80x60.jpg 80w\" sizes=\"auto, (max-width: 314px) 100vw, 314px\" \/><\/p>\n<p><img loading=\"lazy\" decoding=\"async\" class=\"alignnone size-full wp-image-6890\" src=\"http:\/\/www2.memri.org\/espanol\/wp-content\/uploads\/2016\/01\/6967.jpg\" width=\"314\" height=\"233\" srcset=\"https:\/\/www2.memri.org\/espanol\/wp-content\/uploads\/2016\/01\/6967.jpg 314w, https:\/\/www2.memri.org\/espanol\/wp-content\/uploads\/2016\/01\/6967-300x223.jpg 300w, https:\/\/www2.memri.org\/espanol\/wp-content\/uploads\/2016\/01\/6967-80x60.jpg 80w, https:\/\/www2.memri.org\/espanol\/wp-content\/uploads\/2016\/01\/6967-265x198.jpg 265w\" sizes=\"auto, (max-width: 314px) 100vw, 314px\" \/><\/p>\n<p><img loading=\"lazy\" decoding=\"async\" class=\"alignnone size-full wp-image-6891\" src=\"http:\/\/www2.memri.org\/espanol\/wp-content\/uploads\/2016\/01\/6968.jpg\" width=\"314\" height=\"233\" srcset=\"https:\/\/www2.memri.org\/espanol\/wp-content\/uploads\/2016\/01\/6968.jpg 314w, https:\/\/www2.memri.org\/espanol\/wp-content\/uploads\/2016\/01\/6968-300x223.jpg 300w, https:\/\/www2.memri.org\/espanol\/wp-content\/uploads\/2016\/01\/6968-80x60.jpg 80w, https:\/\/www2.memri.org\/espanol\/wp-content\/uploads\/2016\/01\/6968-265x198.jpg 265w\" sizes=\"auto, (max-width: 314px) 100vw, 314px\" \/><\/p>\n<p><img loading=\"lazy\" decoding=\"async\" class=\"alignnone size-full wp-image-6892\" src=\"http:\/\/www2.memri.org\/espanol\/wp-content\/uploads\/2016\/01\/6969.jpg\" width=\"314\" height=\"233\" srcset=\"https:\/\/www2.memri.org\/espanol\/wp-content\/uploads\/2016\/01\/6969.jpg 314w, https:\/\/www2.memri.org\/espanol\/wp-content\/uploads\/2016\/01\/6969-300x223.jpg 300w, https:\/\/www2.memri.org\/espanol\/wp-content\/uploads\/2016\/01\/6969-80x60.jpg 80w, https:\/\/www2.memri.org\/espanol\/wp-content\/uploads\/2016\/01\/6969-265x198.jpg 265w\" sizes=\"auto, (max-width: 314px) 100vw, 314px\" \/><\/p>\n<p><img loading=\"lazy\" decoding=\"async\" class=\"alignnone size-full wp-image-6893\" src=\"http:\/\/www2.memri.org\/espanol\/wp-content\/uploads\/2016\/01\/6970.jpg\" width=\"314\" height=\"233\" srcset=\"https:\/\/www2.memri.org\/espanol\/wp-content\/uploads\/2016\/01\/6970.jpg 314w, https:\/\/www2.memri.org\/espanol\/wp-content\/uploads\/2016\/01\/6970-300x223.jpg 300w, https:\/\/www2.memri.org\/espanol\/wp-content\/uploads\/2016\/01\/6970-80x60.jpg 80w, https:\/\/www2.memri.org\/espanol\/wp-content\/uploads\/2016\/01\/6970-265x198.jpg 265w\" sizes=\"auto, (max-width: 314px) 100vw, 314px\" \/><\/p>\n<p><img loading=\"lazy\" decoding=\"async\" class=\"alignnone size-full wp-image-6894\" src=\"http:\/\/www2.memri.org\/espanol\/wp-content\/uploads\/2016\/01\/6971.jpg\" width=\"314\" height=\"233\" srcset=\"https:\/\/www2.memri.org\/espanol\/wp-content\/uploads\/2016\/01\/6971.jpg 314w, https:\/\/www2.memri.org\/espanol\/wp-content\/uploads\/2016\/01\/6971-300x223.jpg 300w, https:\/\/www2.memri.org\/espanol\/wp-content\/uploads\/2016\/01\/6971-80x60.jpg 80w, https:\/\/www2.memri.org\/espanol\/wp-content\/uploads\/2016\/01\/6971-265x198.jpg 265w\" sizes=\"auto, (max-width: 314px) 100vw, 314px\" \/><\/p>\n<p><strong>\u00abHoloCartoons\u00bb: El Libro Virtual<\/strong><\/p>\n<p><img loading=\"lazy\" decoding=\"async\" class=\"alignnone size-full wp-image-6895\" src=\"http:\/\/www2.memri.org\/espanol\/wp-content\/uploads\/2016\/01\/6972.jpg\" width=\"314\" height=\"169\" srcset=\"https:\/\/www2.memri.org\/espanol\/wp-content\/uploads\/2016\/01\/6972.jpg 314w, https:\/\/www2.memri.org\/espanol\/wp-content\/uploads\/2016\/01\/6972-300x161.jpg 300w\" sizes=\"auto, (max-width: 314px) 100vw, 314px\" \/><\/p>\n<p><img loading=\"lazy\" decoding=\"async\" class=\"alignnone size-full wp-image-6896\" src=\"http:\/\/www2.memri.org\/espanol\/wp-content\/uploads\/2016\/01\/6973.jpg\" width=\"1006\" height=\"497\" srcset=\"https:\/\/www2.memri.org\/espanol\/wp-content\/uploads\/2016\/01\/6973.jpg 1006w, https:\/\/www2.memri.org\/espanol\/wp-content\/uploads\/2016\/01\/6973-300x148.jpg 300w, https:\/\/www2.memri.org\/espanol\/wp-content\/uploads\/2016\/01\/6973-768x379.jpg 768w, https:\/\/www2.memri.org\/espanol\/wp-content\/uploads\/2016\/01\/6973-600x296.jpg 600w, https:\/\/www2.memri.org\/espanol\/wp-content\/uploads\/2016\/01\/6973-324x160.jpg 324w, https:\/\/www2.memri.org\/espanol\/wp-content\/uploads\/2016\/01\/6973-696x344.jpg 696w, https:\/\/www2.memri.org\/espanol\/wp-content\/uploads\/2016\/01\/6973-850x420.jpg 850w\" sizes=\"auto, (max-width: 1006px) 100vw, 1006px\" \/><\/p>\n<p><img loading=\"lazy\" decoding=\"async\" class=\"alignnone size-full wp-image-6897\" src=\"http:\/\/www2.memri.org\/espanol\/wp-content\/uploads\/2016\/01\/6974.jpg\" width=\"623\" height=\"487\" srcset=\"https:\/\/www2.memri.org\/espanol\/wp-content\/uploads\/2016\/01\/6974.jpg 623w, https:\/\/www2.memri.org\/espanol\/wp-content\/uploads\/2016\/01\/6974-300x235.jpg 300w, https:\/\/www2.memri.org\/espanol\/wp-content\/uploads\/2016\/01\/6974-600x469.jpg 600w, https:\/\/www2.memri.org\/espanol\/wp-content\/uploads\/2016\/01\/6974-537x420.jpg 537w\" sizes=\"auto, (max-width: 623px) 100vw, 623px\" \/><\/p>\n<p>Dedicado a todos aquellos que fueron asesinados bajo el pretexto del Holocausto&#8230;<\/p>\n<p>HOLOCAUSTO<\/p>\n<p><strong>Pr\u00f3logo<\/strong><\/p>\n<p>Este libro tiende a denunciar la mentira evidente del \u00abasesinato planificado de 6 millones de jud\u00edos durante la Segunda Guerra Mundial\u00bb supuestamente llamado \u00abHolocausto\u00bb. La mentira es tan evidente que no hay necesidad de m\u00e1s explicaciones. La mentira en la que los sionistas ocupantes de Palestina han justificado su ocupaci\u00f3n de Palestina y muchos de sus cr\u00edmenes durante a\u00f1os.<\/p>\n<p>Sin embargo, los fieles seguidores de Mois\u00e9s son nuestros hermanos tal como el profeta Mois\u00e9s es el hermano de nuestro profeta y un gran profeta. Con nosotros, los sionistas son diferentes de los verdaderos seguidores de Mois\u00e9s y en este libro han sido tratados de manera diferente y el libro se refiere a los sionistas, se encuentran aquellos cuyas actuaciones vergonzosas han arruinado el aspecto verdadero de los seguidores de Mois\u00e9s.<\/p>\n<p>Respetamos a todos los que han sido sacrificados en la Segunda Guerra Mundial, ya sean jud\u00edos, cristianos o musulmanes. As\u00ed como respetamos a todas las personas que son asesinadas en condici\u00f3n de oprimidos y consideran su defensa parte de su responsabilidad. Por lo tanto, las v\u00edctimas palestinas asesinadas por los criminales sionistas en defensa de su estado y existencia no ser\u00e1n olvidadas. Los sionistas arruinaron Palestina bajo La Gran Mentira del \u00abHolocausto\u00bb.<\/p>\n<p>Holocausto supuestamente se refiere a un enorme desastre en el que 6 millones de jud\u00edos de 5 millones y cuatrocientas poblaciones jud\u00edas que habitaban en Europa, fallecieron tr\u00e1gicamente. Dios bendiga sus almas y sus recuerdos son siempre de buena consecuencia en la historia.<\/p>\n<p>Tengan en cuenta que a partir de ahora la forma corta \u00abHolo\u00bb se utilizara para definir \u00abHolocausto\u00bb.<\/p>\n<p><img loading=\"lazy\" decoding=\"async\" class=\"alignnone size-full wp-image-6898\" src=\"http:\/\/www2.memri.org\/espanol\/wp-content\/uploads\/2016\/01\/6977.jpg\" width=\"482\" height=\"274\" srcset=\"https:\/\/www2.memri.org\/espanol\/wp-content\/uploads\/2016\/01\/6977.jpg 482w, https:\/\/www2.memri.org\/espanol\/wp-content\/uploads\/2016\/01\/6977-300x171.jpg 300w\" sizes=\"auto, (max-width: 482px) 100vw, 482px\" \/><\/p>\n<p>Desde el punto de vista sionista, la historia se divide en tres eras principales:<\/p>\n<p>La primera era: antes de Holo<br \/>La segunda era: durante el Holo<br \/>La tercera era: despu\u00e9s de Holo<\/p>\n<p><img loading=\"lazy\" decoding=\"async\" class=\"alignnone size-full wp-image-6899\" src=\"http:\/\/www2.memri.org\/espanol\/wp-content\/uploads\/2016\/01\/6978.jpg\" width=\"469\" height=\"409\" srcset=\"https:\/\/www2.memri.org\/espanol\/wp-content\/uploads\/2016\/01\/6978.jpg 469w, https:\/\/www2.memri.org\/espanol\/wp-content\/uploads\/2016\/01\/6978-300x262.jpg 300w\" sizes=\"auto, (max-width: 469px) 100vw, 469px\" \/><\/p>\n<p><strong>Antes de \u00abHolo\u00bb:<\/strong><\/p>\n<p>Cabe destacar que la palabra sionista exist\u00eda incluso antes de \u00abHolo\u00bb, mucho tiempo antes de esta. Incluso desde el principio. Pero luego, sus nombres fueron otras cosas.<\/p>\n<p>Eran un pueblo refinado y culto que no ten\u00eda necesidad de las ense\u00f1anzas de los profetas. Ellos separaban a gente que no eran bien educados ni cultos como ellos y segu\u00edan a Mois\u00e9s y las instrucciones de los otros profetas a fin de evitar que la cultura y el refinamiento de la sociedad decayeran.<\/p>\n<p>Ellos le ofrec\u00edan los versos de su libro sagrado a gente y tomaban una peque\u00f1a cantidad de dinero de ellos para que esta gente pudiera apreciar el valor de esos versos. Les escond\u00edan algunos de los versos, por supuesto para preservar la fe del pueblo y a cambio, producir\u00edan algunos m\u00e1s adecuados y los presentaban a la sociedad.<\/p>\n<p><img loading=\"lazy\" decoding=\"async\" class=\"alignnone size-full wp-image-6900\" src=\"http:\/\/www2.memri.org\/espanol\/wp-content\/uploads\/2016\/01\/6979.jpg\" width=\"381\" height=\"256\" srcset=\"https:\/\/www2.memri.org\/espanol\/wp-content\/uploads\/2016\/01\/6979.jpg 381w, https:\/\/www2.memri.org\/espanol\/wp-content\/uploads\/2016\/01\/6979-300x202.jpg 300w\" sizes=\"auto, (max-width: 381px) 100vw, 381px\" \/><\/p>\n<p>Eran amables y bondadosos. Su bondad era en medida, que permitir\u00eda a sus profetas elegir el estilo de sus asesinatos.<\/p>\n<p><img loading=\"lazy\" decoding=\"async\" class=\"alignnone size-full wp-image-6901\" src=\"http:\/\/www2.memri.org\/espanol\/wp-content\/uploads\/2016\/01\/6980.jpg\" width=\"304\" height=\"536\" srcset=\"https:\/\/www2.memri.org\/espanol\/wp-content\/uploads\/2016\/01\/6980.jpg 304w, https:\/\/www2.memri.org\/espanol\/wp-content\/uploads\/2016\/01\/6980-170x300.jpg 170w, https:\/\/www2.memri.org\/espanol\/wp-content\/uploads\/2016\/01\/6980-238x420.jpg 238w\" sizes=\"auto, (max-width: 304px) 100vw, 304px\" \/><\/p>\n<p>Estaban verdaderamente interesados en las artes visuales. Por lo tanto uno de sus artistas famosos con nombre \u00abSteven Samery\u00bb haciendo un becerro art\u00edstico hizo florecer el arte e hizo que la gente lo respetara.<\/p>\n<p><img loading=\"lazy\" decoding=\"async\" class=\"alignnone size-full wp-image-6902\" src=\"http:\/\/www2.memri.org\/espanol\/wp-content\/uploads\/2016\/01\/6981.jpg\" width=\"450\" height=\"374\" srcset=\"https:\/\/www2.memri.org\/espanol\/wp-content\/uploads\/2016\/01\/6981.jpg 450w, https:\/\/www2.memri.org\/espanol\/wp-content\/uploads\/2016\/01\/6981-300x249.jpg 300w\" sizes=\"auto, (max-width: 450px) 100vw, 450px\" \/><\/p>\n<p>Prestaban dinero a los necesitados y para el momento del reembolso, les cobrar\u00e1n una peque\u00f1a cantidad de dinero que se gastaba para el desarrollo y la construcci\u00f3n del pueblo.<\/p>\n<p><img loading=\"lazy\" decoding=\"async\" class=\"alignnone size-full wp-image-6903\" src=\"http:\/\/www2.memri.org\/espanol\/wp-content\/uploads\/2016\/01\/6982.jpg\" width=\"454\" height=\"445\" srcset=\"https:\/\/www2.memri.org\/espanol\/wp-content\/uploads\/2016\/01\/6982.jpg 454w, https:\/\/www2.memri.org\/espanol\/wp-content\/uploads\/2016\/01\/6982-300x294.jpg 300w, https:\/\/www2.memri.org\/espanol\/wp-content\/uploads\/2016\/01\/6982-428x420.jpg 428w\" sizes=\"auto, (max-width: 454px) 100vw, 454px\" \/><\/p>\n<p>Causaban algunas transiciones sociales, pol\u00edticas y culturales en el mundo desuniendo las naciones y sociedades con el fin de mejorar su condici\u00f3n. Y durante estas transiciones que eran por el amor de Dios, obtendr\u00edan beneficios interesantes.<\/p>\n<p>Sin embargo, no est\u00e1 claro por qu\u00e9 en la historia, los no jud\u00edos siempre pelearon con los jud\u00edos, quienes eran extremadamente buenos, bondadosos, amantes del arte y gente atractiva y los asesinaron.<\/p>\n<p><img loading=\"lazy\" decoding=\"async\" class=\"alignnone size-full wp-image-6904\" src=\"http:\/\/www2.memri.org\/espanol\/wp-content\/uploads\/2016\/01\/6983.jpg\" width=\"312\" height=\"380\" srcset=\"https:\/\/www2.memri.org\/espanol\/wp-content\/uploads\/2016\/01\/6983.jpg 312w, https:\/\/www2.memri.org\/espanol\/wp-content\/uploads\/2016\/01\/6983-246x300.jpg 246w\" sizes=\"auto, (max-width: 312px) 100vw, 312px\" \/><\/p>\n<p>Todo estuvo bien durante a\u00f1os y siglos.<\/p>\n<p>Hasta que \u00abAdolfo Hitler\u00bb apareci\u00f3 en escena. Hitler era un alem\u00e1n buen mozo, irritable y ansioso en sofocar a los jud\u00edos.<\/p>\n<p><strong><img loading=\"lazy\" decoding=\"async\" class=\"alignnone size-full wp-image-6905\" src=\"http:\/\/www2.memri.org\/espanol\/wp-content\/uploads\/2016\/01\/6984.jpg\" width=\"338\" height=\"368\" srcset=\"https:\/\/www2.memri.org\/espanol\/wp-content\/uploads\/2016\/01\/6984.jpg 338w, https:\/\/www2.memri.org\/espanol\/wp-content\/uploads\/2016\/01\/6984-276x300.jpg 276w\" sizes=\"auto, (max-width: 338px) 100vw, 338px\" \/><\/strong><\/p>\n<p><strong>Durante el \u00abHolo\u00bb:<\/strong><\/p>\n<p>Un d\u00eda, cuando Hitler despert\u00f3 decidi\u00f3 sofocar a 6 millones de jud\u00edos. Pero, por desgracia s\u00f3lo hab\u00eda cinco millones cuatrocientos mil jud\u00edos en toda Europa. Por lo tanto, Hitler convoc\u00f3 a los otros seiscientos mil jud\u00edos, en una invitaci\u00f3n, a Europa. Los jud\u00edos siendo gente optimista y cr\u00e9dula emigraron a Europa en unos pocos d\u00edas. Por lo tanto, el resto de los jud\u00edos 6.000.000 lleg\u00f3 a estar disponible.<\/p>\n<p>Hitler y sus otros asociados reunieron a los 6.000.000 de jud\u00edos y los colocaron en las propias bases religiosas propias en \u00abAshoits\u00bb y otros campos.<\/p>\n<p><img loading=\"lazy\" decoding=\"async\" class=\"alignnone size-full wp-image-6906\" src=\"http:\/\/www2.memri.org\/espanol\/wp-content\/uploads\/2016\/01\/6985.jpg\" width=\"435\" height=\"296\" srcset=\"https:\/\/www2.memri.org\/espanol\/wp-content\/uploads\/2016\/01\/6985.jpg 435w, https:\/\/www2.memri.org\/espanol\/wp-content\/uploads\/2016\/01\/6985-300x204.jpg 300w\" sizes=\"auto, (max-width: 435px) 100vw, 435px\" \/><\/p>\n<p>Luego, Hitler hizo que sus socios construyeran c\u00e1maras para darles la bienvenida a sus invitados jud\u00edos. Hitler pens\u00f3 mucho acerca de c\u00f3mo asesinar a sus invitados en estas c\u00e1maras:<\/p>\n<p>Pens\u00f3 a veces en \u00abc\u00e1maras de colgar gente\u00bb.<\/p>\n<p>Luego, su pensamiento vir\u00f3 hacia las \u00abc\u00e1maras de disparar\u00bb.<\/p>\n<p>A veces tambi\u00e9n pens\u00f3 acerca de los animales salvajes tales como \u00abla c\u00e1mara del cocodrilo\u00bb, al igual que las de los antiguos reyes. Pero de repente, tuvo una idea que era a su vez interesante y econ\u00f3mica, una \u00abc\u00e1mara de gas\u00bb.<\/p>\n<p><img loading=\"lazy\" decoding=\"async\" class=\"alignnone size-full wp-image-6907\" src=\"http:\/\/www2.memri.org\/espanol\/wp-content\/uploads\/2016\/01\/6986.jpg\" width=\"373\" height=\"336\" srcset=\"https:\/\/www2.memri.org\/espanol\/wp-content\/uploads\/2016\/01\/6986.jpg 373w, https:\/\/www2.memri.org\/espanol\/wp-content\/uploads\/2016\/01\/6986-300x270.jpg 300w\" sizes=\"auto, (max-width: 373px) 100vw, 373px\" \/><\/p>\n<p>Hitler estudi\u00f3 diferentes tipos de gases para el caso:<\/p>\n<p>Les orden\u00f3 que atacaran a los jud\u00edos con cilindros de gas sobre sus cabezas.<\/p>\n<p>Luego, orden\u00f3 a los jud\u00edos que cargaran los cilindros de gas en la sala hasta que se agotaran y murieran.<\/p>\n<p>Pero mediante el uso de estas formas, s\u00f3lo podr\u00edan matar a un peque\u00f1o n\u00famero de jud\u00edos, ya que la idea de asesinar por asfixia de gases le vino a la mente.<\/p>\n<p><img loading=\"lazy\" decoding=\"async\" class=\"alignnone size-full wp-image-6908\" src=\"http:\/\/www2.memri.org\/espanol\/wp-content\/uploads\/2016\/01\/6987.jpg\" width=\"453\" height=\"307\" srcset=\"https:\/\/www2.memri.org\/espanol\/wp-content\/uploads\/2016\/01\/6987.jpg 453w, https:\/\/www2.memri.org\/espanol\/wp-content\/uploads\/2016\/01\/6987-300x203.jpg 300w\" sizes=\"auto, (max-width: 453px) 100vw, 453px\" \/><\/p>\n<p>Los socios criminales de Hitler har\u00edan r\u00e1pida y valientemente lo que se le hab\u00eda confiado y sofocaron a 3000 jud\u00edos en cada per\u00edodo de sesiones en 210 metros cuadrados de c\u00e1maras. Luego, el \u00abZyklone-B\u00bb, un potente pediculicida adicional fue ordenado por el alem\u00e1n para que fuese utilizado con el fin de sofocar a los jud\u00edos.<\/p>\n<p><img loading=\"lazy\" decoding=\"async\" class=\"alignnone size-full wp-image-6909\" src=\"http:\/\/www2.memri.org\/espanol\/wp-content\/uploads\/2016\/01\/6988.jpg\" width=\"403\" height=\"342\" srcset=\"https:\/\/www2.memri.org\/espanol\/wp-content\/uploads\/2016\/01\/6988.jpg 403w, https:\/\/www2.memri.org\/espanol\/wp-content\/uploads\/2016\/01\/6988-300x255.jpg 300w\" sizes=\"auto, (max-width: 403px) 100vw, 403px\" \/><\/p>\n<p>Dado que los jud\u00edos siempre fueron oprimidos y al mismo tiempo, eran gente agradable, le permiti\u00f3 a los alemanes sofocarlos.<\/p>\n<p><img loading=\"lazy\" decoding=\"async\" class=\"alignnone size-full wp-image-6910\" src=\"http:\/\/www2.memri.org\/espanol\/wp-content\/uploads\/2016\/01\/6989.jpg\" width=\"448\" height=\"376\" srcset=\"https:\/\/www2.memri.org\/espanol\/wp-content\/uploads\/2016\/01\/6989.jpg 448w, https:\/\/www2.memri.org\/espanol\/wp-content\/uploads\/2016\/01\/6989-300x252.jpg 300w\" sizes=\"auto, (max-width: 448px) 100vw, 448px\" \/><\/p>\n<p>La valent\u00eda de los soldados alemanes y su sacrificio fue tanta, que aunque nunca usaron m\u00e1scaras de gas para entrar en la c\u00e1mara de gas con el objeto de cargar los cad\u00e1veres de los jud\u00edos, regresaron a salvo de all\u00ed.<\/p>\n<p>M\u00e1s tarde se descubri\u00f3 que los alemanes hab\u00edan cultivado el gas \u00abZyklone-B\u00bb de gas de forma que no perjudicase a sus soldados.<\/p>\n<p><img loading=\"lazy\" decoding=\"async\" class=\"alignnone size-full wp-image-6911\" src=\"http:\/\/www2.memri.org\/espanol\/wp-content\/uploads\/2016\/01\/6990.jpg\" width=\"338\" height=\"389\" srcset=\"https:\/\/www2.memri.org\/espanol\/wp-content\/uploads\/2016\/01\/6990.jpg 338w, https:\/\/www2.memri.org\/espanol\/wp-content\/uploads\/2016\/01\/6990-261x300.jpg 261w\" sizes=\"auto, (max-width: 338px) 100vw, 338px\" \/><\/p>\n<p>Los alemanes hicieron que algunos camiones que utilizan gas como combustible fuesen utilizaron para cargar los cad\u00e1veres asfixiados. Y a veces utilizaron los tubos de los camiones de escape para sofocar a los jud\u00edos.<\/p>\n<p><img loading=\"lazy\" decoding=\"async\" class=\"alignnone size-full wp-image-6912\" src=\"http:\/\/www2.memri.org\/espanol\/wp-content\/uploads\/2016\/01\/6991.jpg\" width=\"498\" height=\"245\" srcset=\"https:\/\/www2.memri.org\/espanol\/wp-content\/uploads\/2016\/01\/6991.jpg 498w, https:\/\/www2.memri.org\/espanol\/wp-content\/uploads\/2016\/01\/6991-300x148.jpg 300w, https:\/\/www2.memri.org\/espanol\/wp-content\/uploads\/2016\/01\/6991-324x160.jpg 324w\" sizes=\"auto, (max-width: 498px) 100vw, 498px\" \/><\/p>\n<p>Los soldados alemanes, luego, trasladaron los cad\u00e1veres asfixiados de los jud\u00edos a los hornos ardientes para &#8216;sofocar jud\u00edos&#8217; y los quemaron all\u00ed de nuevo.<\/p>\n<p>Durante la guerra, no hab\u00eda suficiente combustible para la quema de los jud\u00edos sofocados. Y los nazis, por lo tanto, hicieron que los jud\u00edos que a\u00fan no hab\u00eda sido sofocados golpearan los cad\u00e1veres durante todo el d\u00eda para que se quemaran bien. Esto deprimi\u00f3 al resto de los jud\u00edos que el recuerdo de esta masacre en masa nunca fue borrado de la mente de los jud\u00edos\u00bb.<\/p>\n<p><img loading=\"lazy\" decoding=\"async\" class=\"alignnone size-full wp-image-6913\" src=\"http:\/\/www2.memri.org\/espanol\/wp-content\/uploads\/2016\/01\/6992.jpg\" width=\"213\" height=\"353\" srcset=\"https:\/\/www2.memri.org\/espanol\/wp-content\/uploads\/2016\/01\/6992.jpg 213w, https:\/\/www2.memri.org\/espanol\/wp-content\/uploads\/2016\/01\/6992-181x300.jpg 181w\" sizes=\"auto, (max-width: 213px) 100vw, 213px\" \/><\/p>\n<p>Esta depresi\u00f3n hizo trizas la mentalidad de los jud\u00edos. Debido a que cuando los aliados ocuparon Alemania, no encontraron ning\u00fan rastro de los cad\u00e1veres de los jud\u00edos o asfixiados o quemados.<\/p>\n<p><img loading=\"lazy\" decoding=\"async\" class=\"alignnone size-full wp-image-6914\" src=\"http:\/\/www2.memri.org\/espanol\/wp-content\/uploads\/2016\/01\/6993.jpg\" width=\"466\" height=\"400\" srcset=\"https:\/\/www2.memri.org\/espanol\/wp-content\/uploads\/2016\/01\/6993.jpg 466w, https:\/\/www2.memri.org\/espanol\/wp-content\/uploads\/2016\/01\/6993-300x258.jpg 300w\" sizes=\"auto, (max-width: 466px) 100vw, 466px\" \/><\/p>\n<p>Los alemanes fabricaron jab\u00f3n y compuestos agr\u00edcolas del resto de los jud\u00edos sofocados y cad\u00e1veres quemados. Luego (testigos) encontraron algunas piezas de peque\u00f1os huesos, dientes rotos, (tiras) de cabellos de mujer en tubos de chimeneas y vejigas femeninas y masculinas en los jabones perfumados en Alemania.<\/p>\n<p>Los alemanes tambi\u00e9n utilizaron la piel de los jud\u00edos para la fabricaci\u00f3n de pantallas para l\u00e1mparas y para pantalones cortos de montar, sus cabellos para rellenar colchones, sus u\u00f1as para pajuelas con que tocar la guitarra, sus ojos para hacer m\u00e1rmol y tambi\u00e9n usaron sus otras partes de cuerpos para otras cosas.<\/p>\n<p>Por lo tanto, los buenos efectos de los cad\u00e1veres jud\u00edos sofocados existieron en la vida de todos los alemanes desde hace varios a\u00f1os.<\/p>\n<p><img loading=\"lazy\" decoding=\"async\" class=\"alignnone size-full wp-image-6915\" src=\"http:\/\/www2.memri.org\/espanol\/wp-content\/uploads\/2016\/01\/6994.jpg\" width=\"366\" height=\"343\" srcset=\"https:\/\/www2.memri.org\/espanol\/wp-content\/uploads\/2016\/01\/6994.jpg 366w, https:\/\/www2.memri.org\/espanol\/wp-content\/uploads\/2016\/01\/6994-300x281.jpg 300w\" sizes=\"auto, (max-width: 366px) 100vw, 366px\" \/><\/p>\n<p>Foro<br \/>Extractos de \u00abC\u00f3mo Mi Padre fue Incinerado\u00bb por \u00abMenakhim Hishimbala\u00bb, las memorias de uno de los sobrevivientes del Evento del Holocausto.<\/p>\n<p>Pregunta: \u00bfQue es la c\u00e1mara de gas?<\/p>\n<p>Respuesta: La c\u00e1mara de gas es un cuarto en la que algunos gases son descargados para sofocar a otros.<\/p>\n<p>Pregunta: \u00bfC\u00f3mo es la c\u00e1mara de gas?<\/p>\n<p>Respuesta: La c\u00e1mara de gas es un espacio cerrado en doscientos diez metros cuadrados donde los alemanes reunieron a los jud\u00edos oprimidos e indefensos en grupos de tres mil personas en estas c\u00e1maras y descargaron gas desde el techo sobre ellos.<\/p>\n<p><img loading=\"lazy\" decoding=\"async\" class=\"alignnone size-full wp-image-6916\" src=\"http:\/\/www2.memri.org\/espanol\/wp-content\/uploads\/2016\/01\/6995.jpg\" width=\"370\" height=\"302\" srcset=\"https:\/\/www2.memri.org\/espanol\/wp-content\/uploads\/2016\/01\/6995.jpg 370w, https:\/\/www2.memri.org\/espanol\/wp-content\/uploads\/2016\/01\/6995-300x245.jpg 300w\" sizes=\"auto, (max-width: 370px) 100vw, 370px\" \/><\/p>\n<p>Pregunta: \u00bfC\u00f3mo fue que los alemanes abrieron el gas hacia los cuartos?<\/p>\n<p>Respuesta: Despu\u00e9s de reunir a los jud\u00edos en los cuartos, llevaron los cilindros de gas hacia el techo y rompieron el gas desde la parte superior sobre las cabezas de los jud\u00edos. A veces abr\u00edan la llave del gas y, a veces cuando no estaban de buen humor para hacerlo ellos mismos arrojaban los cilindros de gas hacia ellos.<\/p>\n<p><img loading=\"lazy\" decoding=\"async\" class=\"alignnone size-full wp-image-6917\" src=\"http:\/\/www2.memri.org\/espanol\/wp-content\/uploads\/2016\/01\/6996.jpg\" width=\"471\" height=\"393\" srcset=\"https:\/\/www2.memri.org\/espanol\/wp-content\/uploads\/2016\/01\/6996.jpg 471w, https:\/\/www2.memri.org\/espanol\/wp-content\/uploads\/2016\/01\/6996-300x250.jpg 300w\" sizes=\"auto, (max-width: 471px) 100vw, 471px\" \/><\/p>\n<p>Pregunta: \u00bfC\u00f3mo descargaban los alemanes el gas desde el techo si no hab\u00eda ning\u00fan agujero para hacerlo?<\/p>\n<p>Respuesta: C\u00e1llate! Criminal antijud\u00edo! \u00bfC\u00f3mo te atreves a hacer tal pregunta? Bestia, perverso, criminal, asesino asqueroso!<\/p>\n<p><img loading=\"lazy\" decoding=\"async\" class=\"alignnone size-full wp-image-6918\" src=\"http:\/\/www2.memri.org\/espanol\/wp-content\/uploads\/2016\/01\/6997.jpg\" width=\"333\" height=\"362\" srcset=\"https:\/\/www2.memri.org\/espanol\/wp-content\/uploads\/2016\/01\/6997.jpg 333w, https:\/\/www2.memri.org\/espanol\/wp-content\/uploads\/2016\/01\/6997-276x300.jpg 276w\" sizes=\"auto, (max-width: 333px) 100vw, 333px\" \/><\/p>\n<p>Pregunta: \u00bfEs cierto que algunos jud\u00edos conocidos como \u00abIsaac Shamir\u00bb y \u00abAvraham Stern\u00bb, fueron partidarios y colaboradores de Hitler? Y es cierto que tambi\u00e9n hubo alrededor de mil doscientos jud\u00edos en las SS o en el ej\u00e9rcito alem\u00e1n en el rango de Mariscal o incluso mariscal de campo?<\/p>\n<p>Respuesta: Refi\u00e9rase a la respuesta anterior.<\/p>\n<p>Pregunta: \u00bfC\u00f3mo sacaban los alemanes los cad\u00e1veres de los jud\u00edos asfixiados?<\/p>\n<p>Respuesta: Deber\u00edan sonarse la nariz con dos dedos y mantener el collar de los cad\u00e1veres y enviarlos fuera.<\/p>\n<p><img loading=\"lazy\" decoding=\"async\" class=\"alignnone size-full wp-image-6919\" src=\"http:\/\/www2.memri.org\/espanol\/wp-content\/uploads\/2016\/01\/6998.jpg\" width=\"222\" height=\"302\" srcset=\"https:\/\/www2.memri.org\/espanol\/wp-content\/uploads\/2016\/01\/6998.jpg 222w, https:\/\/www2.memri.org\/espanol\/wp-content\/uploads\/2016\/01\/6998-221x300.jpg 221w\" sizes=\"auto, (max-width: 222px) 100vw, 222px\" \/><\/p>\n<p>Pregunta: \u00bfPor qu\u00e9 ha habido ning\u00fan documento que pruebe la proclama de la masacre en masa de jud\u00edos por los nazis?<\/p>\n<p>Respuesta: Porque estos documentos son m\u00e1ximo secreto y rudos, inmorales e injustos, los jud\u00edos no los tocaron ni se refirieron a estos.<\/p>\n<p><img loading=\"lazy\" decoding=\"async\" class=\"alignnone size-full wp-image-6920\" src=\"http:\/\/www2.memri.org\/espanol\/wp-content\/uploads\/2016\/01\/6999.jpg\" width=\"426\" height=\"409\" srcset=\"https:\/\/www2.memri.org\/espanol\/wp-content\/uploads\/2016\/01\/6999.jpg 426w, https:\/\/www2.memri.org\/espanol\/wp-content\/uploads\/2016\/01\/6999-300x288.jpg 300w\" sizes=\"auto, (max-width: 426px) 100vw, 426px\" \/><\/p>\n<p>Pregunta: \u00bfSucedi\u00f3 el Holocausto s\u00f3lo durante la Segunda Guerra Mundial?<\/p>\n<p>Respuesta: No, al principio seis millones de jud\u00edos murieron a causa del hambre y la pobreza en la Primera Guerra Mundial, pero como nadie se dio cuenta de estos seis millones de jud\u00edos, decidieron mantenerlos sofocados por los nazis durante la Segunda Guerra Mundial. Esto es lo que sucedi\u00f3 y su asfixia es el tema de nuestra conversaci\u00f3n.<\/p>\n<p><img loading=\"lazy\" decoding=\"async\" class=\"alignnone size-full wp-image-6921\" src=\"http:\/\/www2.memri.org\/espanol\/wp-content\/uploads\/2016\/01\/7000.jpg\" width=\"460\" height=\"380\" srcset=\"https:\/\/www2.memri.org\/espanol\/wp-content\/uploads\/2016\/01\/7000.jpg 460w, https:\/\/www2.memri.org\/espanol\/wp-content\/uploads\/2016\/01\/7000-300x248.jpg 300w\" sizes=\"auto, (max-width: 460px) 100vw, 460px\" \/><\/p>\n<p><strong>Despu\u00e9s de \u00abHolo\u00bb<\/strong><\/p>\n<p>Hasta los \u00faltimos meses de la Segunda Guerra Mundial nadie sab\u00eda acerca de las \u00abc\u00e1maras de gas y los crematorios\u00bb.<\/p>\n<p>No fue a causa de las ayudas divinas que revelaron el caso, nadie sabr\u00eda de estos, porque los soldados alemanes hab\u00edan destruido las c\u00e1maras de gas y los crematorios durante los \u00faltimos d\u00edas de la guerra.<\/p>\n<p><img loading=\"lazy\" decoding=\"async\" class=\"alignnone size-full wp-image-6922\" src=\"http:\/\/www2.memri.org\/espanol\/wp-content\/uploads\/2016\/01\/7001.jpg\" width=\"400\" height=\"356\" srcset=\"https:\/\/www2.memri.org\/espanol\/wp-content\/uploads\/2016\/01\/7001.jpg 400w, https:\/\/www2.memri.org\/espanol\/wp-content\/uploads\/2016\/01\/7001-300x267.jpg 300w\" sizes=\"auto, (max-width: 400px) 100vw, 400px\" \/><\/p>\n<p>Nadie excepto los asesinados y la gente sofocada sab\u00eda acerca de c\u00f3mo funcionaban las c\u00e1maras de gas as\u00ed que, ellos mismos se vieron obligados a asistir al Tribunal de Nuremberg a revelar los secretos.<\/p>\n<p>El Tribunal de Nuremberg en su alto nivel de generosidad tratando de establecer limitaciones a la burocracia habitual acept\u00f3 los testimonios de los muertos.<\/p>\n<p>Sin embargo, Adolfo Hitler nunca admiti\u00f3 el delito incluso despu\u00e9s de la muerte debido a la amplitud de su crimen.<\/p>\n<p><img loading=\"lazy\" decoding=\"async\" class=\"alignnone size-full wp-image-6923\" src=\"http:\/\/www2.memri.org\/espanol\/wp-content\/uploads\/2016\/01\/7002.jpg\" width=\"400\" height=\"357\" srcset=\"https:\/\/www2.memri.org\/espanol\/wp-content\/uploads\/2016\/01\/7002.jpg 400w, https:\/\/www2.memri.org\/espanol\/wp-content\/uploads\/2016\/01\/7002-300x268.jpg 300w\" sizes=\"auto, (max-width: 400px) 100vw, 400px\" \/><\/p>\n<p>Despu\u00e9s del final de la guerra, a trav\u00e9s de algunas ayudas divinas, se descubri\u00f3 que Hitler y sus c\u00f3mplices asesinaron a seis millones de cinco millones cuatrocientos mil jud\u00edos que habitaban en Europa! Y dejaron a tres millones de jud\u00edos sin hogar.<\/p>\n<p><img loading=\"lazy\" decoding=\"async\" class=\"alignnone size-full wp-image-6924\" src=\"http:\/\/www2.memri.org\/espanol\/wp-content\/uploads\/2016\/01\/7003.jpg\" width=\"412\" height=\"412\" srcset=\"https:\/\/www2.memri.org\/espanol\/wp-content\/uploads\/2016\/01\/7003.jpg 412w, https:\/\/www2.memri.org\/espanol\/wp-content\/uploads\/2016\/01\/7003-150x150.jpg 150w, https:\/\/www2.memri.org\/espanol\/wp-content\/uploads\/2016\/01\/7003-300x300.jpg 300w\" sizes=\"auto, (max-width: 412px) 100vw, 412px\" \/><\/p>\n<p>M\u00e1s tarde, nueve millones de otros jud\u00edos afirmaron formar parte de los seis millones de jud\u00edos que fueron asfixiados en las c\u00e1maras de gas y tuvieron quejas contra los alemanes en este sentido.<\/p>\n<p><img loading=\"lazy\" decoding=\"async\" class=\"alignnone size-full wp-image-6925\" src=\"http:\/\/www2.memri.org\/espanol\/wp-content\/uploads\/2016\/01\/7004.jpg\" width=\"378\" height=\"387\" srcset=\"https:\/\/www2.memri.org\/espanol\/wp-content\/uploads\/2016\/01\/7004.jpg 378w, https:\/\/www2.memri.org\/espanol\/wp-content\/uploads\/2016\/01\/7004-293x300.jpg 293w, https:\/\/www2.memri.org\/espanol\/wp-content\/uploads\/2016\/01\/7004-356x364.jpg 356w\" sizes=\"auto, (max-width: 378px) 100vw, 378px\" \/><\/p>\n<p>Otros doce millones de jud\u00edos tambi\u00e9n declararon que hab\u00edan sido cremados en los crematorios de la Alemania nazi estando vivos.<\/p>\n<p><img loading=\"lazy\" decoding=\"async\" class=\"alignnone size-full wp-image-6926\" src=\"http:\/\/www2.memri.org\/espanol\/wp-content\/uploads\/2016\/01\/7005.jpg\" width=\"455\" height=\"420\" srcset=\"https:\/\/www2.memri.org\/espanol\/wp-content\/uploads\/2016\/01\/7005.jpg 455w, https:\/\/www2.memri.org\/espanol\/wp-content\/uploads\/2016\/01\/7005-300x277.jpg 300w\" sizes=\"auto, (max-width: 455px) 100vw, 455px\" \/><\/p>\n<p>A finales de la Segunda Guerra Mundial, los soldados alemanes destruyeron todas las c\u00e1maras de gas y crematorios.<\/p>\n<p><img loading=\"lazy\" decoding=\"async\" class=\"alignnone size-full wp-image-6927\" src=\"http:\/\/www2.memri.org\/espanol\/wp-content\/uploads\/2016\/01\/7006.jpg\" width=\"392\" height=\"375\" srcset=\"https:\/\/www2.memri.org\/espanol\/wp-content\/uploads\/2016\/01\/7006.jpg 392w, https:\/\/www2.memri.org\/espanol\/wp-content\/uploads\/2016\/01\/7006-300x287.jpg 300w\" sizes=\"auto, (max-width: 392px) 100vw, 392px\" \/><\/p>\n<p>Luego, los devotos artistas jud\u00edos reconstruyeron una serie de c\u00e1maras de gas y crematorios en otras partes del mundo utilizando su poder mental e imaginaci\u00f3n como un espejo de advertencia para aquellos que pudieran visitarlos.<\/p>\n<p><img loading=\"lazy\" decoding=\"async\" class=\"alignnone size-full wp-image-6928\" src=\"http:\/\/www2.memri.org\/espanol\/wp-content\/uploads\/2016\/01\/7007.jpg\" width=\"533\" height=\"360\" srcset=\"https:\/\/www2.memri.org\/espanol\/wp-content\/uploads\/2016\/01\/7007.jpg 533w, https:\/\/www2.memri.org\/espanol\/wp-content\/uploads\/2016\/01\/7007-300x203.jpg 300w\" sizes=\"auto, (max-width: 533px) 100vw, 533px\" \/><\/p>\n<p>Luego los investigadores demostraron que todos los asfixiados jud\u00edos en el mundo son los sobrevivientes del Holocausto. Tambi\u00e9n demostraron que todas las personas del mundo son descendientes de alemanes nazis o no alemanes.<\/p>\n<p><img loading=\"lazy\" decoding=\"async\" class=\"alignnone size-full wp-image-6929\" src=\"http:\/\/www2.memri.org\/espanol\/wp-content\/uploads\/2016\/01\/7008.jpg\" width=\"458\" height=\"334\" srcset=\"https:\/\/www2.memri.org\/espanol\/wp-content\/uploads\/2016\/01\/7008.jpg 458w, https:\/\/www2.memri.org\/espanol\/wp-content\/uploads\/2016\/01\/7008-300x219.jpg 300w, https:\/\/www2.memri.org\/espanol\/wp-content\/uploads\/2016\/01\/7008-324x235.jpg 324w\" sizes=\"auto, (max-width: 458px) 100vw, 458px\" \/><\/p>\n<p>Basados en esta proclamaci\u00f3n todas las personas del mundo se comprometieron en indemnizar a los jud\u00edos hasta el a\u00f1o 2030 y si es necesario hasta el final de la historia.<\/p>\n<p><img loading=\"lazy\" decoding=\"async\" class=\"alignnone size-full wp-image-6930\" src=\"http:\/\/www2.memri.org\/espanol\/wp-content\/uploads\/2016\/01\/7009.jpg\" width=\"414\" height=\"334\" srcset=\"https:\/\/www2.memri.org\/espanol\/wp-content\/uploads\/2016\/01\/7009.jpg 414w, https:\/\/www2.memri.org\/espanol\/wp-content\/uploads\/2016\/01\/7009-300x242.jpg 300w\" sizes=\"auto, (max-width: 414px) 100vw, 414px\" \/><\/p>\n<p>El gobierno alem\u00e1n le pidi\u00f3 insistentemente a los jud\u00edos para reciban todo lo que ten\u00edan como disculpa, pero los jud\u00edos s\u00f3lo tomaron cien billones de d\u00f3lares y donaron el resto para ellos por el bien de Dios.<\/p>\n<p><img loading=\"lazy\" decoding=\"async\" class=\"alignnone size-full wp-image-6931\" src=\"http:\/\/www2.memri.org\/espanol\/wp-content\/uploads\/2016\/01\/7010.jpg\" width=\"472\" height=\"321\" srcset=\"https:\/\/www2.memri.org\/espanol\/wp-content\/uploads\/2016\/01\/7010.jpg 472w, https:\/\/www2.memri.org\/espanol\/wp-content\/uploads\/2016\/01\/7010-300x204.jpg 300w\" sizes=\"auto, (max-width: 472px) 100vw, 472px\" \/><\/p>\n<p>Adem\u00e1s, cincuenta a\u00f1os despu\u00e9s, algunos investigadores sionistas imparciales se dieron cuenta de lo que los alemanes criminales le hicieron a los jud\u00edos, mientras que en los campos, hac\u00edan trabajo forzoso. Los pa\u00edses de la regi\u00f3n expresaron voluntariamente su voluntad para calcular la suma de los salarios de aquellos jud\u00edos mencionados y lo acreditaron al fondo monetario de bienes de los jud\u00edos.<\/p>\n<p><img loading=\"lazy\" decoding=\"async\" class=\"alignnone size-full wp-image-6932\" src=\"http:\/\/www2.memri.org\/espanol\/wp-content\/uploads\/2016\/01\/7011.jpg\" width=\"232\" height=\"267\" \/><\/p>\n<p>Estos investigadores tambi\u00e9n demostraron que el Gran Mufti de Jerusal\u00e9n ha estudiado la imagen de Hitler tres veces durante tiempos de guerra. En consecuencia, Palestina le pertenece a los jud\u00edos.<\/p>\n<p><img loading=\"lazy\" decoding=\"async\" class=\"alignnone size-full wp-image-6933\" src=\"http:\/\/www2.memri.org\/espanol\/wp-content\/uploads\/2016\/01\/7012.jpg\" width=\"437\" height=\"423\" srcset=\"https:\/\/www2.memri.org\/espanol\/wp-content\/uploads\/2016\/01\/7012.jpg 437w, https:\/\/www2.memri.org\/espanol\/wp-content\/uploads\/2016\/01\/7012-300x290.jpg 300w, https:\/\/www2.memri.org\/espanol\/wp-content\/uploads\/2016\/01\/7012-434x420.jpg 434w\" sizes=\"auto, (max-width: 437px) 100vw, 437px\" \/><\/p>\n<p>El territorio de Palestina estaba vac\u00edo de residentes. S\u00f3lo un n\u00famero limitado de musulmanes nativos estaban all\u00ed a quienes les encantaba ser sacrificados para darle la bienvenida a los jud\u00edos sionistas!<\/p>\n<p><img loading=\"lazy\" decoding=\"async\" class=\"alignnone size-full wp-image-6934\" src=\"http:\/\/www2.memri.org\/espanol\/wp-content\/uploads\/2016\/01\/7013.jpg\" width=\"437\" height=\"360\" srcset=\"https:\/\/www2.memri.org\/espanol\/wp-content\/uploads\/2016\/01\/7013.jpg 437w, https:\/\/www2.memri.org\/espanol\/wp-content\/uploads\/2016\/01\/7013-300x247.jpg 300w\" sizes=\"auto, (max-width: 437px) 100vw, 437px\" \/><\/p>\n<p>Aplacando a estos jud\u00edos asfixiados, estos nativos expresaron que est\u00e1n dispuestos a dejar sus tierras deshabitadas a ellos por el bien de Dios.<\/p>\n<p><img loading=\"lazy\" decoding=\"async\" class=\"alignnone size-full wp-image-6935\" src=\"http:\/\/www2.memri.org\/espanol\/wp-content\/uploads\/2016\/01\/7014.jpg\" width=\"404\" height=\"409\" srcset=\"https:\/\/www2.memri.org\/espanol\/wp-content\/uploads\/2016\/01\/7014.jpg 404w, https:\/\/www2.memri.org\/espanol\/wp-content\/uploads\/2016\/01\/7014-296x300.jpg 296w\" sizes=\"auto, (max-width: 404px) 100vw, 404px\" \/><\/p>\n<p>Al principio los jud\u00edos sionistas rechazaron su oferta pero cuando se enfrentaron con su insistencia, aceptaron Palestina por un sentido de obligaci\u00f3n en lugar de ser dignos de l\u00e1stima. Como para no sentir que est\u00e1n siendo compadecidos, tomaron la Palestina por la fuerza y la convirtieron en una zona residencial.<\/p>\n<p>Despu\u00e9s de su asentamiento en Palestina, los jud\u00edos sionistas felicitaron grandemente a los residentes de la tierra.<\/p>\n<p><img loading=\"lazy\" decoding=\"async\" class=\"alignnone size-full wp-image-6936\" src=\"http:\/\/www2.memri.org\/espanol\/wp-content\/uploads\/2016\/01\/7015.jpg\" width=\"488\" height=\"326\" srcset=\"https:\/\/www2.memri.org\/espanol\/wp-content\/uploads\/2016\/01\/7015.jpg 488w, https:\/\/www2.memri.org\/espanol\/wp-content\/uploads\/2016\/01\/7015-300x200.jpg 300w\" sizes=\"auto, (max-width: 488px) 100vw, 488px\" \/><\/p>\n<p>Despu\u00e9s de su asentamiento en Palestina, los jud\u00edos sionistas felicitaron grandemente a los residentes de la tierra.<\/p>\n<p><img loading=\"lazy\" decoding=\"async\" class=\"alignnone size-full wp-image-6937\" src=\"http:\/\/www2.memri.org\/espanol\/wp-content\/uploads\/2016\/01\/7016.jpg\" width=\"243\" height=\"293\" \/><\/p>\n<p>Estos fueron personalmente a las ciudades de Palestina, uno tras otro y trataron a la gente con amabilidad. Pero ya que no estaban al tanto de expresar muy bien su afecto, su amabilidad termin\u00f3 en un resultado diferente.<\/p>\n<p><img loading=\"lazy\" decoding=\"async\" class=\"alignnone size-full wp-image-6938\" src=\"http:\/\/www2.memri.org\/espanol\/wp-content\/uploads\/2016\/01\/7017.jpg\" width=\"394\" height=\"440\" srcset=\"https:\/\/www2.memri.org\/espanol\/wp-content\/uploads\/2016\/01\/7017.jpg 394w, https:\/\/www2.memri.org\/espanol\/wp-content\/uploads\/2016\/01\/7017-269x300.jpg 269w, https:\/\/www2.memri.org\/espanol\/wp-content\/uploads\/2016\/01\/7017-376x420.jpg 376w\" sizes=\"auto, (max-width: 394px) 100vw, 394px\" \/><\/p>\n<p>Dado que en la historia, as\u00ed como en la geograf\u00eda! Los jud\u00edos siempre han estado bajo la opresi\u00f3n, la crueldad y la asfixia, las asociaciones mundiales, las cuales eran asociaciones estadounidenses y europeas decidieron dejar que los jud\u00edos estuviesen a gusto y no tener nada que ver con ellos, siempre que aprendan la forma correcta de expresar afecto.<\/p>\n<p><img loading=\"lazy\" decoding=\"async\" class=\"alignnone size-full wp-image-6939\" src=\"http:\/\/www2.memri.org\/espanol\/wp-content\/uploads\/2016\/01\/7018.jpg\" width=\"476\" height=\"378\" srcset=\"https:\/\/www2.memri.org\/espanol\/wp-content\/uploads\/2016\/01\/7018.jpg 476w, https:\/\/www2.memri.org\/espanol\/wp-content\/uploads\/2016\/01\/7018-300x238.jpg 300w\" sizes=\"auto, (max-width: 476px) 100vw, 476px\" \/><\/p>\n<p>Los jud\u00edos sionistas luego, se prepararon para defenderse a si mismos en contra de los \u00abotros\u00bb, evitando as\u00ed la situaci\u00f3n de estar luego bajo la opresi\u00f3n<\/p>\n<p><img loading=\"lazy\" decoding=\"async\" class=\"alignnone size-full wp-image-6940\" src=\"http:\/\/www2.memri.org\/espanol\/wp-content\/uploads\/2016\/01\/7019.jpg\" width=\"337\" height=\"438\" srcset=\"https:\/\/www2.memri.org\/espanol\/wp-content\/uploads\/2016\/01\/7019.jpg 337w, https:\/\/www2.memri.org\/espanol\/wp-content\/uploads\/2016\/01\/7019-231x300.jpg 231w, https:\/\/www2.memri.org\/espanol\/wp-content\/uploads\/2016\/01\/7019-323x420.jpg 323w\" sizes=\"auto, (max-width: 337px) 100vw, 337px\" \/><\/p>\n<p>Y como \u00abotros\u00bb incluye a todo el mundo, almacenaron armas at\u00f3micas como para destruir al mundo entero.<\/p>\n<p><img loading=\"lazy\" decoding=\"async\" class=\"alignnone size-full wp-image-6941\" src=\"http:\/\/www2.memri.org\/espanol\/wp-content\/uploads\/2016\/01\/7020.jpg\" width=\"511\" height=\"406\" srcset=\"https:\/\/www2.memri.org\/espanol\/wp-content\/uploads\/2016\/01\/7020.jpg 511w, https:\/\/www2.memri.org\/espanol\/wp-content\/uploads\/2016\/01\/7020-300x238.jpg 300w\" sizes=\"auto, (max-width: 511px) 100vw, 511px\" \/><\/p>\n<p>M\u00e1s tarde, algunos aguafiestas y gente irrelevante como Robert Forison, Mark Weber, Yurgen Graf, Fredrik Toben, David Eroing, Germar Rudolf, Poll Racinie y Maziar Bijani plantearon preguntas acerca de este hecho.<\/p>\n<p><img loading=\"lazy\" decoding=\"async\" class=\"alignnone size-full wp-image-6942\" src=\"http:\/\/www2.memri.org\/espanol\/wp-content\/uploads\/2016\/01\/7021.jpg\" width=\"410\" height=\"438\" srcset=\"https:\/\/www2.memri.org\/espanol\/wp-content\/uploads\/2016\/01\/7021.jpg 410w, https:\/\/www2.memri.org\/espanol\/wp-content\/uploads\/2016\/01\/7021-281x300.jpg 281w, https:\/\/www2.memri.org\/espanol\/wp-content\/uploads\/2016\/01\/7021-393x420.jpg 393w\" sizes=\"auto, (max-width: 410px) 100vw, 410px\" \/><\/p>\n<p>Despu\u00e9s de alg\u00fan tiempo esta gente se molest\u00f3 porque impugnaban la verdad.<\/p>\n<p>Algunos de ellos se suicidaron debido a una conciencia de culpabilidad.<\/p>\n<p>Algunos otros enfrentaron quemarse con \u00e1cido o ser golpeados en la cara y pateados debido a la agon\u00eda de su conciencia.<\/p>\n<p>Y algunos otros fueron llevados a juicio y encarcelados a causa de una conciencia de culpabilidad por lo que el bondadoso y humanista jud\u00edo decidi\u00f3 que nadie ponga en duda la verdad, a fin de estas v\u00edctimas y da\u00f1os pudieran evitarse.<\/p>\n<p><img loading=\"lazy\" decoding=\"async\" class=\"alignnone size-full wp-image-6943\" src=\"http:\/\/www2.memri.org\/espanol\/wp-content\/uploads\/2016\/01\/7022.jpg\" width=\"294\" height=\"346\" srcset=\"https:\/\/www2.memri.org\/espanol\/wp-content\/uploads\/2016\/01\/7022.jpg 294w, https:\/\/www2.memri.org\/espanol\/wp-content\/uploads\/2016\/01\/7022-255x300.jpg 255w\" sizes=\"auto, (max-width: 294px) 100vw, 294px\" \/><\/p>\n<p>Porque era probable que el resto de los jud\u00edos en el mundo pudieran participar de nuevo en el Holocausto y en la asfixia resultante, los habitantes del mundo decidieron permitirle a los jud\u00edos eliminar aquellos que tienen las cejas sobre sus ojos, es decir a casi todos los seres humanos.<\/p>\n<p><img loading=\"lazy\" decoding=\"async\" class=\"alignnone size-full wp-image-6944\" src=\"http:\/\/www2.memri.org\/espanol\/wp-content\/uploads\/2016\/01\/7023.jpg\" width=\"403\" height=\"289\" srcset=\"https:\/\/www2.memri.org\/espanol\/wp-content\/uploads\/2016\/01\/7023.jpg 403w, https:\/\/www2.memri.org\/espanol\/wp-content\/uploads\/2016\/01\/7023-300x215.jpg 300w\" sizes=\"auto, (max-width: 403px) 100vw, 403px\" \/><\/p>\n<p>Los jud\u00edos se dieron cuenta de que los palestinos, los libaneses, los sirios, los iran\u00edes y casi todos los pueblos del mundo tienen un par de cejas sobre sus ojos justo debajo de la frente.<\/p>\n<p><img loading=\"lazy\" decoding=\"async\" class=\"alignnone size-full wp-image-6945\" src=\"http:\/\/www2.memri.org\/espanol\/wp-content\/uploads\/2016\/01\/7024.jpg\" width=\"439\" height=\"404\" srcset=\"https:\/\/www2.memri.org\/espanol\/wp-content\/uploads\/2016\/01\/7024.jpg 439w, https:\/\/www2.memri.org\/espanol\/wp-content\/uploads\/2016\/01\/7024-300x276.jpg 300w\" sizes=\"auto, (max-width: 439px) 100vw, 439px\" \/><\/p>\n<p>Por lo tanto, decidieron defenderse con armas at\u00f3micas y no at\u00f3micas.<\/p>\n<p><img loading=\"lazy\" decoding=\"async\" class=\"alignnone size-full wp-image-6946\" src=\"http:\/\/www2.memri.org\/espanol\/wp-content\/uploads\/2016\/01\/7025.jpg\" width=\"448\" height=\"348\" srcset=\"https:\/\/www2.memri.org\/espanol\/wp-content\/uploads\/2016\/01\/7025.jpg 448w, https:\/\/www2.memri.org\/espanol\/wp-content\/uploads\/2016\/01\/7025-300x233.jpg 300w\" sizes=\"auto, (max-width: 448px) 100vw, 448px\" \/><\/p>\n<p>Los sionistas comenzaron a defenderse a si mismos contra todos los que tuvieran cejas en la regi\u00f3n que les pertenece a ellos, es decir, desde las \u00e1reas del Nilo hasta el \u00c9ufrates comenzando desde Palestina.<\/p>\n<p><img loading=\"lazy\" decoding=\"async\" class=\"alignnone size-full wp-image-6947\" src=\"http:\/\/www2.memri.org\/espanol\/wp-content\/uploads\/2016\/01\/7026.jpg\" width=\"404\" height=\"412\" srcset=\"https:\/\/www2.memri.org\/espanol\/wp-content\/uploads\/2016\/01\/7026.jpg 404w, https:\/\/www2.memri.org\/espanol\/wp-content\/uploads\/2016\/01\/7026-294x300.jpg 294w, https:\/\/www2.memri.org\/espanol\/wp-content\/uploads\/2016\/01\/7026-356x364.jpg 356w\" sizes=\"auto, (max-width: 404px) 100vw, 404px\" \/><\/p>\n<p>Como resultado, podr\u00edamos decir que el Holocausto es un hecho cierto e incuestionable en la historia en el que seis millones de jud\u00edos oprimidos o m\u00e1s se han unido al cielo.<\/p>\n<p><img loading=\"lazy\" decoding=\"async\" class=\"alignnone size-full wp-image-6948\" src=\"http:\/\/www2.memri.org\/espanol\/wp-content\/uploads\/2016\/01\/7027.jpg\" width=\"370\" height=\"281\" srcset=\"https:\/\/www2.memri.org\/espanol\/wp-content\/uploads\/2016\/01\/7027.jpg 370w, https:\/\/www2.memri.org\/espanol\/wp-content\/uploads\/2016\/01\/7027-300x228.jpg 300w, https:\/\/www2.memri.org\/espanol\/wp-content\/uploads\/2016\/01\/7027-80x60.jpg 80w\" sizes=\"auto, (max-width: 370px) 100vw, 370px\" \/><\/p>\n<p>&#8230; Y el que dude esto, es perverso, criminal y est\u00fapido y debe morir o ser asesinado. \u00a1Am\u00e9n!<\/p>\n<p><img loading=\"lazy\" decoding=\"async\" class=\"alignnone size-full wp-image-6949\" src=\"http:\/\/www2.memri.org\/espanol\/wp-content\/uploads\/2016\/01\/7028.jpg\" width=\"395\" height=\"373\" srcset=\"https:\/\/www2.memri.org\/espanol\/wp-content\/uploads\/2016\/01\/7028.jpg 395w, https:\/\/www2.memri.org\/espanol\/wp-content\/uploads\/2016\/01\/7028-300x283.jpg 300w\" sizes=\"auto, (max-width: 395px) 100vw, 395px\" \/><\/p>\n<\/p>\n<hr class=\"c34\" size=\"1\" width=\"33%\" \/>\n<p><a href=\"#_ednref1\" name=\"_edn1\">[1]<\/a> <a href=\"http:\/\/www.youtube.com\/user\/holocartoons\">http:\/\/www.youtube.com\/user\/holocartoons<\/a>.<\/p>\n<p><a href=\"#_ednref2\" name=\"_edn2\">[2]<\/a> \u00abPortal iran\u00ed que niega el Holocausto enoja a Israel\u00bb, Associated Press, 5 de agosto del 2010, <a href=\"http:\/\/www.tabnak.ir\/en\/news\/206\">http:\/\/www.tabnak.ir\/en\/news\/206<\/a>.<\/p>\n<\/div>\n","protected":false},"excerpt":{"rendered":"<p>HoloCartoons.com, un portal antisemita iran\u00ed lanzado en agosto del 2010, tiene como objetivo burlarse y denigrar al Holocausto bajo la premisa de que estos eventos fueron fabricados completamente por los jud\u00edos para sus propios prop\u00f3sitos infames. Un visitante del portal, el cual tiene p\u00e1ginas en ingl\u00e9s, espa\u00f1ol, \u00e1rabe y persa, es recibido por la m\u00fasica [&hellip;]<\/p>\n","protected":false},"author":1,"featured_media":6887,"comment_status":"open","ping_status":"open","sticky":false,"template":"","format":"standard","meta":{"footnotes":""},"categories":[6,20,16],"tags":[],"class_list":["post-4589","post","type-post","status-publish","format-standard","has-post-thumbnail","hentry","category-comunicados-especiales","category-iran","category-proyecto-documental-sobre-antisemitismo"],"_links":{"self":[{"href":"https:\/\/www2.memri.org\/espanol\/wp-json\/wp\/v2\/posts\/4589","targetHints":{"allow":["GET"]}}],"collection":[{"href":"https:\/\/www2.memri.org\/espanol\/wp-json\/wp\/v2\/posts"}],"about":[{"href":"https:\/\/www2.memri.org\/espanol\/wp-json\/wp\/v2\/types\/post"}],"author":[{"embeddable":true,"href":"https:\/\/www2.memri.org\/espanol\/wp-json\/wp\/v2\/users\/1"}],"replies":[{"embeddable":true,"href":"https:\/\/www2.memri.org\/espanol\/wp-json\/wp\/v2\/comments?post=4589"}],"version-history":[{"count":0,"href":"https:\/\/www2.memri.org\/espanol\/wp-json\/wp\/v2\/posts\/4589\/revisions"}],"wp:featuredmedia":[{"embeddable":true,"href":"https:\/\/www2.memri.org\/espanol\/wp-json\/wp\/v2\/media\/6887"}],"wp:attachment":[{"href":"https:\/\/www2.memri.org\/espanol\/wp-json\/wp\/v2\/media?parent=4589"}],"wp:term":[{"taxonomy":"category","embeddable":true,"href":"https:\/\/www2.memri.org\/espanol\/wp-json\/wp\/v2\/categories?post=4589"},{"taxonomy":"post_tag","embeddable":true,"href":"https:\/\/www2.memri.org\/espanol\/wp-json\/wp\/v2\/tags?post=4589"}],"curies":[{"name":"wp","href":"https:\/\/api.w.org\/{rel}","templated":true}]}}