{"id":4588,"date":"2011-04-24T00:00:00","date_gmt":"2011-04-24T00:00:00","guid":{"rendered":"http:\/\/www2.memri.org\/espanol\/2011\/04\/24\/shariah4america-com-respaldar-un-estado-islamico-norteamericano-y-la-ley-del-sharia-en-los-estados-unidos\/"},"modified":"2016-01-13T21:44:41","modified_gmt":"2016-01-13T21:44:41","slug":"shariah4america-com-respaldar-un-estado-islamico-norteamericano-y-la-ley-del-sharia-en-los-estados-unidos","status":"publish","type":"post","link":"https:\/\/www2.memri.org\/espanol\/shariah4america-com-respaldar-un-estado-islamico-norteamericano-y-la-ley-del-sharia-en-los-estados-unidos\/4588","title":{"rendered":"Shariah4America.com &#8211; Respaldar un \u00abestado isl\u00e1mico\u00bb norteamericano y la ley del Sharia en los Estados Unidos"},"content":{"rendered":"<div class=\"bodytext c17\">\n<p><em>El portal shariah4america.com en ingl\u00e9s es un portal que apoya el establecimiento de un califato isl\u00e1mico mundial y la ley del Sharia en los Estados Unidos. Cuenta con art\u00edculos y gr\u00e1ficos detallando el desmantelamiento de las instituciones estadounidenses e internacionales, tales como las Naciones Unidas y<\/em> <em>la Casa Blanca<\/em><em>, los monumentos estadounidenses, tales como<\/em> <em>la Estatua<\/em> <em>de<\/em> <em>la Libertad<\/em> <em>y el Monumento a Washington y detalles de los distintos pasos que se llevar\u00e1n a cabo en la econom\u00eda, leyes y pol\u00edtica exterior despu\u00e9s de la creaci\u00f3n de un \u00abestado isl\u00e1mico\u00bb.<\/em><\/p>\n<p><em>El portal est\u00e1 aparentemente dirigido por el jeque islamista brit\u00e1nico Anjem Choudary, quien es una figura prominente en las diferentes p\u00e1ginas. Choudary encabez\u00f3 al grupo brit\u00e1nico \u00abIslam 4 UK\u00bb hasta que fue prohibida como organizaci\u00f3n terrorista en el 2010. Tambi\u00e9n ha participado en las actividades del \u00abSharia 4 Belgium\u00bb, un grupo islamista llamando al establecimiento de la ley del Sharia en B\u00e9lgica y Holanda.<\/em><\/p>\n<p><em>El portal tambi\u00e9n cuenta con el jeque Omar Bakri Muhammad, un cl\u00e9rigo isl\u00e1mico oriundo de Siria que vivi\u00f3 en el Reino Unido durante casi 20 a\u00f1os antes de salir para el L\u00edbano. Actualmente le est\u00e1 prohibido su regreso.<\/em><\/p>\n<p><em>La direcci\u00f3n IP del portal es 209.15.238.85 y tiene como servidor a una compa\u00f1\u00eda en la red con sede en Atlanta. A continuaci\u00f3n se presenta una descripci\u00f3n del contenido del portal:<\/em><\/p>\n<p><strong>Pagina principal<\/strong><\/p>\n<p>La p\u00e1gina principal del portal incluye un emblema con el texto: \u00abSharia 4 America. Un llamado a la revoluci\u00f3n\u00bb y una imagen de la bandera estadounidense con la silueta continental de los Estados Unidos siendo esta tomada por la bandera del Islam. La parte inferior de la p\u00e1gina presenta el texto: \u00abEl comunismo ha muerto. El capitalismo est\u00e1 muriendo. Islam es la soluci\u00f3n\u00bb.<\/p>\n<p><img loading=\"lazy\" decoding=\"async\" class=\"alignnone size-full wp-image-6971\" src=\"http:\/\/www2.memri.org\/espanol\/wp-content\/uploads\/2016\/01\/6905.jpg\" width=\"910\" height=\"263\" srcset=\"https:\/\/www2.memri.org\/espanol\/wp-content\/uploads\/2016\/01\/6905.jpg 910w, https:\/\/www2.memri.org\/espanol\/wp-content\/uploads\/2016\/01\/6905-300x87.jpg 300w, https:\/\/www2.memri.org\/espanol\/wp-content\/uploads\/2016\/01\/6905-768x222.jpg 768w, https:\/\/www2.memri.org\/espanol\/wp-content\/uploads\/2016\/01\/6905-600x173.jpg 600w, https:\/\/www2.memri.org\/espanol\/wp-content\/uploads\/2016\/01\/6905-696x201.jpg 696w\" sizes=\"auto, (max-width: 910px) 100vw, 910px\" \/><\/p>\n<p><img loading=\"lazy\" decoding=\"async\" class=\"alignnone size-full wp-image-6972\" src=\"http:\/\/www2.memri.org\/espanol\/wp-content\/uploads\/2016\/01\/6906.jpg\" width=\"937\" height=\"131\" srcset=\"https:\/\/www2.memri.org\/espanol\/wp-content\/uploads\/2016\/01\/6906.jpg 937w, https:\/\/www2.memri.org\/espanol\/wp-content\/uploads\/2016\/01\/6906-300x42.jpg 300w, https:\/\/www2.memri.org\/espanol\/wp-content\/uploads\/2016\/01\/6906-768x107.jpg 768w, https:\/\/www2.memri.org\/espanol\/wp-content\/uploads\/2016\/01\/6906-600x84.jpg 600w, https:\/\/www2.memri.org\/espanol\/wp-content\/uploads\/2016\/01\/6906-696x97.jpg 696w\" sizes=\"auto, (max-width: 937px) 100vw, 937px\" \/><\/p>\n<p>Por debajo de la pancarta, hay un gr\u00e1fico en rotaci\u00f3n de art\u00edculos destacados, incluyendo \u00abLa manifestaci\u00f3n de Sharia 4 America fue pospuesta\u00bb, una imagen del islamista brit\u00e1nico Jeque Anjem Choudary de pie ante la Casa Blanca, con la bandera del Islam colgando de esta y un \u00abFatua sobre la intervenci\u00f3n de Estados Unidos en Tierras Musulmanas por el Jeque Omar Bakri Muhammad\u00bb, incluyendo una foto de soldados estadounidenses apuntando con un arma a la Ka&#8217;aba en la Meca.<\/p>\n<p><img loading=\"lazy\" decoding=\"async\" class=\"alignnone size-full wp-image-6973\" src=\"http:\/\/www2.memri.org\/espanol\/wp-content\/uploads\/2016\/01\/6907.jpg\" width=\"958\" height=\"318\" srcset=\"https:\/\/www2.memri.org\/espanol\/wp-content\/uploads\/2016\/01\/6907.jpg 958w, https:\/\/www2.memri.org\/espanol\/wp-content\/uploads\/2016\/01\/6907-300x100.jpg 300w, https:\/\/www2.memri.org\/espanol\/wp-content\/uploads\/2016\/01\/6907-768x255.jpg 768w, https:\/\/www2.memri.org\/espanol\/wp-content\/uploads\/2016\/01\/6907-600x199.jpg 600w, https:\/\/www2.memri.org\/espanol\/wp-content\/uploads\/2016\/01\/6907-696x231.jpg 696w\" sizes=\"auto, (max-width: 958px) 100vw, 958px\" \/><\/p>\n<p><img loading=\"lazy\" decoding=\"async\" class=\"alignnone size-full wp-image-6974\" src=\"http:\/\/www2.memri.org\/espanol\/wp-content\/uploads\/2016\/01\/6908.jpg\" width=\"958\" height=\"318\" srcset=\"https:\/\/www2.memri.org\/espanol\/wp-content\/uploads\/2016\/01\/6908.jpg 958w, https:\/\/www2.memri.org\/espanol\/wp-content\/uploads\/2016\/01\/6908-300x100.jpg 300w, https:\/\/www2.memri.org\/espanol\/wp-content\/uploads\/2016\/01\/6908-768x255.jpg 768w, https:\/\/www2.memri.org\/espanol\/wp-content\/uploads\/2016\/01\/6908-600x199.jpg 600w, https:\/\/www2.memri.org\/espanol\/wp-content\/uploads\/2016\/01\/6908-696x231.jpg 696w\" sizes=\"auto, (max-width: 958px) 100vw, 958px\" \/><\/p>\n<p>La p\u00e1gina tambi\u00e9n incluye informaci\u00f3n de contacto del Jeque Anjem Choudary (un n\u00famero de tel\u00e9fono brit\u00e1nico) y el Jeque Omar Bakri Muhammad &#8211; \u00abWorldwide Ameer of Al-Muhajiroun\u00bb (un n\u00famero telef\u00f3nico del L\u00edbano).<\/p>\n<p><img loading=\"lazy\" decoding=\"async\" class=\"alignnone size-full wp-image-6975\" src=\"http:\/\/www2.memri.org\/espanol\/wp-content\/uploads\/2016\/01\/6909.jpg\" width=\"388\" height=\"584\" srcset=\"https:\/\/www2.memri.org\/espanol\/wp-content\/uploads\/2016\/01\/6909.jpg 388w, https:\/\/www2.memri.org\/espanol\/wp-content\/uploads\/2016\/01\/6909-199x300.jpg 199w, https:\/\/www2.memri.org\/espanol\/wp-content\/uploads\/2016\/01\/6909-279x420.jpg 279w\" sizes=\"auto, (max-width: 388px) 100vw, 388px\" \/><\/p>\n<p>El portal cuanta actualmente con 10 art\u00edculos divididos en secciones tituladas \u00abSharia\u00bb, \u00abNueva York\u00bb y \u00abWashington\u00bb, ocup\u00e1ndose de los pasos que se tomar\u00e1n despu\u00e9s de la creaci\u00f3n de un califato isl\u00e1mico en los Estados Unidos.<\/p>\n<p><strong>Secci\u00f3n del Sharia<\/strong><\/p>\n<p>La secci\u00f3n del \u00abSharia\u00bb destaca, entre otros, los siguientes art\u00edculos:<\/p>\n<p>&#8211; \u00abEl fin a la financiaci\u00f3n de Israel por los Estados Unidos\u00bb &#8211; discutiendo las medidas que deben adoptarse respecto a Israel por el futuro califato. El art\u00edculo incluye im\u00e1genes de un submarino israel\u00ed enarbolando la bandera del Islam, cajones de armas destinados a \u00abPalestina\u00bb y un aviso de desalojo publicado en la embajada israel\u00ed en Washington, DC.<\/p>\n<p><img loading=\"lazy\" decoding=\"async\" class=\"alignnone size-full wp-image-6976\" src=\"http:\/\/www2.memri.org\/espanol\/wp-content\/uploads\/2016\/01\/6910.jpg\" width=\"609\" height=\"458\" srcset=\"https:\/\/www2.memri.org\/espanol\/wp-content\/uploads\/2016\/01\/6910.jpg 609w, https:\/\/www2.memri.org\/espanol\/wp-content\/uploads\/2016\/01\/6910-300x226.jpg 300w, https:\/\/www2.memri.org\/espanol\/wp-content\/uploads\/2016\/01\/6910-600x451.jpg 600w, https:\/\/www2.memri.org\/espanol\/wp-content\/uploads\/2016\/01\/6910-80x60.jpg 80w, https:\/\/www2.memri.org\/espanol\/wp-content\/uploads\/2016\/01\/6910-265x198.jpg 265w, https:\/\/www2.memri.org\/espanol\/wp-content\/uploads\/2016\/01\/6910-558x420.jpg 558w\" sizes=\"auto, (max-width: 609px) 100vw, 609px\" \/><\/p>\n<p><img loading=\"lazy\" decoding=\"async\" class=\"alignnone size-full wp-image-6977\" src=\"http:\/\/www2.memri.org\/espanol\/wp-content\/uploads\/2016\/01\/6911.jpg\" width=\"497\" height=\"328\" srcset=\"https:\/\/www2.memri.org\/espanol\/wp-content\/uploads\/2016\/01\/6911.jpg 497w, https:\/\/www2.memri.org\/espanol\/wp-content\/uploads\/2016\/01\/6911-300x198.jpg 300w\" sizes=\"auto, (max-width: 497px) 100vw, 497px\" \/><\/p>\n<p><img loading=\"lazy\" decoding=\"async\" class=\"alignnone size-full wp-image-6978\" src=\"http:\/\/www2.memri.org\/espanol\/wp-content\/uploads\/2016\/01\/6912.jpg\" width=\"697\" height=\"395\" srcset=\"https:\/\/www2.memri.org\/espanol\/wp-content\/uploads\/2016\/01\/6912.jpg 697w, https:\/\/www2.memri.org\/espanol\/wp-content\/uploads\/2016\/01\/6912-300x170.jpg 300w, https:\/\/www2.memri.org\/espanol\/wp-content\/uploads\/2016\/01\/6912-600x340.jpg 600w, https:\/\/www2.memri.org\/espanol\/wp-content\/uploads\/2016\/01\/6912-696x394.jpg 696w\" sizes=\"auto, (max-width: 697px) 100vw, 697px\" \/><\/p>\n<p>&#8211; \u00abNO Obedezcan la Ley de la Tierra\u00bb &#8211; pidiendo a los musulmanes que obedezcan la ley del <em>Sharia<\/em> y no la ley de los pa\u00edses en que residen, si la primera contradice la segunda.<\/p>\n<p>&#8211; \u00abEl Estado Isl\u00e1mico: 24 Horas Despu\u00e9s de ser Implementado\u00bb &#8211; discutiendo los pasos espec\u00edficos que el futuro Estado Isl\u00e1mico tendr\u00e1 en t\u00e9rminos de la econom\u00eda, la industria y la pol\u00edtica exterior.<\/p>\n<p><strong>Secci\u00f3n Nueva York<\/strong><\/p>\n<p>La secci\u00f3n \u00abNueva York\u00bb del portal incluye los siguientes art\u00edculos:<\/p>\n<p>&#8211; \u00abTribunal de Justicia Internacional del Sharia (Nueva York)\u00bb &#8211; Un art\u00edculo que describe la formaci\u00f3n de un futuro tribunal internacional isl\u00e1mico en el portal de las \u00abobsoletas Naciones Unidas\u00bb. El art\u00edculo presenta una imagen de la ONU enarbolando las banderas del Islam, una imagen de la Corte del Sharia en sesi\u00f3n &#8211; con la bandera del Islam y el texto \u00abLa soberan\u00eda no es de nadie sino de Al\u00e1\u00bb y un portavoz isl\u00e1mico en el podio, flanqueado por guardias armados &#8211; y una foto anunciando los juicios futuros de los l\u00edderes mundiales tales como Barack Obama, David Cameron, Benjamin Netanyahu, Hosni Mubarak, Mu&#8217;amar Al Gadafi bajo acusaci\u00f3n de \u00abCr\u00edmenes de Guerra y Terrorismo\u00bb.<\/p>\n<p><img loading=\"lazy\" decoding=\"async\" class=\"alignnone size-full wp-image-6979\" src=\"http:\/\/www2.memri.org\/espanol\/wp-content\/uploads\/2016\/01\/6913.jpg\" width=\"417\" height=\"776\" srcset=\"https:\/\/www2.memri.org\/espanol\/wp-content\/uploads\/2016\/01\/6913.jpg 417w, https:\/\/www2.memri.org\/espanol\/wp-content\/uploads\/2016\/01\/6913-161x300.jpg 161w, https:\/\/www2.memri.org\/espanol\/wp-content\/uploads\/2016\/01\/6913-226x420.jpg 226w\" sizes=\"auto, (max-width: 417px) 100vw, 417px\" \/><\/p>\n<p><img loading=\"lazy\" decoding=\"async\" class=\"alignnone size-full wp-image-6980\" src=\"http:\/\/www2.memri.org\/espanol\/wp-content\/uploads\/2016\/01\/6914.jpg\" width=\"610\" height=\"456\" srcset=\"https:\/\/www2.memri.org\/espanol\/wp-content\/uploads\/2016\/01\/6914.jpg 610w, https:\/\/www2.memri.org\/espanol\/wp-content\/uploads\/2016\/01\/6914-300x224.jpg 300w, https:\/\/www2.memri.org\/espanol\/wp-content\/uploads\/2016\/01\/6914-600x449.jpg 600w, https:\/\/www2.memri.org\/espanol\/wp-content\/uploads\/2016\/01\/6914-80x60.jpg 80w, https:\/\/www2.memri.org\/espanol\/wp-content\/uploads\/2016\/01\/6914-265x198.jpg 265w, https:\/\/www2.memri.org\/espanol\/wp-content\/uploads\/2016\/01\/6914-562x420.jpg 562w\" sizes=\"auto, (max-width: 610px) 100vw, 610px\" \/><\/p>\n<p><img loading=\"lazy\" decoding=\"async\" class=\"alignnone size-full wp-image-6981\" src=\"http:\/\/www2.memri.org\/espanol\/wp-content\/uploads\/2016\/01\/6915.jpg\" width=\"998\" height=\"713\" srcset=\"https:\/\/www2.memri.org\/espanol\/wp-content\/uploads\/2016\/01\/6915.jpg 998w, https:\/\/www2.memri.org\/espanol\/wp-content\/uploads\/2016\/01\/6915-300x214.jpg 300w, https:\/\/www2.memri.org\/espanol\/wp-content\/uploads\/2016\/01\/6915-768x549.jpg 768w, https:\/\/www2.memri.org\/espanol\/wp-content\/uploads\/2016\/01\/6915-600x429.jpg 600w, https:\/\/www2.memri.org\/espanol\/wp-content\/uploads\/2016\/01\/6915-100x70.jpg 100w, https:\/\/www2.memri.org\/espanol\/wp-content\/uploads\/2016\/01\/6915-696x497.jpg 696w, https:\/\/www2.memri.org\/espanol\/wp-content\/uploads\/2016\/01\/6915-588x420.jpg 588w\" sizes=\"auto, (max-width: 998px) 100vw, 998px\" \/><\/p>\n<p>&#8211; \u00abLa Demolici\u00f3n Isl\u00e1mica de la Estatua de la Libertad\u00bb &#8211; Un art\u00edculo que anuncia la demolici\u00f3n de la Estatua de la Libertad y la construcci\u00f3n del \u00abAlminar de Nueva York\u00bb &#8211; una mezquita gigantesca. El art\u00edculo cuenta con im\u00e1genes de la Estatua de la Libertad usando un atuendo musulm\u00e1n tradicional, con una foto advirtiendo al p\u00fablico que \u00abla demolici\u00f3n de la Estatua de la Libertad est\u00e1 prevista para que comience en breve. Las cargas explosivas ser\u00e1n utilizadas y as\u00ed a todos los visitantes se les recomienda mantenerse al margen de la obra\u00bb y una foto de los planos para la futura \u00abAlminar de Nueva York\u00bb.<\/p>\n<p><img loading=\"lazy\" decoding=\"async\" class=\"alignnone size-full wp-image-6982\" src=\"http:\/\/www2.memri.org\/espanol\/wp-content\/uploads\/2016\/01\/6916.jpg\" width=\"1195\" height=\"776\" srcset=\"https:\/\/www2.memri.org\/espanol\/wp-content\/uploads\/2016\/01\/6916.jpg 1195w, https:\/\/www2.memri.org\/espanol\/wp-content\/uploads\/2016\/01\/6916-300x195.jpg 300w, https:\/\/www2.memri.org\/espanol\/wp-content\/uploads\/2016\/01\/6916-768x499.jpg 768w, https:\/\/www2.memri.org\/espanol\/wp-content\/uploads\/2016\/01\/6916-1024x665.jpg 1024w, https:\/\/www2.memri.org\/espanol\/wp-content\/uploads\/2016\/01\/6916-600x390.jpg 600w, https:\/\/www2.memri.org\/espanol\/wp-content\/uploads\/2016\/01\/6916-696x452.jpg 696w, https:\/\/www2.memri.org\/espanol\/wp-content\/uploads\/2016\/01\/6916-1068x694.jpg 1068w, https:\/\/www2.memri.org\/espanol\/wp-content\/uploads\/2016\/01\/6916-647x420.jpg 647w\" sizes=\"auto, (max-width: 1195px) 100vw, 1195px\" \/><\/p>\n<p><img loading=\"lazy\" decoding=\"async\" class=\"alignnone size-full wp-image-6983\" src=\"http:\/\/www2.memri.org\/espanol\/wp-content\/uploads\/2016\/01\/6917.jpg\" width=\"1214\" height=\"601\" srcset=\"https:\/\/www2.memri.org\/espanol\/wp-content\/uploads\/2016\/01\/6917.jpg 1214w, https:\/\/www2.memri.org\/espanol\/wp-content\/uploads\/2016\/01\/6917-300x149.jpg 300w, https:\/\/www2.memri.org\/espanol\/wp-content\/uploads\/2016\/01\/6917-768x380.jpg 768w, https:\/\/www2.memri.org\/espanol\/wp-content\/uploads\/2016\/01\/6917-1024x507.jpg 1024w, https:\/\/www2.memri.org\/espanol\/wp-content\/uploads\/2016\/01\/6917-600x297.jpg 600w, https:\/\/www2.memri.org\/espanol\/wp-content\/uploads\/2016\/01\/6917-324x160.jpg 324w, https:\/\/www2.memri.org\/espanol\/wp-content\/uploads\/2016\/01\/6917-696x345.jpg 696w, https:\/\/www2.memri.org\/espanol\/wp-content\/uploads\/2016\/01\/6917-1068x529.jpg 1068w, https:\/\/www2.memri.org\/espanol\/wp-content\/uploads\/2016\/01\/6917-848x420.jpg 848w\" sizes=\"auto, (max-width: 1214px) 100vw, 1214px\" \/><\/p>\n<p><img loading=\"lazy\" decoding=\"async\" class=\"alignnone size-full wp-image-6984\" src=\"http:\/\/www2.memri.org\/espanol\/wp-content\/uploads\/2016\/01\/6918.jpg\" width=\"650\" height=\"435\" srcset=\"https:\/\/www2.memri.org\/espanol\/wp-content\/uploads\/2016\/01\/6918.jpg 650w, https:\/\/www2.memri.org\/espanol\/wp-content\/uploads\/2016\/01\/6918-300x201.jpg 300w, https:\/\/www2.memri.org\/espanol\/wp-content\/uploads\/2016\/01\/6918-600x402.jpg 600w, https:\/\/www2.memri.org\/espanol\/wp-content\/uploads\/2016\/01\/6918-628x420.jpg 628w\" sizes=\"auto, (max-width: 650px) 100vw, 650px\" \/><\/p>\n<p><strong>Secci\u00f3n Washington<\/strong><\/p>\n<p>La secci\u00f3n \u00abWashington\u00bb del portal incluye los siguientes art\u00edculos:<\/p>\n<p>&#8211; \u00abEl castigo isl\u00e1mico para ped\u00f3filos\u00bb &#8211; un art\u00edculo defendiendo el castigo isl\u00e1mico para los ped\u00f3filos, en donde los acusados son \u00abcolocados en una punta afilada&#8230; y dejados hasta que la muerte los supere&#8230; expuestos al p\u00fablico como una advertencia viva&#8230;\u00bb El art\u00edculo presenta im\u00e1genes del Monumento a Washington, renombrado \u00abPunto de Pedofilia&#8230; Por Orden del Califa Isl\u00e1mico, 2011\u00bb.<\/p>\n<p><img loading=\"lazy\" decoding=\"async\" class=\"alignnone size-full wp-image-6985\" src=\"http:\/\/www2.memri.org\/espanol\/wp-content\/uploads\/2016\/01\/6919.jpg\" width=\"994\" height=\"671\" srcset=\"https:\/\/www2.memri.org\/espanol\/wp-content\/uploads\/2016\/01\/6919.jpg 994w, https:\/\/www2.memri.org\/espanol\/wp-content\/uploads\/2016\/01\/6919-300x203.jpg 300w, https:\/\/www2.memri.org\/espanol\/wp-content\/uploads\/2016\/01\/6919-768x518.jpg 768w, https:\/\/www2.memri.org\/espanol\/wp-content\/uploads\/2016\/01\/6919-600x405.jpg 600w, https:\/\/www2.memri.org\/espanol\/wp-content\/uploads\/2016\/01\/6919-696x470.jpg 696w, https:\/\/www2.memri.org\/espanol\/wp-content\/uploads\/2016\/01\/6919-622x420.jpg 622w\" sizes=\"auto, (max-width: 994px) 100vw, 994px\" \/><\/p>\n<p>&#8211; \u00abLa Masjid Blanca\u00bb &#8211; un art\u00edculo abogando por la transformaci\u00f3n de la Casa Blanca en una mezquita. El art\u00edculo cuenta con im\u00e1genes de la Casa Blanca como una mezquita con alminares y c\u00fapulas.<\/p>\n<p><img loading=\"lazy\" decoding=\"async\" class=\"alignnone size-full wp-image-6986\" src=\"http:\/\/www2.memri.org\/espanol\/wp-content\/uploads\/2016\/01\/6920.jpg\" width=\"609\" height=\"458\" srcset=\"https:\/\/www2.memri.org\/espanol\/wp-content\/uploads\/2016\/01\/6920.jpg 609w, https:\/\/www2.memri.org\/espanol\/wp-content\/uploads\/2016\/01\/6920-300x226.jpg 300w, https:\/\/www2.memri.org\/espanol\/wp-content\/uploads\/2016\/01\/6920-600x451.jpg 600w, https:\/\/www2.memri.org\/espanol\/wp-content\/uploads\/2016\/01\/6920-80x60.jpg 80w, https:\/\/www2.memri.org\/espanol\/wp-content\/uploads\/2016\/01\/6920-265x198.jpg 265w, https:\/\/www2.memri.org\/espanol\/wp-content\/uploads\/2016\/01\/6920-558x420.jpg 558w\" sizes=\"auto, (max-width: 609px) 100vw, 609px\" \/><\/p>\n<p>Adem\u00e1s, el portal ofrece un n\u00famero de tel\u00e9fono de \u00abconsultas de los medios de comunicaci\u00f3n\u00bb (el mismo n\u00famero de Anjem Choudary) y una secci\u00f3n de \u00abContacto\u00bb para los individuos o grupos interesados en participar en una manifestaci\u00f3n por la ley isl\u00e1mica del <em>Sharia<\/em> en las afueras de la Casa Blanca.<\/p>\n<\/div>\n","protected":false},"excerpt":{"rendered":"<p>El portal shariah4america.com en ingl\u00e9s es un portal que apoya el establecimiento de un califato isl\u00e1mico mundial y la ley del Sharia en los Estados Unidos. Cuenta con art\u00edculos y gr\u00e1ficos detallando el desmantelamiento de las instituciones estadounidenses e internacionales, tales como las Naciones Unidas y la Casa Blanca, los monumentos estadounidenses, tales como la [&hellip;]<\/p>\n","protected":false},"author":1,"featured_media":6971,"comment_status":"open","ping_status":"open","sticky":false,"template":"","format":"standard","meta":{"footnotes":""},"categories":[6,11],"tags":[],"class_list":["post-4588","post","type-post","status-publish","format-standard","has-post-thumbnail","hentry","category-comunicados-especiales","category-e-u-a-y-el-medio-oriente"],"_links":{"self":[{"href":"https:\/\/www2.memri.org\/espanol\/wp-json\/wp\/v2\/posts\/4588","targetHints":{"allow":["GET"]}}],"collection":[{"href":"https:\/\/www2.memri.org\/espanol\/wp-json\/wp\/v2\/posts"}],"about":[{"href":"https:\/\/www2.memri.org\/espanol\/wp-json\/wp\/v2\/types\/post"}],"author":[{"embeddable":true,"href":"https:\/\/www2.memri.org\/espanol\/wp-json\/wp\/v2\/users\/1"}],"replies":[{"embeddable":true,"href":"https:\/\/www2.memri.org\/espanol\/wp-json\/wp\/v2\/comments?post=4588"}],"version-history":[{"count":0,"href":"https:\/\/www2.memri.org\/espanol\/wp-json\/wp\/v2\/posts\/4588\/revisions"}],"wp:featuredmedia":[{"embeddable":true,"href":"https:\/\/www2.memri.org\/espanol\/wp-json\/wp\/v2\/media\/6971"}],"wp:attachment":[{"href":"https:\/\/www2.memri.org\/espanol\/wp-json\/wp\/v2\/media?parent=4588"}],"wp:term":[{"taxonomy":"category","embeddable":true,"href":"https:\/\/www2.memri.org\/espanol\/wp-json\/wp\/v2\/categories?post=4588"},{"taxonomy":"post_tag","embeddable":true,"href":"https:\/\/www2.memri.org\/espanol\/wp-json\/wp\/v2\/tags?post=4588"}],"curies":[{"name":"wp","href":"https:\/\/api.w.org\/{rel}","templated":true}]}}