{"id":4587,"date":"2011-04-22T00:00:00","date_gmt":"2011-04-22T00:00:00","guid":{"rendered":"http:\/\/www2.memri.org\/espanol\/2011\/04\/22\/articulo-en-diario-jordano-israel-repite-hechos-y-leyes-de-los-nazis\/"},"modified":"2016-01-13T21:44:44","modified_gmt":"2016-01-13T21:44:44","slug":"articulo-en-diario-jordano-israel-repite-hechos-y-leyes-de-los-nazis","status":"publish","type":"post","link":"https:\/\/www2.memri.org\/espanol\/articulo-en-diario-jordano-israel-repite-hechos-y-leyes-de-los-nazis\/4587","title":{"rendered":"Art\u00edculo en diario jordano: Israel repite hechos y leyes de los nazis"},"content":{"rendered":"<div class=\"bodytext c2\">\n<p><em>En un art\u00edculo titulado \u00ab[Israel] Hered\u00f3 el Nazismo y lo Super\u00f3\u00bb, <a href=\"#_edn1\" name=\"_ednref1\">[1]<\/a> Husni &#8216;Ayesh, columnista del diario del gobierno jordano Al-Rai, afirm\u00f3 que Israel est\u00e1 emulando las leyes y las acciones de los nazis y atac\u00f3 a Occidente por apoyarlo.<\/em><\/p>\n<p><em>Lo siguiente son extractos del art\u00edculo:<\/em><\/p>\n<p><strong>El apoyo de Occidente a Israel expone su postura hip\u00f3crita sobre los derechos humanos<\/strong><\/p>\n<p>\u00abEst\u00e1 claro para todos que los esfuerzos de informaci\u00f3n \u00e1rabes y los medios de comunicaci\u00f3n se inmutan por la exposici\u00f3n de las leyes de Israel al mundo y los actos nazis que cometen a diario contra el pueblo palestino. [Al mismo tiempo], [s\u00f3lo] observan y quiz\u00e1s incluso se hacen la vista gorda ante los esfuerzos de informaci\u00f3n sionista-israel\u00edes, que mancillan la imagen de la comunidad \u00e1rabe en el mundo cada vez que un gobierno \u00e1rabe, grupo o individuo comete un acto cobarde e inhumano &#8211; tal como la flagelaci\u00f3n p\u00fablica de la chica del Sud\u00e1n [por ordenes del gobierno] no-iluminado de Al-Bashir &#8211; que representa tales sucesos imprevistos, como si ocurriesen todos los d\u00edas, en todos los lugares \u00e1rabes o musulmanes.<\/p>\n<p>\u00abLa diplomacia \u00e1rabe y los esfuerzos de informaci\u00f3n \u00e1rabes, especialmente los oficiales, no logran aprovecharse de los documentos que dan fe a las leyes de Israel y sus numerosos actos nazis contra el pueblo palestino, [que pueden ser utilizados] para despertar la conciencia de Occidente&#8230; ni tampoco le demuestran [a Occidente] que todo el que apoya las leyes de Israel y los actos nazis &#8211; en su coraz\u00f3n, palabras o acciones &#8211; apoya el nazismo. El silencio de Occidente sobre estas leyes y hechos &#8211; a la [propia] existencia de Israel, a su imperialismo, sus asentamientos, sus cercos [de seguridad] racistas, sus puntos de control, sus humillantes b\u00fasquedas corporales diarias,&#8230; las decenas de miles de ciudadanos palestinos muertos y heridos, la destrucci\u00f3n de viviendas y la ley que [exige que los futuros ciudadanos israel\u00edes] juren lealtad al estado jud\u00edo &#8211; hacer nazis y terroristas a la propia [Occidente] y exponen su pol\u00edtica discriminatoria y su enga\u00f1o e hipocres\u00eda respecto a todo lo que tiene que ver con los derechos humanos [Tambi\u00e9n demuestra] que Occidente nunca estuvo en contra del nazismo de Alemania, tal como afirma, sino [s\u00f3lo] contra [la pol\u00edtica] de <em>lebensraum<\/em> (espacio vital), o de Alemania extendi\u00e9ndose por toda Europa&#8230;<\/p>\n<p>\u00abSi Occidente fuese sincero en su odio hacia el nazismo&#8230; lo hubiese condenado, o al menos se le opondr\u00eda con la misma firmeza, las leyes de Israel y las acciones contra el pueblo palestino, que son copiadas palabra por palabra de las leyes de la Alemania nazi y sus acciones contra los jud\u00edos, tal como se ha dicho por los intelectuales jud\u00edos tanto dentro de Israel y fuera de esta.<\/p>\n<p>\u00abLa explicaci\u00f3n de esta r\u00e9plica es que el nazismo&#8230; es de hecho un punto de vista religioso jud\u00edo fijado en la creencia de que [los jud\u00edos son] el &#8216;pueblo elegido por Dios. Hitler [s\u00f3lo] convergi\u00f3 esta perspectiva en su propia creencia nazi, haciendo de los alemanes el pueblo elegido en lugar de los jud\u00edos, tal como se manifiesta en su lema <em>&#8216;Deutschland \u00fcber Alles&#8217;<\/em>.<\/p>\n<p><strong>Occidente se uni\u00f3 contra el nazismo de Hitler pero ignora el nazismo de Israel<\/strong><\/p>\n<p>\u00abOh \u00e1rabes, la situaci\u00f3n siendo la que es, \u00bfcu\u00e1l es la diferencia entre Herzl, Weizmann, Jabotinsky, Ben Gurion, Levi Eshkol, Golda Meir, Moshe Dayan, Rabin Yizhak, Shimon Peres, Ehud Barak, Ehud Olmert, Avigdor Lieberman, Netanyahu y Hitler y sus ayudantes? Cu\u00e1l es la diferencia? Tal vez la \u00fanica diferencia entre ellos es la disparidad en la postura de Occidente, ya que el propio Occidente &#8211; Europa y Estados Unidos &#8211; que se unieron en contra de Hitler y su nazismo se unieron o formaron una alianza con Netanyahu y su nazismo, es decir, con Israel, en contra del inocente pueblo palestino, que nunca tuvo parte en la opresi\u00f3n de los jud\u00edos.<\/p>\n<p>\u00abPara la historia, [perm\u00edtanme decir que] los atentados contra ciudadanos jud\u00edos llevados a cabo por Hamas y el Jihad Isl\u00e1mico (sobre el cual Israel se regocij\u00f3 grandemente!!!); los atentados realizados por Al-Qaeda en los Estados Unidos en septiembre del 2001; los atentados posteriores en Londres, Par\u00eds y Madrid, los atentados contra los ciudadanos cristianos de pa\u00edses \u00e1rabes, especialmente en Irak y Egipto y todos los ataques hasta ahora que se han llevado a cabo en nombre del Islam, junto con el hecho de que algunos de los \u00e1rabes y musulmanes los aplaudieron &#8211; distraen al p\u00fablico del nazismo de Israel y [tambi\u00e9n] hizo de esta la [fuente de conocimientos] m\u00e1s buscada gracias a su experiencia en combatir contra los atentados de Hamas y el Jihad [isl\u00e1mico]. Este [s\u00f3lo] profundiz\u00f3 la alianza entre Occidente e Israel, ya que este ultimo es [percibido como] una &#8216;v\u00edctima&#8217; del &#8216;terrorismo isl\u00e1mico&#8217;&#8230;<\/p>\n<p>\u00abSi no fuera por [los atentados], Occidente se ver\u00eda obligada a modificar su postura [sobre Israel], aunque s\u00f3lo sea ligeramente, los inmigrantes \u00e1rabes y musulmanes en Occidente seguir\u00e1n viviendo en paz [con Occidente] y el Islam continuar\u00e1 propag\u00e1ndose r\u00e1pidamente [hacia el oeste, donde] ser\u00e1 bienvenido. Ya que antes de estos atentados, no exist\u00edan hostilidades entre los pueblos de Occidente y los inmigrantes \u00e1rabes y musulmanes [que viven all\u00ed] y el Islam. Por el contrario, la gente en Europa y los Estados Unidos se convirti\u00f3 al Islam en masa, [mientras que] mezquitas y centros isl\u00e1micos se construyeron en cada ciudad. La difusi\u00f3n del Islam en Europa y Occidente &#8211; que &#8216;Abd Al-Rahman Al-Ghafiqi no logr\u00f3 cuando fue derrotado en la batalla de Al-Balat Shahada [la batalla de Tours] en el 732 <a href=\"#_edn2\" name=\"_ednref2\">[2]<\/a> &#8211; fue lograda [gradualmente] a trav\u00e9s de la democracia y los principios de los derechos humanos. Estos atentados obligan a los palestinos, a los \u00e1rabes y a los musulmanes a entrar en un estado defensivo que empeora con cada ataque a civiles [realizado] en nombre del Islam. Tal vez esto explica en parte por qu\u00e9 el esfuerzo de informaci\u00f3n y diplomacia \u00e1rabe se inmuta en contraatacar a [Israel]. Pareciera que est\u00e1n dormidos y se sienten c\u00f3modos con esta situaci\u00f3n\u00bb.<\/p>\n<\/p>\n<hr class=\"c1\" size=\"1\" width=\"33%\" \/>\n<p><a href=\"#_ednref1\" name=\"_edn1\">[1]<\/a> <em>Al-Rai<\/em> (Jordania), 12 de abril, 2011.<\/p>\n<p><a href=\"#_ednref2\" name=\"_edn2\">[2]<\/a> &#8216;Abd Al-Rahman Al-Ghafiqi, Emir de Al-Andalus bajo el califato Umaya, fue asesinado en el a\u00f1o 732 en la Batalla de Tours mientras estuvo al frente de sus tropas en una campa\u00f1a para conquistar Francia, que termin\u00f3 en su derrota por las fuerzas franquistas.<\/p>\n<\/div>\n","protected":false},"excerpt":{"rendered":"<p>En un art\u00edculo titulado \u00ab[Israel] Hered\u00f3 el Nazismo y lo Super\u00f3\u00bb, [1] Husni &#8216;Ayesh, columnista del diario del gobierno jordano Al-Rai, afirm\u00f3 que Israel est\u00e1 emulando las leyes y las acciones de los nazis y atac\u00f3 a Occidente por apoyarlo. Lo siguiente son extractos del art\u00edculo: El apoyo de Occidente a Israel expone su postura [&hellip;]<\/p>\n","protected":false},"author":1,"featured_media":0,"comment_status":"open","ping_status":"open","sticky":false,"template":"","format":"standard","meta":{"footnotes":""},"categories":[6,22,16],"tags":[],"class_list":["post-4587","post","type-post","status-publish","format-standard","hentry","category-comunicados-especiales","category-jordania","category-proyecto-documental-sobre-antisemitismo"],"_links":{"self":[{"href":"https:\/\/www2.memri.org\/espanol\/wp-json\/wp\/v2\/posts\/4587","targetHints":{"allow":["GET"]}}],"collection":[{"href":"https:\/\/www2.memri.org\/espanol\/wp-json\/wp\/v2\/posts"}],"about":[{"href":"https:\/\/www2.memri.org\/espanol\/wp-json\/wp\/v2\/types\/post"}],"author":[{"embeddable":true,"href":"https:\/\/www2.memri.org\/espanol\/wp-json\/wp\/v2\/users\/1"}],"replies":[{"embeddable":true,"href":"https:\/\/www2.memri.org\/espanol\/wp-json\/wp\/v2\/comments?post=4587"}],"version-history":[{"count":0,"href":"https:\/\/www2.memri.org\/espanol\/wp-json\/wp\/v2\/posts\/4587\/revisions"}],"wp:attachment":[{"href":"https:\/\/www2.memri.org\/espanol\/wp-json\/wp\/v2\/media?parent=4587"}],"wp:term":[{"taxonomy":"category","embeddable":true,"href":"https:\/\/www2.memri.org\/espanol\/wp-json\/wp\/v2\/categories?post=4587"},{"taxonomy":"post_tag","embeddable":true,"href":"https:\/\/www2.memri.org\/espanol\/wp-json\/wp\/v2\/tags?post=4587"}],"curies":[{"name":"wp","href":"https:\/\/api.w.org\/{rel}","templated":true}]}}