{"id":4586,"date":"2011-04-22T00:00:00","date_gmt":"2011-04-22T00:00:00","guid":{"rendered":"http:\/\/www2.memri.org\/espanol\/2011\/04\/22\/periodista-arabe-israeli-zuheir-andreus-las-leyes-de-israel-se-asemejan-a-las-leyes-nazis-los-arabes-israelies-deben-aprovechar-la-ley-del-nakba-para-deslegitimar-a-israel\/"},"modified":"2016-01-13T21:44:43","modified_gmt":"2016-01-13T21:44:43","slug":"periodista-arabe-israeli-zuheir-andreus-las-leyes-de-israel-se-asemejan-a-las-leyes-nazis-los-arabes-israelies-deben-aprovechar-la-ley-del-nakba-para-deslegitimar-a-israel","status":"publish","type":"post","link":"https:\/\/www2.memri.org\/espanol\/periodista-arabe-israeli-zuheir-andreus-las-leyes-de-israel-se-asemejan-a-las-leyes-nazis-los-arabes-israelies-deben-aprovechar-la-ley-del-nakba-para-deslegitimar-a-israel\/4586","title":{"rendered":"Periodista \u00e1rabe israel\u00ed Zuheir Andreus: Las leyes de Israel se asemejan a las leyes nazis, los \u00e1rabes israel\u00edes deben aprovechar la Ley del Nakba para deslegitimar a Israel"},"content":{"rendered":"<div class=\"bodytext c2\"><!--Document Body --><\/p>\n<div class=\"bodytext c2\">\n<p><em>En un art\u00edculo en el semanario \u00e1rabe israel\u00ed Kul Al-Arab, titulado \u00abAprovech\u00e1ndose de<\/em> <em>la Ley<\/em> <em>del Nakba Para Deslegitimar a Israel\u00bb, el periodista \u00e1rabe israel\u00ed Zuheir Andreus, quien tambi\u00e9n escribe en el portal de noticias israel\u00ed Ynet y en el diario \u00e1rabe de Londres Al-Quds Al-Arabi, llam\u00f3 en los ciudadanos \u00e1rabes en Israel y en sus dirigentes a aprovecharse de<\/em> <em>la Ley<\/em> <em>del Nakba, recientemente aprobada por el Knesset, con el fin de deslegitimar a Israel ante la comunidad internacional. La ley permite el corte en la financiaci\u00f3n estatal para los \u00f3rganos que niegan la existencia de Israel como estado jud\u00edo o su car\u00e1cter democr\u00e1tico, celebrar el d\u00eda de la independencia de Israel como un D\u00eda de luto, ayudar a la resistencia armada o al racismo, la violencia y el terrorismo y a quien profane la bandera de Israel o su emblema nacional.<\/em><\/p>\n<p><em>En su art\u00edculo, Andreus dijo que las leyes de Israel eran una reminiscencia de las leyes nazis y pidi\u00f3 a los \u00e1rabes israel\u00edes participar en una campa\u00f1a internacional para deslegitimar a Israel y \u00abexponer su desgracia\u00bb. Este propuso maneras de eludir<\/em> <em>la Ley Nakba<\/em> <em>con el fin de garantizar que el Nakba sea inculcado en la conciencia de las generaciones venideras. Por \u00faltimo, declar\u00f3 que los palestinos no eran \u00abni invitados ni forasteros\u00bb en Israel y que cualquiera que no le gustase este hecho pod\u00eda tomar el siguiente avi\u00f3n de vuelta al pa\u00eds del cual lleg\u00f3 a Palestina.<\/em><\/p>\n<p><em>Una traducci\u00f3n editada al hebreo de este art\u00edculo apareci\u00f3 en el diario israel\u00ed Haaretz, con una serie de importantes omisiones y alteraciones.<\/em><\/p>\n<p><em>A continuaci\u00f3n se presentan traducciones de la versi\u00f3n original en \u00e1rabe del art\u00edculo y una revisi\u00f3n de las disparidades entre este art\u00edculo y la versi\u00f3n hebrea publicada en Haaretz:<\/em><\/p>\n<p><strong>\u00abLa ley del libro de Israel se ha vuelto m\u00e1s negra que el color negro\u00bb<\/strong><\/p>\n<p>\u00ab&#8230; Los palestinos en Israel deben cuidadosamente considerar c\u00f3mo manejar la Ley del Nakba, que pas\u00f3 su tercera lectura en el Knesset ayer. [La verdad es que] deber\u00edamos agradecer a los miembros racistas del Knesset que apoyaron esta ley. Es una extra\u00f1a e incre\u00edble paradoja que el Knesset haya aprobado esta ley el mismo d\u00eda en que la falsa democracia del estado hebreo envi\u00f3 a su ex presidente, Mosh\u00e9 Katzav a prisi\u00f3n por siete a\u00f1os, tras ser declarado culpable de violaci\u00f3n y otros delitos sexuales. La Ley Nakba, que se une a una larga lista de leyes racistas forjadas en el taller del actual Knesset, es una ley descaradamente racista. Esta permite retirar el apoyo financiero de las instituciones que cuestionan la identidad de Israel como estado jud\u00edo, de instituciones p\u00fablicas que est\u00e1n acusadas de desafiar abiertamente su [identidad] jud\u00eda o de cualquier otra actividad que no reconozca la existencia de Israel como estado jud\u00edo democr\u00e1tico&#8230;<\/p>\n<p>\u00abSin m\u00e1s que decir, la reacci\u00f3n de los [ciudadanos] palestinos a este estado de ocupaci\u00f3n debe ser una cuesti\u00f3n de hecho, racional y pr\u00e1ctica. Debemos dar a conocer esta ley fuera de las fronteras de Israel. Es decir, debemos reunirnos con representantes de los pa\u00edses iluminados y progresivos con el fin de darle a conocer [a ellos], junto a la larga lista de leyes racistas recientemente aprobada por el \u00faltimo Knesset. Debemos presentar documentaci\u00f3n de estas leyes racistas, negro sobre blanco y explicar en detalle a los representantes de los pa\u00edses occidentales&#8230; que el libro de leyes de Israel se ha vuelto m\u00e1s negro y que recuerda a periodos similares de la historia moderna. Me refiero a las leyes nazis contra los jud\u00edos y los extranjeros, que fueron aprobadas por el criminal Hitler durante la Segunda Guerra Mundial y fueron dirigidos contra los jud\u00edos simplemente porque eran jud\u00edos\u00bb.<\/p>\n<p><strong>Los \u00e1rabes israel\u00edes deben participar en la deslegitimaci\u00f3n de Israel<\/strong><\/p>\n<p>\u00ab[Una campa\u00f1a para exponer] la Ley del Nakba y [leyes] similares a la [comunidad] internacional caer\u00e1 en o\u00eddos receptivos en los pa\u00edses [occidentales], que est\u00e1n completamente hartos del vandalismo [de Israel] y la pirater\u00eda en su tratamiento de la palestinos en ambos lados de la llamada L\u00ednea Verde. [Incluso] los dirigentes del estado hebreo [han] comenzado a alertar d\u00eda y noche de que su pa\u00eds, que es nuestra patria, se espera haga frente a una actividad dirigida a deslegitimarla. Y no hay nada malo con mencionar aqu\u00ed que el ministro de guerra [de Israel], Ehud Barak, dijo la semana pasada que Israel se enfrentar\u00eda a un tsunami pol\u00edtico si continua siendo obstinada en relaci\u00f3n al as\u00ed llamado proceso de paz con los palestinos y que, en los pr\u00f3ximos meses, el aislamiento de Israel y el rechazo de la comunidad internacional aumentar\u00e1 considerablemente. [Barak dijo que] esto empujar\u00e1 el estado hebreo hacia una esquina y lo llevara a [adoptar] un r\u00e9gimen paralelo al Apartheid en Sud\u00e1frica durante el mandato de minor\u00eda blanca all\u00ed.<\/p>\n<p>\u00abY si la situaci\u00f3n en Israel va de mal en peor, es nuestra obligaci\u00f3n aprovechar esta oportunidad de oro para que participen activamente en el intento de exponer la verg\u00fcenza de Israel, que se ha convertido en un &#8216;pa\u00eds para todos sus fascistas&#8217;. Tenemos que&#8230; participar en la importante actividad de deslegitimar a Israel, porque nosotros, que estamos en la [l\u00ednea] de frente en la tierra de [nuestros] antepasados, nos hemos convertido en v\u00edctimas de los caprichos de los miembros del Knesset racista de los jud\u00edos. Nos hemos realmente convertido en v\u00edctimas de estas leyes y rehenes de esta banda que est\u00e1 motivada por el odio intenso por cualquier orador en idioma \u00e1rabe.<\/p>\n<p>\u00abTenemos que explicarle al mundo progresista que &#8216;el pa\u00eds para todos sus pobladores&#8217; se ha robado y continua rob\u00e1ndose nuestra tierra y que hoy, ha pasado a una etapa no menos peligrosa, en que el pa\u00eds de la mayor\u00eda jud\u00eda est\u00e1 tratando de de usurpar nuestro Nakba, [para borrarlo] de nuestra conciencia colectiva&#8230; y distorsionar la historia&#8230; Estamos limpios de la sangre de estos racistas. \u00abNo somos nosotros los que estamos en el banquillo. Lo contrario es cierto:.. Nosotros, los \u00e1rabes del 48 [es decir, los \u00e1rabes de Israel], son los acusadores. Debemos recordarles a los pa\u00edses que votaron en la ONU a favor de establecer un estado jud\u00edo en Palestina, que lo hicieron a condici\u00f3n de que Israel tratara a sus minor\u00edas por igual, sin discriminar entre estas [minor\u00edas] y los jud\u00edos por motivos nacionalistas. Aqu\u00ed hay que recordar que el primer presidente del estado hebreo, Chaim Weizmann, declar\u00f3 en la d\u00e9cada de 1960 que la imagen del estado de ocupaci\u00f3n ante los ojos de la comunidad internacional depender\u00e1 de la forma en que [este estado] trate a las minor\u00edas que viven dentro de ella\u00bb.<\/p>\n<p><strong>C\u00f3mo burlar<\/strong> <strong>la Ley Nakba<\/strong> <strong>y ense\u00f1arla a las generaciones venideras<\/strong><\/p>\n<p>\u00abLa segunda parte de nuestra reacci\u00f3n a la racista Ley del Nakba debe centrarse en lo &#8216;interno&#8217;, [en los \u00e1rabes] dentro de la llamada L\u00ednea Verde. El Alto Comit\u00e9 de Seguimiento de los Palestinos en los territorios del 48 debe pasar una serie de resoluciones sobre esta materia&#8230; Debe pasar una resoluci\u00f3n vinculante que muestre banderas negras y banderas palestinas en nuestros veh\u00edculos e instituciones en el D\u00eda del Nakba de nuestro pueblo \u00e1rabe palestino, ya que esto no puede considerarse una violaci\u00f3n de la Ley del Nakba&#8230;<\/p>\n<p>\u00abLa segunda propuesta de impugnaci\u00f3n a Israel y sus leyes racistas implica la electricidad. Debemos desconectar la electricidad en nuestras ciudades y pueblos, desde la Galilea hasta el Negev, tambi\u00e9n en las firmes [ciudades del] tri\u00e1ngulo y en las ciudades mixtas [es decir, jud\u00edas y \u00e1rabes]. Haciendo esto no causar\u00e1 ning\u00fan da\u00f1o financiero a la [empresa] racista el\u00e9ctrica&#8230; que no toma en consideraci\u00f3n a los palestinos de &#8216;adentro&#8217;, se niega a emplear \u00e1rabes y ni siquiera los contratan por [cargos de servicio al cliente, por lo tanto] prevenir a aquellos &#8216;dentro&#8217; de los palestinos que no dominan el hebreo de contactar con la empresa [el\u00e9ctrica] para diversos servicios. Adem\u00e1s, apagar las luces en el D\u00eda del Nakba nos ahorraremos una gran cantidad de dinero, que puede ser utilizado para proyectos nacionales y para la educaci\u00f3n de las generaciones venideras sobre el Nakba e inculcarla en su conciencia.<\/p>\n<p>\u00abEsto nos lleva a la tercera propuesta &#8211; la celebraci\u00f3n de asambleas en nuestras ciudades y pueblos en los que los ni\u00f1os escucharan de los mayores sobre los asesinatos, la expulsi\u00f3n y deportaci\u00f3n que tuvieron lugar durante el Nakba. Estas reuniones con la gente que vivi\u00f3 durante el Nakba erradicaran la teor\u00eda de la ex primer ministro Golda Meir, quien dijo que el viejo morir\u00e1 y el joven olvidar\u00e1\u00bb.<\/p>\n<p><strong>Nosotros no somos hu\u00e9spedes en Israel, aquellos que no les gusta esto pueden regresar a sus pa\u00edses de origen<\/strong><\/p>\n<p>\u00abPor \u00faltimo, debemos transmitir un mensaje de gran nitidez al pueblo israel\u00ed y a sus dirigentes: Ustedes debe internalizar&#8230; el hecho claro de que los palestinos en su pa\u00eds no son ni invitados ni forasteros. Aquellos de ustedes que no les guste esto pueden tomar el siguiente avi\u00f3n de vuelta al pa\u00eds desde el cual vinieron o desde donde fueron llevados a Palestina. Adem\u00e1s, es nuestro deber se\u00f1alar que el m\u00e1s grande de los poetas palestinos, el difunto Mahmoud Darwish, quien nos ha dejado en cuerpo [pero todav\u00eda est\u00e1 con nosotros en esp\u00edritu], ya les ha dicho en su <em>qasida<\/em> famosa [un poema l\u00edrico \u00e1rabe]: &#8216;Oh ustedes que pasan entre las palabras fugaces, tenemos lo que les causa disgusto. Tenemos el futuro y tenemos cosas que hacer en nuestra tierra. Tenemos el pasado aqu\u00ed y la primera voz de la vida. Tenemos el presente, el presente y el futuro y aqu\u00ed tenemos tanto a este mundo y el siguiente. As\u00ed que salgan de nuestra tierra\u00bb&#8216;. <a href=\"#_edn1\" name=\"_ednref1\">[1]<\/a><\/p>\n<p><strong>Versi\u00f3n limpia del art\u00edculo de Andreus publicado en el portal de <em>Haaretz<\/em><\/strong><\/p>\n<p>El 30 de marzo del 2011, una versi\u00f3n en hebreo de este art\u00edculo fue publicada en el portal del diario israel\u00ed <em>Haaretz<\/em>, bajo el t\u00edtulo \u00abLa Ley Nakba es Buena para los \u00c1rabes\u00bb. <a href=\"#_edn2\" name=\"_ednref2\">[2]<\/a> Adem\u00e1s del cambio de t\u00edtulo, tambi\u00e9n hubo cambios en el propio art\u00edculo:<\/p>\n<p>\u00b7 En la versi\u00f3n en \u00e1rabe, Andreus escribe que \u00abel libro de leyes de Israel\u00bb es similar a \u00ablas leyes nazis contra los jud\u00edos y extranjeros, que fueron aprobadas por el criminal Hitler durante la Segunda Guerra Mundial\u00bb. La versi\u00f3n hebrea dice que las leyes de Israel son una reminiscencia de \u00abper\u00edodos oscuros de la historia y plantea cuestiones dif\u00edciles relativas a la libertad de los [ciudadanos] \u00e1rabes\u00bb.<\/p>\n<p>\u00b7 En la versi\u00f3n en \u00e1rabe, Andreus escribe que los palestinos no son \u00abni invitados ni forasteros en Israel\u00bb, e invita a cualquier israel\u00ed que no le guste esto a que \u00abtome el siguiente avi\u00f3n de vuelta al pa\u00eds del cual [este] vino o desde donde [fue] tra\u00eddo a Palestina\u00bb. La invitaci\u00f3n a salir de Israel no se encuentra en la versi\u00f3n hebrea.<\/p>\n<p>\u00b7 Las expresiones \u00abpa\u00eds para todos sus fascistas\u00bb y \u00abpa\u00eds para todos sus pobladores\u00bb est\u00e1n ausentes en la versi\u00f3n hebrea.<\/p>\n<p>\u00b7 En la versi\u00f3n en \u00e1rabe, Andreus dice que el desconectar la electricidad de las ciudades israel\u00edes y aldeas \u00e1rabes \u00abno causar\u00e1 da\u00f1os peque\u00f1os financieros a la empresa racista [el\u00e9ctrica]&#8230; que no toma en consideraci\u00f3n a los palestinos de &#8216;dentro&#8217;, se niega a emplear \u00e1rabes y ni siquiera los nombran para [cargos] al servicio del cliente&#8230;\u00bb La versi\u00f3n en hebreo dice que desconectar la electricidad \u00abcausara peque\u00f1as p\u00e9rdidas a la compa\u00f1\u00eda el\u00e9ctrica israel\u00ed\u00bb.<\/p>\n<p>\u00b7 Por \u00faltimo, la versi\u00f3n en \u00e1rabe cita versos de un poema de Mahmoud Darwish, que termina en las palabras \u00absalgan de nuestra tierra\u00bb, la cual est\u00e1 ausente del art\u00edculo hebreo.<\/p>\n<\/p>\n<hr class=\"c1\" size=\"1\" width=\"33%\" \/>\n<p><a href=\"#_ednref1\" name=\"_edn1\">[1]<\/a> <em>Kul Al-Arab (<\/em>Israel), 1 de abril, 2011.<\/p>\n<p><a href=\"#_ednref2\" name=\"_edn2\">[2]<\/a> <em>Haaretz<\/em> (Israel), 30 de marzo, 2011.<\/p>\n<\/div>\n<\/div>\n","protected":false},"excerpt":{"rendered":"<p>En un art\u00edculo en el semanario \u00e1rabe israel\u00ed Kul Al-Arab, titulado \u00abAprovech\u00e1ndose de la Ley del Nakba Para Deslegitimar a Israel\u00bb, el periodista \u00e1rabe israel\u00ed Zuheir Andreus, quien tambi\u00e9n escribe en el portal de noticias israel\u00ed Ynet y en el diario \u00e1rabe de Londres Al-Quds Al-Arabi, llam\u00f3 en los ciudadanos \u00e1rabes en Israel y en [&hellip;]<\/p>\n","protected":false},"author":1,"featured_media":0,"comment_status":"open","ping_status":"open","sticky":false,"template":"","format":"standard","meta":{"footnotes":""},"categories":[6,13],"tags":[],"class_list":["post-4586","post","type-post","status-publish","format-standard","hentry","category-comunicados-especiales","category-conflicto-arabe-israeli"],"_links":{"self":[{"href":"https:\/\/www2.memri.org\/espanol\/wp-json\/wp\/v2\/posts\/4586","targetHints":{"allow":["GET"]}}],"collection":[{"href":"https:\/\/www2.memri.org\/espanol\/wp-json\/wp\/v2\/posts"}],"about":[{"href":"https:\/\/www2.memri.org\/espanol\/wp-json\/wp\/v2\/types\/post"}],"author":[{"embeddable":true,"href":"https:\/\/www2.memri.org\/espanol\/wp-json\/wp\/v2\/users\/1"}],"replies":[{"embeddable":true,"href":"https:\/\/www2.memri.org\/espanol\/wp-json\/wp\/v2\/comments?post=4586"}],"version-history":[{"count":0,"href":"https:\/\/www2.memri.org\/espanol\/wp-json\/wp\/v2\/posts\/4586\/revisions"}],"wp:attachment":[{"href":"https:\/\/www2.memri.org\/espanol\/wp-json\/wp\/v2\/media?parent=4586"}],"wp:term":[{"taxonomy":"category","embeddable":true,"href":"https:\/\/www2.memri.org\/espanol\/wp-json\/wp\/v2\/categories?post=4586"},{"taxonomy":"post_tag","embeddable":true,"href":"https:\/\/www2.memri.org\/espanol\/wp-json\/wp\/v2\/tags?post=4586"}],"curies":[{"name":"wp","href":"https:\/\/api.w.org\/{rel}","templated":true}]}}