{"id":45265,"date":"2018-04-16T15:55:56","date_gmt":"2018-04-16T19:55:56","guid":{"rendered":"http:\/\/www2.memri.org\/espanol\/?p=45265"},"modified":"2018-04-16T15:56:20","modified_gmt":"2018-04-16T19:56:20","slug":"columna-en-diario-jordano-trump-y-netanyahu-son-peores-que-hitler-es-posible-que-algunas-de-las-andanzas-atribuidas-a-hitler-nunca-sucedieron","status":"publish","type":"post","link":"https:\/\/www2.memri.org\/espanol\/columna-en-diario-jordano-trump-y-netanyahu-son-peores-que-hitler-es-posible-que-algunas-de-las-andanzas-atribuidas-a-hitler-nunca-sucedieron\/45265","title":{"rendered":"Columna en diario jordano: Trump y Netanyahu son peores que Hitler; es posible que algunas de las andanzas atribuidas a Hitler nunca sucedieron"},"content":{"rendered":"<p><em>En su columna del 1 de enero de 2017 en el diario Al-Ghad, titulada \u00ab\u00bfEn Qu\u00e9 se Diferencia Trump y Netanyahu de Hitler?\u00bb Jihad Al-Mansi afirm\u00f3 que \u00abel comportamiento del [Presidente estadounidense] Trump y [el Primer Ministro de Israel] Netanyahu es much\u00edsimo peor que cualquier cosa que haya hecho Hitler\u00bb. Este escribe que algunas afirmaciones sobre las acciones de Hitler pueden ser falsas, o exageradas a fin de ganarse la simpat\u00eda del mundo. Al-Mansi agrega que si Hitler hubiese ganado la Segunda Guerra Mundial, el mundo no le hubiera llamado nazi o fascista, sino que lo hubiese respetado permaneciendo callados y sin decir nada acerca de la incineraci\u00f3n de los jud\u00edos.<\/em><\/p>\n<p><img loading=\"lazy\" decoding=\"async\" class=\"alignnone size-full wp-image-45267\" src=\"https:\/\/www2.memri.org\/espanol\/wp-content\/uploads\/2018\/04\/eghad-1.png\" width=\"270\" height=\"102\" \/><\/p>\n<p><em>Lo siguiente son extractos traducidos de su columna:<a href=\"#_edn1\" name=\"_ednref1\"><strong>[1]<\/strong><\/a><\/em><\/p>\n<p>\u00abEstados Unidos se ve a s\u00ed mismo como l\u00edder en lo referente a los valores humanitarios y tolerancia basados en la libertad, justicia e igualdad y el denunciar el odio. Pero cuando su Presidente [Donald Trump] habla de manera racista y fascista sobre los pa\u00edses de Centroam\u00e9rica y \u00c1frica y los ve como lugares &#8216;extremadamente asquerosos y desagradables&#8217; y cuando \u00e9l es quien ha declarado en el pasado que a los musulmanes se les negar\u00e1 la entrada a los Estados Unidos, de que muchos ser\u00e1n deportados, de que un muro ser\u00e1 construido a lo largo de la frontera con M\u00e9xico y que las mujeres que aborten ser\u00e1n castigadas, por qu\u00e9, este tipo de declaraciones sobrepasa el racismo y el fascismo de Hitler y Mussolini&#8230;<\/p>\n<p>\u00ab\u00bfY las declaraciones racistas de Benjam\u00edn Netanyahu, el encabezado de la opresiva entidad sionista, que dijo que el asesinato de cualquier persona por un jud\u00edo no puede compararse con el asesinato de un jud\u00edo por un no-jud\u00edo, o que, por ejemplo, describi\u00f3 a la ONU como &#8216;una casa de mentiras&#8217; cuando la Asamblea General deb\u00eda votar un proyecto de resoluci\u00f3n que ped\u00eda a los Estados Unidos retirar su reconocimiento de Jerusal\u00e9n como la capital de Israel y que dijo que Israel se opone totalmente a este voto y que Jerusal\u00e9n es la capital de la entidad opresiva, a pesar de todas las decisiones internacionales que se oponen a esto, en otras palabras, desafiando a la ONU y al mundo entero. Tales declaraciones no son muy diferentes a la ideolog\u00eda de Hitler que el mundo m\u00e1s tarde se referir\u00e1 como nazis, extremistas y racistas<\/p>\n<p>\u00abEl mundo iluminado, desprovisto de racismo y fascismo, no llam\u00f3 a Hitler nazi, racista u otros nombres terribles solo porque inciner\u00f3 jud\u00edos, sino tambi\u00e9n por las terribles andanzas que perpetr\u00f3 en Par\u00eds y en otros pa\u00edses y debido a sus declaraciones hostiles sobre los pueblos del mundo. Por lo tanto, insisto en que las hechos de Trump y Netanyahu son mucho m\u00e1s graves que las acciones cometidas por Hitler, algunas de las cuales pueden haber sucedido, pero otras quiz\u00e1s nunca ocurrieron, [o bien] han sido exagerados a fin de obtener la simpat\u00eda del mundo por una u otra causa. Por qu\u00e9, el incinerar gente no es muy diferente a una matanza colectiva perpetrada contra el pueblo palestino por el sionismo a lo largo de los a\u00f1os, comenzando con Deir Yassin, Qibya y Al-Dawayima, continuando con Bahr el-Baqar, Sabra y Shatila y Qana y decenas de otras masacres brutales en las que el n\u00famero de mujeres y ni\u00f1os asesinados es mucho mayor que la cantidad de hombres. Y si contamos el n\u00famero de m\u00e1rtires que cayeron en manos de pandillas terroristas sionistas, es posible que su n\u00famero sea mucho mayor que el n\u00famero [de personas] que supuestamente fueron incineradas por Hitler, especialmente dado que se desconoce el n\u00famero de personas incineradas y no existe una cifra clara y como algunos afirman que en realidad era un n\u00famero muy limitado que fue inflado por varias razones desconocidas. Otros dicen que la cifra es algo m\u00e1s alta y hay quienes dudan totalmente de la veracidad de estas historias.<\/p>\n<p>\u00abNo me preocupa en este momento una evaluaci\u00f3n de Hitler ni tampoco defenderlo, pero planteo una pregunta leg\u00edtima sobre el silencio del mundo ante las declaraciones racistas de Netanyahu y Trump y el silencio de la ONU ante tales declaraciones. \u00bfEs este un caso de \u00abpoder\u00edo es lo correcto\u00bb y de ganador y perdedor?<\/p>\n<p>\u00abAnte estas preguntas, cada vez m\u00e1s me convence que si Hitler hubiese ganado la [segunda] Guerra Mundial, el mundo no lo hubiese llamado nazi, terrorista, racista y fascista, sino el l\u00edder de un pa\u00eds digno de respeto y aprecio y el mundo hubiese permanecido en silencio sobre su acci\u00f3n de incinerar a los jud\u00edos y tal vez incluso los mismos jud\u00edos sobrevivientes le hubiesen perdonado sus acciones\u00bb.<\/p>\n<hr \/>\n<p><a href=\"#_ednref1\" name=\"_edn1\">[1]<\/a> <em>Al-Ghad<\/em> (Jordania), 17 de enero, 2018.<\/p>\n","protected":false},"excerpt":{"rendered":"<p>En su columna del 1 de enero de 2017 en el diario Al-Ghad, titulada \u00ab\u00bfEn Qu\u00e9 se Diferencia Trump y Netanyahu de Hitler?\u00bb Jihad Al-Mansi afirm\u00f3 que \u00abel comportamiento del [Presidente estadounidense] Trump y [el Primer Ministro de Israel] Netanyahu es much\u00edsimo peor que cualquier cosa que haya hecho Hitler\u00bb. Este escribe que algunas afirmaciones [&hellip;]<\/p>\n","protected":false},"author":1,"featured_media":45266,"comment_status":"open","ping_status":"open","sticky":false,"template":"","format":"standard","meta":{"footnotes":""},"categories":[4,6,9,11,18,13,22,16],"tags":[],"class_list":["post-45265","post","type-post","status-publish","format-standard","has-post-thumbnail","hentry","category-archivos","category-comunicados-especiales","category-temas","category-e-u-a-y-el-medio-oriente","category-paises","category-conflicto-arabe-israeli","category-jordania","category-proyecto-documental-sobre-antisemitismo"],"_links":{"self":[{"href":"https:\/\/www2.memri.org\/espanol\/wp-json\/wp\/v2\/posts\/45265","targetHints":{"allow":["GET"]}}],"collection":[{"href":"https:\/\/www2.memri.org\/espanol\/wp-json\/wp\/v2\/posts"}],"about":[{"href":"https:\/\/www2.memri.org\/espanol\/wp-json\/wp\/v2\/types\/post"}],"author":[{"embeddable":true,"href":"https:\/\/www2.memri.org\/espanol\/wp-json\/wp\/v2\/users\/1"}],"replies":[{"embeddable":true,"href":"https:\/\/www2.memri.org\/espanol\/wp-json\/wp\/v2\/comments?post=45265"}],"version-history":[{"count":0,"href":"https:\/\/www2.memri.org\/espanol\/wp-json\/wp\/v2\/posts\/45265\/revisions"}],"wp:featuredmedia":[{"embeddable":true,"href":"https:\/\/www2.memri.org\/espanol\/wp-json\/wp\/v2\/media\/45266"}],"wp:attachment":[{"href":"https:\/\/www2.memri.org\/espanol\/wp-json\/wp\/v2\/media?parent=45265"}],"wp:term":[{"taxonomy":"category","embeddable":true,"href":"https:\/\/www2.memri.org\/espanol\/wp-json\/wp\/v2\/categories?post=45265"},{"taxonomy":"post_tag","embeddable":true,"href":"https:\/\/www2.memri.org\/espanol\/wp-json\/wp\/v2\/tags?post=45265"}],"curies":[{"name":"wp","href":"https:\/\/api.w.org\/{rel}","templated":true}]}}