{"id":45184,"date":"2018-04-14T15:19:03","date_gmt":"2018-04-14T19:19:03","guid":{"rendered":"http:\/\/www2.memri.org\/espanol\/?p=45184"},"modified":"2018-04-16T15:26:29","modified_gmt":"2018-04-16T19:26:29","slug":"resumen-del-fin-de-semana-del-proyecto-supervision-a-la-amenaza-terrorista-y-yihad-psaty-6","status":"publish","type":"post","link":"https:\/\/www2.memri.org\/espanol\/resumen-del-fin-de-semana-del-proyecto-supervision-a-la-amenaza-terrorista-y-yihad-psaty-6\/45184","title":{"rendered":"Resumen del fin de semana del Proyecto Supervisi\u00f3n a la Amenaza Terrorista y Yihad (PSATY)"},"content":{"rendered":"<p><em>Lo siguiente son algunos de los informes de esta semana del Proyecto Supervisi\u00f3n a la Amenaza Terrorista y Yihad (PSATY) en MEMRI, que traduce y analiza el contenido de fuentes monitoreadas y supervisadas las 24 horas del d\u00eda, 7 d\u00edas a la semana, entre estos los portales y blogs yihadistas m\u00e1s importantes. (Para ver estos informes en su totalidad, usted debe ser miembro del PSATY; para obtener informaci\u00f3n sobre c\u00f3mo obtener la membres\u00eda, env\u00ede un correo electr\u00f3nico a la siguiente direcci\u00f3n <a href=\"mailto:jttmsubs@memri.org\">jttmsubs@memri.org<\/a> junto al texto \u00abMembership &#8211; Membres\u00eda\u00bb en el p\u00e1rrafo del tema).<\/em><\/p>\n<p><strong><em>Nota a los medios de comunicaci\u00f3n y del gobierno: Para obtener una copia completa de estos informes, env\u00ede un correo electr\u00f3nico con el t\u00edtulo del informe en la l\u00ednea del tema a la siguiente direcci\u00f3n: <a href=\"mailto:media@memri.org\">media@memri.org<\/a>. Por favor incluya su nombre, t\u00edtulo y organizaci\u00f3n a la que pertenece en su correo electr\u00f3nico.<\/em><\/strong><\/p>\n<p><strong>&#8216;Beatle&#8217; brit\u00e1nico del EIIS El Shafee Elsheikh en entrevista desde el cautiverio en Alaan TV: No denuncio la esclavitud, nada supera a Occidente por su corrupci\u00f3n<\/strong><\/p>\n<p><img loading=\"lazy\" decoding=\"async\" class=\"alignnone size-full wp-image-45231\" src=\"https:\/\/www2.memri.org\/espanol\/wp-content\/uploads\/2018\/04\/jttmweekly041418-1-1.jpg\" width=\"704\" height=\"352\" alt=\"\" srcset=\"https:\/\/www2.memri.org\/espanol\/wp-content\/uploads\/2018\/04\/jttmweekly041418-1-1.jpg 704w, https:\/\/www2.memri.org\/espanol\/wp-content\/uploads\/2018\/04\/jttmweekly041418-1-1-300x150.jpg 300w, https:\/\/www2.memri.org\/espanol\/wp-content\/uploads\/2018\/04\/jttmweekly041418-1-1-600x300.jpg 600w, https:\/\/www2.memri.org\/espanol\/wp-content\/uploads\/2018\/04\/jttmweekly041418-1-1-696x348.jpg 696w\" sizes=\"auto, (max-width: 704px) 100vw, 704px\" \/><\/p>\n<p><strong><em>El siguiente informe es ahora un ofrecimiento complementario sin costo alguno del Proyecto Supervisi\u00f3n a la Amenaza Terrorista y Yihad de MEMRI (PSATY). Para informaci\u00f3n sobre como suscribirse al PSATY, <a href=\"http:\/\/memri.convio.net\/site\/R?i=_bJ3vqPE-oDtjXEjsXjR3Q\">pulse aqu\u00ed<\/a>.<\/em><\/strong><\/p>\n<p>El Shafee Elsheikh, miembro de la c\u00e9lula brit\u00e1nica del EIIS conocida como los \u201cBeatles\u201d, que se hizo famosa por sus v\u00eddeos de decapitaci\u00f3n a rehenes extranjeros, concedi\u00f3 una entrevista al periodista Jenan Moussa de Alan TV, desde su celda. Elsheikh, quien se neg\u00f3 a responder preguntas sobre los cargos en su contra, citando el \u201cproceso legal en curso\u201d, dijo que no estaba de acuerdo con todo lo que hizo el EIIS. Cuando Moussa lo presion\u00f3 sobre a qu\u00e9 cosas este se opon\u00eda, respondi\u00f3: \u201cA las boletas de tr\u00e1fico\u2026 cosas que no tienen fundamento en la ley de Al\u00e1\u201d. Respecto a la esclavitud de las mujeres yacido, Elsheikh dijo: \u201cNo denuncio la esclavitud\u2026 El hecho de que Estados Unidos decidiera abolir algo\u2026 no significa que cada persona tenga que correr detr\u00e1s de Estados Unidos y decir: Esto es considerado ahora un acto abominable\u201d. Dijo adem\u00e1s que decidi\u00f3 viajar a Siria por la opresi\u00f3n de los musulmanes en todo el mundo. \u201cTodos y cada uno de los entornos tienen corrupci\u00f3n, pero nada supera a Occidente\u201d, dijo. Elsheikh, nacido en Sud\u00e1n y criado en Londres, este se encuentra retenido por las Fuerzas Democr\u00e1ticas Sirias lideradas por los kurdos desde su captura en enero al este de Siria, junto a otro miembro de la c\u00e9lula del EIIS.<\/p>\n<p><em>Para ver este video en MEMRI TV, <a href=\"https:\/\/www.memri.org\/tv\/british-isis-beatle-dont-denounce-slavery-nothing-beats-west-for-corruption\">pulse aqu\u00ed<\/a>.<\/em><\/p>\n<p><strong>EXCLUSIVO: En video compartido en Telegram, el portavoz de Al-Qaeda en el Subcontinente Hind\u00fa (AQSH) Usama Mehmood dice que el ej\u00e9rcito de Pakist\u00e1n &#8216;apu\u00f1al\u00f3 por la espalda con una espada al yihad de Cachemira<\/strong><\/p>\n<p><img loading=\"lazy\" decoding=\"async\" class=\"alignnone size-full wp-image-45232\" src=\"https:\/\/www2.memri.org\/espanol\/wp-content\/uploads\/2018\/04\/jttmweekly0414181-1-1.jpg\" width=\"600\" height=\"343\" alt=\"\" srcset=\"https:\/\/www2.memri.org\/espanol\/wp-content\/uploads\/2018\/04\/jttmweekly0414181-1-1.jpg 600w, https:\/\/www2.memri.org\/espanol\/wp-content\/uploads\/2018\/04\/jttmweekly0414181-1-1-300x172.jpg 300w\" sizes=\"auto, (max-width: 600px) 100vw, 600px\" \/><\/p>\n<p>Un canal yihadista en la plataforma Telegram ha publicado una entrevista en video de Ustad Usama Mehmood, portavoz de Al-Qaeda en el Subcontinente Hind\u00fa (AQSH), en la que discute el papel del ej\u00e9rcito de Pakist\u00e1n respecto al yihad en Cachemira.<\/p>\n<p><strong>EXCLUSIVO: En Facebook, partidario del EIIS en Houston dice que un amigo estadounidense que posee armas desea llevar a cabo ataques<\/strong><\/p>\n<p><img loading=\"lazy\" decoding=\"async\" class=\"alignnone size-full wp-image-45233\" src=\"https:\/\/www2.memri.org\/espanol\/wp-content\/uploads\/2018\/04\/jttmweekly0414182-1-1.jpg\" width=\"424\" height=\"688\" alt=\"\" srcset=\"https:\/\/www2.memri.org\/espanol\/wp-content\/uploads\/2018\/04\/jttmweekly0414182-1-1.jpg 424w, https:\/\/www2.memri.org\/espanol\/wp-content\/uploads\/2018\/04\/jttmweekly0414182-1-1-185x300.jpg 185w, https:\/\/www2.memri.org\/espanol\/wp-content\/uploads\/2018\/04\/jttmweekly0414182-1-1-259x420.jpg 259w\" sizes=\"auto, (max-width: 424px) 100vw, 424px\" \/><\/p>\n<p>Una partidaria del Estado Isl\u00e1mico (EIIS) cuyo perfil dice que vive en Houston, Texas, ha indicado su apoyo al Estado Isl\u00e1mico en su cuenta Facebook.<\/p>\n<p><strong>EXCLUSIVO: Individuo musulm\u00e1n intenta convertir a residentes de Nueva York y Nueva Jersey, promueve el martirio y publica contenido relacionado con grupos yihadistas en Instagram; adem\u00e1s de promover Conferencia para Conversos en la Universidad Rutgers<\/strong><\/p>\n<p><img loading=\"lazy\" decoding=\"async\" class=\"alignnone size-full wp-image-45234\" src=\"https:\/\/www2.memri.org\/espanol\/wp-content\/uploads\/2018\/04\/jttmweekly0414183-1-1.jpg\" width=\"358\" height=\"431\" alt=\"\" srcset=\"https:\/\/www2.memri.org\/espanol\/wp-content\/uploads\/2018\/04\/jttmweekly0414183-1-1.jpg 358w, https:\/\/www2.memri.org\/espanol\/wp-content\/uploads\/2018\/04\/jttmweekly0414183-1-1-249x300.jpg 249w, https:\/\/www2.memri.org\/espanol\/wp-content\/uploads\/2018\/04\/jttmweekly0414183-1-1-349x420.jpg 349w\" sizes=\"auto, (max-width: 358px) 100vw, 358px\" \/><\/p>\n<p>Un usuario de la aplicaci\u00f3n Instagram ha publicado contenido en Instagram que indica su apoyo al yihad. Este publica muchas fotos de s\u00ed mismo predicando en estaciones de metro en la ciudad de Nueva York.<\/p>\n<p><strong>EXCLUSIVO: Grupo pro-EIIS publica un art\u00edculo que insta a musulmanes en Occidente a realizar ataques en sus pa\u00edses<\/strong><\/p>\n<p><img loading=\"lazy\" decoding=\"async\" class=\"alignnone size-full wp-image-45235\" src=\"https:\/\/www2.memri.org\/espanol\/wp-content\/uploads\/2018\/04\/jttmweekly0414184-1-1.jpg\" width=\"698\" height=\"307\" alt=\"\" srcset=\"https:\/\/www2.memri.org\/espanol\/wp-content\/uploads\/2018\/04\/jttmweekly0414184-1-1.jpg 698w, https:\/\/www2.memri.org\/espanol\/wp-content\/uploads\/2018\/04\/jttmweekly0414184-1-1-300x132.jpg 300w, https:\/\/www2.memri.org\/espanol\/wp-content\/uploads\/2018\/04\/jttmweekly0414184-1-1-600x264.jpg 600w, https:\/\/www2.memri.org\/espanol\/wp-content\/uploads\/2018\/04\/jttmweekly0414184-1-1-696x307.jpg 696w\" sizes=\"auto, (max-width: 698px) 100vw, 698px\" \/><\/p>\n<p>El 7 de abril, 2018 un canal pro-Estado Isl\u00e1mico (EIIS) en la plataforma Telegram public\u00f3 un breve art\u00edculo en \u00e1rabe titulado \u00abIncrementando la Motivaci\u00f3n para Atacar a las Naciones\u00bb.<\/p>\n<p><strong>EXCLUSIVO: Grupo pro-EIIS insta a operadores a mantener vigilia de seguridad para no ser capturados como los &#8216;Beatles&#8217; brit\u00e1nicos del EIIS<\/strong><\/p>\n<p><img loading=\"lazy\" decoding=\"async\" class=\"alignnone size-full wp-image-45236\" src=\"https:\/\/www2.memri.org\/espanol\/wp-content\/uploads\/2018\/04\/jttmweekly0414185-1-1.jpg\" width=\"504\" height=\"357\" alt=\"\" srcset=\"https:\/\/www2.memri.org\/espanol\/wp-content\/uploads\/2018\/04\/jttmweekly0414185-1-1.jpg 504w, https:\/\/www2.memri.org\/espanol\/wp-content\/uploads\/2018\/04\/jttmweekly0414185-1-1-300x213.jpg 300w, https:\/\/www2.memri.org\/espanol\/wp-content\/uploads\/2018\/04\/jttmweekly0414185-1-1-100x70.jpg 100w\" sizes=\"auto, (max-width: 504px) 100vw, 504px\" \/><\/p>\n<p>El 5 de abril, 2018 y el 8 de abril, 2018 la \u00abFundaci\u00f3n Al-Muhajireen\u00bb, un grupo de partidarios del Estado Isl\u00e1mico (EIIS) activos en Telegram, public\u00f3 dos posters en \u00e1rabe e ingl\u00e9s bajo el t\u00edtulo \u00abAlerta de Seguridad\u00bb advirtiendo a los combatientes extranjeros del EIIS en Siria que est\u00e1n en peligro de ser entregados a las fuerzas de la Coalici\u00f3n y les exhort\u00f3 a actuar con cautela.<\/p>\n<p><strong>EXCLUSIVO: Predicador yihadista en Siria Abu Ykthan visita tumbas de combatientes uigures y le pide a Al\u00e1 que los acepte como m\u00e1rtires y les permita elegir a sus deseadas v\u00edrgenes de ojos negros<\/strong><\/p>\n<p><img loading=\"lazy\" decoding=\"async\" class=\"alignnone size-full wp-image-45237\" src=\"https:\/\/www2.memri.org\/espanol\/wp-content\/uploads\/2018\/04\/jttmweekly0414186-1-1.jpg\" width=\"600\" height=\"318\" alt=\"\" srcset=\"https:\/\/www2.memri.org\/espanol\/wp-content\/uploads\/2018\/04\/jttmweekly0414186-1-1.jpg 600w, https:\/\/www2.memri.org\/espanol\/wp-content\/uploads\/2018\/04\/jttmweekly0414186-1-1-300x159.jpg 300w\" sizes=\"auto, (max-width: 600px) 100vw, 600px\" \/><\/p>\n<p>El 11 de abril, 2018 Abo Ykthan, un predicador yihadista en Siria, public\u00f3 un video en su canal en la plataforma Telegram que documenta su visita a un cementerio donde est\u00e1n enterrados los combatientes uigures, tambi\u00e9n conocidos como combatientes de Turkest\u00e1n.<\/p>\n<p><strong>Partidarios del EIIS lanzan campa\u00f1a para renovar lealtad al l\u00edder Abu Bakr Al-Baghdadi<\/strong><\/p>\n<p><img loading=\"lazy\" decoding=\"async\" class=\"alignnone size-full wp-image-45238\" src=\"https:\/\/www2.memri.org\/espanol\/wp-content\/uploads\/2018\/04\/jttmweekly0414187-1-1.jpg\" width=\"434\" height=\"289\" alt=\"\" srcset=\"https:\/\/www2.memri.org\/espanol\/wp-content\/uploads\/2018\/04\/jttmweekly0414187-1-1.jpg 434w, https:\/\/www2.memri.org\/espanol\/wp-content\/uploads\/2018\/04\/jttmweekly0414187-1-1-300x200.jpg 300w\" sizes=\"auto, (max-width: 434px) 100vw, 434px\" \/><\/p>\n<p>El 2 de abril, 2018 partidarios del Estado Isl\u00e1mico (EIIS) lanzaron una campa\u00f1a en Telegram llamando a los musulmanes a renovar su promesa de lealtad (<em>bay&#8217;ah<\/em> en \u00e1rabe) al l\u00edder del EIIS, \u00abel Califa de los musulmanes\u00bb Abu Bakr Al-Baghdadi.<\/p>\n<p><strong>El EIIS urge a combatientes de Hay&#8217;at Tahrir Al-Sham (HTS) arrepentirse y se unan a sus rangos<\/strong><\/p>\n<p><img loading=\"lazy\" decoding=\"async\" class=\"alignnone size-full wp-image-45239\" src=\"https:\/\/www2.memri.org\/espanol\/wp-content\/uploads\/2018\/04\/jttmweekly0414188-1-1.jpg\" width=\"600\" height=\"199\" alt=\"\" srcset=\"https:\/\/www2.memri.org\/espanol\/wp-content\/uploads\/2018\/04\/jttmweekly0414188-1-1.jpg 600w, https:\/\/www2.memri.org\/espanol\/wp-content\/uploads\/2018\/04\/jttmweekly0414188-1-1-300x100.jpg 300w\" sizes=\"auto, (max-width: 600px) 100vw, 600px\" \/><\/p>\n<p>El 11 de abril, 2018 la oficina de medios de comunicaci\u00f3n del Estado Isl\u00e1mico (EIIS) en la provincia de Damasco, Siria, dio a conocer un video instando a los combatientes de Hay&#8217;at Tahrir Al-Sham (HTS) a arrepentirse por los \u00abactos de incredulidad\u00bb que este les acus\u00f3 de cometer y pedirles se unan a sus filas.<\/p>\n<p><strong>Filial del EIIS en Afganist\u00e1n-Pakist\u00e1n publica im\u00e1genes de dispositivos de visi\u00f3n nocturna de una redada contra los talibanes<\/strong><\/p>\n<p><img loading=\"lazy\" decoding=\"async\" class=\"alignnone size-full wp-image-45240\" src=\"https:\/\/www2.memri.org\/espanol\/wp-content\/uploads\/2018\/04\/jttmweekly0414189-1-1.jpg\" width=\"604\" height=\"342\" alt=\"\" srcset=\"https:\/\/www2.memri.org\/espanol\/wp-content\/uploads\/2018\/04\/jttmweekly0414189-1-1.jpg 604w, https:\/\/www2.memri.org\/espanol\/wp-content\/uploads\/2018\/04\/jttmweekly0414189-1-1-300x170.jpg 300w, https:\/\/www2.memri.org\/espanol\/wp-content\/uploads\/2018\/04\/jttmweekly0414189-1-1-600x340.jpg 600w\" sizes=\"auto, (max-width: 604px) 100vw, 604px\" \/><\/p>\n<p>El 2 de abril, 2018 la filial del Estado Isl\u00e1mico (EIIS) en la regi\u00f3n de Afganist\u00e1n-Pakist\u00e1n, Wilayat Joras\u00e1n (provincia de Joras\u00e1n) public\u00f3 una serie de fotograf\u00edas que muestran una operaci\u00f3n nocturna en la provincia afgana de Nangarhar.<\/p>\n<p><strong>El EIIS publica fotograf\u00edas de francotiradores entrenando cerca de Al-Bukamal<\/strong><\/p>\n<p><img loading=\"lazy\" decoding=\"async\" class=\"alignnone size-full wp-image-45241\" src=\"https:\/\/www2.memri.org\/espanol\/wp-content\/uploads\/2018\/04\/jttmweekly04141810-1-1.jpg\" width=\"960\" height=\"540\" alt=\"\" srcset=\"https:\/\/www2.memri.org\/espanol\/wp-content\/uploads\/2018\/04\/jttmweekly04141810-1-1.jpg 960w, https:\/\/www2.memri.org\/espanol\/wp-content\/uploads\/2018\/04\/jttmweekly04141810-1-1-300x169.jpg 300w, https:\/\/www2.memri.org\/espanol\/wp-content\/uploads\/2018\/04\/jttmweekly04141810-1-1-768x432.jpg 768w, https:\/\/www2.memri.org\/espanol\/wp-content\/uploads\/2018\/04\/jttmweekly04141810-1-1-600x338.jpg 600w, https:\/\/www2.memri.org\/espanol\/wp-content\/uploads\/2018\/04\/jttmweekly04141810-1-1-696x392.jpg 696w, https:\/\/www2.memri.org\/espanol\/wp-content\/uploads\/2018\/04\/jttmweekly04141810-1-1-747x420.jpg 747w\" sizes=\"auto, (max-width: 960px) 100vw, 960px\" \/><\/p>\n<p>El 10 de abril, 2018 la provincia Al-Furat del Estado Isl\u00e1mico (EIIS), que opera en el \u00e1rea alrededor de Al-Bukamal al este de Siria, public\u00f3 una serie de fotograf\u00edas que documentan el entrenamiento de francotiradores.<\/p>\n<p><strong>Medio de comunicaci\u00f3n pro-EIIS da a conocer posters que amenazan a la ciudad de Nueva York<\/strong><\/p>\n<p><img loading=\"lazy\" decoding=\"async\" class=\"alignnone size-full wp-image-45242\" src=\"https:\/\/www2.memri.org\/espanol\/wp-content\/uploads\/2018\/04\/jttmweekly04141811-1-1.jpg\" width=\"804\" height=\"528\" alt=\"\" srcset=\"https:\/\/www2.memri.org\/espanol\/wp-content\/uploads\/2018\/04\/jttmweekly04141811-1-1.jpg 804w, https:\/\/www2.memri.org\/espanol\/wp-content\/uploads\/2018\/04\/jttmweekly04141811-1-1-300x197.jpg 300w, https:\/\/www2.memri.org\/espanol\/wp-content\/uploads\/2018\/04\/jttmweekly04141811-1-1-768x504.jpg 768w, https:\/\/www2.memri.org\/espanol\/wp-content\/uploads\/2018\/04\/jttmweekly04141811-1-1-600x394.jpg 600w, https:\/\/www2.memri.org\/espanol\/wp-content\/uploads\/2018\/04\/jttmweekly04141811-1-1-696x457.jpg 696w, https:\/\/www2.memri.org\/espanol\/wp-content\/uploads\/2018\/04\/jttmweekly04141811-1-1-741x486.jpg 741w, https:\/\/www2.memri.org\/espanol\/wp-content\/uploads\/2018\/04\/jttmweekly04141811-1-1-640x420.jpg 640w\" sizes=\"auto, (max-width: 804px) 100vw, 804px\" \/><\/p>\n<p>El 11 de abril, 2018 un medio de comunicaci\u00f3n pro-Estado Isl\u00e1mico (EIIS) public\u00f3 un p\u00f3ster en la plataforma Telegram editado digitalmente para mostrar a un hombre que llevaba consigo una mochila en la estaci\u00f3n de metro High Street Brooklyn Bridge y detr\u00e1s de \u00e9l se pod\u00eda ver una carga explosiva y la palabra \u00abEIIS\u00bb escrita muy informalmente en la pared.<\/p>\n<p><strong>En Telegram, grupo medi\u00e1tico pro-Estado Isl\u00e1mico en Indonesia publica gr\u00e1fico de un militante armado que tiene como reh\u00e9n al Papa Francisco<\/strong><\/p>\n<p><img loading=\"lazy\" decoding=\"async\" class=\"alignnone size-full wp-image-45243\" src=\"https:\/\/www2.memri.org\/espanol\/wp-content\/uploads\/2018\/04\/jttmweekly04141812-1-1.jpg\" width=\"291\" height=\"433\" alt=\"\" srcset=\"https:\/\/www2.memri.org\/espanol\/wp-content\/uploads\/2018\/04\/jttmweekly04141812-1-1.jpg 291w, https:\/\/www2.memri.org\/espanol\/wp-content\/uploads\/2018\/04\/jttmweekly04141812-1-1-202x300.jpg 202w, https:\/\/www2.memri.org\/espanol\/wp-content\/uploads\/2018\/04\/jttmweekly04141812-1-1-282x420.jpg 282w\" sizes=\"auto, (max-width: 291px) 100vw, 291px\" \/><\/p>\n<p>El 9 de abril, 2018 un medio de comunicaci\u00f3n pro-Estado Isl\u00e1mico (EIIS) en Indonesia public\u00f3 un gr\u00e1fico en la plataforma Telegram que mostraba a un militante armado teniendo como reh\u00e9n al Papa Francisco. En la imagen, el Papa est\u00e1 sentado en un inodoro.<\/p>\n<p><strong>Partidarios del EIIS amenazan a Putin, Rusia y a la Copa Mundial del 2018<\/strong><\/p>\n<p><img loading=\"lazy\" decoding=\"async\" class=\"alignnone size-full wp-image-45244\" src=\"https:\/\/www2.memri.org\/espanol\/wp-content\/uploads\/2018\/04\/jttmweekly04141813-1-1.jpg\" width=\"264\" height=\"426\" alt=\"\" srcset=\"https:\/\/www2.memri.org\/espanol\/wp-content\/uploads\/2018\/04\/jttmweekly04141813-1-1.jpg 264w, https:\/\/www2.memri.org\/espanol\/wp-content\/uploads\/2018\/04\/jttmweekly04141813-1-1-186x300.jpg 186w, https:\/\/www2.memri.org\/espanol\/wp-content\/uploads\/2018\/04\/jttmweekly04141813-1-1-260x420.jpg 260w\" sizes=\"auto, (max-width: 264px) 100vw, 264px\" \/><\/p>\n<p>Entre el 31 de marzo, 2018 y el 7 de abril, 2018 partidarios del Estado Isl\u00e1mico (EIIS) en Telegram compartieron varios posters nuevos en ingl\u00e9s, \u00e1rabe y ruso, amenazando con ataques terroristas en suelo ruso y dirigidos espec\u00edficamente a la Copa Mundial de la FIFA 2018 que ser\u00e1 celebrada en Rusia durante el verano.<\/p>\n<p><strong>Canales afiliados al EIIS Nasher News en Telegram promueven los canales de noticias Nasher News en la app. TamTam<\/strong><\/p>\n<p><img loading=\"lazy\" decoding=\"async\" class=\"alignnone size-full wp-image-45245\" src=\"https:\/\/www2.memri.org\/espanol\/wp-content\/uploads\/2018\/04\/jttmweekly04141814-1-1.jpg\" width=\"688\" height=\"292\" alt=\"\" srcset=\"https:\/\/www2.memri.org\/espanol\/wp-content\/uploads\/2018\/04\/jttmweekly04141814-1-1.jpg 688w, https:\/\/www2.memri.org\/espanol\/wp-content\/uploads\/2018\/04\/jttmweekly04141814-1-1-300x127.jpg 300w, https:\/\/www2.memri.org\/espanol\/wp-content\/uploads\/2018\/04\/jttmweekly04141814-1-1-600x255.jpg 600w\" sizes=\"auto, (max-width: 688px) 100vw, 688px\" \/><\/p>\n<p>El 7 de abril, 2018 el medio de comunicaci\u00f3n afiliado al Estado Isl\u00e1mico (EIIS) Nasher News en la plataforma Telegram public\u00f3 enlaces a los canales del grupo en la aplicaci\u00f3n de mensajer\u00eda TamTam.<\/p>\n<p><strong>Al-Qaeda en el Magreb Isl\u00e1mico (AQMI) afiliado en T\u00fanez pide por ataques contra Francia e intereses franceses<\/strong><\/p>\n<p><img loading=\"lazy\" decoding=\"async\" class=\"alignnone size-full wp-image-45246\" src=\"https:\/\/www2.memri.org\/espanol\/wp-content\/uploads\/2018\/04\/jttmweekly04141815-1-1.jpg\" width=\"352\" height=\"152\" alt=\"\" srcset=\"https:\/\/www2.memri.org\/espanol\/wp-content\/uploads\/2018\/04\/jttmweekly04141815-1-1.jpg 352w, https:\/\/www2.memri.org\/espanol\/wp-content\/uploads\/2018\/04\/jttmweekly04141815-1-1-300x130.jpg 300w\" sizes=\"auto, (max-width: 352px) 100vw, 352px\" \/><\/p>\n<p>El 7 de abril, 2018 Al-Qaeda en el Magreb Isl\u00e1mico (AQMI) a trav\u00e9s de su ala Al-\u00c1ndalus emiti\u00f3 un comunicado en nombre de su grupo afiliado en T\u00fanez la Brigada Uqba Bin Nafi, amenazando a Francia y los intereses franceses mientras culpaba a Francia por el robo de los recursos naturales en el pa\u00eds.<\/p>\n<p><strong>Publicaci\u00f3n en canal de Telegram afiliado a Al-Qaeda incita en contra de Francia<\/strong><\/p>\n<p><img loading=\"lazy\" decoding=\"async\" class=\"alignnone size-full wp-image-45247\" src=\"https:\/\/www2.memri.org\/espanol\/wp-content\/uploads\/2018\/04\/jttmweekly04141816-1-1.jpg\" width=\"608\" height=\"280\" alt=\"\" srcset=\"https:\/\/www2.memri.org\/espanol\/wp-content\/uploads\/2018\/04\/jttmweekly04141816-1-1.jpg 608w, https:\/\/www2.memri.org\/espanol\/wp-content\/uploads\/2018\/04\/jttmweekly04141816-1-1-300x138.jpg 300w, https:\/\/www2.memri.org\/espanol\/wp-content\/uploads\/2018\/04\/jttmweekly04141816-1-1-600x276.jpg 600w\" sizes=\"auto, (max-width: 608px) 100vw, 608px\" \/><\/p>\n<p>El 12 de abril, 2018 un canal en la plataforma Telegram asociado a grupos yihadistas, incluyendo Al-Qaeda, que opera en Mali, llamado \u00abAzawad no se Doblegar\u00e1 Ante Nadie m\u00e1s que Al\u00e1\u00bb public\u00f3 una incitaci\u00f3n contra Francia pidiendo su destrucci\u00f3n.<\/p>\n<p><strong>Contenido pro-Al-Qaeda en ingl\u00e9s prospera en Telegram<\/strong><\/p>\n<p>Por. A. Agron*<\/p>\n<p><img loading=\"lazy\" decoding=\"async\" class=\"alignnone size-full wp-image-45248\" src=\"https:\/\/www2.memri.org\/espanol\/wp-content\/uploads\/2018\/04\/jttmweekly04141817-1-1.jpg\" width=\"463\" height=\"298\" alt=\"\" srcset=\"https:\/\/www2.memri.org\/espanol\/wp-content\/uploads\/2018\/04\/jttmweekly04141817-1-1.jpg 463w, https:\/\/www2.memri.org\/espanol\/wp-content\/uploads\/2018\/04\/jttmweekly04141817-1-1-300x193.jpg 300w\" sizes=\"auto, (max-width: 463px) 100vw, 463px\" \/><\/p>\n<p>La presencia de Al-Qaeda en la plataforma Telegram ha sido mantenida en gran medida por canales en idioma \u00e1rabe como Al-Sahab, siendo esta el ala medi\u00e1tica de Al-Qaeda, el Frente Global de Medios Isl\u00e1micos (FGMI), afiliado a Al-Qaeda y los canales pertenecientes a las ramas regionales de Al-Qaeda tales como Al-Qaeda en la Pen\u00ednsula Ar\u00e1biga (AQPA) y Al-Qaeda en el Magreb Isl\u00e1mico (AQMI).<\/p>\n<p><strong>Jaysh Khalid Bin Al-Walid publica fotos de chicos<\/strong><\/p>\n<p><img loading=\"lazy\" decoding=\"async\" class=\"alignnone size-full wp-image-45249\" src=\"https:\/\/www2.memri.org\/espanol\/wp-content\/uploads\/2018\/04\/jttmweekly04141818-1-1.jpg\" width=\"768\" height=\"432\" alt=\"\" srcset=\"https:\/\/www2.memri.org\/espanol\/wp-content\/uploads\/2018\/04\/jttmweekly04141818-1-1.jpg 768w, https:\/\/www2.memri.org\/espanol\/wp-content\/uploads\/2018\/04\/jttmweekly04141818-1-1-300x169.jpg 300w, https:\/\/www2.memri.org\/espanol\/wp-content\/uploads\/2018\/04\/jttmweekly04141818-1-1-600x338.jpg 600w, https:\/\/www2.memri.org\/espanol\/wp-content\/uploads\/2018\/04\/jttmweekly04141818-1-1-696x392.jpg 696w, https:\/\/www2.memri.org\/espanol\/wp-content\/uploads\/2018\/04\/jttmweekly04141818-1-1-747x420.jpg 747w\" sizes=\"auto, (max-width: 768px) 100vw, 768px\" \/><\/p>\n<p>El 7 de abril, 2018 la filial del Estado Isl\u00e1mico (EIIS) en el sudoeste de Siria Jaysh Khalid bin Al-Walid, public\u00f3 fotograf\u00edas que mostraban ciertas actividades realizadas por su \u00aboficina de educaci\u00f3n\u00bb, una ceremonia que honraba a chicos que memorizaban partes del Cor\u00e1n.<\/p>\n<p><strong>Grupo medi\u00e1tico yihadista publica fotograf\u00eda de presunto soldado estadounidense en Somalia<\/strong><\/p>\n<p><img loading=\"lazy\" decoding=\"async\" class=\"alignnone size-full wp-image-45250\" src=\"https:\/\/www2.memri.org\/espanol\/wp-content\/uploads\/2018\/04\/jttmweekly04141819-1.jpg\" width=\"474\" height=\"430\" alt=\"\" srcset=\"https:\/\/www2.memri.org\/espanol\/wp-content\/uploads\/2018\/04\/jttmweekly04141819-1.jpg 474w, https:\/\/www2.memri.org\/espanol\/wp-content\/uploads\/2018\/04\/jttmweekly04141819-1-300x272.jpg 300w, https:\/\/www2.memri.org\/espanol\/wp-content\/uploads\/2018\/04\/jttmweekly04141819-1-463x420.jpg 463w\" sizes=\"auto, (max-width: 474px) 100vw, 474px\" \/><\/p>\n<p>El 10 de abril, 2018, el Frente Global de Medios Isl\u00e1micos (FGMI) public\u00f3 una fotograf\u00eda de lo que afirma es un soldado estadounidense que asisti\u00f3 a una reuni\u00f3n con funcionarios del gobierno en Somalia.<\/p>\n<p><strong>Portal en el Reino Unido organiza conferencias de cl\u00e9rigos yihadistas<\/strong><\/p>\n<p><img loading=\"lazy\" decoding=\"async\" class=\"alignnone size-full wp-image-45251\" src=\"https:\/\/www2.memri.org\/espanol\/wp-content\/uploads\/2018\/04\/jttmweekly04141820-1.jpg\" width=\"505\" height=\"194\" alt=\"\" srcset=\"https:\/\/www2.memri.org\/espanol\/wp-content\/uploads\/2018\/04\/jttmweekly04141820-1.jpg 505w, https:\/\/www2.memri.org\/espanol\/wp-content\/uploads\/2018\/04\/jttmweekly04141820-1-300x115.jpg 300w\" sizes=\"auto, (max-width: 505px) 100vw, 505px\" \/><\/p>\n<p>Un portal en el Reino Unido sirve de anfitri\u00f3n a muchas conferencias de cl\u00e9rigos yihadistas tales como Ahmad Musa Jibril, de Michigan, Ali Al-Timimi, de Irak y el fallecido jeque yemenita estadounidense y figura de Al-Qaeda Anwar Al-&#8216;Awlaki.<\/p>\n<p><strong>Portal afgano: Militantes del Estado Isl\u00e1mico lanzan ataque en el distrito Darzab de Jawzjan, Afganist\u00e1n<\/strong><\/p>\n<p><img loading=\"lazy\" decoding=\"async\" class=\"alignnone size-full wp-image-45252\" src=\"https:\/\/www2.memri.org\/espanol\/wp-content\/uploads\/2018\/04\/jttmweekly04141821-1.jpg\" width=\"600\" height=\"349\" alt=\"\" srcset=\"https:\/\/www2.memri.org\/espanol\/wp-content\/uploads\/2018\/04\/jttmweekly04141821-1.jpg 600w, https:\/\/www2.memri.org\/espanol\/wp-content\/uploads\/2018\/04\/jttmweekly04141821-1-300x175.jpg 300w\" sizes=\"auto, (max-width: 600px) 100vw, 600px\" \/><\/p>\n<p>Seg\u00fan un portal de noticias afgano, militantes afiliados al grupo terrorista el Estado Isl\u00e1mico (EIIS) lanzaron un ataque coordinado contra puestos de seguridad en el distrito Darzab cercano a la provincia norte\u00f1a de Jawzjan, en Afganist\u00e1n.<\/p>\n<p><strong>Portal talib\u00e1n afgano niega afirmaciones sobre el asesinato de militantes chinos en la provincia de Badakhshan<\/strong><\/p>\n<p><img loading=\"lazy\" decoding=\"async\" class=\"alignnone size-full wp-image-45253\" src=\"https:\/\/www2.memri.org\/espanol\/wp-content\/uploads\/2018\/04\/jttmweekly04141822-1.jpg\" width=\"460\" height=\"388\" alt=\"\" srcset=\"https:\/\/www2.memri.org\/espanol\/wp-content\/uploads\/2018\/04\/jttmweekly04141822-1.jpg 460w, https:\/\/www2.memri.org\/espanol\/wp-content\/uploads\/2018\/04\/jttmweekly04141822-1-300x253.jpg 300w\" sizes=\"auto, (max-width: 460px) 100vw, 460px\" \/><\/p>\n<p>El portal en urdu del Emirato Isl\u00e1mico de Afganist\u00e1n (la organizaci\u00f3n talib\u00e1n) ha rechazado la afirmaci\u00f3n del gobierno afgano de que dos ciudadanos chinos se hallaban entre los varios militantes asesinados por las fuerzas de seguridad afganas en la provincia de Badakhshan el 30 de marzo, 2018.<\/p>\n<p><strong>Ex-embajador talib\u00e1n en Pakist\u00e1n: &#8216;Los talibanes no aceptaran demandas de ning\u00fan pa\u00eds a menos que las fuerzas extranjeras abandonen Afganist\u00e1n&#8217;<\/strong><\/p>\n<p><img loading=\"lazy\" decoding=\"async\" class=\"alignnone size-full wp-image-45254\" src=\"https:\/\/www2.memri.org\/espanol\/wp-content\/uploads\/2018\/04\/jttmweekly04141823-1.jpg\" width=\"600\" height=\"337\" alt=\"\" srcset=\"https:\/\/www2.memri.org\/espanol\/wp-content\/uploads\/2018\/04\/jttmweekly04141823-1.jpg 600w, https:\/\/www2.memri.org\/espanol\/wp-content\/uploads\/2018\/04\/jttmweekly04141823-1-300x169.jpg 300w\" sizes=\"auto, (max-width: 600px) 100vw, 600px\" \/><\/p>\n<p>Mullah Abdul Salam Zaeef, embajador de Afganist\u00e1n en Pakist\u00e1n cuando los talibanes se encontraban en el poder en Kabul durante los a\u00f1os de 1996-2001, dice en una entrevista que Pakist\u00e1n ha \u00abincrementado la presi\u00f3n\u00bb sobre el Emirato Isl\u00e1mico de Afganist\u00e1n (la organizaci\u00f3n talib\u00e1n) para que sostenga conversaciones de paz.<\/p>\n<p><strong>En declaraciones publicadas en la plataforma Telegram, talibanes afganos acusan a tropas extranjeras de cometer atrocidades contra civiles en todo Afganist\u00e1n<\/strong><\/p>\n<p><img loading=\"lazy\" decoding=\"async\" class=\"alignnone size-full wp-image-45255\" src=\"https:\/\/www2.memri.org\/espanol\/wp-content\/uploads\/2018\/04\/jttmweekly04141824-1.jpg\" width=\"707\" height=\"175\" alt=\"\" srcset=\"https:\/\/www2.memri.org\/espanol\/wp-content\/uploads\/2018\/04\/jttmweekly04141824-1.jpg 707w, https:\/\/www2.memri.org\/espanol\/wp-content\/uploads\/2018\/04\/jttmweekly04141824-1-300x74.jpg 300w, https:\/\/www2.memri.org\/espanol\/wp-content\/uploads\/2018\/04\/jttmweekly04141824-1-600x149.jpg 600w, https:\/\/www2.memri.org\/espanol\/wp-content\/uploads\/2018\/04\/jttmweekly04141824-1-696x172.jpg 696w\" sizes=\"auto, (max-width: 707px) 100vw, 707px\" \/><\/p>\n<p>A continuaci\u00f3n se incluye el texto de una declaraci\u00f3n del 2 de abril publicada en Telegram por el Emirato Isl\u00e1mico de Afganist\u00e1n (la organizaci\u00f3n talib\u00e1n), acusando a las fuerzas de seguridad estadounidenses y afganas de cometer atrocidades contra civiles a lo largo y ancho de Afganist\u00e1n.<\/p>\n<p><strong>Talibanes afganos prometen seguridad a periodistas y a las ONG que investigan asesinatos en Kunduz<\/strong><\/p>\n<p><img loading=\"lazy\" decoding=\"async\" class=\"alignnone size-full wp-image-45256\" src=\"https:\/\/www2.memri.org\/espanol\/wp-content\/uploads\/2018\/04\/jttmweekly04141825-1.jpg\" width=\"1150\" height=\"250\" alt=\"\" srcset=\"https:\/\/www2.memri.org\/espanol\/wp-content\/uploads\/2018\/04\/jttmweekly04141825-1.jpg 1150w, https:\/\/www2.memri.org\/espanol\/wp-content\/uploads\/2018\/04\/jttmweekly04141825-1-300x65.jpg 300w, https:\/\/www2.memri.org\/espanol\/wp-content\/uploads\/2018\/04\/jttmweekly04141825-1-768x167.jpg 768w, https:\/\/www2.memri.org\/espanol\/wp-content\/uploads\/2018\/04\/jttmweekly04141825-1-1024x223.jpg 1024w, https:\/\/www2.memri.org\/espanol\/wp-content\/uploads\/2018\/04\/jttmweekly04141825-1-600x130.jpg 600w, https:\/\/www2.memri.org\/espanol\/wp-content\/uploads\/2018\/04\/jttmweekly04141825-1-696x151.jpg 696w, https:\/\/www2.memri.org\/espanol\/wp-content\/uploads\/2018\/04\/jttmweekly04141825-1-1068x232.jpg 1068w\" sizes=\"auto, (max-width: 1150px) 100vw, 1150px\" \/><\/p>\n<p>El portal oficial del Emirato Isl\u00e1mico de Afganist\u00e1n (la organizaci\u00f3n talib\u00e1n) public\u00f3 una declaraci\u00f3n fechada el 4 de abril en la que inst\u00f3 a los medios internacionales y organizaciones no gubernamentales (ONG) a investigar los asesinatos de decenas de <em>huffaz<\/em> (personas que memorizan el Cor\u00e1n) en un ataque de las fuerzas de seguridad afganas en la provincia de Kunduz el 2 de abril, 2018.<\/p>\n<p><strong>Lashkar-e-Taiba en Cachemira: \u00abOleadas similares de opresi\u00f3n que deambulan por Cachemira [llegar\u00e1n] a Mumbai y a Calcuta\u00bb<\/strong><\/p>\n<p><img loading=\"lazy\" decoding=\"async\" class=\"alignnone size-full wp-image-45257\" src=\"https:\/\/www2.memri.org\/espanol\/wp-content\/uploads\/2018\/04\/jttmweekly04141826-1.jpg\" width=\"600\" height=\"400\" alt=\"\" srcset=\"https:\/\/www2.memri.org\/espanol\/wp-content\/uploads\/2018\/04\/jttmweekly04141826-1.jpg 600w, https:\/\/www2.memri.org\/espanol\/wp-content\/uploads\/2018\/04\/jttmweekly04141826-1-300x200.jpg 300w\" sizes=\"auto, (max-width: 600px) 100vw, 600px\" \/><\/p>\n<p>Lashkar-e-Taiba (LeT) en Cachemira acus\u00f3 a India de cometer violaciones a los derechos humanos en el estado de Jammu y Cachemira y advirti\u00f3 que la reacci\u00f3n contra dicha opresi\u00f3n llegar\u00e1 a Mumbai y a Calcuta.<\/p>\n","protected":false},"excerpt":{"rendered":"<p>Lo siguiente son algunos de los informes de esta semana del Proyecto Supervisi\u00f3n a la Amenaza Terrorista y Yihad (PSATY) en MEMRI, que traduce y analiza el contenido de fuentes monitoreadas y supervisadas las 24 horas del d\u00eda, 7 d\u00edas a la semana, entre estos los portales y blogs yihadistas m\u00e1s importantes. (Para ver estos [&hellip;]<\/p>\n","protected":false},"author":1,"featured_media":45231,"comment_status":"open","ping_status":"open","sticky":false,"template":"","format":"standard","meta":{"footnotes":""},"categories":[4,10,9,7,2],"tags":[],"class_list":["post-45184","post","type-post","status-publish","format-standard","has-post-thumbnail","hentry","category-archivos","category-estudios-sobre-terrorismo-y-yihad","category-temas","category-reportes-especiales","category-featured"],"_links":{"self":[{"href":"https:\/\/www2.memri.org\/espanol\/wp-json\/wp\/v2\/posts\/45184","targetHints":{"allow":["GET"]}}],"collection":[{"href":"https:\/\/www2.memri.org\/espanol\/wp-json\/wp\/v2\/posts"}],"about":[{"href":"https:\/\/www2.memri.org\/espanol\/wp-json\/wp\/v2\/types\/post"}],"author":[{"embeddable":true,"href":"https:\/\/www2.memri.org\/espanol\/wp-json\/wp\/v2\/users\/1"}],"replies":[{"embeddable":true,"href":"https:\/\/www2.memri.org\/espanol\/wp-json\/wp\/v2\/comments?post=45184"}],"version-history":[{"count":0,"href":"https:\/\/www2.memri.org\/espanol\/wp-json\/wp\/v2\/posts\/45184\/revisions"}],"wp:featuredmedia":[{"embeddable":true,"href":"https:\/\/www2.memri.org\/espanol\/wp-json\/wp\/v2\/media\/45231"}],"wp:attachment":[{"href":"https:\/\/www2.memri.org\/espanol\/wp-json\/wp\/v2\/media?parent=45184"}],"wp:term":[{"taxonomy":"category","embeddable":true,"href":"https:\/\/www2.memri.org\/espanol\/wp-json\/wp\/v2\/categories?post=45184"},{"taxonomy":"post_tag","embeddable":true,"href":"https:\/\/www2.memri.org\/espanol\/wp-json\/wp\/v2\/tags?post=45184"}],"curies":[{"name":"wp","href":"https:\/\/api.w.org\/{rel}","templated":true}]}}