{"id":44932,"date":"2018-03-29T12:01:46","date_gmt":"2018-03-29T16:01:46","guid":{"rendered":"http:\/\/www2.memri.org\/espanol\/?p=44932"},"modified":"2018-03-29T12:01:46","modified_gmt":"2018-03-29T16:01:46","slug":"imam-riyaad-fataar-en-ciudad-del-cabo-pide-a-todos-los-musulmanes-y-pueblos-libres-del-mundo-que-apoyen-el-yihad-en-palestina","status":"publish","type":"post","link":"https:\/\/www2.memri.org\/espanol\/imam-riyaad-fataar-en-ciudad-del-cabo-pide-a-todos-los-musulmanes-y-pueblos-libres-del-mundo-que-apoyen-el-yihad-en-palestina\/44932","title":{"rendered":"Imam Riyaad Fataar en Ciudad del Cabo pide a todos los musulmanes y pueblos libres del mundo que apoyen el yihad en Palestina"},"content":{"rendered":"<p><em>En un serm\u00f3n de los viernes, pronunciado en Masjid Al Furqaan en Ciudad del Cabo, Sud\u00e1frica, el jeque Riyaad Fataar dijo que la Mezquita Al-Aqsa \u00abse le estaba escapando de las manos a la naci\u00f3n isl\u00e1mica&#8230; porque los planes de los jud\u00edos est\u00e1n yendo [viento en popa]\u00bb. Citando a Saladino y diciendo que los musulmanes \u00abse mantienen en el yihad para deshacerse del ocupante sionista\u00bb, el Jeque Fataar, siendo este vicepresidente del Consejo Judicial Musulm\u00e1n de Sud\u00e1frica e imam de la Masjid Husami en Cravenby, un suburbio de Ciudad del Cabo, hizo un llamado a todos los musulmanes en el mundo para que los apoyen y \u00abmuestren su ayuda de cualquier manera que haya y puedan\u00bb. \u00abTodos los otros pueblos libres del mundo son llamados: si creen que los lugares sagrados son importantes en su religi\u00f3n&#8230; deber\u00edan estar junto a ellos\u00bb, dijo el Jeque Fataar, un graduado de Al-Azhar, quien sirve como presidente vitalicio de la Asociaci\u00f3n de Estudiantes de Sud\u00e1frica en Egipto. El serm\u00f3n fue dado el 16 de marzo y publicado en el canal YouTube de Masjid Al Furqaan, que es parte del Instituto Universitario Islamia en Ciudad del Cabo.<\/em><\/p>\n<p><em>Para ver el video del Jeque Riyaad Fataar en MEMRI TV, <a href=\"https:\/\/www.memri.org\/tv\/cape-town-sermon-riyaad-fataar-calls-to-support-jihad-in-palestine-jerusalem-in-danger\">pulse aqu\u00ed<\/a> o debajo.<\/em><\/p>\n<p><iframe src=\"https:\/\/www.memri.org\/player\/clip\/39219\/780,440\/1\" width=\"780\" height=\"440\" frameborder=\"0\" data-mce-fragment=\"1\"><\/iframe><\/p>\n<p><strong>\u00abTodos los musulmanes alrededor del mundo son llamados a apoyarles &#8211; para que muestren su ayuda en cualquiera de las diferentes formas que existan\u00bb<\/strong><\/p>\n<p><strong>Jeque Riyaad Fataar<\/strong>: \u00abHoy hablamos sobre Palestina y hablamos sobre Al-Quds y ustedes saben que Al-Quds significa Jerusal\u00e9n, la Mezquita Al-Aqsa, porque est\u00e1 se encuentra en continuo peligro. Est\u00e1 en continuo peligro, Oh musulmanes. Se nos est\u00e1 escapando de nuestras manos. Se est\u00e1 escapando de las manos de la naci\u00f3n isl\u00e1mica, se est\u00e1 escapando de las manos de los musulmanes, porque los planes de los jud\u00edos van [viento en popa], se est\u00e1n moviendo, mientras los musulmanes siguen dormitando.<\/p>\n<p><img loading=\"lazy\" decoding=\"async\" class=\"alignnone size-full wp-image-44933\" src=\"https:\/\/www2.memri.org\/espanol\/wp-content\/uploads\/2018\/03\/SD7403.jpg\" width=\"610\" height=\"163\" srcset=\"https:\/\/www2.memri.org\/espanol\/wp-content\/uploads\/2018\/03\/SD7403.jpg 610w, https:\/\/www2.memri.org\/espanol\/wp-content\/uploads\/2018\/03\/SD7403-300x80.jpg 300w, https:\/\/www2.memri.org\/espanol\/wp-content\/uploads\/2018\/03\/SD7403-600x160.jpg 600w\" sizes=\"auto, (max-width: 610px) 100vw, 610px\" \/><\/p>\n<p>\u00ab[Israel] se mantiene ocupado y cambia continuamente las caracter\u00edsticas de la Mezquita Al-Aqsa, Al-Quds y Palestina, cambiando todo lo que parezca isl\u00e1mico, \u00e1rabe o cristiano, etc. ya que el objetivo final es: &#8216;Eliminemos a estos musulmanes de aqu\u00ed. Saqu\u00e9moslos de aqu\u00ed. Saquemos a los cristianos de aqu\u00ed. Este es el camino de los jud\u00edos, este es el camino de los sionistas, para de esta manera asegurarse de que van a terminar con algo que es puro&#8230; muy puro, solo para ellos, para los sionistas y para los jud\u00edos.<\/p>\n<p>\u00abLos sionistas son tan fieros como siempre en su violencia. Son terroristas armados y al final del d\u00eda, le dicen a los ulemas, su objetivo final es eliminar por completo al Islam de [Jerusal\u00e9n].<\/p>\n<p><img loading=\"lazy\" decoding=\"async\" class=\"alignnone size-full wp-image-44934\" src=\"https:\/\/www2.memri.org\/espanol\/wp-content\/uploads\/2018\/03\/SD74031.jpg\" width=\"627\" height=\"168\" srcset=\"https:\/\/www2.memri.org\/espanol\/wp-content\/uploads\/2018\/03\/SD74031.jpg 627w, https:\/\/www2.memri.org\/espanol\/wp-content\/uploads\/2018\/03\/SD74031-300x80.jpg 300w, https:\/\/www2.memri.org\/espanol\/wp-content\/uploads\/2018\/03\/SD74031-600x161.jpg 600w\" sizes=\"auto, (max-width: 627px) 100vw, 627px\" \/><\/p>\n<p>[&#8230;]<\/p>\n<p>\u00abLo \u00fanico que debemos darnos cuenta es que esta es una situaci\u00f3n que pone a prueba la creencia isl\u00e1mica&#8230; Los musulmanes permanecen en el yihad y ustedes escucharan las palabras de Saladino al final de esto&#8230; Ellos permanecen librando el yihad con el fin de deshacernos del ocupante sionista. Su objetivo es proteger a su comunidad, proteger los lugares sagrados y a todos los musulmanes del mundo se les convoca y se les pide que les apoyen: muestren su ayuda de cualquier manera que exista. Musulmanes&#8230; todos los otros pueblos libres del mundo son llamados: Si creen que los lugares sagrados son importantes en su religi\u00f3n, entonces deber\u00edan ser el mismo pueblo que est\u00e9 aqu\u00ed, protegiendo a los musulmanes y a los cristianos de los lugares sagrados en Palestina. Ustedes deber\u00edan estar junto a ellos\u00bb.<\/p>\n<p><img loading=\"lazy\" decoding=\"async\" class=\"alignnone size-full wp-image-44935\" src=\"https:\/\/www2.memri.org\/espanol\/wp-content\/uploads\/2018\/03\/SD74032.jpg\" width=\"702\" height=\"188\" srcset=\"https:\/\/www2.memri.org\/espanol\/wp-content\/uploads\/2018\/03\/SD74032.jpg 702w, https:\/\/www2.memri.org\/espanol\/wp-content\/uploads\/2018\/03\/SD74032-300x80.jpg 300w, https:\/\/www2.memri.org\/espanol\/wp-content\/uploads\/2018\/03\/SD74032-600x161.jpg 600w, https:\/\/www2.memri.org\/espanol\/wp-content\/uploads\/2018\/03\/SD74032-696x186.jpg 696w\" sizes=\"auto, (max-width: 702px) 100vw, 702px\" \/><\/p>\n<p><strong>\u00ab[Saladino] le dice [a los cruzados]: &#8216;Por Al\u00e1, Al\u00e1 nunca te dar\u00e1 firmeza en esta tierra mientras la naci\u00f3n musulmana est\u00e9 [comprometida] con el yihad'\u00bb.<\/strong><\/p>\n<p>[&#8230;]<\/p>\n<p>\u00abEste es un comienzo. Nosotros les decimos a los jud\u00edos y les decimos a los sionistas: Se viene pasando una nueva p\u00e1gina. Se viene pasando una nueva p\u00e1gina que excluir\u00e1 a los sionistas de dicha p\u00e1gina y ustedes no ser\u00e1n parte de esa p\u00e1gina<\/p>\n<p><img loading=\"lazy\" decoding=\"async\" class=\"alignnone size-full wp-image-44936\" src=\"https:\/\/www2.memri.org\/espanol\/wp-content\/uploads\/2018\/03\/SD74033.jpg\" width=\"713\" height=\"187\" srcset=\"https:\/\/www2.memri.org\/espanol\/wp-content\/uploads\/2018\/03\/SD74033.jpg 713w, https:\/\/www2.memri.org\/espanol\/wp-content\/uploads\/2018\/03\/SD74033-300x79.jpg 300w, https:\/\/www2.memri.org\/espanol\/wp-content\/uploads\/2018\/03\/SD74033-600x157.jpg 600w, https:\/\/www2.memri.org\/espanol\/wp-content\/uploads\/2018\/03\/SD74033-696x183.jpg 696w\" sizes=\"auto, (max-width: 713px) 100vw, 713px\" \/><\/p>\n<p>[&#8230;]<\/p>\n<p>\u00ab[Saladino] le dice [a los cruzados]: &#8216;Por Al\u00e1, Al\u00e1 nunca les ser\u00e1 firme en esta tierra mientras la naci\u00f3n musulmana est\u00e9 [comprometida] con el yihad&#8217;. Por lo tanto, Oh musulmanes, las palabras de Saladino han sido demostradas muchas veces. Alabado sea Al\u00e1, Se\u00f1or de los Mundos, todav\u00eda quedan tus hermanos y hermanas musulmanes quienes se encuentran all\u00ed, que libran el yihad, que permanecen all\u00ed y est\u00e1n involucrados [en el yihad]. Est\u00e1n en el campo de batalla. Retornan. Son asesinados y los convierten en inv\u00e1lidos&#8230; Madres, esposas y abuelas: ven irse a sus hijos y a sus maridos, sin saber si volver\u00e1n\u00bb.<\/p>\n<p><img loading=\"lazy\" decoding=\"async\" class=\"alignnone size-full wp-image-44937\" src=\"https:\/\/www2.memri.org\/espanol\/wp-content\/uploads\/2018\/03\/SD74034.jpg\" width=\"701\" height=\"185\" alt=\"\" srcset=\"https:\/\/www2.memri.org\/espanol\/wp-content\/uploads\/2018\/03\/SD74034.jpg 701w, https:\/\/www2.memri.org\/espanol\/wp-content\/uploads\/2018\/03\/SD74034-300x79.jpg 300w, https:\/\/www2.memri.org\/espanol\/wp-content\/uploads\/2018\/03\/SD74034-600x158.jpg 600w, https:\/\/www2.memri.org\/espanol\/wp-content\/uploads\/2018\/03\/SD74034-696x185.jpg 696w\" sizes=\"auto, (max-width: 701px) 100vw, 701px\" \/><\/p>\n","protected":false},"excerpt":{"rendered":"<p>En un serm\u00f3n de los viernes, pronunciado en Masjid Al Furqaan en Ciudad del Cabo, Sud\u00e1frica, el jeque Riyaad Fataar dijo que la Mezquita Al-Aqsa \u00abse le estaba escapando de las manos a la naci\u00f3n isl\u00e1mica&#8230; porque los planes de los jud\u00edos est\u00e1n yendo [viento en popa]\u00bb. Citando a Saladino y diciendo que los musulmanes [&hellip;]<\/p>\n","protected":false},"author":1,"featured_media":44933,"comment_status":"open","ping_status":"open","sticky":false,"template":"","format":"standard","meta":{"footnotes":""},"categories":[4,10,6,9,2],"tags":[],"class_list":["post-44932","post","type-post","status-publish","format-standard","has-post-thumbnail","hentry","category-archivos","category-estudios-sobre-terrorismo-y-yihad","category-comunicados-especiales","category-temas","category-featured"],"_links":{"self":[{"href":"https:\/\/www2.memri.org\/espanol\/wp-json\/wp\/v2\/posts\/44932","targetHints":{"allow":["GET"]}}],"collection":[{"href":"https:\/\/www2.memri.org\/espanol\/wp-json\/wp\/v2\/posts"}],"about":[{"href":"https:\/\/www2.memri.org\/espanol\/wp-json\/wp\/v2\/types\/post"}],"author":[{"embeddable":true,"href":"https:\/\/www2.memri.org\/espanol\/wp-json\/wp\/v2\/users\/1"}],"replies":[{"embeddable":true,"href":"https:\/\/www2.memri.org\/espanol\/wp-json\/wp\/v2\/comments?post=44932"}],"version-history":[{"count":0,"href":"https:\/\/www2.memri.org\/espanol\/wp-json\/wp\/v2\/posts\/44932\/revisions"}],"wp:featuredmedia":[{"embeddable":true,"href":"https:\/\/www2.memri.org\/espanol\/wp-json\/wp\/v2\/media\/44933"}],"wp:attachment":[{"href":"https:\/\/www2.memri.org\/espanol\/wp-json\/wp\/v2\/media?parent=44932"}],"wp:term":[{"taxonomy":"category","embeddable":true,"href":"https:\/\/www2.memri.org\/espanol\/wp-json\/wp\/v2\/categories?post=44932"},{"taxonomy":"post_tag","embeddable":true,"href":"https:\/\/www2.memri.org\/espanol\/wp-json\/wp\/v2\/tags?post=44932"}],"curies":[{"name":"wp","href":"https:\/\/api.w.org\/{rel}","templated":true}]}}