{"id":4491,"date":"2011-03-23T00:00:00","date_gmt":"2011-03-23T00:00:00","guid":{"rendered":"http:\/\/www2.memri.org\/espanol\/2011\/03\/23\/bandera-de-al-qaeda-ondea-en-protesta-salafista-jihadista-en-amman-jordania\/"},"modified":"2016-01-13T21:48:39","modified_gmt":"2016-01-13T21:48:39","slug":"bandera-de-al-qaeda-ondea-en-protesta-salafista-jihadista-en-amman-jordania","status":"publish","type":"post","link":"https:\/\/www2.memri.org\/espanol\/bandera-de-al-qaeda-ondea-en-protesta-salafista-jihadista-en-amman-jordania\/4491","title":{"rendered":"Bandera de Al-Qaeda ondea en protesta salafista-jihadista en Amman, Jordania"},"content":{"rendered":"<div class=\"bodytext c2\">\n<p><em>El 12 de marzo del 2011, Ayman Al-Bluwi le habl\u00f3 a cientos de jihadistas-salafistas que manifestaban frente a la sede del gobierno de Jordania en Amm\u00e1n exigiendo la liberaci\u00f3n de los presos islamistas. Ayman Al-Bluwi es hermano de Humam Al-Bluwi, mejor conocido como Abu Dajana Al-Khorasani, quien llev\u00f3 a cabo el atentado de diciembre<\/em> <em>2009 a<\/em> <em>la base de<\/em> <em>la CIA<\/em> <em>en Khost, Afganist\u00e1n.<\/em><\/p>\n<p><em>En su discurso, Al-Bluwi amenaz\u00f3 con intensificar las medidas si el gobierno no liberaba a todos los prisioneros y, haciendo eco de las palabras del l\u00edder libio Mu&#8217;amar Al-Gadafi, le dijo a las autoridades jordanas, \u00abSi no cumplen con nuestras demandas, los perseguiremos casa por casa, callej\u00f3n por callej\u00f3n\u00bb.<\/em><\/p>\n<p><em>Lo siguiente son extractos del material de archivo de una manifestaci\u00f3n salafista-jihadista anterior en Amm\u00e1n, en la que manifestantes ondearon la bandera de Al-Qaeda, el material fue publicado en Internet y tiene fecha 1-6 marzo, 2011.<\/em><\/p>\n<p><em>Para ver el segmento de video en MEMRI TV, visite<br \/><a href=\"http:\/\/www.memritv.org\/clip\/en\/0\/0\/0\/0\/0\/0\/2851.htm\">http:\/\/www.memritv.org\/clip\/en\/0\/0\/0\/0\/0\/0\/2851.htm<\/a>.<\/em><\/p>\n<p><img loading=\"lazy\" decoding=\"async\" class=\"alignnone size-full wp-image-7372\" src=\"http:\/\/www2.memri.org\/espanol\/wp-content\/uploads\/2016\/01\/6690.jpg\" width=\"522\" height=\"381\" srcset=\"https:\/\/www2.memri.org\/espanol\/wp-content\/uploads\/2016\/01\/6690.jpg 522w, https:\/\/www2.memri.org\/espanol\/wp-content\/uploads\/2016\/01\/6690-300x219.jpg 300w, https:\/\/www2.memri.org\/espanol\/wp-content\/uploads\/2016\/01\/6690-324x235.jpg 324w\" sizes=\"auto, (max-width: 522px) 100vw, 522px\" \/><\/p>\n<p><strong>Multitud<\/strong>: \u00abQueremos instaurar el Cor\u00e1n.<\/p>\n<p>\u00abQueremos instaurar el Cor\u00e1n.<\/p>\n<p>\u00abQueremos instaurar el Cor\u00e1n.<\/p>\n<p>\u00abAl\u00e1 Akbar. Al\u00e1 Akbar.<\/p>\n<p>\u00abAl\u00e1 Akbar. Al\u00e1 Akbar.<\/p>\n<p>\u00abNo hay dios sino Al\u00e1.<\/p>\n<p>\u00abNo hay dios sino Al\u00e1.<\/p>\n<p>\u00abNo hay dios sino Al\u00e1.<\/p>\n<p>\u00abQueremos instaurar el Cor\u00e1n.<\/p>\n<p>\u00abQueremos instaurar el Cor\u00e1n.<\/p>\n<p>[&#8230;]<\/p>\n<p>\u00abEl pueblo quiere que los prisioneros sean liberados.<\/p>\n<p>\u00abEl pueblo quiere que los prisioneros sean liberados.<\/p>\n<p>\u00abEl pueblo quiere que los prisioneros sean liberados\u00bb. [&#8230;]<\/p>\n<p><strong>Mujeres manifestantes<\/strong>: \u00abEl pueblo quiere que los prisioneros sean liberados.<\/p>\n<p>\u00abEl pueblo quiere que los prisioneros sean liberados\u00bb. [&#8230;]<\/p>\n<p><strong>Multitud<\/strong>: \u00abNuestra religi\u00f3n es nuestro camino.<\/p>\n<p>\u00abNuestra religi\u00f3n es nuestro camino.<\/p>\n<p>\u00abNuestra religi\u00f3n es nuestro camino\u00bb.<\/p>\n<p><strong>Manifestante<\/strong>: \u00abDigan: &#8216;Al\u00e1 Akbar&#8217;.<\/p>\n<p><strong>Multitud<\/strong>: &#8216;Al\u00e1 Akbar&#8217;.<\/p>\n<p><strong>Manifestante<\/strong>: \u00abDigan: &#8216;Al\u00e1 Akbar&#8217;.<\/p>\n<p><strong>Multitud<\/strong>: &#8216;Al\u00e1 Akbar&#8217;.<\/p>\n<p><strong>Manifestante<\/strong>: \u00abDigan: &#8216;Al\u00e1 Akbar&#8217;.<\/p>\n<p><strong>Multitud<\/strong>: &#8216;Al\u00e1 Akbar&#8217;. [&#8230;]<\/p>\n<p><strong>Islamista<\/strong>: \u00abNo debe existir polite\u00edsmo en la fe. No debe existir polite\u00edsmo en la ley\u00bb.<\/p>\n<p><strong>Manifestante<\/strong>: \u00abDigan: &#8216;Al\u00e1 Akbar\u00bb.<\/p>\n<p><strong>Multitud<\/strong>: &#8216;Al\u00e1 Akbar&#8217;.<\/p>\n<p><strong>Islamista<\/strong>: \u00abNo debe existir polite\u00edsmo en la fe. No debe existir polite\u00edsmo en la ley\u00bb No debe existir polite\u00edsmo en la ley\u00bb. [&#8230;]<\/p>\n<p><strong>Manifestante<\/strong>: \u00abLos castigos isl\u00e1micos disuaden a que la gente asesine y robe, as\u00ed como tambi\u00e9n cometer adulterio. Cuando las penas son sustituidas por la ley creada por el hombre, la corrupci\u00f3n y la anarqu\u00eda se esparcen [&#8230;]<\/p>\n<p>\u00ab[Los prisioneros] se preparan para el Jihad por la causa de Al\u00e1. El Jihad por la causa de Al\u00e1 se ha convertido en un crimen. La promoci\u00f3n del bien se ha convertido en un vicio y el vicio se ha convertido en algo bueno. Que Al\u00e1 nos ayude. Queremos esclavizar al pueblo de Dios\u00bb. [&#8230;]<\/p>\n<p><strong>Islamistas desde el podio<\/strong>: \u00abHacemos un llamado a los tiranos por sus verdaderos nombres. Ellos son los encabezados de la corrupci\u00f3n, la causa de la humillaci\u00f3n, que nuestra naci\u00f3n vive hasta el d\u00eda de hoy\u00bb.<\/p>\n<p><strong>Manifestante<\/strong>: &#8216;Digan: &#8216;Al\u00e1 Akbar&#8217;.<\/p>\n<p><strong>Multitud<\/strong>: &#8216;Al\u00e1 Akbar&#8217;.<\/p>\n<p><strong>Manifestante<\/strong>: \u00abCu\u00e1l es nuestro camino?\u00bb<\/p>\n<p><strong>Multitud<\/strong>: \u00abJihad\u00bb.<\/p>\n<p><strong>Manifestante<\/strong>: \u00abCu\u00e1l es nuestro camino?\u00bb<\/p>\n<p><strong>Multitud<\/strong>: \u00abJihad\u00bb.<\/p>\n<p><strong>Manifestante<\/strong>: \u00bfCu\u00e1l es nuestro camino?<\/p>\n<p><strong>Multitud<\/strong>: &#8216;Jihad, Jihad, Jihad&#8217;. [&#8230;]<\/p>\n<p><em>La bandera de Al-Qaeda es vista en lo alto<\/em><\/p>\n<p><strong>Manifestante del podio<\/strong>: \u00abAlguien que se rob\u00f3 las tierras del estado y las vendi\u00f3 por un pu\u00f1ado de <em>dirhams<\/em>, sigue en el poder, mientras que un tercero, que dona unos cuantos cientos de d\u00f3lares a los necesitados, es llevado ante la corte de seguridad del estado. Alguien que vendi\u00f3 y distribuy\u00f3 las tierras a las tribus del Jord\u00e1n&#8230; Alguien que dio estas tierras a los cristianos y a otras mujeres sigue siendo el maestro, mientras que hay gente que dice &#8216;Al\u00e1 es mi Dios&#8217; han sido enviado a la c\u00e1rcel y han sido llevados ante el tribunal de seguridad del estado\u00bb.<\/p>\n<p><strong>Multitud<\/strong>: \u00abCon el monote\u00edsmo, lograremos nuestros objetivos\u00bb.<\/p>\n<p><strong>Manifestante del podio<\/strong>: \u00abCon el monote\u00edsmo&#8230;\u00bb<\/p>\n<p><strong>Multitud<\/strong>: \u00abCon el monote\u00edsmo&#8230;\u00bb<\/p>\n<p><strong>Manifestante del podio<\/strong>: \u00abCon el monote\u00edsmo&#8230;\u00bb<\/p>\n<p><strong>Multitud<\/strong>: \u00abCon el monote\u00edsmo&#8230;\u00bb<\/p>\n<p><strong>Manifestante del podio<\/strong>: \u00ab&#8230; lograremos nuestros objetivos\u00bb.<\/p>\n<p><strong>Multitud<\/strong>: \u00ab&#8230; lograremos nuestros objetivos\u00bb.<\/p>\n<p><strong>Manifestante del podio<\/strong>: \u00abCu\u00e1l es nuestro camino?\u00bb<\/p>\n<p><strong>Multitud<\/strong>: \u00abJihad\u00bb. [&#8230;]<\/p>\n<p><strong>Manifestante del podio<\/strong>: \u00abLos que se robaron la riqueza de este pa\u00eds y apoyaron a los jud\u00edos y a los cristianos, viven en palacios m\u00e1s lujosos\u00bb. [&#8230;]<\/p>\n<\/div>\n","protected":false},"excerpt":{"rendered":"<p>El 12 de marzo del 2011, Ayman Al-Bluwi le habl\u00f3 a cientos de jihadistas-salafistas que manifestaban frente a la sede del gobierno de Jordania en Amm\u00e1n exigiendo la liberaci\u00f3n de los presos islamistas. Ayman Al-Bluwi es hermano de Humam Al-Bluwi, mejor conocido como Abu Dajana Al-Khorasani, quien llev\u00f3 a cabo el atentado de diciembre 2009 [&hellip;]<\/p>\n","protected":false},"author":1,"featured_media":7372,"comment_status":"open","ping_status":"open","sticky":false,"template":"","format":"standard","meta":{"footnotes":""},"categories":[10,6,22],"tags":[],"class_list":["post-4491","post","type-post","status-publish","format-standard","has-post-thumbnail","hentry","category-estudios-sobre-terrorismo-y-yihad","category-comunicados-especiales","category-jordania"],"_links":{"self":[{"href":"https:\/\/www2.memri.org\/espanol\/wp-json\/wp\/v2\/posts\/4491","targetHints":{"allow":["GET"]}}],"collection":[{"href":"https:\/\/www2.memri.org\/espanol\/wp-json\/wp\/v2\/posts"}],"about":[{"href":"https:\/\/www2.memri.org\/espanol\/wp-json\/wp\/v2\/types\/post"}],"author":[{"embeddable":true,"href":"https:\/\/www2.memri.org\/espanol\/wp-json\/wp\/v2\/users\/1"}],"replies":[{"embeddable":true,"href":"https:\/\/www2.memri.org\/espanol\/wp-json\/wp\/v2\/comments?post=4491"}],"version-history":[{"count":0,"href":"https:\/\/www2.memri.org\/espanol\/wp-json\/wp\/v2\/posts\/4491\/revisions"}],"wp:featuredmedia":[{"embeddable":true,"href":"https:\/\/www2.memri.org\/espanol\/wp-json\/wp\/v2\/media\/7372"}],"wp:attachment":[{"href":"https:\/\/www2.memri.org\/espanol\/wp-json\/wp\/v2\/media?parent=4491"}],"wp:term":[{"taxonomy":"category","embeddable":true,"href":"https:\/\/www2.memri.org\/espanol\/wp-json\/wp\/v2\/categories?post=4491"},{"taxonomy":"post_tag","embeddable":true,"href":"https:\/\/www2.memri.org\/espanol\/wp-json\/wp\/v2\/tags?post=4491"}],"curies":[{"name":"wp","href":"https:\/\/api.w.org\/{rel}","templated":true}]}}