{"id":4465,"date":"2011-03-17T00:00:00","date_gmt":"2011-03-17T00:00:00","guid":{"rendered":"http:\/\/www2.memri.org\/espanol\/2011\/03\/17\/abd-al-fattah-yunis-ex-ministro-del-interior-libio-quien-se-unio-a-los-rebeldes-hillary-clinton-se-comporta-como-si-fuera-la-secretaria-de-al-gaddafi\/"},"modified":"2016-01-13T21:49:40","modified_gmt":"2016-01-13T21:49:40","slug":"abd-al-fattah-yunis-ex-ministro-del-interior-libio-quien-se-unio-a-los-rebeldes-hillary-clinton-se-comporta-como-si-fuera-la-secretaria-de-al-gaddafi","status":"publish","type":"post","link":"https:\/\/www2.memri.org\/espanol\/abd-al-fattah-yunis-ex-ministro-del-interior-libio-quien-se-unio-a-los-rebeldes-hillary-clinton-se-comporta-como-si-fuera-la-secretaria-de-al-gaddafi\/4465","title":{"rendered":"Abd Al-Fattah Yunis, ex ministro del interior libio quien se uni\u00f3 a los rebeldes: Hillary Clinton se comporta como si fuera la secretaria de Al-Gaddafi"},"content":{"rendered":"<div class=\"bodytext c1\">\n<p><em>Lo siguiente son extractos de una entrevista con el ex ministro del interior libio Abd Al-Fattah Yunis, quien se uni\u00f3 a los rebeldes. La entrevista fue presentada en Al-Arabiya TV el 13 de marzo, 2011.<\/em><\/p>\n<p><em>Para ver este segmento de video en MEMRI TV, visite<br \/><a href=\"http:\/\/www.memritv.org\/clip\/en\/0\/0\/0\/0\/0\/0\/2860.htm\">http:\/\/www.memritv.org\/clip\/en\/0\/0\/0\/0\/0\/0\/2860.htm<\/a>.<\/em><\/p>\n<p><img loading=\"lazy\" decoding=\"async\" class=\"alignnone size-full wp-image-7466\" src=\"http:\/\/www2.memri.org\/espanol\/wp-content\/uploads\/2016\/01\/6607.jpg\" width=\"314\" height=\"231\" srcset=\"https:\/\/www2.memri.org\/espanol\/wp-content\/uploads\/2016\/01\/6607.jpg 314w, https:\/\/www2.memri.org\/espanol\/wp-content\/uploads\/2016\/01\/6607-300x221.jpg 300w, https:\/\/www2.memri.org\/espanol\/wp-content\/uploads\/2016\/01\/6607-80x60.jpg 80w\" sizes=\"auto, (max-width: 314px) 100vw, 314px\" \/><\/p>\n<p><strong>Reacci\u00f3n mixta de los pa\u00edses \u00e1rabes<\/strong><\/p>\n<p><strong>Entrevistador<\/strong>: \u00abEst\u00e1 usted en la necesidad de ayuda militar en la forma de equipos y armas?\u00bb<\/p>\n<p><strong>Abd Al-Fattah Yunis<\/strong>: Ha habido ofertas de muchos pa\u00edses amigos y lo que necesitamos, lo tomamos. Obtenemos una ayuda significativa de pa\u00edses amigos y de los pa\u00edses \u00e1rabes. La ayuda ha comenzado a llegar\u00bb. [&#8230;]<\/p>\n<p><strong>Entrevistador<\/strong>: \u00abCu\u00e1l es su opini\u00f3n sobre la respuesta \u00e1rabe &#8211; es algo tard\u00eda, en comparaci\u00f3n con la respuesta internacional?\u00bb<\/p>\n<p><strong>Abd Al-Fattah Yunis<\/strong>: \u00abAbsolutamente \u00bfD\u00f3nde est\u00e1n ustedes, hermanos \u00e1rabes?! \u00bfD\u00f3nde est\u00e1n cuando la sangre \u00e1rabe est\u00e1 siendo derramada al norte de \u00c1frica, en Libia \u00bfD\u00f3nde est\u00e1n cuando su pariente, cuando la propia Libia, est\u00e1 siendo asesinada y aplastada diariamente por los bombardeos a\u00e9reos? \u00bfD\u00f3nde est\u00e1n, Oh \u00e1rabes, cuando Francia, que no es un pa\u00eds \u00e1rabe o musulm\u00e1n, es el primer pa\u00eds en reconocer al r\u00e9gimen popular revolucionario libre en Libia? \u00bfD\u00f3nde est\u00e1n, Oh \u00e1rabes?! Pero al mismo tiempo, saludo a los pa\u00edses del Consejo de Cooperaci\u00f3n del Golfo, ya que estuvieron magn\u00edficos [El Ministro Relaciones Exteriores de los Emiratos \u00c1rabes Unidos] Pr\u00edncipe Abdallah bin Zayid me llam\u00f3 hace m\u00e1s de cinco d\u00edas y me dijo: \u00abPida cualquier cosa. Estamos con ustedes&#8217;. [&#8230;]<\/p>\n<p>\u00abEn lo que respecta a Argelia y Siria &#8211; es triste decir que ellos rechazan la zona de exclusi\u00f3n a\u00e9rea. No s\u00e9 por qu\u00e9. Tal como saben, &#8216;Un amigo necesitado es de hecho un amigo&#8217; Si ellos se consideran a si mismos amigos del pueblo libio, deben adoptar una postura verdadera. Si son amigos de Al-Gaddafi, que as\u00ed lo declararen y acaben de una vez. De esta manera, sabremos qui\u00e9nes son nuestros amigos y qui\u00e9nes son nuestros enemigos\u00bb.<\/p>\n<p><strong>Elogien las posturas francesas y brit\u00e1nicas, critiquen a Alemania<\/strong><\/p>\n<p>\u00abFrancia juega un papel incre\u00edble. He hablado con el canciller franc\u00e9s Alain Jupp\u00e9 tres veces y fue [tan amable] que uno pudiera pensar que estaba a punto de saltar fuera del tel\u00e9fono para sentarse conmigo. Imag\u00ednense &#8211; este es un caballero franc\u00e9s. Cierto, es un pol\u00edtico experimentado, ex primer ministro, gaullista, una persona excelente..<\/p>\n<p>\u00abLo mismo ocurre con el Sr. William Hague, el ministro de Asuntos Exteriores brit\u00e1nico, quien habl\u00f3 conmigo en tres ocasiones. Nunca olvidaremos las posturas adoptadas por Gran Breta\u00f1a y Francia.<\/p>\n<p>\u00abLa postura de Alemania es lamentable. Merkel dice que para imponer una zona de exclusi\u00f3n a\u00e9rea, tienen que existir ciertas condiciones, o no es necesaria\u00bb.<\/p>\n<p><strong>\u00abLas declaraciones de Clinton hacen pensar de que est\u00e1 trabajando con Al-Gadafi\u00bb<\/strong><\/p>\n<p>\u00abAlgunos pa\u00edses no se han sumado a la ocasi\u00f3n. De hecho, tengo un problema con las declaraciones de Clinton que hacen pensar que est\u00e1 trabajando con Al-Gadafi, como su secretaria o algo as\u00ed. Obama hace declaraciones, pero la secretaria de estado, quien es la voz cantante, dice otra cosa. Es realmente extra\u00f1o\u00bb. [&#8230;]<\/p>\n<p><strong>\u00abEn t\u00e9rminos generales, la postura de la comunidad internacional ha sido d\u00e9bil\u00bb<\/strong><\/p>\n<p><strong>Entrevistador<\/strong>: \u00abRespecto a su demanda de imponer una zona de exclusi\u00f3n a\u00e9rea sobre Libia, \u00bfcree usted que la comunidad internacional ha llegado muy tarde en su imposici\u00f3n\u00bb<\/p>\n<p><strong>Abd Al-Fattah Yunis<\/strong>: \u00abAbsolutamente Los periodistas extranjeros est\u00e1n por todas partes en Libia y pueden ver las masacres y los hospitales, que est\u00e1n llenos de heridos y muertos \u00bfNo son estos seres humanos? Son seres humanos excepcionales, de la forma m\u00e1s honrosa &#8211; los rebeldes.<\/p>\n<p>\u00abEn t\u00e9rminos generales, la postura de la comunidad internacional ha sido d\u00e9bil, hasta ahora. La ONU y el Consejo de Seguridad siguen siendo suspicaces. Por el contrario, Gran Breta\u00f1a y Francia han declarado hoy de que se preparan a llevar a cabo los ataques necesarios, sin esperar por las Naciones Unidas. O la OTAN [ataca] o lo har\u00e1n ellos mismos. Eso es lo necesario.<\/p>\n<p>\u00abDeber\u00edan impedir que estos aviones hostiles asesinen al pueblo libio. Eso es todo. Queremos que se interpongan entre nuestras fuerzas y las fuerzas del r\u00e9gimen\u00bb.<\/p>\n<p><strong>Entrevistador<\/strong>: \u00ab\u00bfPor qu\u00e9 cree usted que la comunidad internacional se ha tardado tanto?\u00bb<\/p>\n<p><strong>Abd Al-Fattah Yunis<\/strong>: \u00abSe trata de intereses, hermano, les he dicho en m\u00e1s de una entrevista que este quemar\u00eda el petr\u00f3leo y que atacar\u00eda los pozos petroleros. Este ya ha comenzado a bombardear los dep\u00f3sitos de petr\u00f3leo \u00bfQui\u00e9n se beneficia de este petr\u00f3leo? Nuestros vecinos europeos. Nuestros vecinos europeos tienen que adoptar una postura firme. Deben seguir el ejemplo de Francia y Gran Breta\u00f1a\u00bb. [&#8230;]<\/p>\n<p>\u00abEsto es muy doloroso para m\u00ed. Yo fui colega de [Al-Gaddafi] durante 43 a\u00f1os y conozco a todos sus hijos. Ruego por que Al\u00e1 salve a sus hijos, no importa cuanto. Son los hijos del pueblo libio y el pueblo libio es un pueblo benevolente. \u00c9l ser\u00e1 juzgado por la historia, as\u00ed como por la comunidad internacional. Nosotros los libios seremos los que le juzgaremos. Todo el mundo as\u00ed lo espera\u00bb. [&#8230;]<\/p>\n<\/div>\n","protected":false},"excerpt":{"rendered":"<p>Lo siguiente son extractos de una entrevista con el ex ministro del interior libio Abd Al-Fattah Yunis, quien se uni\u00f3 a los rebeldes. La entrevista fue presentada en Al-Arabiya TV el 13 de marzo, 2011. Para ver este segmento de video en MEMRI TV, visitehttp:\/\/www.memritv.org\/clip\/en\/0\/0\/0\/0\/0\/0\/2860.htm. Reacci\u00f3n mixta de los pa\u00edses \u00e1rabes Entrevistador: \u00abEst\u00e1 usted en [&hellip;]<\/p>\n","protected":false},"author":1,"featured_media":7466,"comment_status":"open","ping_status":"open","sticky":false,"template":"","format":"standard","meta":{"footnotes":""},"categories":[6],"tags":[],"class_list":["post-4465","post","type-post","status-publish","format-standard","has-post-thumbnail","hentry","category-comunicados-especiales"],"_links":{"self":[{"href":"https:\/\/www2.memri.org\/espanol\/wp-json\/wp\/v2\/posts\/4465","targetHints":{"allow":["GET"]}}],"collection":[{"href":"https:\/\/www2.memri.org\/espanol\/wp-json\/wp\/v2\/posts"}],"about":[{"href":"https:\/\/www2.memri.org\/espanol\/wp-json\/wp\/v2\/types\/post"}],"author":[{"embeddable":true,"href":"https:\/\/www2.memri.org\/espanol\/wp-json\/wp\/v2\/users\/1"}],"replies":[{"embeddable":true,"href":"https:\/\/www2.memri.org\/espanol\/wp-json\/wp\/v2\/comments?post=4465"}],"version-history":[{"count":0,"href":"https:\/\/www2.memri.org\/espanol\/wp-json\/wp\/v2\/posts\/4465\/revisions"}],"wp:featuredmedia":[{"embeddable":true,"href":"https:\/\/www2.memri.org\/espanol\/wp-json\/wp\/v2\/media\/7466"}],"wp:attachment":[{"href":"https:\/\/www2.memri.org\/espanol\/wp-json\/wp\/v2\/media?parent=4465"}],"wp:term":[{"taxonomy":"category","embeddable":true,"href":"https:\/\/www2.memri.org\/espanol\/wp-json\/wp\/v2\/categories?post=4465"},{"taxonomy":"post_tag","embeddable":true,"href":"https:\/\/www2.memri.org\/espanol\/wp-json\/wp\/v2\/tags?post=4465"}],"curies":[{"name":"wp","href":"https:\/\/api.w.org\/{rel}","templated":true}]}}