{"id":43432,"date":"2018-02-21T15:30:39","date_gmt":"2018-02-21T19:30:39","guid":{"rendered":"http:\/\/www2.memri.org\/espanol\/?p=43432"},"modified":"2018-02-22T15:36:14","modified_gmt":"2018-02-22T19:36:14","slug":"protestas-en-jordania-luego-de-medidas-de-austeridad-incluyendo-eliminacion-del-subsidio-al-pan","status":"publish","type":"post","link":"https:\/\/www2.memri.org\/espanol\/protestas-en-jordania-luego-de-medidas-de-austeridad-incluyendo-eliminacion-del-subsidio-al-pan\/43432","title":{"rendered":"Protestas en Jordania luego de medidas de austeridad, incluyendo eliminaci\u00f3n del subsidio al pan"},"content":{"rendered":"<p><strong>Introducci\u00f3n<\/strong><\/p>\n<p>Durante a\u00f1os, Jordania ha estado sumida en una crisis econ\u00f3mica, con un d\u00e9ficit presupuestario y una gran deuda p\u00fablica. La mayor parte de los ingresos del presupuesto proviene de la ayuda en forma de subsidios de sus aliados, principalmente de los Estados Unidos y Arabia Saudita, pero estos subsidios se han reducido en los \u00faltimos a\u00f1os. Como parte de las reformas que Jordania est\u00e1 llevando a cabo bajo presi\u00f3n del Fondo Monetario Internacional (FMI), en enero del 2018 el gobierno aprob\u00f3 una serie de medidas de austeridad que incluyeron recortes al gasto del estado. Bajo un nuevo presupuesto, acelerado y aprobado por el parlamento el 31 de diciembre, 2017<a href=\"#_edn1\" name=\"_ednref1\">[1]<\/a> el subsidio a la harina fue eliminado, lo que llev\u00f3 a un aumento del 65% al \u200b\u200b100% en el precio del pan.<a href=\"#_edn2\" name=\"_ednref2\">[2]<\/a> Adem\u00e1s, el impuesto a las ventas se elev\u00f3 del 6% al 10% en 160 bienes y servicios y se grav\u00f3 un impuesto sobre las ventas del 4% al 5% en productos que anteriormente no hab\u00edan sido gravados.<a href=\"#_edn3\" name=\"_ednref3\">[3]<\/a> A principios de febrero, el combustible y la electricidad tambi\u00e9n aumentaron, al igual que los impuestos al transporte p\u00fablico.<a href=\"#_edn4\" name=\"_ednref4\">[4]<\/a><\/p>\n<p>Cabe se\u00f1alar que los precios tambi\u00e9n aumentaron en el pa\u00eds a comienzos del 2017, por lo que en menos de un a\u00f1o el costo de la vida se ha incrementado en un 18%.<a href=\"#_edn5\" name=\"_ednref5\">[5]<\/a> Asimismo, en los \u00faltimos d\u00edas se est\u00e1 discutiendo la modificaci\u00f3n de la ley del impuesto a la renta para incluir a m\u00e1s personas como contribuyentes, tambi\u00e9n de acuerdo con las exigencias del FMI.<a href=\"#_edn6\" name=\"_ednref6\">[6]<\/a><\/p>\n<p>El gobierno jordano ha trabajado duro en preparar a la opini\u00f3n p\u00fablica para estas medidas. La eliminaci\u00f3n del subsidio al pan fue enmarcada como una transferencia del presupuesto al subsidio del producto, es decir, el pan, a los consumidores que eran ciudadanos jordanos estableci\u00e9ndose un mecanismo para pagar una indemnizaci\u00f3n a los ciudadanos en sus salarios o prestaciones gubernamentales, seg\u00fan requisitos de elegibilidad establecidos por el gobierno. Sin embargo, los refugiados sirios y los trabajadores extranjeros no reciben dicha compensaci\u00f3n.<a href=\"#_edn7\" name=\"_ednref7\">[7]<\/a> Como ministro de Industria, Comercio y Suministros Yarub Qudah explic\u00f3 en una conferencia de prensa el 8 de enero, 2018 donde present\u00f3 los nuevos precios del pan, los no-ciudadanos forman ahora el 35% de la poblaci\u00f3n y consumen alrededor del 40% del pan en el pa\u00eds y este acuerdo tiene todo esto en cuenta.<a href=\"#_edn8\" name=\"_ednref8\">[8]<\/a> Al decir esto, tambi\u00e9n le estaba enviando un mensaje a la comunidad internacional sobre la carga que Jordania estaba asumiendo a la hora de recibir a los refugiados y su necesidad de ayuda en este tema.<a href=\"#_edn9\" name=\"_ednref9\">[9]<\/a><\/p>\n<p>Los incrementos en los precios provocaron protestas, en forma de duras cr\u00edticas por parte de la oposici\u00f3n, reacciones en las redes sociales y manifestaciones y disturbios en todo el pa\u00eds. La prensa jordana se uni\u00f3, publicando art\u00edculos sobre las terribles dificultades de los ciudadanos y la desconexi\u00f3n entre el gobierno y la calle jordana. Al mismo tiempo, funcionarios del gobierno, encabezados por el propio Rey Abdullah II, trataron de calmar las aguas, al igual que los comentaristas en el diario del gobierno <em>Al-Rai<\/em> y otras publicaciones cercanas al r\u00e9gimen, que se movilizaron para evitar las cr\u00edticas.<\/p>\n<p>Esta no es la primera vez que disturbios irrumpen ante las medidas de austeridad y aumentos en el costo de la vida. En el 2012, estallaron protestas en todo el pa\u00eds luego que el gobierno eliminara el subsidio al combustible. En estas protestas, hubo cr\u00edticas hacia el Rey Abdullah, e incluso amenazas de derrocar su r\u00e9gimen.<a href=\"#_edn10\" name=\"_ednref10\">[10]<\/a> Esta vez, sin embargo, al menos hasta ahora, la principal cr\u00edtica es contra el gobierno y no van dirigidas al rey.<\/p>\n<p>Este informe dar\u00e1 un repaso a las protestas y las cr\u00edticas tras las medidas de austeridad del gobierno jordano y los intentos de la instituci\u00f3n jordana para neutralizarlas.<\/p>\n<p><strong>Oposici\u00f3n jordana: Abajo con el gobierno, subl\u00e9vense contra este<\/strong><\/p>\n<p>Tal como se mencion\u00f3, las medidas de austeridad del gobierno provocaron furiosas cr\u00edticas por parte de la oposici\u00f3n jordana. La facci\u00f3n parlamentaria de la Coalici\u00f3n Nacional para la Reforma, que incluye a miembros de la Hermandad Musulmana, conden\u00f3 las decisiones del gobierno, pidi\u00f3 su renuncia e incluso busc\u00f3 un voto de censura contra este en el parlamento.<a href=\"#_edn11\" name=\"_ednref11\">[11]<\/a> Una declaraci\u00f3n emitida por su facci\u00f3n parlamentaria dijo: \u00abLa eliminaci\u00f3n de este gobierno, convertido en una carga para la patria y el ciudadano, es ahora un deber nacional y una necesidad urgente, luego de haber colocado todas las piedras posibles alrededor del cuello de los ciudadanos y haber convertido su vida en un infierno insoportable\u00bb.<a href=\"#_edn12\" name=\"_ednref12\">[12]<\/a> El presidente de la facci\u00f3n Abdullah Al-&#8216;Akayleh, dijo en una entrevista con el diario en la red Arabi21 que \u00abel gobierno espera que la mayor\u00eda permanezca en silencio [respecto a sus medidas]\u00bb, pero los ciudadanos puede que llegen a un punto de quiebre, \u00aby eso ser\u00eda un desastre\u00bb.<a href=\"#_edn13\" name=\"_ednref13\">[13]<\/a><\/p>\n<p>Las facciones de oposici\u00f3n no parlamentarias se unieron a las protestas; algunos pidieron desobediencia civil y un boicot a los productos cuyos precios hayan subido. La activista opositora y ex-diputada Hind Al-Fayez inst\u00f3 al pueblo a sublevarse en contra de las medidas del gobierno y bloquear la plaza frente a la oficina del primer ministro en Amm\u00e1n. Ella inst\u00f3 tambi\u00e9n al rey a estar solo del lado del pueblo.<a href=\"#_edn14\" name=\"_ednref14\">[14]<\/a><\/p>\n<p>El opositor Mudar Zahran, quien reside en Londres, aprovech\u00f3 la oportunidad para avivar las llamas de la protesta y manifestar en contra del rey al circular en los medios sociales videos de manifestaciones masivas y llamadas en contra de la corona. Los videos fueron presentados como muestra de las actuales protestas, pero al menos algunos de ellos eran de hace ya varios a\u00f1os.<a href=\"#_edn15\" name=\"_ednref15\">[15]<\/a><\/p>\n<p><strong>Los ciudadanos toman las calles: Manifestaciones y disturbios<\/strong><\/p>\n<p>Luego que los nuevos precios entraron en vigencia a principios de febrero, estallaron protestas en varios lugares del reino. El 1 de febrero, 2018 cientos de manifestantes protestaron frente a la oficina del primer ministro y la sede del parlamento en Amm\u00e1n, pidiendo la destituci\u00f3n del gobierno y el parlamento junto al sostener pancartas que le\u00edan \u00abNo a la Pol\u00edtica de Inanici\u00f3n\u00bb y \u00abSomos el Punto de no Retorno\u00bb.<a href=\"#_edn16\" name=\"_ednref16\">[16]<\/a><\/p>\n<p><em><img loading=\"lazy\" decoding=\"async\" class=\"alignnone size-full wp-image-43433\" src=\"https:\/\/www2.memri.org\/espanol\/wp-content\/uploads\/2018\/02\/IA1376.jpg\" width=\"600\" height=\"450\" alt=\"\" srcset=\"https:\/\/www2.memri.org\/espanol\/wp-content\/uploads\/2018\/02\/IA1376.jpg 600w, https:\/\/www2.memri.org\/espanol\/wp-content\/uploads\/2018\/02\/IA1376-300x225.jpg 300w, https:\/\/www2.memri.org\/espanol\/wp-content\/uploads\/2018\/02\/IA1376-80x60.jpg 80w, https:\/\/www2.memri.org\/espanol\/wp-content\/uploads\/2018\/02\/IA1376-265x198.jpg 265w, https:\/\/www2.memri.org\/espanol\/wp-content\/uploads\/2018\/02\/IA1376-560x420.jpg 560w\" sizes=\"auto, (max-width: 600px) 100vw, 600px\" \/>Manifestaci\u00f3n frente a la sede del parlamento en Amman. El cartel lee: \u00abEl Pan y el T\u00e9 son Nuestro Desayuno, Almuerzo y Cena\u00bb. (Jfanews.com.jo, 1 de febrero, 2018)<\/em><\/p>\n<p>El 2 de febrero, el primer viernes luego del alza en los precios, se realizaron marchas de protesta despu\u00e9s de los rezos de los viernes en varios distritos,<a href=\"#_edn17\" name=\"_ednref17\">[17]<\/a> y el 4 de febrero hubo disturbios y quema de neum\u00e1ticos en la ciudad de Al-Salt.<a href=\"#_edn18\" name=\"_ednref18\">[18]<\/a> Las protestas tambi\u00e9n se volvieron violentas en Al-Karak: el 8 de febrero, los manifestantes arrojaron piedras a la sede del gobernador del distrito, quemaron neum\u00e1ticos y le prendieron fuego a una oficina del gobierno encargada de supervisar los precios. Las fuerzas de seguridad dispersaron a los manifestantes y arrestaron a varios de ellos.<a href=\"#_edn19\" name=\"_ednref19\">[19]<\/a> El 11 de febrero, se inform\u00f3 que un almac\u00e9n del ej\u00e9rcito hab\u00eda sido incendiado.<a href=\"#_edn20\" name=\"_ednref20\">[20]<\/a><\/p>\n<p><em><img loading=\"lazy\" decoding=\"async\" class=\"alignnone size-full wp-image-43434\" src=\"https:\/\/www2.memri.org\/espanol\/wp-content\/uploads\/2018\/02\/IA13761.jpg\" width=\"600\" height=\"337\" alt=\"\" srcset=\"https:\/\/www2.memri.org\/espanol\/wp-content\/uploads\/2018\/02\/IA13761.jpg 600w, https:\/\/www2.memri.org\/espanol\/wp-content\/uploads\/2018\/02\/IA13761-300x169.jpg 300w\" sizes=\"auto, (max-width: 600px) 100vw, 600px\" \/>Disturbios en Al-Salt (Al-Sabil, Jordania, 4 de febrero, 2018)<\/em><\/p>\n<p>En la noche del 10 de febrero, los manifestantes marcharon hacia el Bur\u00f3 Real en Amman, exigiendo la remoci\u00f3n del gobierno y el parlamento. Tambi\u00e9n exigieron el despido de funcionarios que han estado circulando entre los cargos gubernamentales durante d\u00e9cadas, diciendo que los que tomaron parte en crear los actuales problemas del reino no pueden ser parte de la soluci\u00f3n y pidi\u00e9ndole al pa\u00eds que tome una direcci\u00f3n econ\u00f3mica diferente.<a href=\"#_edn21\" name=\"_ednref21\">[21]<\/a><\/p>\n<p>Tambi\u00e9n hubo informes de ciudadanos jordanos que intentaron suicidarse por la situaci\u00f3n econ\u00f3mica.<a href=\"#_edn22\" name=\"_ednref22\">[22]<\/a> Algunos incluso establecieron una conexi\u00f3n entre las medidas econ\u00f3micas del gobierno y varios robos que sucedieron en el pa\u00eds.<a href=\"#_edn23\" name=\"_ednref23\">[23]<\/a> Otra expresi\u00f3n de protesta fue un serm\u00f3n dado por un predicador en &#8216;Ajloun al norte de Jordania, que se apart\u00f3 del serm\u00f3n com\u00fan proporcionado por el Ministerio de Dotaciones Religiosas y dedic\u00f3 sus comentarios a la dif\u00edcil situaci\u00f3n econ\u00f3mica de los jordanos ante el alza de los precios. Este pidi\u00f3 al estado que intervenga y aplique impuestos a los ricos \u00aben lugar de golpear el bolsillo de los pobres\u00bb. El incidente condujo a la destituci\u00f3n del predicador.<a href=\"#_edn24\" name=\"_ednref24\">[24]<\/a><\/p>\n<p><strong>Protestas en las redes sociales<\/strong><\/p>\n<p>Las protestas tambi\u00e9n fueron expresadas en las redes sociales, con usuarios que publicaron airados y a menudo sarc\u00e1sticos mensajes en Facebook y Twitter y lanzando hashtags tales como \u00ab\u00bfHacia d\u00f3nde los llevan a ustedes y a nuestro pa\u00eds?\u00bb, \u00abAlza de precios\u00bb y del \u00abPan\u00bb.<\/p>\n<p>Un usuario en Twitter se\u00f1al\u00f3 que en el 2018 el gobierno elev\u00f3 el precio del pan, en el 2019 empezar\u00e1 a cobrar impuestos por respirar y en el 2020 habr\u00e1 un \u00abexterminio masivo\u00bb y as\u00ed es como Jordania resolver\u00e1 el problema de su deuda.<a href=\"#_edn25\" name=\"_ednref25\">[25]<\/a><\/p>\n<p><img loading=\"lazy\" decoding=\"async\" class=\"alignnone size-full wp-image-43435\" src=\"https:\/\/www2.memri.org\/espanol\/wp-content\/uploads\/2018\/02\/IA13762.jpg\" width=\"532\" height=\"253\" alt=\"\" srcset=\"https:\/\/www2.memri.org\/espanol\/wp-content\/uploads\/2018\/02\/IA13762.jpg 532w, https:\/\/www2.memri.org\/espanol\/wp-content\/uploads\/2018\/02\/IA13762-300x143.jpg 300w\" sizes=\"auto, (max-width: 532px) 100vw, 532px\" \/><\/p>\n<p>Luego de un robo a mano armada el 22 de enero, 2018 en Amman, el caricaturista jordano Osama Hajjaj tuite\u00f3 una caricatura que presentaba el crimen como una reacci\u00f3n entendible a las decisiones del gobierno. La caricatura fue re-tuiteada ampliamente por otros usuarios:<\/p>\n<p><img loading=\"lazy\" decoding=\"async\" class=\"alignnone size-full wp-image-43436\" src=\"https:\/\/www2.memri.org\/espanol\/wp-content\/uploads\/2018\/02\/IA13763.png\" width=\"539\" height=\"588\" alt=\"\" srcset=\"https:\/\/www2.memri.org\/espanol\/wp-content\/uploads\/2018\/02\/IA13763.png 539w, https:\/\/www2.memri.org\/espanol\/wp-content\/uploads\/2018\/02\/IA13763-275x300.png 275w, https:\/\/www2.memri.org\/espanol\/wp-content\/uploads\/2018\/02\/IA13763-385x420.png 385w\" sizes=\"auto, (max-width: 539px) 100vw, 539px\" \/><\/p>\n<p><em>Caricatura de Osama Hajjaj: \u00abEl gobierno dej\u00f3 desnudo al ciudadano, [para que] cometa naturalmente, un robo a mano armada\u00bb<\/em><a href=\"#_edn26\" name=\"_ednref26\">[26]<\/a><\/p>\n<p>Muchos usuarios publicaron fotos de las protestas y disturbios. El usuario en Facebook Abu Iskander Al-Majali de Al-Karak public\u00f3 una imagen de las protestas en la ciudad y escribi\u00f3: \u00abEste es un mensaje de Al-Karak a Raghadan [el palacio real]. \u00bfLo entender\u00e1n antes de que sea demasiado tarde?\u00bb<a href=\"#_edn27\" name=\"_ednref27\">[27]<\/a><\/p>\n<p><img loading=\"lazy\" decoding=\"async\" class=\"alignnone size-full wp-image-43437\" src=\"https:\/\/www2.memri.org\/espanol\/wp-content\/uploads\/2018\/02\/IA13764.png\" width=\"639\" height=\"536\" alt=\"\" srcset=\"https:\/\/www2.memri.org\/espanol\/wp-content\/uploads\/2018\/02\/IA13764.png 639w, https:\/\/www2.memri.org\/espanol\/wp-content\/uploads\/2018\/02\/IA13764-300x252.png 300w, https:\/\/www2.memri.org\/espanol\/wp-content\/uploads\/2018\/02\/IA13764-600x503.png 600w, https:\/\/www2.memri.org\/espanol\/wp-content\/uploads\/2018\/02\/IA13764-501x420.png 501w\" sizes=\"auto, (max-width: 639px) 100vw, 639px\" \/><\/p>\n<p>Tal como se mencion\u00f3, los usuarios tambi\u00e9n circularon antiguos videos, aparentemente del 2011-2012, de protestas masivas en Jordania en las que se escucharon llamadas para derrocar al r\u00e9gimen.<a href=\"#_edn28\" name=\"_ednref28\">[28]<\/a> En respuesta, la Secci\u00f3n de Delitos Inform\u00e1ticos de la Direcci\u00f3n de Seguridad P\u00fablica dio a conocer un anuncio advirtiendo a los ciudadanos que elementos desconocidos estaban circulando antiguos videos bajo la apariencia de los actuales con el objetivo de enga\u00f1ar e incitar al p\u00fablico. El anuncio hizo un llamado a los jordanos para que eviten circular estos videos y denunciarlos si los ven.<a href=\"#_edn29\" name=\"_ednref29\">[29]<\/a><\/p>\n<p><img loading=\"lazy\" decoding=\"async\" class=\"alignnone size-full wp-image-43438\" src=\"https:\/\/www2.memri.org\/espanol\/wp-content\/uploads\/2018\/02\/IA13765.png\" width=\"631\" height=\"559\" alt=\"\" srcset=\"https:\/\/www2.memri.org\/espanol\/wp-content\/uploads\/2018\/02\/IA13765.png 631w, https:\/\/www2.memri.org\/espanol\/wp-content\/uploads\/2018\/02\/IA13765-300x266.png 300w, https:\/\/www2.memri.org\/espanol\/wp-content\/uploads\/2018\/02\/IA13765-600x532.png 600w, https:\/\/www2.memri.org\/espanol\/wp-content\/uploads\/2018\/02\/IA13765-474x420.png 474w\" sizes=\"auto, (max-width: 631px) 100vw, 631px\" \/><\/p>\n<p><em>Uno de los antiguos videos, que circularon con el texto \u00abla revoluci\u00f3n de la liberaci\u00f3n jordana ha comenzado\u00bb (Fuente: Facebook.com\/398528963812276, 10 de febrero, 2018)<\/em><\/p>\n<p><strong>La prensa jordana critica las decisiones econ\u00f3micas del gobierno; y firma que est\u00e1 fuera de contacto con el pueblo<\/strong><\/p>\n<p>Las cr\u00edticas a los aumentos de precios tambi\u00e9n aparecieron en la prensa jordana, especialmente en la prensa no establecida, que public\u00f3 art\u00edculos que presentaban la dif\u00edcil situaci\u00f3n del ciudadano jordano y que alegaba una desconexi\u00f3n entre el gobierno y la calle.<\/p>\n<p><strong>Editor de <em>Al-Ghad<\/em>: El gobierno no comprende la dif\u00edcil situaci\u00f3n de los ciudadanos; La brecha entre el pueblo y el estado es muy extensa y peligrosa<\/strong><strong>\u00a0<\/strong><\/p>\n<p>En un art\u00edculo publicado el 4 de febrero, 2018 titulado \u00abGobiernos Que no Son Competentes en el Lenguaje de su Pueblo\u00bb, Jumana Ghunaimat, editora en jefe del diario jordano <em>Al-Ghad<\/em>, afirm\u00f3 que la instituci\u00f3n jordana no est\u00e1 al tanto de los sentimientos de sus ciudadanos y pidi\u00f3 un di\u00e1logo entre el gobierno y los diferentes sectores de la sociedad para que el gobierno comprenda las dificultades de los ciudadanos. Ella escribi\u00f3: \u00abEl gobierno todav\u00eda no se da cuenta de la magnitud de la ira en los corazones de los jordanos como resultado de la negligencia a largo plazo por parte de los gobiernos [de Jordania]&#8230; [El hecho de que] la gente se ha abalanzado a las calles en m\u00e1s de un lugar, en protesta contra las decisiones del gobierno, indica su dif\u00edcil situaci\u00f3n&#8230; El sufrimiento abarca a ciudadanos de todos los sectores&#8230; Incluso los empleados del sector p\u00fablico, tanto militares como civiles, est\u00e1n sufriendo, ya que sus escasos ingresos son claramente insuficientes para satisfacer sus necesidades cotidianas con dignidad. Ellos, siendo pilar de la clase media, han sido descuidados durante a\u00f1os como resultado de la dura pol\u00edtica del gobierno y la falta de planes de desarrollo reales&#8230;<\/p>\n<p>\u00abAnte la dif\u00edcil situaci\u00f3n econ\u00f3mica, el d\u00e9ficit [en el presupuesto estatal], la deuda [p\u00fablica] y las sensibilidades sobre el tema de la estabilidad de la moneda, los altos funcionarios siguen buscando nuevas formas de aprovechar los bolsillos de los jordanos y ahora est\u00e1n legislando una nueva ley tributaria para ampliar la base de contribuyentes con el fin de incrementar los ingresos&#8230;<\/p>\n<p>\u00abHoy, la brecha entre el pueblo y el estado es amplia y peligrosa. [No] me refiero a una crisis de confianza, lo cual es otra historia. [Estoy] hablando del sentimiento del ciudadano &#8211; que ha sido derrotado por los impuestos y cuyos gastos por la educaci\u00f3n [privada] y los servicios de salud, como resultado del deterioro en los servicios gubernamentales, han agotado sus ingresos, ha sido perjudicado y se le ha impuesto una pesada carga econ\u00f3mica&#8230; Los funcionarios, como los \u00fanicos con derecho a decidir sobre un aumento sobre los precios, se est\u00e1n alejando cada vez m\u00e1s del p\u00fablico y lo est\u00e1n provocando&#8230; [Estos lo est\u00e1n haciendo] sin comprender totalmente los grandes cambios que est\u00e1n teniendo lugar en la sociedad y sin intentar internalizar los cambios que han tenido lugar dentro del car\u00e1cter del ciudadano jordano, que est\u00e1 furioso con los gobiernos que no han logrado nada y nunca han logrado presentar soluciones verdaderas para los problemas de la deuda [p\u00fablica] y el d\u00e9ficit [presupuestario].<\/p>\n<p>\u00abLa soluci\u00f3n es que alguien emita una advertencia y susurre a los o\u00eddos de los funcionarios lo que siente el ciudadano jordano e informarles a estos de que cada decisi\u00f3n tomada o las que ser\u00e1n tomadas har\u00e1n crispar los nervios del pueblo e incrementar\u00e1 su ira. No necesitamos decisiones unilaterales, que emanen de un elemento aislado del gobierno [es decir, del Ministro de Finanzas Omar Al-Malhas], para que la situaci\u00f3n del pueblo empeore. Adem\u00e1s, esperamos que el gobierno abra un di\u00e1logo con la sociedad y su diferentes sectores, que quiz\u00e1s puedan [ayudarlo] a entender la situaci\u00f3n del pueblo y evitarle al p\u00fablico sus malas decisiones&#8230;\u00bb<a href=\"#_edn30\" name=\"_ednref30\">[30]<\/a><\/p>\n<p><em>Caricatura del 17 de enero, 2018 en Al-Ghad: medidor de ox\u00edgeno instalado en la nariz de un ciudadano; pronto ni siquiera el aire ser\u00e1 gratis<\/em><\/p>\n<p><em>Para ver el despacho en si totalidad en ingl\u00e9s junto a las im\u00e1genes copie por favor el siguiente enlace en su ordenador: <\/em><a href=\"https:\/\/www.memri.org\/reports\/protests-jordan-following-austerity-measures-%E2%80%93-including-elimination-bread-subsidy\">https:\/\/www.memri.org\/reports\/protests-jordan-following-austerity-measures-%E2%80%93-including-elimination-bread-subsidy<\/a><\/p>\n<p><em>*Z. Harel es Compa\u00f1ero investigador en MEMRI.<\/em><\/p>\n<hr \/>\n<p><a href=\"#_ednref1\" name=\"_edn1\">[1]<\/a> <em>Al-Ghad<\/em> (Jordania), 1 de enero, 2018.<\/p>\n<p><a href=\"#_ednref2\" name=\"_edn2\">[2]<\/a> <em>Al-Ghad<\/em> (Jordania), 9 de enero, 2018.<\/p>\n<p><a href=\"#_ednref3\" name=\"_edn3\">[3]<\/a> <em>Al-Ghad<\/em>, (Jordania), 17 de enero; <em>Al-Dustour<\/em> (Jordania), 16 de enero; <em>Al-Quds<\/em> <em>Al-Arabi<\/em> (Londres), 17 de enero, 2018.<\/p>\n<p><a href=\"#_ednref4\" name=\"_edn4\">[4]<\/a> <em>Al-Sabeel<\/em>, <em>Al-Dustour<\/em> (Jordania), 3 de febrero; <em>Al-Ghad<\/em> (Jordania), 4 de febrero, 2018.<\/p>\n<p><a href=\"#_ednref5\" name=\"_edn5\">[5]<\/a> <em>Al-Quds Al-Arabi<\/em> (Londres), 17 de enero, 2018.<\/p>\n<p><a href=\"#_ednref6\" name=\"_edn6\">[6]<\/a> <em>Al-Ghad<\/em> (Jordania), 13 de febrero, 2018.<\/p>\n<p><a href=\"#_ednref7\" name=\"_edn7\">[7]<\/a> <em>Al-Ghad<\/em> (Jordania), 4 de octubre, 2017; <em>Al-Rai<\/em> (Jordania), 16 de octubre, 2017.<\/p>\n<p><a href=\"#_ednref8\" name=\"_edn8\">[8]<\/a> <em>Al-Ghad<\/em> (Jordania), 9 de enero, 2018.<\/p>\n<p><a href=\"#_ednref9\" name=\"_edn9\">[9]<\/a> <em>Al-Rai Al-Youm<\/em> (Jordania), 8 de enero, 2018; V\u00e9ase tambi\u00e9n la serie Investigaci\u00f3n y An\u00e1lisis No. 1244 de MEMRI, Debate en Jordania sobre el futuro de los refugiados sirios en el pa\u00eds: Por miedo estos ser\u00e1n naturalizados a las llamadas a integrarlos en la sociedad jordana, 27 de abril, 2016.<\/p>\n<p><a href=\"#_ednref10\" name=\"_edn10\">[10]<\/a> Serie Investigaci\u00f3n y An\u00e1lisis No. 900 de MEMRI, En Jordania protestas, disturbios y llamadas a la destituci\u00f3n del r\u00e9gimen tras cancelaci\u00f3n del subsidio al combustible, 14 de noviembre, 2012.<\/p>\n<p><a href=\"#_ednref11\" name=\"_edn11\">[11]<\/a> Raialyoum.com, 1 de febrero, 2018; <em>Al-Ghad<\/em>, 1 de febrero, 2018; <em>Al-Sabil<\/em> (Jordania), 12 de febrero, 2018.<\/p>\n<p><a href=\"#_ednref12\" name=\"_edn12\">[12]<\/a> Albosala.com, 18 de enero, 2018.<\/p>\n<p><a href=\"#_ednref13\" name=\"_edn13\">[13]<\/a> Arabi21.com, 4 de febrero, 2018.<\/p>\n<p><a href=\"#_ednref14\" name=\"_edn14\">[14]<\/a> Raialyoum.com, 18 de enero, 2018.<\/p>\n<p><a href=\"#_ednref15\" name=\"_edn15\">[15]<\/a> Facebook.com\/jo.opposition, 12 y 13 de febrero, 2018.<\/p>\n<p><a href=\"#_ednref16\" name=\"_edn16\">[16]<\/a> <em>Al-Quds Al-Arabi<\/em> (Londres), 2 de febrero, 2018.<\/p>\n<p><a href=\"#_ednref17\" name=\"_edn17\">[17]<\/a> Albosala.com, 2 de febrero, 2018; <em>Al-Quds Al-Arabi<\/em> (Londres), 3 de febrero, 2018.<\/p>\n<p><a href=\"#_ednref18\" name=\"_edn18\">[18]<\/a> <em>Al-Sabil<\/em> (Jordania), 4 de febrero, 2018.<\/p>\n<p><a href=\"#_ednref19\" name=\"_edn19\">[19]<\/a> Allofjo.net, 8 de febrero, 2018; rayalyoum.com, 9 de febrero, 2018.<\/p>\n<p><a href=\"#_ednref20\" name=\"_edn20\">[20]<\/a> Alarabi21.com, 11 de febrero, 2018.<\/p>\n<p><a href=\"#_ednref21\" name=\"_edn21\">[21]<\/a> Jo24.net, 11 de febrero, 2018.<\/p>\n<p><a href=\"#_ednref22\" name=\"_edn22\">[22]<\/a> Raialyoum.com, 1 de febrero, 2018; Khaberni.com, 12 de febrero, 2018.<\/p>\n<p><a href=\"#_ednref23\" name=\"_edn23\">[23]<\/a> Albawaba.com, 23 de enero, 2018; Raialyoum.com, 24 de enero, 2018.<\/p>\n<p><a href=\"#_ednref24\" name=\"_edn24\">[24]<\/a> <em>Al-Ghad <\/em>(Jordania), 13 de febrero, 2018; Khaberni.com, 13 de febrero, 2018.<\/p>\n<p><a href=\"#_ednref25\" name=\"_edn25\">[25]<\/a> Twitter.com\/ollaatweet, 8 de enero, 2018.<\/p>\n<p><a href=\"#_ednref26\" name=\"_edn26\">[26]<\/a> Twitter.com\/osamacartoons, 22 de enero, 2018.<\/p>\n<p><a href=\"#_ednref27\" name=\"_edn27\">[27]<\/a> Facebook.com\/derar_majali, 9 de febrero, 2018.<\/p>\n<p><a href=\"#_ednref28\" name=\"_edn28\">[28]<\/a> En referencia a estas protestas, v\u00e9ase los siguientes informes de MEMRI: Investigaci\u00f3n y An\u00e1lisis No. 771, La Primavera \u00c1rabe en Jordania: El Rey obligado a hacer concesiones al movimiento de protesta, 12 de diciembre, 2011; Investigaci\u00f3n y An\u00e1lisis No. 806, La Primavera \u00c1rabe en Jordania &#8211; Parte II: Opositores desaf\u00edan legitimidad del Rey y la Familia Real hachemita, 4 de marzo, 2012; Investigaci\u00f3n y An\u00e1lisis No. 900, En Jordania, protestas, disturbios y llamadas a destituir el r\u00e9gimen luego de cancelaci\u00f3n del subsidio al combustible, 14 de noviembre, 2012.<\/p>\n<p><a href=\"#_ednref29\" name=\"_edn29\">[29]<\/a> <em>Al-Dustour<\/em> (Jordania), 11 de febrero, 2018.<\/p>\n<p><a href=\"#_ednref30\" name=\"_edn30\">[30]<\/a> <em>Al-Ghad<\/em> (Jordania), 4 de febrero, 2018.<\/p>\n","protected":false},"excerpt":{"rendered":"<p>Introducci\u00f3n Durante a\u00f1os, Jordania ha estado sumida en una crisis econ\u00f3mica, con un d\u00e9ficit presupuestario y una gran deuda p\u00fablica. La mayor parte de los ingresos del presupuesto proviene de la ayuda en forma de subsidios de sus aliados, principalmente de los Estados Unidos y Arabia Saudita, pero estos subsidios se han reducido en los [&hellip;]<\/p>\n","protected":false},"author":1,"featured_media":43433,"comment_status":"open","ping_status":"open","sticky":false,"template":"","format":"standard","meta":{"footnotes":""},"categories":[4,5,18,22,2],"tags":[],"class_list":["post-43432","post","type-post","status-publish","format-standard","has-post-thumbnail","hentry","category-archivos","category-analisis-e-investigacion","category-paises","category-jordania","category-featured"],"_links":{"self":[{"href":"https:\/\/www2.memri.org\/espanol\/wp-json\/wp\/v2\/posts\/43432","targetHints":{"allow":["GET"]}}],"collection":[{"href":"https:\/\/www2.memri.org\/espanol\/wp-json\/wp\/v2\/posts"}],"about":[{"href":"https:\/\/www2.memri.org\/espanol\/wp-json\/wp\/v2\/types\/post"}],"author":[{"embeddable":true,"href":"https:\/\/www2.memri.org\/espanol\/wp-json\/wp\/v2\/users\/1"}],"replies":[{"embeddable":true,"href":"https:\/\/www2.memri.org\/espanol\/wp-json\/wp\/v2\/comments?post=43432"}],"version-history":[{"count":0,"href":"https:\/\/www2.memri.org\/espanol\/wp-json\/wp\/v2\/posts\/43432\/revisions"}],"wp:featuredmedia":[{"embeddable":true,"href":"https:\/\/www2.memri.org\/espanol\/wp-json\/wp\/v2\/media\/43433"}],"wp:attachment":[{"href":"https:\/\/www2.memri.org\/espanol\/wp-json\/wp\/v2\/media?parent=43432"}],"wp:term":[{"taxonomy":"category","embeddable":true,"href":"https:\/\/www2.memri.org\/espanol\/wp-json\/wp\/v2\/categories?post=43432"},{"taxonomy":"post_tag","embeddable":true,"href":"https:\/\/www2.memri.org\/espanol\/wp-json\/wp\/v2\/tags?post=43432"}],"curies":[{"name":"wp","href":"https:\/\/api.w.org\/{rel}","templated":true}]}}