{"id":4230,"date":"2010-12-23T00:00:00","date_gmt":"2010-12-23T00:00:00","guid":{"rendered":"http:\/\/www2.memri.org\/espanol\/2010\/12\/23\/lider-estudioso-sunita-jeque-yusuf-al-qaradhawi-apoya-atentados-suicidas-en-palestina-y-declara-estoy-en-contra-del-proceso-de-paz\/"},"modified":"2016-01-13T22:03:22","modified_gmt":"2016-01-13T22:03:22","slug":"lider-estudioso-sunita-jeque-yusuf-al-qaradhawi-apoya-atentados-suicidas-en-palestina-y-declara-estoy-en-contra-del-proceso-de-paz","status":"publish","type":"post","link":"https:\/\/www2.memri.org\/espanol\/lider-estudioso-sunita-jeque-yusuf-al-qaradhawi-apoya-atentados-suicidas-en-palestina-y-declara-estoy-en-contra-del-proceso-de-paz\/4230","title":{"rendered":"L\u00edder estudioso sunita Jeque Yusuf Al-Qaradhawi apoya atentados suicidas en Palestina y declara: &#8216;Estoy en contra del proceso de paz&#8217;"},"content":{"rendered":"<div class=\"bodytext c1\">\n<p><strong>MEMRI se apoya \u00fanicamente en la generosidad de nuestros donantes para poder seguir a\u00f1adiendo a nuestra extensa investigaci\u00f3n publicada a diario. As\u00ed que por favor no se olvide de donar a la campa\u00f1a de MEMRI de fin de a\u00f1o 2010 haciendo clic aqu\u00ed, para que podamos cumplir con nuestras obligaciones financieras de fin de a\u00f1o.<\/strong><\/p>\n<p><em>Lo siguiente son extractos de una entrevista con el estudioso l\u00edder sunita Jeque Yusuf Al-Qaradhawi, que fue presentada en Al-Hayat 2 TV (Egipto) el 17 de diciembre, 2010.<\/em><\/p>\n<ul>\n<li><em>Para ver este segmento de video en MEMRI TV, visite<br \/><a href=\"http:\/\/www.memritv.org\/clip\/en\/0\/0\/0\/0\/0\/0\/2731.htm\">http:\/\/www.memritv.org\/clip\/en\/0\/0\/0\/0\/0\/0\/2731.htm<\/a>.<\/em><\/li>\n<li><em>Para ver la p\u00e1gina del Jeque Al-Qaradhawi en MEMRI, visite<br \/><a href=\"http:\/\/www.memri.org\/subject\/en\/114.htm\">http:\/\/www.memri.org\/subject\/en\/114.htm<\/a>.<\/em><\/li>\n<\/ul>\n<p><img loading=\"lazy\" decoding=\"async\" class=\"alignnone size-full wp-image-8560\" src=\"http:\/\/www2.memri.org\/espanol\/wp-content\/uploads\/2016\/01\/5703.jpg\" width=\"393\" height=\"288\" srcset=\"https:\/\/www2.memri.org\/espanol\/wp-content\/uploads\/2016\/01\/5703.jpg 393w, https:\/\/www2.memri.org\/espanol\/wp-content\/uploads\/2016\/01\/5703-300x220.jpg 300w, https:\/\/www2.memri.org\/espanol\/wp-content\/uploads\/2016\/01\/5703-80x60.jpg 80w\" sizes=\"auto, (max-width: 393px) 100vw, 393px\" \/><\/p>\n<p><strong>\u00abDigo &#8216;no&#8217; al di\u00e1logo con los jud\u00edos<\/strong><\/p>\n<p><strong>Yousuf Al-Qaradhawi<\/strong>: \u00abEntable un di\u00e1logo con los cristianos, pero si los jud\u00edos participan en el di\u00e1logo, yo digo &#8216;no&#8217; &#8211; hasta que levanten su injusticia sobre nosotros [&#8230;]<\/p>\n<p>\u00abNo estoy en contra del juda\u00edsmo. No soy antisemita o anti-jud\u00edo. \u00bfC\u00f3mo puedo ser antisemita, cuando yo mismo soy semita? Soy \u00e1rabe y es bien sabido que los \u00e1rabes son semitas. Desde la perspectiva racial, los jud\u00edos son nuestros primos. Somos los descendientes de Ismael y ellos son los descendientes de Jacob [sic]. Nosotros los musulmanes no somos racistas. [&#8230;]<\/p>\n<p>\u00abEl Islam mantiene relaciones con los jud\u00edos y los cristianos, a condici\u00f3n de que no sean hostiles a los musulmanes. Un musulm\u00e1n no puede casarse con una mujer israel\u00ed. Puede casarse con una mujer de entre los [jud\u00edos] que est\u00e9 en contra de Israel, pero no con una mujer jud\u00eda israel\u00ed o una mujer jud\u00eda que apoya a Israel. [&#8230;]<\/p>\n<p>\u00abAlgunas personas creen que deber\u00edamos luchar y matar a los infieles. Esto no es cierto. Luchamos s\u00f3lo contra aquellos que nos combaten\u00bb. [&#8230;]<\/p>\n<p><strong>El colonialismo franc\u00e9s en Argelia no perjudic\u00f3 a la poblaci\u00f3n<\/strong><\/p>\n<p>\u00abEl colonialismo franc\u00e9s se instal\u00f3 en Argelia y la anexi\u00f3n a Francia, pero no perjudic\u00f3 a la poblaci\u00f3n local. El asentamiento sionista, en cambio, est\u00e1 sustituyendo a la poblaci\u00f3n local. [&#8230;]<\/p>\n<p>\u00abDe acuerdo con la ley isl\u00e1mica, en cualquier pa\u00eds que sea invadido y ocupado por infieles extranjeros, toda la gente local deber\u00eda llevar a cabo una resistencia contra la ocupaci\u00f3n, utilizando todos los medios a su alcance. Los jurisprudentes dijeron que una mujer puede realizar el Jihad sin el permiso del marido, un ni\u00f1o puede realizar el Jihad sin el permiso de su padre y un esclavo puede realizarlo sin el permiso de su amo. Toda la gente debe realizar el Jihad. &#8216;No hay obediencia a una criatura en desobediencia al Creador\u00bb.<\/p>\n<p>\u00abEl derecho del colectivo reemplaza el derecho del individuo. Si la poblaci\u00f3n local es incapaz de confrontar a los [enemigos], que son m\u00e1s fuertes y mejor preparados que ellos, sus vecinos necesitan ayudarles.<\/p>\n<p>\u00abTodos los musulmanes deben contribuir, cada cual seg\u00fan su capacidad &#8211; con dinero, con armas, con experiencia. Si no tienen experiencia en la guerra anti-tanques, pueden ofrecer su experiencia en la fabricaci\u00f3n de misiles. En tal caso, un deber colectivo se convierte en un derecho individual, que incumbe a todos los musulmanes. [&#8230;]<\/p>\n<p>\u00ab[Los jud\u00edos] son los m\u00e1s miserables de todos las pueblos y los que m\u00e1s protegen sus vidas, sin embargo, dedican su vida y su dinero [a su causa]. Los musulmanes de todo el mundo deben contribuir a la recuperaci\u00f3n de Palestina. Palestina no es s\u00f3lo suelo isl\u00e1mico. Es la tierra de la Mezquita Al-Aqsa y de los lugares santos. [&#8230;]<\/p>\n<p><strong>\u00abEstoy en contra del <em>hudna<\/em> [tregua con Israel]\u00bb<\/strong><\/p>\n<p>\u00abEstoy en contra del <em>hudna<\/em>, tal como he escrito. He debatido esto con los principales estudiosos isl\u00e1micos, tales como el Jeque Abd Al-Aziz IbnBaz y el Jeque de Al-Azhar. Estos sancionaron la paz con Israel. Estoy en contra del proceso de paz. Considero que se trata de una paz falsa, porque se trata de una paz israel\u00ed, de acuerdo con los israel\u00edes, no de acuerdo con lo que nosotros queremos.<\/p>\n<p>\u00ab\u00bfQu\u00e9 clase de paz es esta? Desde los d\u00edas de Madrid y Oslo hasta el d\u00eda de hoy, hemos logrado algo? Solo hemos logrado ilusiones. [&#8230;]<\/p>\n<p>\u00abLas operaciones de martirio que yo apruebo son las que apuntan a los ocupantes. Es por eso que sancion\u00e9 las operaciones de martirio en Palestina. Cuando se me pregunt\u00f3, en Londres, \u00bfc\u00f3mo pude permitir las operaciones de martirio en Palestina, dije que son una necesidad, porque estas personas quieren defenderse a si mismos, lo que es sagrado para ellos y sus tierras. Les dije: &#8216;\u00bfQuieren que detengan las operaciones de martirio? Entonces denles helic\u00f3pteros Apache, aviones, tanques y misiles, y luego abandonaran las operaciones de martirio&#8217;. Ellos no tienen bombas, por lo que se convierten en bombas humanas. Esta es una necesidad.<\/p>\n<p>\u00abPermito esto para los palestinos, pero no para los que atacaron a las Torres Gemelas en los Estados Unidos, porque en ese caso, los pasajeros de cuatro aviones civiles fueron asesinados, quienes no tuvieron culpa. \u00bfDe qu\u00e9 manera ten\u00edan estos pasajeros la culpa? Muchos de ellos eran \u00e1rabes o musulmanes, y eran de varios pa\u00edses y no ten\u00edan nada que ver con pol\u00edtica. Tomen a la gente dentro de las torres &#8211; no eran m\u00e1s que empleados en empresas y algunos eran incluso musulmanes, que rezaban los viernes \u00bfC\u00f3mo se les puede culpar?<\/p>\n<p>\u00abS\u00f3lo sanciono las operaciones de martirio en defensa de un pa\u00eds saqueado y ocupado. [&#8230;]<\/p>\n<p>\u00abLos [chi\u00edtas] son m\u00e1s organizados que nosotros y fueron capaces de confrontar a los Estados Unidos. Lo hicieron cuando tomaron rehenes en la embajada estadounidense [en Teher\u00e1n] y de nuevo con su capacidad de enriquecimiento de [uranio].<\/p>\n<p>\u00abA menudo he dicho que estoy en contra de la chiizaci\u00f3n de las comunidades sunitas, pero defiendo el derecho de Ir\u00e1n a poseer energ\u00eda nuclear para fines pac\u00edficos y peleare con quien sea que lo combata. Despu\u00e9s de todo, Ir\u00e1n es un pa\u00eds isl\u00e1mico y estamos felices de que sea fuerte. Este deber\u00eda tranquilizar a sus vecinos, como a menudo hemos escuchado decir que su poder no va dirigido contra los \u00e1rabes.<\/p>\n<p>\u00abEllos quieren que nos confrontemos unos contra otros, pero no hay que poner ninguna atenci\u00f3n a estas palabras y a estas insinuaciones sat\u00e1nicas. Los pa\u00edses isl\u00e1micos deben ser todos una sola fuerza y deben apoyarse mutuamente, a pesar de las diferencias entre las distintas denominaciones y grupos.<\/p>\n<p>\u00abTenemos una sola meta -. La recuperaci\u00f3n de la Mezquita Al-Aqsa y Palestina de los saqueadores [&#8230;]<\/p>\n<p>\u00abLa peor enfermedad de la que nuestro pa\u00eds sufre es la p\u00e9rdida de la libertad. No somos libres de pensar o hacer lo que queremos. La mayor\u00eda de nuestros pa\u00edses han sido gobernados por las leyes de emergencia durante d\u00e9cadas. No podemos fundar partidos pol\u00edticos. Hubo momentos en que cualquiera pod\u00eda crear un partido. [&#8230;]<\/p>\n<p>\u00abNadie puede crear un partido pol\u00edtico. Los [gobernantes] dir\u00e1n que un cierto partido de la religi\u00f3n \u00bfQu\u00e9, es la religi\u00f3n algo que est\u00e1 prohibido? S\u00f3lo porque yo digo: &#8216;No hay dios sino Al\u00e1 y Mahoma es Su mensajero&#8217;, se me ha prohibido participar en el proceso pol\u00edtico en mi propio pa\u00eds?<\/p>\n<p>\u00abAdvierten que los coptos podr\u00edan crear un partido pol\u00edtico. Dejen que lo hagan. \u00bfQui\u00e9n dijo que s\u00f3lo la Iglesia puede hablar en nombre de los coptos? No veo ning\u00fan problema en tener un partido isl\u00e1mico o cristiano. [&#8230;]<\/p>\n<p>\u00abPrefiero dejar que la gente tenga la m\u00e1xima libertad, en materia pol\u00edtica, c\u00edvica y econ\u00f3mica, sobre la aplicaci\u00f3n del <em>Sharia<\/em>. No creo que el <em>Sharia<\/em> pueda implementarse de una manera justa y adecuada a la sombra de una tiran\u00eda y opresi\u00f3n\u00bb. [&#8230;]<\/p>\n<\/div>\n","protected":false},"excerpt":{"rendered":"<p>MEMRI se apoya \u00fanicamente en la generosidad de nuestros donantes para poder seguir a\u00f1adiendo a nuestra extensa investigaci\u00f3n publicada a diario. As\u00ed que por favor no se olvide de donar a la campa\u00f1a de MEMRI de fin de a\u00f1o 2010 haciendo clic aqu\u00ed, para que podamos cumplir con nuestras obligaciones financieras de fin de a\u00f1o. [&hellip;]<\/p>\n","protected":false},"author":1,"featured_media":8560,"comment_status":"open","ping_status":"open","sticky":false,"template":"","format":"standard","meta":{"footnotes":""},"categories":[10,6],"tags":[],"class_list":["post-4230","post","type-post","status-publish","format-standard","has-post-thumbnail","hentry","category-estudios-sobre-terrorismo-y-yihad","category-comunicados-especiales"],"_links":{"self":[{"href":"https:\/\/www2.memri.org\/espanol\/wp-json\/wp\/v2\/posts\/4230","targetHints":{"allow":["GET"]}}],"collection":[{"href":"https:\/\/www2.memri.org\/espanol\/wp-json\/wp\/v2\/posts"}],"about":[{"href":"https:\/\/www2.memri.org\/espanol\/wp-json\/wp\/v2\/types\/post"}],"author":[{"embeddable":true,"href":"https:\/\/www2.memri.org\/espanol\/wp-json\/wp\/v2\/users\/1"}],"replies":[{"embeddable":true,"href":"https:\/\/www2.memri.org\/espanol\/wp-json\/wp\/v2\/comments?post=4230"}],"version-history":[{"count":0,"href":"https:\/\/www2.memri.org\/espanol\/wp-json\/wp\/v2\/posts\/4230\/revisions"}],"wp:featuredmedia":[{"embeddable":true,"href":"https:\/\/www2.memri.org\/espanol\/wp-json\/wp\/v2\/media\/8560"}],"wp:attachment":[{"href":"https:\/\/www2.memri.org\/espanol\/wp-json\/wp\/v2\/media?parent=4230"}],"wp:term":[{"taxonomy":"category","embeddable":true,"href":"https:\/\/www2.memri.org\/espanol\/wp-json\/wp\/v2\/categories?post=4230"},{"taxonomy":"post_tag","embeddable":true,"href":"https:\/\/www2.memri.org\/espanol\/wp-json\/wp\/v2\/tags?post=4230"}],"curies":[{"name":"wp","href":"https:\/\/api.w.org\/{rel}","templated":true}]}}