{"id":4211,"date":"2010-12-16T00:00:00","date_gmt":"2010-12-16T00:00:00","guid":{"rendered":"http:\/\/www2.memri.org\/espanol\/2010\/12\/16\/estudiosos-islamicos-pro-hamas-abd-al-jabbar-said-y-salah-sultan-se-regocijan-por-las-bajas-israelies-como-consecuencia-del-incendio-en-el-monte-carmel\/"},"modified":"2016-01-13T22:04:01","modified_gmt":"2016-01-13T22:04:01","slug":"estudiosos-islamicos-pro-hamas-abd-al-jabbar-said-y-salah-sultan-se-regocijan-por-las-bajas-israelies-como-consecuencia-del-incendio-en-el-monte-carmel","status":"publish","type":"post","link":"https:\/\/www2.memri.org\/espanol\/estudiosos-islamicos-pro-hamas-abd-al-jabbar-said-y-salah-sultan-se-regocijan-por-las-bajas-israelies-como-consecuencia-del-incendio-en-el-monte-carmel\/4211","title":{"rendered":"Estudiosos isl\u00e1micos pro-Hamas Abd Al-Jabbar Sa&#8217;id y Salah Sultan se regocijan por las bajas israel\u00edes como consecuencia del incendio en el Monte Carmel"},"content":{"rendered":"<div class=\"bodytext c1\">\n<p><em>A continuaci\u00f3n se presentan extractos de un discurso p\u00fablico emitido por el Jeque Abd Al-Jabbar Sa&#8217;id, secretario general de<\/em> <em>la Asociaci\u00f3n<\/em> <em>de Estudiosos Isl\u00e1micos Palestinos en el Extranjero. Junto a \u00e9l en el escenario, el Dr. Salah Sultan, presidente del Centro Estadounidense para<\/em> <em>la Investigaci\u00f3n Isl\u00e1mica<\/em> <em>con sede en Columbus, Ohio, lideraron a la multitud en exclamar \u00abAl\u00e1 Akbar!\u00bb El segmento fue presentado en Al-Aqsa TV el 9 de diciembre, 2010.<\/em><\/p>\n<p><em>En marzo del 2010, el Dr. Sultan le dijo al canal de televisi\u00f3n de Hamas Al-Aqsa TV que los jud\u00edos asesinan a los no-jud\u00edos para usar su sangre en los matzos de Pascua (v\u00e9ase MEMRI TV Clip No. 2443, <a href=\"http:\/\/www.memritv.org\/clip\/en\/0\/0\/0\/0\/239\/0\/2443.htm\">http:\/\/www.memritv.org\/clip\/en\/0\/0\/0\/0\/239\/0\/2443.htm<\/a> ), en febrero del 2009, este dijo que el D\u00eda del Juicio Final no vendr\u00e1 hasta que los musulmanes combatan contra los jud\u00edos y los maten y que Estados Unidos sufrir\u00eda destrucci\u00f3n (v\u00e9ase MEMRI TV Clip No. 2165, <a href=\"http:\/\/www.memri.org\/report\/en\/0\/0\/0\/0\/0\/0\/3021.htm\">http:\/\/www.memri.org\/report\/en\/0\/0\/0\/0\/0\/0\/3021.htm<\/a> ). Para m\u00e1s informaci\u00f3n sobre el Dr. Sultan, visite MEMRI Despacho Especial No. 1168, \u00abL\u00edder musulm\u00e1n en Columbus, Ohio, dice que el 11 de Septiembre fue planificado de los estadounidenses, elogia al buscado yemenita con conexi\u00f3n a Al-Qaeda Jeque Al-Zindani\u00bb, 19 de mayo del 2006,<\/em> <em><a href=\"http:\/\/www2.memri.org\/bin\/espanol\/articulos.cgi?Page=archives&amp;Area=ia&amp;ID=SD116806\">http:\/\/www2.memri.org\/bin\/espanol\/articulos.cgi?Page=archives&amp;Area=ia&amp;ID=SD116806<\/a>.<\/em><\/p>\n<p><em>Lo siguiente son extractos del discurso p\u00fablico del Jeque Abd Al-Jabbar Sa&#8217;id. Para ver este segmento de video en MEMRI TV, visite <a href=\"http:\/\/www.memritv.org\/clip\/en\/0\/0\/0\/0\/0\/0\/2726.htm\">http:\/\/www.memritv.org\/clip\/en\/0\/0\/0\/0\/0\/0\/2726.htm<\/a>.<\/em><\/p>\n<p><img loading=\"lazy\" decoding=\"async\" class=\"alignnone size-full wp-image-8613\" src=\"http:\/\/www2.memri.org\/espanol\/wp-content\/uploads\/2016\/01\/5664.jpg\" width=\"314\" height=\"209\" srcset=\"https:\/\/www2.memri.org\/espanol\/wp-content\/uploads\/2016\/01\/5664.jpg 314w, https:\/\/www2.memri.org\/espanol\/wp-content\/uploads\/2016\/01\/5664-300x200.jpg 300w\" sizes=\"auto, (max-width: 314px) 100vw, 314px\" \/><\/p>\n<p><strong>Jeque Abd Al-Jabbar Sa&#8217;id<\/strong>: \u00abUno de los hermanos me dio esta nota, con buenas nuevas: 40 israel\u00edes murieron y 45 resultaron heridos&#8230;\u00bb<\/p>\n<p><strong>Sallah Sultan, presidente del Centro Norteamericano para<\/strong> <strong>la Investigaci\u00f3n Isl\u00e1mica<\/strong>: \u00abDigan &#8216;Al\u00e1 Akbar!\u00bb<\/p>\n<p><strong>Multitud<\/strong>: \u00abAl\u00e1 Akbar!\u00bb<\/p>\n<p><strong>Jeque Abd Al-Jabbar Sa&#8217;id<\/strong>: \u00ab&#8230; y 45 resultaron heridos en un incendio en el norte de la Palestina ocupada\u00bb.<\/p>\n<p><strong>Hombre en la multitud<\/strong>: \u00abDigan &#8216;Al\u00e1 Akbar!\u00bb<\/p>\n<p><strong>Multitud<\/strong>: \u00abAl\u00e1 Akbar!&rdquo; Alabado sea Al\u00e1\u00bb.<\/p>\n<p><strong>Hombre en la multitud<\/strong>: \u00abDigan &#8216;Al\u00e1 Akbar!\u00bb<\/p>\n<p><strong>Multitud<\/strong>: \u00abAl\u00e1 Akbar\u00bb \u00abAlabado sea Al\u00e1\u00bb.<\/p>\n<p><strong>Jeque Abd Al-Jabbar Sa&#8217;id<\/strong>: \u00abEsto sucedi\u00f3 en el Monte Carmel. Le pedimos a Al\u00e1 que les golpee con m\u00e1s de lo mismo y que los utilice para demostrar las maravillas de Su poder&#8230;\u00bb<\/p>\n<\/div>\n","protected":false},"excerpt":{"rendered":"<p>A continuaci\u00f3n se presentan extractos de un discurso p\u00fablico emitido por el Jeque Abd Al-Jabbar Sa&#8217;id, secretario general de la Asociaci\u00f3n de Estudiosos Isl\u00e1micos Palestinos en el Extranjero. Junto a \u00e9l en el escenario, el Dr. Salah Sultan, presidente del Centro Estadounidense para la Investigaci\u00f3n Isl\u00e1mica con sede en Columbus, Ohio, lideraron a la multitud [&hellip;]<\/p>\n","protected":false},"author":1,"featured_media":8613,"comment_status":"open","ping_status":"open","sticky":false,"template":"","format":"standard","meta":{"footnotes":""},"categories":[6,23],"tags":[],"class_list":["post-4211","post","type-post","status-publish","format-standard","has-post-thumbnail","hentry","category-comunicados-especiales","category-autoridad-palestina"],"_links":{"self":[{"href":"https:\/\/www2.memri.org\/espanol\/wp-json\/wp\/v2\/posts\/4211","targetHints":{"allow":["GET"]}}],"collection":[{"href":"https:\/\/www2.memri.org\/espanol\/wp-json\/wp\/v2\/posts"}],"about":[{"href":"https:\/\/www2.memri.org\/espanol\/wp-json\/wp\/v2\/types\/post"}],"author":[{"embeddable":true,"href":"https:\/\/www2.memri.org\/espanol\/wp-json\/wp\/v2\/users\/1"}],"replies":[{"embeddable":true,"href":"https:\/\/www2.memri.org\/espanol\/wp-json\/wp\/v2\/comments?post=4211"}],"version-history":[{"count":0,"href":"https:\/\/www2.memri.org\/espanol\/wp-json\/wp\/v2\/posts\/4211\/revisions"}],"wp:featuredmedia":[{"embeddable":true,"href":"https:\/\/www2.memri.org\/espanol\/wp-json\/wp\/v2\/media\/8613"}],"wp:attachment":[{"href":"https:\/\/www2.memri.org\/espanol\/wp-json\/wp\/v2\/media?parent=4211"}],"wp:term":[{"taxonomy":"category","embeddable":true,"href":"https:\/\/www2.memri.org\/espanol\/wp-json\/wp\/v2\/categories?post=4211"},{"taxonomy":"post_tag","embeddable":true,"href":"https:\/\/www2.memri.org\/espanol\/wp-json\/wp\/v2\/tags?post=4211"}],"curies":[{"name":"wp","href":"https:\/\/api.w.org\/{rel}","templated":true}]}}