{"id":4208,"date":"2010-12-16T00:00:00","date_gmt":"2010-12-16T00:00:00","guid":{"rendered":"http:\/\/www2.memri.org\/espanol\/2010\/12\/16\/sonia-al-rassi-hija-del-ex-presidente-libanes-suleiman-franjieh-el-papa-no-debio-absolver-a-los-judios-por-la-sangre-de-cristo-alemania-y-no-los-arabes-deberian-pagar-el-precio-por-el-holocausto\/"},"modified":"2016-01-13T22:03:58","modified_gmt":"2016-01-13T22:03:58","slug":"sonia-al-rassi-hija-del-ex-presidente-libanes-suleiman-franjieh-el-papa-no-debio-absolver-a-los-judios-por-la-sangre-de-cristo-alemania-y-no-los-arabes-deberian-pagar-el-precio-por-el-holocausto","status":"publish","type":"post","link":"https:\/\/www2.memri.org\/espanol\/sonia-al-rassi-hija-del-ex-presidente-libanes-suleiman-franjieh-el-papa-no-debio-absolver-a-los-judios-por-la-sangre-de-cristo-alemania-y-no-los-arabes-deberian-pagar-el-precio-por-el-holocausto\/4208","title":{"rendered":"Sonia Al-Rassi, hija del ex-presidente liban\u00e9s Suleiman Franjieh: El Papa no debi\u00f3 absolver a los jud\u00edos por la sangre de Cristo, Alemania y no los \u00e1rabes deber\u00edan pagar el precio por el Holocausto"},"content":{"rendered":"<div class=\"bodytext c1\">\n<p><em>A continuaci\u00f3n se presentan extractos de una entrevista con Sonja Al-Rassi, hija del ex presidente liban\u00e9s Suleiman Franjieh, la cual fue transmitida en NBN TV (L\u00edbano) el 17 de noviembre, 2010.<\/em><\/p>\n<p><em>Para ver este segmento de video en MEMRI TV, visite<br \/><a href=\"http:\/\/www.memritv.org\/clip\/en\/0\/0\/0\/0\/0\/0\/2715.htm\">http:\/\/www.memritv.org\/clip\/en\/0\/0\/0\/0\/0\/0\/2715.htm<\/a>.<\/em><\/p>\n<p><img loading=\"lazy\" decoding=\"async\" class=\"alignnone size-full wp-image-8608\" src=\"http:\/\/www2.memri.org\/espanol\/wp-content\/uploads\/2016\/01\/5662.jpg\" width=\"314\" height=\"209\" srcset=\"https:\/\/www2.memri.org\/espanol\/wp-content\/uploads\/2016\/01\/5662.jpg 314w, https:\/\/www2.memri.org\/espanol\/wp-content\/uploads\/2016\/01\/5662-300x200.jpg 300w\" sizes=\"auto, (max-width: 314px) 100vw, 314px\" \/><\/p>\n<p><strong>Sonia Al-Rassi<\/strong>: \u00abLos israel\u00edes son los enemigos de nuestros antepasados. No s\u00e9 por qu\u00e9 el Papa los absolvi\u00f3, pero ellos son los que crucificaron a Cristo\u00bb. [&#8230;]<\/p>\n<p><strong>Entrevistador<\/strong>: \u00abEl cristianismo se esfuerza por la paz. Tal vez esa fue la raz\u00f3n\u00bb.<\/p>\n<p><strong>Sonia Al-Rassi<\/strong>: \u00abPero no debi\u00f3 haberlos absuelto de la sangre de Cristo, quien mat\u00f3 a Cristo? Yo? No fueron los romanos quienes lo mataron. Fueron los jud\u00edos [&#8230;]<\/p>\n<p>\u00abIsrael tiene menos y menos dinero. Si seguimos [presionando] y si Dios est\u00e1 con nosotros, [Israel] dejar\u00e1 de existir\u00bb.<\/p>\n<p><strong>Entrevistador<\/strong>: \u00abEsto es lo que usted cree?\u00bb<\/p>\n<p><strong>Sonia Al-Rassi<\/strong>: \u00abEsta es mi creencia y mi convicci\u00f3n. [&#8230;]<\/p>\n<p>\u00abSi Alemania cometi\u00f3 un error y llev\u00f3 a cabo el Holocausto, deber\u00eda llevarse a [los jud\u00edos] a Alemania. No me traigan todos aquellos remanentes de Rusia, el pueblo m\u00e1s insignificante, p\u00f3ngalos aqu\u00ed y ll\u00e1menlo el Estado de Israel. \u00bfPor qu\u00e9 los trajeron aqu\u00ed? No hablan ni una sola palabra de \u00e1rabe. Si Europa ha hecho mal, ll\u00e9venlos a Europa. Dejen que Alemania pague el precio, no los \u00e1rabes. \u00bfQu\u00e9 tienen los \u00e1rabes que ver con esta historia?\u00bb[&#8230;]<\/p>\n<\/div>\n","protected":false},"excerpt":{"rendered":"<p>A continuaci\u00f3n se presentan extractos de una entrevista con Sonja Al-Rassi, hija del ex presidente liban\u00e9s Suleiman Franjieh, la cual fue transmitida en NBN TV (L\u00edbano) el 17 de noviembre, 2010. Para ver este segmento de video en MEMRI TV, visitehttp:\/\/www.memritv.org\/clip\/en\/0\/0\/0\/0\/0\/0\/2715.htm. Sonia Al-Rassi: \u00abLos israel\u00edes son los enemigos de nuestros antepasados. No s\u00e9 por qu\u00e9 [&hellip;]<\/p>\n","protected":false},"author":1,"featured_media":8608,"comment_status":"open","ping_status":"open","sticky":false,"template":"","format":"standard","meta":{"footnotes":""},"categories":[6,16,27],"tags":[],"class_list":["post-4208","post","type-post","status-publish","format-standard","has-post-thumbnail","hentry","category-comunicados-especiales","category-proyecto-documental-sobre-antisemitismo","category-libano"],"_links":{"self":[{"href":"https:\/\/www2.memri.org\/espanol\/wp-json\/wp\/v2\/posts\/4208","targetHints":{"allow":["GET"]}}],"collection":[{"href":"https:\/\/www2.memri.org\/espanol\/wp-json\/wp\/v2\/posts"}],"about":[{"href":"https:\/\/www2.memri.org\/espanol\/wp-json\/wp\/v2\/types\/post"}],"author":[{"embeddable":true,"href":"https:\/\/www2.memri.org\/espanol\/wp-json\/wp\/v2\/users\/1"}],"replies":[{"embeddable":true,"href":"https:\/\/www2.memri.org\/espanol\/wp-json\/wp\/v2\/comments?post=4208"}],"version-history":[{"count":0,"href":"https:\/\/www2.memri.org\/espanol\/wp-json\/wp\/v2\/posts\/4208\/revisions"}],"wp:featuredmedia":[{"embeddable":true,"href":"https:\/\/www2.memri.org\/espanol\/wp-json\/wp\/v2\/media\/8608"}],"wp:attachment":[{"href":"https:\/\/www2.memri.org\/espanol\/wp-json\/wp\/v2\/media?parent=4208"}],"wp:term":[{"taxonomy":"category","embeddable":true,"href":"https:\/\/www2.memri.org\/espanol\/wp-json\/wp\/v2\/categories?post=4208"},{"taxonomy":"post_tag","embeddable":true,"href":"https:\/\/www2.memri.org\/espanol\/wp-json\/wp\/v2\/tags?post=4208"}],"curies":[{"name":"wp","href":"https:\/\/api.w.org\/{rel}","templated":true}]}}