{"id":4206,"date":"2010-12-16T00:00:00","date_gmt":"2010-12-16T00:00:00","guid":{"rendered":"http:\/\/www2.memri.org\/espanol\/2010\/12\/16\/programa-de-marionetas-en-el-canal-de-television-de-hamas-los-criminales-sionistas-estan-conspirando-para-destruir-la-mezquita-al-aqsa\/"},"modified":"2016-01-13T22:03:53","modified_gmt":"2016-01-13T22:03:53","slug":"programa-de-marionetas-en-el-canal-de-television-de-hamas-los-criminales-sionistas-estan-conspirando-para-destruir-la-mezquita-al-aqsa","status":"publish","type":"post","link":"https:\/\/www2.memri.org\/espanol\/programa-de-marionetas-en-el-canal-de-television-de-hamas-los-criminales-sionistas-estan-conspirando-para-destruir-la-mezquita-al-aqsa\/4206","title":{"rendered":"Programa de marionetas en el canal de televisi\u00f3n de Hamas: Los criminales sionistas est\u00e1n conspirando para destruir la Mezquita Al-Aqsa"},"content":{"rendered":"<div class=\"bodytext c1\">\n<p><em>A continuaci\u00f3n se presentan extractos de un programa de t\u00edteres en el canal de televisi\u00f3n de Hamas, que fue presentado en Al-Aqsa TV el 2 de diciembre, 2010:<\/em><\/p>\n<p><em>Para ver este segmento de video en MEMRI TV, visite<br \/><a href=\"http:\/\/www.memritv.org\/clip\/en\/0\/0\/0\/0\/0\/0\/2717.htm\">http:\/\/www.memritv.org\/clip\/en\/0\/0\/0\/0\/0\/0\/2717.htm<\/a>.<\/em><\/p>\n<p><img loading=\"lazy\" decoding=\"async\" class=\"alignnone size-full wp-image-8603\" src=\"http:\/\/www2.memri.org\/espanol\/wp-content\/uploads\/2016\/01\/5656.jpg\" width=\"314\" height=\"209\" srcset=\"https:\/\/www2.memri.org\/espanol\/wp-content\/uploads\/2016\/01\/5656.jpg 314w, https:\/\/www2.memri.org\/espanol\/wp-content\/uploads\/2016\/01\/5656-300x200.jpg 300w\" sizes=\"auto, (max-width: 314px) 100vw, 314px\" \/><\/p>\n<div>\n<p><img loading=\"lazy\" decoding=\"async\" class=\"alignnone size-full wp-image-8604\" src=\"http:\/\/www2.memri.org\/espanol\/wp-content\/uploads\/2016\/01\/5657.jpg\" width=\"314\" height=\"209\" srcset=\"https:\/\/www2.memri.org\/espanol\/wp-content\/uploads\/2016\/01\/5657.jpg 314w, https:\/\/www2.memri.org\/espanol\/wp-content\/uploads\/2016\/01\/5657-300x200.jpg 300w\" sizes=\"auto, (max-width: 314px) 100vw, 314px\" \/><\/p>\n<\/div>\n<p><strong>Narrador de cuentos<\/strong>: \u00abMis queridos ni\u00f1os, la Mezquita Al-Aqsa ha sido profanada. La Mezquita Al-Aqsa est\u00e1 gimiendo. La Mezquita Al-Aqsa est\u00e1 llorando, mis queridos ni\u00f1os \u00bfSaben por qu\u00e9? Porque los sionistas la han contaminado. Los sionistas han cambiado&#8230; \u00bfqu\u00e9 cambiaron? Cambiaron sus caracter\u00edsticas, con el fin de hacerla suya.<\/p>\n<p>\u00abMis queridos ni\u00f1os, la trama de los sionistas &#8211; para que sepan lo que est\u00e1 pasando &#8211; es destruir a la Mezquita Al-Aqsa.<\/p>\n<p>\u00abPor lo tanto, mis queridos ni\u00f1os, todos los d\u00edas el r\u00e9gimen criminal sionista trama y reflexiona en el c\u00f3mo destruir la Mezquita Al-Aqsa. Absolutamente. \u00bfSaben por qu\u00e9? Con el fin de construir su falso templo en su lugar. La verdad es que al principio, nosotros est\u00e1bamos unidos. Al principio, nuestros corazones se unieron en uno solo. Quer\u00edamos la Mezquita Al-Aqsa y llevamos a cabo manifestaciones en contra de la entidad sionista.<\/p>\n<p>\u00abPor lo tanto, mis ni\u00f1os, los criminales sionistas est\u00e1n cavando t\u00faneles bajo la Mezquita Al-Aqsa \u00bfSaben por qu\u00e9? Por supuesto, yo ya les dije &#8211; es porque los sionistas quieren destruir la Mezquita Al-Aqsa. Esto es parte de lo que les estoy diciendo.<\/p>\n<p>\u00abMis queridos ni\u00f1os, despu\u00e9s de resumirles lo que les he dicho acerca de la Mezquita Al-Aqsa y despu\u00e9s de que les dije lo que los enemigos de Al\u00e1 le est\u00e1n haciendo a la Mezquita Al-Aqsa y cu\u00e1les son sus planes, les dar\u00e9 algunos&#8230;<\/p>\n<p>El texto completo de este informe est\u00e1 a disposici\u00f3n de los subscriptores del Proyecto de Supervisi\u00f3n a la Amenaza Terrorista y Jihad de MEMRI.<\/p>\n<p>La informaci\u00f3n para suscribirse est\u00e1 disponible en <strong><a href=\"http:\/\/subscriptions.memri.org\/content\/en\/member_registr_jttm.htm\">este enlace<\/a><\/strong> .<\/p>\n<p>Los suscriptores del PSATJ pueden visitar <strong><a href=\"http:\/\/www.memrijttm.org\/\">www.memrijttm.org<\/a><\/strong> para ver el informe.<\/p>\n<\/div>\n","protected":false},"excerpt":{"rendered":"<p>A continuaci\u00f3n se presentan extractos de un programa de t\u00edteres en el canal de televisi\u00f3n de Hamas, que fue presentado en Al-Aqsa TV el 2 de diciembre, 2010: Para ver este segmento de video en MEMRI TV, visitehttp:\/\/www.memritv.org\/clip\/en\/0\/0\/0\/0\/0\/0\/2717.htm. Narrador de cuentos: \u00abMis queridos ni\u00f1os, la Mezquita Al-Aqsa ha sido profanada. La Mezquita Al-Aqsa est\u00e1 gimiendo. [&hellip;]<\/p>\n","protected":false},"author":1,"featured_media":8603,"comment_status":"open","ping_status":"open","sticky":false,"template":"","format":"standard","meta":{"footnotes":""},"categories":[10,6,23],"tags":[],"class_list":["post-4206","post","type-post","status-publish","format-standard","has-post-thumbnail","hentry","category-estudios-sobre-terrorismo-y-yihad","category-comunicados-especiales","category-autoridad-palestina"],"_links":{"self":[{"href":"https:\/\/www2.memri.org\/espanol\/wp-json\/wp\/v2\/posts\/4206","targetHints":{"allow":["GET"]}}],"collection":[{"href":"https:\/\/www2.memri.org\/espanol\/wp-json\/wp\/v2\/posts"}],"about":[{"href":"https:\/\/www2.memri.org\/espanol\/wp-json\/wp\/v2\/types\/post"}],"author":[{"embeddable":true,"href":"https:\/\/www2.memri.org\/espanol\/wp-json\/wp\/v2\/users\/1"}],"replies":[{"embeddable":true,"href":"https:\/\/www2.memri.org\/espanol\/wp-json\/wp\/v2\/comments?post=4206"}],"version-history":[{"count":0,"href":"https:\/\/www2.memri.org\/espanol\/wp-json\/wp\/v2\/posts\/4206\/revisions"}],"wp:featuredmedia":[{"embeddable":true,"href":"https:\/\/www2.memri.org\/espanol\/wp-json\/wp\/v2\/media\/8603"}],"wp:attachment":[{"href":"https:\/\/www2.memri.org\/espanol\/wp-json\/wp\/v2\/media?parent=4206"}],"wp:term":[{"taxonomy":"category","embeddable":true,"href":"https:\/\/www2.memri.org\/espanol\/wp-json\/wp\/v2\/categories?post=4206"},{"taxonomy":"post_tag","embeddable":true,"href":"https:\/\/www2.memri.org\/espanol\/wp-json\/wp\/v2\/tags?post=4206"}],"curies":[{"name":"wp","href":"https:\/\/api.w.org\/{rel}","templated":true}]}}